
{"id":9633,"date":"2025-12-27T01:29:12","date_gmt":"2025-12-27T04:29:12","guid":{"rendered":"https:\/\/cuartetoenlaweb.com.ar\/sitio\/pilar-avanza-con-obra-hidraulica-en-el-centro-para-desagotar-al-rio-lujan\/"},"modified":"2025-12-27T01:29:12","modified_gmt":"2025-12-27T04:29:12","slug":"pilar-avanza-con-obra-hidraulica-en-el-centro-para-desagotar-al-rio-lujan","status":"publish","type":"post","link":"http:\/\/cuartetoenlaweb.com.ar\/sitio\/pilar-avanza-con-obra-hidraulica-en-el-centro-para-desagotar-al-rio-lujan\/","title":{"rendered":"Pilar avanza con obra hidr\u00e1ulica en el centro para desagotar al R\u00edo Luj\u00e1n"},"content":{"rendered":"<p>Buenos Aires, 27 diciembre (NA)- El municipio de Pilar inform\u00f3 que contin\u00faa una obra hidr\u00e1ulica considerada estructural en el casco c\u00e9ntrico, orientada a mejorar el drenaje y a conectar un nuevo sistema de desag\u00fce con el R\u00edo Luj\u00e1n para reducir anegamientos. <\/p>\n<p>El intendente Federico Ach\u00e1val recorri\u00f3 los trabajos y destac\u00f3 que se trata de una intervenci\u00f3n de fondo para dar respuesta a una demanda hist\u00f3rica de vecinos y comerciantes, especialmente ante lluvias intensas y acumulaci\u00f3n de agua en arterias principales. <\/p>\n<p>Seg\u00fan supo la Agencia Noticias Argentinas, el proyecto incluye la ejecuci\u00f3n de nuevos conductos y obras complementarias para sostener el escurrimiento, con tramos que avanzan por calles del centro y corredores de conexi\u00f3n hacia el sistema pluvial mayor. <\/p>\n<p>Desde el Municipio remarcaron que la iniciativa busca optimizar la circulaci\u00f3n pluvial y acompa\u00f1ar el crecimiento urbano del distrito, con impacto directo en la transitabilidad diaria y en la protecci\u00f3n de frentes comerciales. <\/p>\n<p>En paralelo, se inform\u00f3 que el avance de obra requiere reordenamientos temporales de circulaci\u00f3n y desv\u00edos, con se\u00f1alizaci\u00f3n y cronogramas por etapas para minimizar el impacto en el tr\u00e1nsito del microcentro. <\/p>\n<p>La comuna enmarc\u00f3 este frente hidr\u00e1ulico dentro de un paquete de obras de infraestructura que se sostienen durante diciembre, con el objetivo de llegar al verano con mayor capacidad de drenaje y menor riesgo de acumulaciones en d\u00edas de tormenta. <\/p>\n<p>#AgenciaNA<\/p>\n","protected":false},"excerpt":{"rendered":"<p>Buenos Aires, 27 diciembre (NA)- El municipio de Pilar inform\u00f3<\/p>\n","protected":false},"author":0,"featured_media":9634,"comment_status":"","ping_status":"","sticky":false,"template":"","format":"standard","meta":{"footnotes":""},"categories":[65],"tags":[],"class_list":["post-9633","post","type-post","status-publish","format-standard","has-post-thumbnail","hentry","category-pais"],"yoast_head":"<!-- This site is optimized with the Yoast SEO plugin v27.4 - https:\/\/yoast.com\/product\/yoast-seo-wordpress\/ -->\n<title>Pilar avanza con obra hidr\u00e1ulica en el centro para desagotar al R\u00edo Luj\u00e1n - Cuarteto en la Web<\/title>\n<meta name=\"robots\" content=\"index, follow, max-snippet:-1, max-image-preview:large, max-video-preview:-1\" \/>\n<link rel=\"canonical\" href=\"http:\/\/cuartetoenlaweb.com.ar\/sitio\/pilar-avanza-con-obra-hidraulica-en-el-centro-para-desagotar-al-rio-lujan\/\" \/>\n<meta property=\"og:locale\" content=\"es_ES\" \/>\n<meta property=\"og:type\" content=\"article\" \/>\n<meta property=\"og:title\" content=\"Pilar avanza con obra hidr\u00e1ulica en el centro para desagotar al R\u00edo Luj\u00e1n - Cuarteto en la Web\" \/>\n<meta property=\"og:description\" content=\"Buenos Aires, 27 diciembre (NA)- El municipio de Pilar inform\u00f3\" \/>\n<meta property=\"og:url\" content=\"http:\/\/cuartetoenlaweb.com.ar\/sitio\/pilar-avanza-con-obra-hidraulica-en-el-centro-para-desagotar-al-rio-lujan\/\" \/>\n<meta property=\"og:site_name\" content=\"Cuarteto en la Web\" \/>\n<meta property=\"article:published_time\" content=\"2025-12-27T04:29:12+00:00\" \/>\n<meta property=\"og:image\" content=\"http:\/\/cuartetoenlaweb.com.ar\/sitio\/wp-content\/uploads\/2025\/12\/720-369.jpeg\" \/>\n\t<meta property=\"og:image:width\" content=\"1280\" \/>\n\t<meta property=\"og:image:height\" content=\"719\" \/>\n\t<meta property=\"og:image:type\" content=\"image\/jpeg\" \/>\n<meta name=\"twitter:card\" content=\"summary_large_image\" \/>\n<meta name=\"twitter:label1\" content=\"Tiempo de lectura\" \/>\n\t<meta name=\"twitter:data1\" content=\"1 minuto\" \/>\n<script type=\"application\/ld+json\" class=\"yoast-schema-graph\">{\"@context\":\"https:\\\/\\\/schema.org\",\"@graph\":[{\"@type\":\"Article\",\"@id\":\"http:\\\/\\\/cuartetoenlaweb.com.ar\\\/sitio\\\/pilar-avanza-con-obra-hidraulica-en-el-centro-para-desagotar-al-rio-lujan\\\/#article\",\"isPartOf\":{\"@id\":\"http:\\\/\\\/cuartetoenlaweb.com.ar\\\/sitio\\\/pilar-avanza-con-obra-hidraulica-en-el-centro-para-desagotar-al-rio-lujan\\\/\"},\"author\":{\"name\":\"\",\"@id\":\"\"},\"headline\":\"Pilar avanza con obra hidr\u00e1ulica en el centro para desagotar al R\u00edo Luj\u00e1n\",\"datePublished\":\"2025-12-27T04:29:12+00:00\",\"mainEntityOfPage\":{\"@id\":\"http:\\\/\\\/cuartetoenlaweb.com.ar\\\/sitio\\\/pilar-avanza-con-obra-hidraulica-en-el-centro-para-desagotar-al-rio-lujan\\\/\"},\"wordCount\":262,\"publisher\":{\"@id\":\"http:\\\/\\\/cuartetoenlaweb.com.ar\\\/sitio\\\/#organization\"},\"image\":{\"@id\":\"http:\\\/\\\/cuartetoenlaweb.com.ar\\\/sitio\\\/pilar-avanza-con-obra-hidraulica-en-el-centro-para-desagotar-al-rio-lujan\\\/#primaryimage\"},\"thumbnailUrl\":\"http:\\\/\\\/cuartetoenlaweb.com.ar\\\/sitio\\\/wp-content\\\/uploads\\\/2025\\\/12\\\/720-369.jpeg\",\"articleSection\":[\"PAIS\"],\"inLanguage\":\"es\"},{\"@type\":\"WebPage\",\"@id\":\"http:\\\/\\\/cuartetoenlaweb.com.ar\\\/sitio\\\/pilar-avanza-con-obra-hidraulica-en-el-centro-para-desagotar-al-rio-lujan\\\/\",\"url\":\"http:\\\/\\\/cuartetoenlaweb.com.ar\\\/sitio\\\/pilar-avanza-con-obra-hidraulica-en-el-centro-para-desagotar-al-rio-lujan\\\/\",\"name\":\"Pilar avanza con obra hidr\u00e1ulica en el centro para desagotar al R\u00edo Luj\u00e1n - Cuarteto en la Web\",\"isPartOf\":{\"@id\":\"http:\\\/\\\/cuartetoenlaweb.com.ar\\\/sitio\\\/#website\"},\"primaryImageOfPage\":{\"@id\":\"http:\\\/\\\/cuartetoenlaweb.com.ar\\\/sitio\\\/pilar-avanza-con-obra-hidraulica-en-el-centro-para-desagotar-al-rio-lujan\\\/#primaryimage\"},\"image\":{\"@id\":\"http:\\\/\\\/cuartetoenlaweb.com.ar\\\/sitio\\\/pilar-avanza-con-obra-hidraulica-en-el-centro-para-desagotar-al-rio-lujan\\\/#primaryimage\"},\"thumbnailUrl\":\"http:\\\/\\\/cuartetoenlaweb.com.ar\\\/sitio\\\/wp-content\\\/uploads\\\/2025\\\/12\\\/720-369.jpeg\",\"datePublished\":\"2025-12-27T04:29:12+00:00\",\"breadcrumb\":{\"@id\":\"http:\\\/\\\/cuartetoenlaweb.com.ar\\\/sitio\\\/pilar-avanza-con-obra-hidraulica-en-el-centro-para-desagotar-al-rio-lujan\\\/#breadcrumb\"},\"inLanguage\":\"es\",\"potentialAction\":[{\"@type\":\"ReadAction\",\"target\":[\"http:\\\/\\\/cuartetoenlaweb.com.ar\\\/sitio\\\/pilar-avanza-con-obra-hidraulica-en-el-centro-para-desagotar-al-rio-lujan\\\/\"]}]},{\"@type\":\"ImageObject\",\"inLanguage\":\"es\",\"@id\":\"http:\\\/\\\/cuartetoenlaweb.com.ar\\\/sitio\\\/pilar-avanza-con-obra-hidraulica-en-el-centro-para-desagotar-al-rio-lujan\\\/#primaryimage\",\"url\":\"http:\\\/\\\/cuartetoenlaweb.com.ar\\\/sitio\\\/wp-content\\\/uploads\\\/2025\\\/12\\\/720-369.jpeg\",\"contentUrl\":\"http:\\\/\\\/cuartetoenlaweb.com.ar\\\/sitio\\\/wp-content\\\/uploads\\\/2025\\\/12\\\/720-369.jpeg\",\"width\":1280,\"height\":719},{\"@type\":\"BreadcrumbList\",\"@id\":\"http:\\\/\\\/cuartetoenlaweb.com.ar\\\/sitio\\\/pilar-avanza-con-obra-hidraulica-en-el-centro-para-desagotar-al-rio-lujan\\\/#breadcrumb\",\"itemListElement\":[{\"@type\":\"ListItem\",\"position\":1,\"name\":\"Portada\",\"item\":\"http:\\\/\\\/cuartetoenlaweb.com.ar\\\/sitio\\\/\"},{\"@type\":\"ListItem\",\"position\":2,\"name\":\"Pilar avanza con obra hidr\u00e1ulica en el centro para desagotar al R\u00edo Luj\u00e1n\"}]},{\"@type\":\"WebSite\",\"@id\":\"http:\\\/\\\/cuartetoenlaweb.com.ar\\\/sitio\\\/#website\",\"url\":\"http:\\\/\\\/cuartetoenlaweb.com.ar\\\/sitio\\\/\",\"name\":\"Cuarteto en la Web\",\"description\":\"\",\"publisher\":{\"@id\":\"http:\\\/\\\/cuartetoenlaweb.com.ar\\\/sitio\\\/#organization\"},\"potentialAction\":[{\"@type\":\"SearchAction\",\"target\":{\"@type\":\"EntryPoint\",\"urlTemplate\":\"http:\\\/\\\/cuartetoenlaweb.com.ar\\\/sitio\\\/?s={search_term_string}\"},\"query-input\":{\"@type\":\"PropertyValueSpecification\",\"valueRequired\":true,\"valueName\":\"search_term_string\"}}],\"inLanguage\":\"es\"},{\"@type\":\"Organization\",\"@id\":\"http:\\\/\\\/cuartetoenlaweb.com.ar\\\/sitio\\\/#organization\",\"name\":\"Cuarteto en la Web\",\"url\":\"http:\\\/\\\/cuartetoenlaweb.com.ar\\\/sitio\\\/\",\"logo\":{\"@type\":\"ImageObject\",\"inLanguage\":\"es\",\"@id\":\"http:\\\/\\\/cuartetoenlaweb.com.ar\\\/sitio\\\/#\\\/schema\\\/logo\\\/image\\\/\",\"url\":\"http:\\\/\\\/cuartetoenlaweb.com.ar\\\/sitio\\\/wp-content\\\/uploads\\\/2025\\\/07\\\/cropped-cropped-logitoweb21.png\",\"contentUrl\":\"http:\\\/\\\/cuartetoenlaweb.com.ar\\\/sitio\\\/wp-content\\\/uploads\\\/2025\\\/07\\\/cropped-cropped-logitoweb21.png\",\"width\":199,\"height\":199,\"caption\":\"Cuarteto en la Web\"},\"image\":{\"@id\":\"http:\\\/\\\/cuartetoenlaweb.com.ar\\\/sitio\\\/#\\\/schema\\\/logo\\\/image\\\/\"}}]}<\/script>\n<!-- \/ Yoast SEO plugin. -->","yoast_head_json":{"title":"Pilar avanza con obra hidr\u00e1ulica en el centro para desagotar al R\u00edo Luj\u00e1n - Cuarteto en la Web","robots":{"index":"index","follow":"follow","max-snippet":"max-snippet:-1","max-image-preview":"max-image-preview:large","max-video-preview":"max-video-preview:-1"},"canonical":"http:\/\/cuartetoenlaweb.com.ar\/sitio\/pilar-avanza-con-obra-hidraulica-en-el-centro-para-desagotar-al-rio-lujan\/","og_locale":"es_ES","og_type":"article","og_title":"Pilar avanza con obra hidr\u00e1ulica en el centro para desagotar al R\u00edo Luj\u00e1n - Cuarteto en la Web","og_description":"Buenos Aires, 27 diciembre (NA)- El municipio de Pilar inform\u00f3","og_url":"http:\/\/cuartetoenlaweb.com.ar\/sitio\/pilar-avanza-con-obra-hidraulica-en-el-centro-para-desagotar-al-rio-lujan\/","og_site_name":"Cuarteto en la Web","article_published_time":"2025-12-27T04:29:12+00:00","og_image":[{"width":1280,"height":719,"url":"http:\/\/cuartetoenlaweb.com.ar\/sitio\/wp-content\/uploads\/2025\/12\/720-369.jpeg","type":"image\/jpeg"}],"twitter_card":"summary_large_image","twitter_misc":{"Tiempo de lectura":"1 minuto"},"schema":{"@context":"https:\/\/schema.org","@graph":[{"@type":"Article","@id":"http:\/\/cuartetoenlaweb.com.ar\/sitio\/pilar-avanza-con-obra-hidraulica-en-el-centro-para-desagotar-al-rio-lujan\/#article","isPartOf":{"@id":"http:\/\/cuartetoenlaweb.com.ar\/sitio\/pilar-avanza-con-obra-hidraulica-en-el-centro-para-desagotar-al-rio-lujan\/"},"author":{"name":"","@id":""},"headline":"Pilar avanza con obra hidr\u00e1ulica en el centro para desagotar al R\u00edo Luj\u00e1n","datePublished":"2025-12-27T04:29:12+00:00","mainEntityOfPage":{"@id":"http:\/\/cuartetoenlaweb.com.ar\/sitio\/pilar-avanza-con-obra-hidraulica-en-el-centro-para-desagotar-al-rio-lujan\/"},"wordCount":262,"publisher":{"@id":"http:\/\/cuartetoenlaweb.com.ar\/sitio\/#organization"},"image":{"@id":"http:\/\/cuartetoenlaweb.com.ar\/sitio\/pilar-avanza-con-obra-hidraulica-en-el-centro-para-desagotar-al-rio-lujan\/#primaryimage"},"thumbnailUrl":"http:\/\/cuartetoenlaweb.com.ar\/sitio\/wp-content\/uploads\/2025\/12\/720-369.jpeg","articleSection":["PAIS"],"inLanguage":"es"},{"@type":"WebPage","@id":"http:\/\/cuartetoenlaweb.com.ar\/sitio\/pilar-avanza-con-obra-hidraulica-en-el-centro-para-desagotar-al-rio-lujan\/","url":"http:\/\/cuartetoenlaweb.com.ar\/sitio\/pilar-avanza-con-obra-hidraulica-en-el-centro-para-desagotar-al-rio-lujan\/","name":"Pilar avanza con obra hidr\u00e1ulica en el centro para desagotar al R\u00edo Luj\u00e1n - Cuarteto en la Web","isPartOf":{"@id":"http:\/\/cuartetoenlaweb.com.ar\/sitio\/#website"},"primaryImageOfPage":{"@id":"http:\/\/cuartetoenlaweb.com.ar\/sitio\/pilar-avanza-con-obra-hidraulica-en-el-centro-para-desagotar-al-rio-lujan\/#primaryimage"},"image":{"@id":"http:\/\/cuartetoenlaweb.com.ar\/sitio\/pilar-avanza-con-obra-hidraulica-en-el-centro-para-desagotar-al-rio-lujan\/#primaryimage"},"thumbnailUrl":"http:\/\/cuartetoenlaweb.com.ar\/sitio\/wp-content\/uploads\/2025\/12\/720-369.jpeg","datePublished":"2025-12-27T04:29:12+00:00","breadcrumb":{"@id":"http:\/\/cuartetoenlaweb.com.ar\/sitio\/pilar-avanza-con-obra-hidraulica-en-el-centro-para-desagotar-al-rio-lujan\/#breadcrumb"},"inLanguage":"es","potentialAction":[{"@type":"ReadAction","target":["http:\/\/cuartetoenlaweb.com.ar\/sitio\/pilar-avanza-con-obra-hidraulica-en-el-centro-para-desagotar-al-rio-lujan\/"]}]},{"@type":"ImageObject","inLanguage":"es","@id":"http:\/\/cuartetoenlaweb.com.ar\/sitio\/pilar-avanza-con-obra-hidraulica-en-el-centro-para-desagotar-al-rio-lujan\/#primaryimage","url":"http:\/\/cuartetoenlaweb.com.ar\/sitio\/wp-content\/uploads\/2025\/12\/720-369.jpeg","contentUrl":"http:\/\/cuartetoenlaweb.com.ar\/sitio\/wp-content\/uploads\/2025\/12\/720-369.jpeg","width":1280,"height":719},{"@type":"BreadcrumbList","@id":"http:\/\/cuartetoenlaweb.com.ar\/sitio\/pilar-avanza-con-obra-hidraulica-en-el-centro-para-desagotar-al-rio-lujan\/#breadcrumb","itemListElement":[{"@type":"ListItem","position":1,"name":"Portada","item":"http:\/\/cuartetoenlaweb.com.ar\/sitio\/"},{"@type":"ListItem","position":2,"name":"Pilar avanza con obra hidr\u00e1ulica en el centro para desagotar al R\u00edo Luj\u00e1n"}]},{"@type":"WebSite","@id":"http:\/\/cuartetoenlaweb.com.ar\/sitio\/#website","url":"http:\/\/cuartetoenlaweb.com.ar\/sitio\/","name":"Cuarteto en la Web","description":"","publisher":{"@id":"http:\/\/cuartetoenlaweb.com.ar\/sitio\/#organization"},"potentialAction":[{"@type":"SearchAction","target":{"@type":"EntryPoint","urlTemplate":"http:\/\/cuartetoenlaweb.com.ar\/sitio\/?s={search_term_string}"},"query-input":{"@type":"PropertyValueSpecification","valueRequired":true,"valueName":"search_term_string"}}],"inLanguage":"es"},{"@type":"Organization","@id":"http:\/\/cuartetoenlaweb.com.ar\/sitio\/#organization","name":"Cuarteto en la Web","url":"http:\/\/cuartetoenlaweb.com.ar\/sitio\/","logo":{"@type":"ImageObject","inLanguage":"es","@id":"http:\/\/cuartetoenlaweb.com.ar\/sitio\/#\/schema\/logo\/image\/","url":"http:\/\/cuartetoenlaweb.com.ar\/sitio\/wp-content\/uploads\/2025\/07\/cropped-cropped-logitoweb21.png","contentUrl":"http:\/\/cuartetoenlaweb.com.ar\/sitio\/wp-content\/uploads\/2025\/07\/cropped-cropped-logitoweb21.png","width":199,"height":199,"caption":"Cuarteto en la Web"},"image":{"@id":"http:\/\/cuartetoenlaweb.com.ar\/sitio\/#\/schema\/logo\/image\/"}}]}},"_links":{"self":[{"href":"http:\/\/cuartetoenlaweb.com.ar\/sitio\/wp-json\/wp\/v2\/posts\/9633","targetHints":{"allow":["GET"]}}],"collection":[{"href":"http:\/\/cuartetoenlaweb.com.ar\/sitio\/wp-json\/wp\/v2\/posts"}],"about":[{"href":"http:\/\/cuartetoenlaweb.com.ar\/sitio\/wp-json\/wp\/v2\/types\/post"}],"replies":[{"embeddable":true,"href":"http:\/\/cuartetoenlaweb.com.ar\/sitio\/wp-json\/wp\/v2\/comments?post=9633"}],"version-history":[{"count":0,"href":"http:\/\/cuartetoenlaweb.com.ar\/sitio\/wp-json\/wp\/v2\/posts\/9633\/revisions"}],"wp:featuredmedia":[{"embeddable":true,"href":"http:\/\/cuartetoenlaweb.com.ar\/sitio\/wp-json\/wp\/v2\/media\/9634"}],"wp:attachment":[{"href":"http:\/\/cuartetoenlaweb.com.ar\/sitio\/wp-json\/wp\/v2\/media?parent=9633"}],"wp:term":[{"taxonomy":"category","embeddable":true,"href":"http:\/\/cuartetoenlaweb.com.ar\/sitio\/wp-json\/wp\/v2\/categories?post=9633"},{"taxonomy":"post_tag","embeddable":true,"href":"http:\/\/cuartetoenlaweb.com.ar\/sitio\/wp-json\/wp\/v2\/tags?post=9633"}],"curies":[{"name":"wp","href":"https:\/\/api.w.org\/{rel}","templated":true}]}}