
{"id":3919,"date":"2025-11-13T01:00:06","date_gmt":"2025-11-13T04:00:06","guid":{"rendered":"https:\/\/cuartetoenlaweb.com.ar\/sitio\/german-martitegui-humillo-a-susana-roccasalvo-frente-a-sus-companeros-de-masterchef-tu-cara-fue-lo-peor\/"},"modified":"2025-11-13T01:00:06","modified_gmt":"2025-11-13T04:00:06","slug":"german-martitegui-humillo-a-susana-roccasalvo-frente-a-sus-companeros-de-masterchef-tu-cara-fue-lo-peor","status":"publish","type":"post","link":"http:\/\/cuartetoenlaweb.com.ar\/sitio\/german-martitegui-humillo-a-susana-roccasalvo-frente-a-sus-companeros-de-masterchef-tu-cara-fue-lo-peor\/","title":{"rendered":"Germ\u00e1n Martitegui humill\u00f3 a Susana Roccasalvo frente a sus compa\u00f1eros de MasterChef: &quot;Tu cara fue lo peor&quot;"},"content":{"rendered":"<p>El clima en la cocina de MasterChef se volvi\u00f3 m\u00e1s tenso que nunca cuando <strong><a href=\"https:\/\/www.paparazzi.com.ar\/tag\/German-Martitegui\/\">Germ\u00e1n Martitegui<\/a><\/strong> apunt\u00f3 directo contra <strong>Susana Roccasalvo<\/strong> durante una de las devoluciones m\u00e1s duras de la gala. Frente a todos sus compa\u00f1eros, el jurado no dud\u00f3 en marcarle su descontento y lanz\u00f3 una frase que dej\u00f3 helados a todos en el estudio.<\/p>\n<p>La periodista, que intentaba defender su plato con elegancia, se encontr\u00f3 frente a un Martitegui implacable. El chef, fiel a su estilo exigente, no solo cuestion\u00f3 su preparaci\u00f3n sino tambi\u00e9n su actitud durante la competencia. El comentario cay\u00f3 como un balde de agua fr\u00eda, dejando en claro que la paciencia del jurado tiene un l\u00edmite.<\/p>\n<p><strong><a href=\"https:\/\/www.paparazzi.com.ar\/sin-categoria\/el-accidente-de-german-martitegui-en-masterchef-por-el-que-se-ahogo-y-asusto-a-todos\/\">Roccasalvo<\/a><\/strong>, conocida por su car\u00e1cter fuerte y su franqueza frente a c\u00e1mara, trat\u00f3 de mantener la compostura mientras los otros participantes la observaban en silencio. Algunos intentaron aliviar la tensi\u00f3n con risas nerviosas, pero la incomodidad se pod\u00eda cortar con cuchillo. La escena se volvi\u00f3 uno de esos momentos que el p\u00fablico no olvida f\u00e1cilmente.<\/p>\n<div class=\"mt-box \">\n<h4 class=\"mt-heading\">Mir\u00e1 Tambi\u00e9n<\/h4>\n<p><a href=\"https:\/\/www.paparazzi.com.ar\/videos\/exclusivo-jose-maria-muscari-homenajeo-a-bruce-willis-en-el-papel-de-duro-de-matar-los-pelados-nos-parecemos-todos\/\"><\/p>\n<div class=\"mt-content\">\n<div class=\"mt-image-container\"><img decoding=\"async\" src=\"https:\/\/www.paparazzi.com.ar\/wp-content\/uploads\/2025\/09\/PORTADA-WEB-YO-QUIERO-SER-muscari-willis.jpg.webp\" alt=\"\u00a1Exclusivo! Jos\u00e9 Mar\u00eda Muscari homenaje\u00f3 a Bruce Willis en el papel de Duro de Matar: &quot;Los pelados nos parecemos todos&quot;\" class=\"mt-image\" loading=\"lazy\" \/><\/div>\n<h5 class=\"mt-title\">\u00a1Exclusivo! Jos\u00e9 Mar\u00eda Muscari homenaje\u00f3 a Bruce Willis en el papel de Duro de Matar: \u00abLos pelados nos parecemos todos\u00bb<\/h5>\n<\/div>\n<p><\/a><\/div>\n<p>Mientras tanto, <strong>Martitegui<\/strong> sigui\u00f3 con su evaluaci\u00f3n, bajando un poco el tono pero sin perder su firmeza. Habl\u00f3 de la importancia de la actitud en la cocina y de c\u00f3mo el entusiasmo puede influir tanto como el sabor. Sus palabras, aunque m\u00e1s suaves, mantuvieron la autoridad del jurado y marcaron la diferencia entre una correcci\u00f3n y una lecci\u00f3n.<\/p>\n<h2 class=\"wp-block-heading\">GERM\u00c1N MARTITEGUI CONTRA SUSANA ROCCASALVO<\/h2>\n<p>El p\u00fablico presente no sab\u00eda si aplaudir o quedarse callado. Entre los concursantes, se cruzaron miradas de sorpresa y respeto: todos entendieron que la vara del programa acaba de subir. El comentario del chef, aunque humillante, tambi\u00e9n sirvi\u00f3 de advertencia para el resto.<\/p>\n<p>La frase final fue tan clara como lapidaria: <em>\u201cTu cara fue lo peor\u201d<\/em>. Con ese cierre, <strong><a href=\"https:\/\/www.paparazzi.com.ar\/teve\/como-fue-la-charla-de-masterchef-con-german-martitegui-por-sus-malos-tratos-a-los-participantes\/\">Martitegui<\/a><\/strong> dej\u00f3 sellada una de las escenas m\u00e1s picantes de esta temporada de MasterChef, record\u00e1ndole a todos que en su cocina no hay lugar para el mal humor.<\/p>\n<div class=\"mt-box \">\n<h4 class=\"mt-heading\">Mir\u00e1 Tambi\u00e9n<\/h4>\n<p><a href=\"https:\/\/www.paparazzi.com.ar\/teve\/emilia-attias-al-borde-de-las-lagrimas-por-el-mal-momento-que-vivio-en-masterchef\/\"><\/p>\n<div class=\"mt-content\">\n<div class=\"mt-image-container\"><img decoding=\"async\" src=\"https:\/\/www.paparazzi.com.ar\/wp-content\/uploads\/2025\/11\/emilia-attias-359x226.png\" alt=\"Emilia Attias al borde de las l\u00e1grimas por el mal momento que vivi\u00f3 en MasterChef\" class=\"mt-image\" loading=\"lazy\" \/><\/div>\n<h5 class=\"mt-title\">Emilia Attias al borde de las l\u00e1grimas por el mal momento que vivi\u00f3 en MasterChef<\/h5>\n<\/div>\n<p><\/a><\/div>\n<div class=\"mt-box \">\n<h4 class=\"mt-heading\">Mir\u00e1 Tambi\u00e9n<\/h4>\n<p><a href=\"https:\/\/www.paparazzi.com.ar\/teve\/la-emotiva-carta-con-la-que-alberto-fernandez-despidio-a-su-perro-dylan-tras-su-muerte\/\"><\/p>\n<div class=\"mt-content\">\n<div class=\"mt-image-container\"><img decoding=\"async\" src=\"https:\/\/www.paparazzi.com.ar\/wp-content\/uploads\/2025\/11\/alberto-fernandez-dylan-359x226.png\" alt=\"La emotiva carta con la que Alberto Fern\u00e1ndez despidi\u00f3 a su perro Dylan tras su muerte\" class=\"mt-image\" loading=\"lazy\" \/><\/div>\n<h5 class=\"mt-title\">La emotiva carta con la que Alberto Fern\u00e1ndez despidi\u00f3 a su perro Dylan tras su muerte<\/h5>\n<\/div>\n<p><\/a><\/div>\n<p>The post <a href=\"https:\/\/www.paparazzi.com.ar\/teve\/german-martitegui-humillo-a-susana-roccasalvo-frente-a-sus-companeros-de-masterchef-tu-cara-fue-lo-peor\/\">Germ\u00e1n Martitegui humill\u00f3 a Susana Roccasalvo frente a sus compa\u00f1eros de MasterChef: &quot;Tu cara fue lo peor&quot;<\/a> appeared first on <a href=\"https:\/\/www.paparazzi.com.ar\">Revista Paparazzi<\/a>.<\/p>\n","protected":false},"excerpt":{"rendered":"<p>El clima en la cocina de MasterChef se volvi\u00f3 m\u00e1s<\/p>\n","protected":false},"author":0,"featured_media":3920,"comment_status":"","ping_status":"","sticky":false,"template":"","format":"standard","meta":{"footnotes":""},"categories":[12],"tags":[],"class_list":["post-3919","post","type-post","status-publish","format-standard","has-post-thumbnail","hentry","category-espectaculo"],"yoast_head":"<!-- This site is optimized with the Yoast SEO plugin v27.4 - https:\/\/yoast.com\/product\/yoast-seo-wordpress\/ -->\n<title>Germ\u00e1n Martitegui humill\u00f3 a Susana Roccasalvo frente a sus compa\u00f1eros de MasterChef: &quot;Tu cara fue lo peor&quot; - Cuarteto en la Web<\/title>\n<meta name=\"robots\" content=\"index, follow, max-snippet:-1, max-image-preview:large, max-video-preview:-1\" \/>\n<link rel=\"canonical\" href=\"http:\/\/cuartetoenlaweb.com.ar\/sitio\/german-martitegui-humillo-a-susana-roccasalvo-frente-a-sus-companeros-de-masterchef-tu-cara-fue-lo-peor\/\" \/>\n<meta property=\"og:locale\" content=\"es_ES\" \/>\n<meta property=\"og:type\" content=\"article\" \/>\n<meta property=\"og:title\" content=\"Germ\u00e1n Martitegui humill\u00f3 a Susana Roccasalvo frente a sus compa\u00f1eros de MasterChef: &quot;Tu cara fue lo peor&quot; - Cuarteto en la Web\" \/>\n<meta property=\"og:description\" content=\"El clima en la cocina de MasterChef se volvi\u00f3 m\u00e1s\" \/>\n<meta property=\"og:url\" content=\"http:\/\/cuartetoenlaweb.com.ar\/sitio\/german-martitegui-humillo-a-susana-roccasalvo-frente-a-sus-companeros-de-masterchef-tu-cara-fue-lo-peor\/\" \/>\n<meta property=\"og:site_name\" content=\"Cuarteto en la Web\" \/>\n<meta property=\"article:published_time\" content=\"2025-11-13T04:00:06+00:00\" \/>\n<meta property=\"og:image\" content=\"http:\/\/cuartetoenlaweb.com.ar\/sitio\/wp-content\/uploads\/2025\/11\/PORTADA-WEB-YO-QUIERO-SER-muscari-willis.jpg-8.webp\" \/>\n\t<meta property=\"og:image:width\" content=\"828\" \/>\n\t<meta property=\"og:image:height\" content=\"621\" \/>\n\t<meta property=\"og:image:type\" content=\"image\/webp\" \/>\n<meta name=\"twitter:card\" content=\"summary_large_image\" \/>\n<meta name=\"twitter:label1\" content=\"Tiempo de lectura\" \/>\n\t<meta name=\"twitter:data1\" content=\"2 minutos\" \/>\n<script type=\"application\/ld+json\" class=\"yoast-schema-graph\">{\"@context\":\"https:\\\/\\\/schema.org\",\"@graph\":[{\"@type\":\"Article\",\"@id\":\"http:\\\/\\\/cuartetoenlaweb.com.ar\\\/sitio\\\/german-martitegui-humillo-a-susana-roccasalvo-frente-a-sus-companeros-de-masterchef-tu-cara-fue-lo-peor\\\/#article\",\"isPartOf\":{\"@id\":\"http:\\\/\\\/cuartetoenlaweb.com.ar\\\/sitio\\\/german-martitegui-humillo-a-susana-roccasalvo-frente-a-sus-companeros-de-masterchef-tu-cara-fue-lo-peor\\\/\"},\"author\":{\"name\":\"\",\"@id\":\"\"},\"headline\":\"Germ\u00e1n Martitegui humill\u00f3 a Susana Roccasalvo frente a sus compa\u00f1eros de MasterChef: &quot;Tu cara fue lo peor&quot;\",\"datePublished\":\"2025-11-13T04:00:06+00:00\",\"mainEntityOfPage\":{\"@id\":\"http:\\\/\\\/cuartetoenlaweb.com.ar\\\/sitio\\\/german-martitegui-humillo-a-susana-roccasalvo-frente-a-sus-companeros-de-masterchef-tu-cara-fue-lo-peor\\\/\"},\"wordCount\":453,\"publisher\":{\"@id\":\"http:\\\/\\\/cuartetoenlaweb.com.ar\\\/sitio\\\/#organization\"},\"image\":{\"@id\":\"http:\\\/\\\/cuartetoenlaweb.com.ar\\\/sitio\\\/german-martitegui-humillo-a-susana-roccasalvo-frente-a-sus-companeros-de-masterchef-tu-cara-fue-lo-peor\\\/#primaryimage\"},\"thumbnailUrl\":\"http:\\\/\\\/cuartetoenlaweb.com.ar\\\/sitio\\\/wp-content\\\/uploads\\\/2025\\\/11\\\/PORTADA-WEB-YO-QUIERO-SER-muscari-willis.jpg-8.webp\",\"articleSection\":[\"ESPECT\u00c1CULO\"],\"inLanguage\":\"es\"},{\"@type\":\"WebPage\",\"@id\":\"http:\\\/\\\/cuartetoenlaweb.com.ar\\\/sitio\\\/german-martitegui-humillo-a-susana-roccasalvo-frente-a-sus-companeros-de-masterchef-tu-cara-fue-lo-peor\\\/\",\"url\":\"http:\\\/\\\/cuartetoenlaweb.com.ar\\\/sitio\\\/german-martitegui-humillo-a-susana-roccasalvo-frente-a-sus-companeros-de-masterchef-tu-cara-fue-lo-peor\\\/\",\"name\":\"Germ\u00e1n Martitegui humill\u00f3 a Susana Roccasalvo frente a sus compa\u00f1eros de MasterChef: &quot;Tu cara fue lo peor&quot; - Cuarteto en la Web\",\"isPartOf\":{\"@id\":\"http:\\\/\\\/cuartetoenlaweb.com.ar\\\/sitio\\\/#website\"},\"primaryImageOfPage\":{\"@id\":\"http:\\\/\\\/cuartetoenlaweb.com.ar\\\/sitio\\\/german-martitegui-humillo-a-susana-roccasalvo-frente-a-sus-companeros-de-masterchef-tu-cara-fue-lo-peor\\\/#primaryimage\"},\"image\":{\"@id\":\"http:\\\/\\\/cuartetoenlaweb.com.ar\\\/sitio\\\/german-martitegui-humillo-a-susana-roccasalvo-frente-a-sus-companeros-de-masterchef-tu-cara-fue-lo-peor\\\/#primaryimage\"},\"thumbnailUrl\":\"http:\\\/\\\/cuartetoenlaweb.com.ar\\\/sitio\\\/wp-content\\\/uploads\\\/2025\\\/11\\\/PORTADA-WEB-YO-QUIERO-SER-muscari-willis.jpg-8.webp\",\"datePublished\":\"2025-11-13T04:00:06+00:00\",\"breadcrumb\":{\"@id\":\"http:\\\/\\\/cuartetoenlaweb.com.ar\\\/sitio\\\/german-martitegui-humillo-a-susana-roccasalvo-frente-a-sus-companeros-de-masterchef-tu-cara-fue-lo-peor\\\/#breadcrumb\"},\"inLanguage\":\"es\",\"potentialAction\":[{\"@type\":\"ReadAction\",\"target\":[\"http:\\\/\\\/cuartetoenlaweb.com.ar\\\/sitio\\\/german-martitegui-humillo-a-susana-roccasalvo-frente-a-sus-companeros-de-masterchef-tu-cara-fue-lo-peor\\\/\"]}]},{\"@type\":\"ImageObject\",\"inLanguage\":\"es\",\"@id\":\"http:\\\/\\\/cuartetoenlaweb.com.ar\\\/sitio\\\/german-martitegui-humillo-a-susana-roccasalvo-frente-a-sus-companeros-de-masterchef-tu-cara-fue-lo-peor\\\/#primaryimage\",\"url\":\"http:\\\/\\\/cuartetoenlaweb.com.ar\\\/sitio\\\/wp-content\\\/uploads\\\/2025\\\/11\\\/PORTADA-WEB-YO-QUIERO-SER-muscari-willis.jpg-8.webp\",\"contentUrl\":\"http:\\\/\\\/cuartetoenlaweb.com.ar\\\/sitio\\\/wp-content\\\/uploads\\\/2025\\\/11\\\/PORTADA-WEB-YO-QUIERO-SER-muscari-willis.jpg-8.webp\",\"width\":828,\"height\":621},{\"@type\":\"BreadcrumbList\",\"@id\":\"http:\\\/\\\/cuartetoenlaweb.com.ar\\\/sitio\\\/german-martitegui-humillo-a-susana-roccasalvo-frente-a-sus-companeros-de-masterchef-tu-cara-fue-lo-peor\\\/#breadcrumb\",\"itemListElement\":[{\"@type\":\"ListItem\",\"position\":1,\"name\":\"Portada\",\"item\":\"http:\\\/\\\/cuartetoenlaweb.com.ar\\\/sitio\\\/\"},{\"@type\":\"ListItem\",\"position\":2,\"name\":\"Germ\u00e1n Martitegui humill\u00f3 a Susana Roccasalvo frente a sus compa\u00f1eros de MasterChef: &quot;Tu cara fue lo peor&quot;\"}]},{\"@type\":\"WebSite\",\"@id\":\"http:\\\/\\\/cuartetoenlaweb.com.ar\\\/sitio\\\/#website\",\"url\":\"http:\\\/\\\/cuartetoenlaweb.com.ar\\\/sitio\\\/\",\"name\":\"Cuarteto en la Web\",\"description\":\"\",\"publisher\":{\"@id\":\"http:\\\/\\\/cuartetoenlaweb.com.ar\\\/sitio\\\/#organization\"},\"potentialAction\":[{\"@type\":\"SearchAction\",\"target\":{\"@type\":\"EntryPoint\",\"urlTemplate\":\"http:\\\/\\\/cuartetoenlaweb.com.ar\\\/sitio\\\/?s={search_term_string}\"},\"query-input\":{\"@type\":\"PropertyValueSpecification\",\"valueRequired\":true,\"valueName\":\"search_term_string\"}}],\"inLanguage\":\"es\"},{\"@type\":\"Organization\",\"@id\":\"http:\\\/\\\/cuartetoenlaweb.com.ar\\\/sitio\\\/#organization\",\"name\":\"Cuarteto en la Web\",\"url\":\"http:\\\/\\\/cuartetoenlaweb.com.ar\\\/sitio\\\/\",\"logo\":{\"@type\":\"ImageObject\",\"inLanguage\":\"es\",\"@id\":\"http:\\\/\\\/cuartetoenlaweb.com.ar\\\/sitio\\\/#\\\/schema\\\/logo\\\/image\\\/\",\"url\":\"http:\\\/\\\/cuartetoenlaweb.com.ar\\\/sitio\\\/wp-content\\\/uploads\\\/2025\\\/07\\\/cropped-cropped-logitoweb21.png\",\"contentUrl\":\"http:\\\/\\\/cuartetoenlaweb.com.ar\\\/sitio\\\/wp-content\\\/uploads\\\/2025\\\/07\\\/cropped-cropped-logitoweb21.png\",\"width\":199,\"height\":199,\"caption\":\"Cuarteto en la Web\"},\"image\":{\"@id\":\"http:\\\/\\\/cuartetoenlaweb.com.ar\\\/sitio\\\/#\\\/schema\\\/logo\\\/image\\\/\"}}]}<\/script>\n<!-- \/ Yoast SEO plugin. -->","yoast_head_json":{"title":"Germ\u00e1n Martitegui humill\u00f3 a Susana Roccasalvo frente a sus compa\u00f1eros de MasterChef: &quot;Tu cara fue lo peor&quot; - Cuarteto en la Web","robots":{"index":"index","follow":"follow","max-snippet":"max-snippet:-1","max-image-preview":"max-image-preview:large","max-video-preview":"max-video-preview:-1"},"canonical":"http:\/\/cuartetoenlaweb.com.ar\/sitio\/german-martitegui-humillo-a-susana-roccasalvo-frente-a-sus-companeros-de-masterchef-tu-cara-fue-lo-peor\/","og_locale":"es_ES","og_type":"article","og_title":"Germ\u00e1n Martitegui humill\u00f3 a Susana Roccasalvo frente a sus compa\u00f1eros de MasterChef: &quot;Tu cara fue lo peor&quot; - Cuarteto en la Web","og_description":"El clima en la cocina de MasterChef se volvi\u00f3 m\u00e1s","og_url":"http:\/\/cuartetoenlaweb.com.ar\/sitio\/german-martitegui-humillo-a-susana-roccasalvo-frente-a-sus-companeros-de-masterchef-tu-cara-fue-lo-peor\/","og_site_name":"Cuarteto en la Web","article_published_time":"2025-11-13T04:00:06+00:00","og_image":[{"width":828,"height":621,"url":"http:\/\/cuartetoenlaweb.com.ar\/sitio\/wp-content\/uploads\/2025\/11\/PORTADA-WEB-YO-QUIERO-SER-muscari-willis.jpg-8.webp","type":"image\/webp"}],"twitter_card":"summary_large_image","twitter_misc":{"Tiempo de lectura":"2 minutos"},"schema":{"@context":"https:\/\/schema.org","@graph":[{"@type":"Article","@id":"http:\/\/cuartetoenlaweb.com.ar\/sitio\/german-martitegui-humillo-a-susana-roccasalvo-frente-a-sus-companeros-de-masterchef-tu-cara-fue-lo-peor\/#article","isPartOf":{"@id":"http:\/\/cuartetoenlaweb.com.ar\/sitio\/german-martitegui-humillo-a-susana-roccasalvo-frente-a-sus-companeros-de-masterchef-tu-cara-fue-lo-peor\/"},"author":{"name":"","@id":""},"headline":"Germ\u00e1n Martitegui humill\u00f3 a Susana Roccasalvo frente a sus compa\u00f1eros de MasterChef: &quot;Tu cara fue lo peor&quot;","datePublished":"2025-11-13T04:00:06+00:00","mainEntityOfPage":{"@id":"http:\/\/cuartetoenlaweb.com.ar\/sitio\/german-martitegui-humillo-a-susana-roccasalvo-frente-a-sus-companeros-de-masterchef-tu-cara-fue-lo-peor\/"},"wordCount":453,"publisher":{"@id":"http:\/\/cuartetoenlaweb.com.ar\/sitio\/#organization"},"image":{"@id":"http:\/\/cuartetoenlaweb.com.ar\/sitio\/german-martitegui-humillo-a-susana-roccasalvo-frente-a-sus-companeros-de-masterchef-tu-cara-fue-lo-peor\/#primaryimage"},"thumbnailUrl":"http:\/\/cuartetoenlaweb.com.ar\/sitio\/wp-content\/uploads\/2025\/11\/PORTADA-WEB-YO-QUIERO-SER-muscari-willis.jpg-8.webp","articleSection":["ESPECT\u00c1CULO"],"inLanguage":"es"},{"@type":"WebPage","@id":"http:\/\/cuartetoenlaweb.com.ar\/sitio\/german-martitegui-humillo-a-susana-roccasalvo-frente-a-sus-companeros-de-masterchef-tu-cara-fue-lo-peor\/","url":"http:\/\/cuartetoenlaweb.com.ar\/sitio\/german-martitegui-humillo-a-susana-roccasalvo-frente-a-sus-companeros-de-masterchef-tu-cara-fue-lo-peor\/","name":"Germ\u00e1n Martitegui humill\u00f3 a Susana Roccasalvo frente a sus compa\u00f1eros de MasterChef: &quot;Tu cara fue lo peor&quot; - Cuarteto en la Web","isPartOf":{"@id":"http:\/\/cuartetoenlaweb.com.ar\/sitio\/#website"},"primaryImageOfPage":{"@id":"http:\/\/cuartetoenlaweb.com.ar\/sitio\/german-martitegui-humillo-a-susana-roccasalvo-frente-a-sus-companeros-de-masterchef-tu-cara-fue-lo-peor\/#primaryimage"},"image":{"@id":"http:\/\/cuartetoenlaweb.com.ar\/sitio\/german-martitegui-humillo-a-susana-roccasalvo-frente-a-sus-companeros-de-masterchef-tu-cara-fue-lo-peor\/#primaryimage"},"thumbnailUrl":"http:\/\/cuartetoenlaweb.com.ar\/sitio\/wp-content\/uploads\/2025\/11\/PORTADA-WEB-YO-QUIERO-SER-muscari-willis.jpg-8.webp","datePublished":"2025-11-13T04:00:06+00:00","breadcrumb":{"@id":"http:\/\/cuartetoenlaweb.com.ar\/sitio\/german-martitegui-humillo-a-susana-roccasalvo-frente-a-sus-companeros-de-masterchef-tu-cara-fue-lo-peor\/#breadcrumb"},"inLanguage":"es","potentialAction":[{"@type":"ReadAction","target":["http:\/\/cuartetoenlaweb.com.ar\/sitio\/german-martitegui-humillo-a-susana-roccasalvo-frente-a-sus-companeros-de-masterchef-tu-cara-fue-lo-peor\/"]}]},{"@type":"ImageObject","inLanguage":"es","@id":"http:\/\/cuartetoenlaweb.com.ar\/sitio\/german-martitegui-humillo-a-susana-roccasalvo-frente-a-sus-companeros-de-masterchef-tu-cara-fue-lo-peor\/#primaryimage","url":"http:\/\/cuartetoenlaweb.com.ar\/sitio\/wp-content\/uploads\/2025\/11\/PORTADA-WEB-YO-QUIERO-SER-muscari-willis.jpg-8.webp","contentUrl":"http:\/\/cuartetoenlaweb.com.ar\/sitio\/wp-content\/uploads\/2025\/11\/PORTADA-WEB-YO-QUIERO-SER-muscari-willis.jpg-8.webp","width":828,"height":621},{"@type":"BreadcrumbList","@id":"http:\/\/cuartetoenlaweb.com.ar\/sitio\/german-martitegui-humillo-a-susana-roccasalvo-frente-a-sus-companeros-de-masterchef-tu-cara-fue-lo-peor\/#breadcrumb","itemListElement":[{"@type":"ListItem","position":1,"name":"Portada","item":"http:\/\/cuartetoenlaweb.com.ar\/sitio\/"},{"@type":"ListItem","position":2,"name":"Germ\u00e1n Martitegui humill\u00f3 a Susana Roccasalvo frente a sus compa\u00f1eros de MasterChef: &quot;Tu cara fue lo peor&quot;"}]},{"@type":"WebSite","@id":"http:\/\/cuartetoenlaweb.com.ar\/sitio\/#website","url":"http:\/\/cuartetoenlaweb.com.ar\/sitio\/","name":"Cuarteto en la Web","description":"","publisher":{"@id":"http:\/\/cuartetoenlaweb.com.ar\/sitio\/#organization"},"potentialAction":[{"@type":"SearchAction","target":{"@type":"EntryPoint","urlTemplate":"http:\/\/cuartetoenlaweb.com.ar\/sitio\/?s={search_term_string}"},"query-input":{"@type":"PropertyValueSpecification","valueRequired":true,"valueName":"search_term_string"}}],"inLanguage":"es"},{"@type":"Organization","@id":"http:\/\/cuartetoenlaweb.com.ar\/sitio\/#organization","name":"Cuarteto en la Web","url":"http:\/\/cuartetoenlaweb.com.ar\/sitio\/","logo":{"@type":"ImageObject","inLanguage":"es","@id":"http:\/\/cuartetoenlaweb.com.ar\/sitio\/#\/schema\/logo\/image\/","url":"http:\/\/cuartetoenlaweb.com.ar\/sitio\/wp-content\/uploads\/2025\/07\/cropped-cropped-logitoweb21.png","contentUrl":"http:\/\/cuartetoenlaweb.com.ar\/sitio\/wp-content\/uploads\/2025\/07\/cropped-cropped-logitoweb21.png","width":199,"height":199,"caption":"Cuarteto en la Web"},"image":{"@id":"http:\/\/cuartetoenlaweb.com.ar\/sitio\/#\/schema\/logo\/image\/"}}]}},"_links":{"self":[{"href":"http:\/\/cuartetoenlaweb.com.ar\/sitio\/wp-json\/wp\/v2\/posts\/3919","targetHints":{"allow":["GET"]}}],"collection":[{"href":"http:\/\/cuartetoenlaweb.com.ar\/sitio\/wp-json\/wp\/v2\/posts"}],"about":[{"href":"http:\/\/cuartetoenlaweb.com.ar\/sitio\/wp-json\/wp\/v2\/types\/post"}],"replies":[{"embeddable":true,"href":"http:\/\/cuartetoenlaweb.com.ar\/sitio\/wp-json\/wp\/v2\/comments?post=3919"}],"version-history":[{"count":0,"href":"http:\/\/cuartetoenlaweb.com.ar\/sitio\/wp-json\/wp\/v2\/posts\/3919\/revisions"}],"wp:featuredmedia":[{"embeddable":true,"href":"http:\/\/cuartetoenlaweb.com.ar\/sitio\/wp-json\/wp\/v2\/media\/3920"}],"wp:attachment":[{"href":"http:\/\/cuartetoenlaweb.com.ar\/sitio\/wp-json\/wp\/v2\/media?parent=3919"}],"wp:term":[{"taxonomy":"category","embeddable":true,"href":"http:\/\/cuartetoenlaweb.com.ar\/sitio\/wp-json\/wp\/v2\/categories?post=3919"},{"taxonomy":"post_tag","embeddable":true,"href":"http:\/\/cuartetoenlaweb.com.ar\/sitio\/wp-json\/wp\/v2\/tags?post=3919"}],"curies":[{"name":"wp","href":"https:\/\/api.w.org\/{rel}","templated":true}]}}