
{"id":3895,"date":"2025-11-12T22:59:56","date_gmt":"2025-11-13T01:59:56","guid":{"rendered":"https:\/\/cuartetoenlaweb.com.ar\/sitio\/ayrton-costa-afirmo-que-no-jugara-el-mundial-2026-con-cabo-verde\/"},"modified":"2025-11-12T22:59:56","modified_gmt":"2025-11-13T01:59:56","slug":"ayrton-costa-afirmo-que-no-jugara-el-mundial-2026-con-cabo-verde","status":"publish","type":"post","link":"http:\/\/cuartetoenlaweb.com.ar\/sitio\/ayrton-costa-afirmo-que-no-jugara-el-mundial-2026-con-cabo-verde\/","title":{"rendered":"Ayrton Costa afirm\u00f3 que no jugar\u00e1 el Mundial 2026 con Cabo Verde"},"content":{"rendered":"<p>El defensor central de Boca Ayrton Costa rechaz\u00f3 la posibilidad de jugar el pr\u00f3ximo Mundial 2026 de Estados Unidos, Canad\u00e1 y M\u00e9xico 2026 para la Selecci\u00f3n de Cabo Verde, al afirmar: \u201cyo soy argentino\u201d.<\/p>\n<p>Adem\u00e1s, el zaguero afirm\u00f3 que dio de baja la chance ya que mantiene el sue\u00f1o de debutar con el seleccionado argentino.<\/p>\n<p>La oportunidad se le hab\u00eda presentado hace algunos meses, al recibir un sondeo de parte de la Selecci\u00f3n caboverdiana ya que uno de sus abuelos naci\u00f3 en aquel pa\u00eds insular africano.<\/p>\n<p>Una de las novelas m\u00e1s curiosas de los \u00faltimos meses del f\u00fatbol argentino lleg\u00f3 a su fin, ya que Ayrton Costa rechaz\u00f3 ser parte de la Selecci\u00f3n de Cabo Verde.<\/p>\n<p>\u201cCabo Verde no. Mi abuelo era de ah\u00ed, yo soy argentino\u201d afirm\u00f3 el defensor de buena actualidad en el \u201cXeneize\u201d, quien se tom\u00f3 la situaci\u00f3n con humor, para luego aclarar que tiene el sue\u00f1o latente de ser convocado para el combinado que dirige el DT Lionel Scaloni.<\/p>\n<p>A\u00fan as\u00ed, en una conferencia de prensa ofrecida por los jugadores de Boca en el predio que tiene el club en Ezeiza, Costa asegur\u00f3 estar \u201cenfocado en Boca\u201d, con el objetivo de \u201cganar cosas\u201d en la instituci\u00f3n \u201cAzul y Oro\u201d, que se encuentra en la primera posici\u00f3n de la zona A del Torneo Clausura 2025 y ya asegur\u00f3 su acceso a la pr\u00f3xima Copa Libertadores, disputando la fase de grupos por primera vez desde 2023.<\/p>\n<p>La incre\u00edble clasificaci\u00f3n del seleccionado conocido como los \u201cTiburones Azules\u201d se dio al liderar el grupo D de la clasificaci\u00f3n africana al pr\u00f3ximo Mundial, obteniendo 23 puntos en 10 partidos, aunque la posibilidad de debutar en una selecci\u00f3n, e incluso jugar una cita mundialista, no fue suficiente para convencer a Costa, de 26 a\u00f1os y pasado en Independiente, quien todav\u00eda espera su lugar en el seleccionado albiceleste.<\/p>\n","protected":false},"excerpt":{"rendered":"<p>El defensor central de Boca Ayrton Costa rechaz\u00f3 la posibilidad<\/p>\n","protected":false},"author":0,"featured_media":3896,"comment_status":"","ping_status":"","sticky":false,"template":"","format":"standard","meta":{"footnotes":""},"categories":[65],"tags":[],"class_list":["post-3895","post","type-post","status-publish","format-standard","has-post-thumbnail","hentry","category-pais"],"yoast_head":"<!-- This site is optimized with the Yoast SEO plugin v27.4 - https:\/\/yoast.com\/product\/yoast-seo-wordpress\/ -->\n<title>Ayrton Costa afirm\u00f3 que no jugar\u00e1 el Mundial 2026 con Cabo Verde - Cuarteto en la Web<\/title>\n<meta name=\"robots\" content=\"index, follow, max-snippet:-1, max-image-preview:large, max-video-preview:-1\" \/>\n<link rel=\"canonical\" href=\"http:\/\/cuartetoenlaweb.com.ar\/sitio\/ayrton-costa-afirmo-que-no-jugara-el-mundial-2026-con-cabo-verde\/\" \/>\n<meta property=\"og:locale\" content=\"es_ES\" \/>\n<meta property=\"og:type\" content=\"article\" \/>\n<meta property=\"og:title\" content=\"Ayrton Costa afirm\u00f3 que no jugar\u00e1 el Mundial 2026 con Cabo Verde - Cuarteto en la Web\" \/>\n<meta property=\"og:description\" content=\"El defensor central de Boca Ayrton Costa rechaz\u00f3 la posibilidad\" \/>\n<meta property=\"og:url\" content=\"http:\/\/cuartetoenlaweb.com.ar\/sitio\/ayrton-costa-afirmo-que-no-jugara-el-mundial-2026-con-cabo-verde\/\" \/>\n<meta property=\"og:site_name\" content=\"Cuarteto en la Web\" \/>\n<meta property=\"article:published_time\" content=\"2025-11-13T01:59:56+00:00\" \/>\n<meta property=\"og:image\" content=\"http:\/\/cuartetoenlaweb.com.ar\/sitio\/wp-content\/uploads\/2025\/11\/720-882.jpeg\" \/>\n\t<meta property=\"og:image:width\" content=\"576\" \/>\n\t<meta property=\"og:image:height\" content=\"720\" \/>\n\t<meta property=\"og:image:type\" content=\"image\/jpeg\" \/>\n<meta name=\"twitter:card\" content=\"summary_large_image\" \/>\n<meta name=\"twitter:label1\" content=\"Tiempo de lectura\" \/>\n\t<meta name=\"twitter:data1\" content=\"2 minutos\" \/>\n<script type=\"application\/ld+json\" class=\"yoast-schema-graph\">{\"@context\":\"https:\\\/\\\/schema.org\",\"@graph\":[{\"@type\":\"Article\",\"@id\":\"http:\\\/\\\/cuartetoenlaweb.com.ar\\\/sitio\\\/ayrton-costa-afirmo-que-no-jugara-el-mundial-2026-con-cabo-verde\\\/#article\",\"isPartOf\":{\"@id\":\"http:\\\/\\\/cuartetoenlaweb.com.ar\\\/sitio\\\/ayrton-costa-afirmo-que-no-jugara-el-mundial-2026-con-cabo-verde\\\/\"},\"author\":{\"name\":\"\",\"@id\":\"\"},\"headline\":\"Ayrton Costa afirm\u00f3 que no jugar\u00e1 el Mundial 2026 con Cabo Verde\",\"datePublished\":\"2025-11-13T01:59:56+00:00\",\"mainEntityOfPage\":{\"@id\":\"http:\\\/\\\/cuartetoenlaweb.com.ar\\\/sitio\\\/ayrton-costa-afirmo-que-no-jugara-el-mundial-2026-con-cabo-verde\\\/\"},\"wordCount\":333,\"publisher\":{\"@id\":\"http:\\\/\\\/cuartetoenlaweb.com.ar\\\/sitio\\\/#organization\"},\"image\":{\"@id\":\"http:\\\/\\\/cuartetoenlaweb.com.ar\\\/sitio\\\/ayrton-costa-afirmo-que-no-jugara-el-mundial-2026-con-cabo-verde\\\/#primaryimage\"},\"thumbnailUrl\":\"http:\\\/\\\/cuartetoenlaweb.com.ar\\\/sitio\\\/wp-content\\\/uploads\\\/2025\\\/11\\\/720-882.jpeg\",\"articleSection\":[\"PAIS\"],\"inLanguage\":\"es\"},{\"@type\":\"WebPage\",\"@id\":\"http:\\\/\\\/cuartetoenlaweb.com.ar\\\/sitio\\\/ayrton-costa-afirmo-que-no-jugara-el-mundial-2026-con-cabo-verde\\\/\",\"url\":\"http:\\\/\\\/cuartetoenlaweb.com.ar\\\/sitio\\\/ayrton-costa-afirmo-que-no-jugara-el-mundial-2026-con-cabo-verde\\\/\",\"name\":\"Ayrton Costa afirm\u00f3 que no jugar\u00e1 el Mundial 2026 con Cabo Verde - Cuarteto en la Web\",\"isPartOf\":{\"@id\":\"http:\\\/\\\/cuartetoenlaweb.com.ar\\\/sitio\\\/#website\"},\"primaryImageOfPage\":{\"@id\":\"http:\\\/\\\/cuartetoenlaweb.com.ar\\\/sitio\\\/ayrton-costa-afirmo-que-no-jugara-el-mundial-2026-con-cabo-verde\\\/#primaryimage\"},\"image\":{\"@id\":\"http:\\\/\\\/cuartetoenlaweb.com.ar\\\/sitio\\\/ayrton-costa-afirmo-que-no-jugara-el-mundial-2026-con-cabo-verde\\\/#primaryimage\"},\"thumbnailUrl\":\"http:\\\/\\\/cuartetoenlaweb.com.ar\\\/sitio\\\/wp-content\\\/uploads\\\/2025\\\/11\\\/720-882.jpeg\",\"datePublished\":\"2025-11-13T01:59:56+00:00\",\"breadcrumb\":{\"@id\":\"http:\\\/\\\/cuartetoenlaweb.com.ar\\\/sitio\\\/ayrton-costa-afirmo-que-no-jugara-el-mundial-2026-con-cabo-verde\\\/#breadcrumb\"},\"inLanguage\":\"es\",\"potentialAction\":[{\"@type\":\"ReadAction\",\"target\":[\"http:\\\/\\\/cuartetoenlaweb.com.ar\\\/sitio\\\/ayrton-costa-afirmo-que-no-jugara-el-mundial-2026-con-cabo-verde\\\/\"]}]},{\"@type\":\"ImageObject\",\"inLanguage\":\"es\",\"@id\":\"http:\\\/\\\/cuartetoenlaweb.com.ar\\\/sitio\\\/ayrton-costa-afirmo-que-no-jugara-el-mundial-2026-con-cabo-verde\\\/#primaryimage\",\"url\":\"http:\\\/\\\/cuartetoenlaweb.com.ar\\\/sitio\\\/wp-content\\\/uploads\\\/2025\\\/11\\\/720-882.jpeg\",\"contentUrl\":\"http:\\\/\\\/cuartetoenlaweb.com.ar\\\/sitio\\\/wp-content\\\/uploads\\\/2025\\\/11\\\/720-882.jpeg\",\"width\":576,\"height\":720},{\"@type\":\"BreadcrumbList\",\"@id\":\"http:\\\/\\\/cuartetoenlaweb.com.ar\\\/sitio\\\/ayrton-costa-afirmo-que-no-jugara-el-mundial-2026-con-cabo-verde\\\/#breadcrumb\",\"itemListElement\":[{\"@type\":\"ListItem\",\"position\":1,\"name\":\"Portada\",\"item\":\"http:\\\/\\\/cuartetoenlaweb.com.ar\\\/sitio\\\/\"},{\"@type\":\"ListItem\",\"position\":2,\"name\":\"Ayrton Costa afirm\u00f3 que no jugar\u00e1 el Mundial 2026 con Cabo Verde\"}]},{\"@type\":\"WebSite\",\"@id\":\"http:\\\/\\\/cuartetoenlaweb.com.ar\\\/sitio\\\/#website\",\"url\":\"http:\\\/\\\/cuartetoenlaweb.com.ar\\\/sitio\\\/\",\"name\":\"Cuarteto en la Web\",\"description\":\"\",\"publisher\":{\"@id\":\"http:\\\/\\\/cuartetoenlaweb.com.ar\\\/sitio\\\/#organization\"},\"potentialAction\":[{\"@type\":\"SearchAction\",\"target\":{\"@type\":\"EntryPoint\",\"urlTemplate\":\"http:\\\/\\\/cuartetoenlaweb.com.ar\\\/sitio\\\/?s={search_term_string}\"},\"query-input\":{\"@type\":\"PropertyValueSpecification\",\"valueRequired\":true,\"valueName\":\"search_term_string\"}}],\"inLanguage\":\"es\"},{\"@type\":\"Organization\",\"@id\":\"http:\\\/\\\/cuartetoenlaweb.com.ar\\\/sitio\\\/#organization\",\"name\":\"Cuarteto en la Web\",\"url\":\"http:\\\/\\\/cuartetoenlaweb.com.ar\\\/sitio\\\/\",\"logo\":{\"@type\":\"ImageObject\",\"inLanguage\":\"es\",\"@id\":\"http:\\\/\\\/cuartetoenlaweb.com.ar\\\/sitio\\\/#\\\/schema\\\/logo\\\/image\\\/\",\"url\":\"http:\\\/\\\/cuartetoenlaweb.com.ar\\\/sitio\\\/wp-content\\\/uploads\\\/2025\\\/07\\\/cropped-cropped-logitoweb21.png\",\"contentUrl\":\"http:\\\/\\\/cuartetoenlaweb.com.ar\\\/sitio\\\/wp-content\\\/uploads\\\/2025\\\/07\\\/cropped-cropped-logitoweb21.png\",\"width\":199,\"height\":199,\"caption\":\"Cuarteto en la Web\"},\"image\":{\"@id\":\"http:\\\/\\\/cuartetoenlaweb.com.ar\\\/sitio\\\/#\\\/schema\\\/logo\\\/image\\\/\"}}]}<\/script>\n<!-- \/ Yoast SEO plugin. -->","yoast_head_json":{"title":"Ayrton Costa afirm\u00f3 que no jugar\u00e1 el Mundial 2026 con Cabo Verde - Cuarteto en la Web","robots":{"index":"index","follow":"follow","max-snippet":"max-snippet:-1","max-image-preview":"max-image-preview:large","max-video-preview":"max-video-preview:-1"},"canonical":"http:\/\/cuartetoenlaweb.com.ar\/sitio\/ayrton-costa-afirmo-que-no-jugara-el-mundial-2026-con-cabo-verde\/","og_locale":"es_ES","og_type":"article","og_title":"Ayrton Costa afirm\u00f3 que no jugar\u00e1 el Mundial 2026 con Cabo Verde - Cuarteto en la Web","og_description":"El defensor central de Boca Ayrton Costa rechaz\u00f3 la posibilidad","og_url":"http:\/\/cuartetoenlaweb.com.ar\/sitio\/ayrton-costa-afirmo-que-no-jugara-el-mundial-2026-con-cabo-verde\/","og_site_name":"Cuarteto en la Web","article_published_time":"2025-11-13T01:59:56+00:00","og_image":[{"width":576,"height":720,"url":"http:\/\/cuartetoenlaweb.com.ar\/sitio\/wp-content\/uploads\/2025\/11\/720-882.jpeg","type":"image\/jpeg"}],"twitter_card":"summary_large_image","twitter_misc":{"Tiempo de lectura":"2 minutos"},"schema":{"@context":"https:\/\/schema.org","@graph":[{"@type":"Article","@id":"http:\/\/cuartetoenlaweb.com.ar\/sitio\/ayrton-costa-afirmo-que-no-jugara-el-mundial-2026-con-cabo-verde\/#article","isPartOf":{"@id":"http:\/\/cuartetoenlaweb.com.ar\/sitio\/ayrton-costa-afirmo-que-no-jugara-el-mundial-2026-con-cabo-verde\/"},"author":{"name":"","@id":""},"headline":"Ayrton Costa afirm\u00f3 que no jugar\u00e1 el Mundial 2026 con Cabo Verde","datePublished":"2025-11-13T01:59:56+00:00","mainEntityOfPage":{"@id":"http:\/\/cuartetoenlaweb.com.ar\/sitio\/ayrton-costa-afirmo-que-no-jugara-el-mundial-2026-con-cabo-verde\/"},"wordCount":333,"publisher":{"@id":"http:\/\/cuartetoenlaweb.com.ar\/sitio\/#organization"},"image":{"@id":"http:\/\/cuartetoenlaweb.com.ar\/sitio\/ayrton-costa-afirmo-que-no-jugara-el-mundial-2026-con-cabo-verde\/#primaryimage"},"thumbnailUrl":"http:\/\/cuartetoenlaweb.com.ar\/sitio\/wp-content\/uploads\/2025\/11\/720-882.jpeg","articleSection":["PAIS"],"inLanguage":"es"},{"@type":"WebPage","@id":"http:\/\/cuartetoenlaweb.com.ar\/sitio\/ayrton-costa-afirmo-que-no-jugara-el-mundial-2026-con-cabo-verde\/","url":"http:\/\/cuartetoenlaweb.com.ar\/sitio\/ayrton-costa-afirmo-que-no-jugara-el-mundial-2026-con-cabo-verde\/","name":"Ayrton Costa afirm\u00f3 que no jugar\u00e1 el Mundial 2026 con Cabo Verde - Cuarteto en la Web","isPartOf":{"@id":"http:\/\/cuartetoenlaweb.com.ar\/sitio\/#website"},"primaryImageOfPage":{"@id":"http:\/\/cuartetoenlaweb.com.ar\/sitio\/ayrton-costa-afirmo-que-no-jugara-el-mundial-2026-con-cabo-verde\/#primaryimage"},"image":{"@id":"http:\/\/cuartetoenlaweb.com.ar\/sitio\/ayrton-costa-afirmo-que-no-jugara-el-mundial-2026-con-cabo-verde\/#primaryimage"},"thumbnailUrl":"http:\/\/cuartetoenlaweb.com.ar\/sitio\/wp-content\/uploads\/2025\/11\/720-882.jpeg","datePublished":"2025-11-13T01:59:56+00:00","breadcrumb":{"@id":"http:\/\/cuartetoenlaweb.com.ar\/sitio\/ayrton-costa-afirmo-que-no-jugara-el-mundial-2026-con-cabo-verde\/#breadcrumb"},"inLanguage":"es","potentialAction":[{"@type":"ReadAction","target":["http:\/\/cuartetoenlaweb.com.ar\/sitio\/ayrton-costa-afirmo-que-no-jugara-el-mundial-2026-con-cabo-verde\/"]}]},{"@type":"ImageObject","inLanguage":"es","@id":"http:\/\/cuartetoenlaweb.com.ar\/sitio\/ayrton-costa-afirmo-que-no-jugara-el-mundial-2026-con-cabo-verde\/#primaryimage","url":"http:\/\/cuartetoenlaweb.com.ar\/sitio\/wp-content\/uploads\/2025\/11\/720-882.jpeg","contentUrl":"http:\/\/cuartetoenlaweb.com.ar\/sitio\/wp-content\/uploads\/2025\/11\/720-882.jpeg","width":576,"height":720},{"@type":"BreadcrumbList","@id":"http:\/\/cuartetoenlaweb.com.ar\/sitio\/ayrton-costa-afirmo-que-no-jugara-el-mundial-2026-con-cabo-verde\/#breadcrumb","itemListElement":[{"@type":"ListItem","position":1,"name":"Portada","item":"http:\/\/cuartetoenlaweb.com.ar\/sitio\/"},{"@type":"ListItem","position":2,"name":"Ayrton Costa afirm\u00f3 que no jugar\u00e1 el Mundial 2026 con Cabo Verde"}]},{"@type":"WebSite","@id":"http:\/\/cuartetoenlaweb.com.ar\/sitio\/#website","url":"http:\/\/cuartetoenlaweb.com.ar\/sitio\/","name":"Cuarteto en la Web","description":"","publisher":{"@id":"http:\/\/cuartetoenlaweb.com.ar\/sitio\/#organization"},"potentialAction":[{"@type":"SearchAction","target":{"@type":"EntryPoint","urlTemplate":"http:\/\/cuartetoenlaweb.com.ar\/sitio\/?s={search_term_string}"},"query-input":{"@type":"PropertyValueSpecification","valueRequired":true,"valueName":"search_term_string"}}],"inLanguage":"es"},{"@type":"Organization","@id":"http:\/\/cuartetoenlaweb.com.ar\/sitio\/#organization","name":"Cuarteto en la Web","url":"http:\/\/cuartetoenlaweb.com.ar\/sitio\/","logo":{"@type":"ImageObject","inLanguage":"es","@id":"http:\/\/cuartetoenlaweb.com.ar\/sitio\/#\/schema\/logo\/image\/","url":"http:\/\/cuartetoenlaweb.com.ar\/sitio\/wp-content\/uploads\/2025\/07\/cropped-cropped-logitoweb21.png","contentUrl":"http:\/\/cuartetoenlaweb.com.ar\/sitio\/wp-content\/uploads\/2025\/07\/cropped-cropped-logitoweb21.png","width":199,"height":199,"caption":"Cuarteto en la Web"},"image":{"@id":"http:\/\/cuartetoenlaweb.com.ar\/sitio\/#\/schema\/logo\/image\/"}}]}},"_links":{"self":[{"href":"http:\/\/cuartetoenlaweb.com.ar\/sitio\/wp-json\/wp\/v2\/posts\/3895","targetHints":{"allow":["GET"]}}],"collection":[{"href":"http:\/\/cuartetoenlaweb.com.ar\/sitio\/wp-json\/wp\/v2\/posts"}],"about":[{"href":"http:\/\/cuartetoenlaweb.com.ar\/sitio\/wp-json\/wp\/v2\/types\/post"}],"replies":[{"embeddable":true,"href":"http:\/\/cuartetoenlaweb.com.ar\/sitio\/wp-json\/wp\/v2\/comments?post=3895"}],"version-history":[{"count":0,"href":"http:\/\/cuartetoenlaweb.com.ar\/sitio\/wp-json\/wp\/v2\/posts\/3895\/revisions"}],"wp:featuredmedia":[{"embeddable":true,"href":"http:\/\/cuartetoenlaweb.com.ar\/sitio\/wp-json\/wp\/v2\/media\/3896"}],"wp:attachment":[{"href":"http:\/\/cuartetoenlaweb.com.ar\/sitio\/wp-json\/wp\/v2\/media?parent=3895"}],"wp:term":[{"taxonomy":"category","embeddable":true,"href":"http:\/\/cuartetoenlaweb.com.ar\/sitio\/wp-json\/wp\/v2\/categories?post=3895"},{"taxonomy":"post_tag","embeddable":true,"href":"http:\/\/cuartetoenlaweb.com.ar\/sitio\/wp-json\/wp\/v2\/tags?post=3895"}],"curies":[{"name":"wp","href":"https:\/\/api.w.org\/{rel}","templated":true}]}}