
{"id":19770,"date":"2026-05-03T10:59:45","date_gmt":"2026-05-03T13:59:45","guid":{"rendered":"https:\/\/cuartetoenlaweb.com.ar\/sitio\/clara-kovacic-se-mete-en-la-piel-de-la-mujer-de-maxi-lopez-y-agita-el-avispero-del-wandagate-wanda-es-la-kim-kardashian-argentina-nada-en-ella-es-casual\/"},"modified":"2026-05-03T10:59:45","modified_gmt":"2026-05-03T13:59:45","slug":"clara-kovacic-se-mete-en-la-piel-de-la-mujer-de-maxi-lopez-y-agita-el-avispero-del-wandagate-wanda-es-la-kim-kardashian-argentina-nada-en-ella-es-casual","status":"publish","type":"post","link":"http:\/\/cuartetoenlaweb.com.ar\/sitio\/clara-kovacic-se-mete-en-la-piel-de-la-mujer-de-maxi-lopez-y-agita-el-avispero-del-wandagate-wanda-es-la-kim-kardashian-argentina-nada-en-ella-es-casual\/","title":{"rendered":"Clara Kovacic se mete en la piel de la mujer de Maxi L\u00f3pez y agita el avispero del Wandagate: \u201cWanda es la Kim Kardashian argentina, nada en ella es casual\u201d"},"content":{"rendered":"<p><strong>Clara Kovacic<\/strong>, la consagrada <strong>\u00abScream Queen\u00bb<\/strong> del cine de terror argentino, atraviesa un presente de gran proyecci\u00f3n internacional. Con una formaci\u00f3n que incluye el dominio de varios idiomas y un debut en Hollywood en la pel\u00edcula <em>Don&#8217;t Look Up<\/em> (2021), la actriz ha demostrado su capacidad para \u00absubir la vara\u00bb en proyectos de alto nivel, como su reciente trabajo junto a <strong>Guillermo Francella<\/strong>, <em>Homo argentum<\/em>. <\/p>\n<p>Su nuevo desaf\u00edo ahora la sit\u00faa en el centro de la escena con la primera ficci\u00f3n de <strong>Telefe<\/strong> en mucho tiempo, producida \u00edntegramente en <strong>formato vertical<\/strong>. En esta innovadora propuesta, Clara asume el rol de <strong>Daniela Christiansson<\/strong>, la pareja de <strong>Maxi L\u00f3pez<\/strong>, para recrear las tensiones y el magnetismo del recordado <strong>\u00abWandagate\u00bb<\/strong> en una trama que combina la realidad con el ritmo de la comedia. <\/p>\n<figure class=\"wp-block-image size-full is-resized\"><img loading=\"lazy\" decoding=\"async\" width=\"1707\" height=\"2560\" src=\"https:\/\/www.revistagente.com\/wp-content\/uploads\/2022\/03\/CLARA-KOVACIC4219-scaled.jpg.webp\" alt=\"\" class=\"wp-image-342480\" style=\"aspect-ratio:0.6669972838526567;width:725px;height:auto\" \/><figcaption class=\"wp-element-caption\">Clara Kovacic, a\u00f1os atr\u00e1s en una producci\u00f3n para GENTE. Ya ven\u00eda de haber tenido una participaci\u00f3n en plena pandemia en <em>Don&#8217;t Look Up<\/em>, film con Meryl Streep y Leo DiCaprio y era conocida por sus papeles pel\u00edculas del g\u00e9nero terror. <\/figcaption><\/figure>\n<p>En di\u00e1logo con <strong>GENTE<\/strong>, la actriz profundiza en el proceso de construcci\u00f3n de este personaje y la din\u00e1mica de trabajo con los propios protagonistas de la historia. Y con una mirada aguda sobre el poder estrat\u00e9gico de Wanda Nara, a quien define como la <strong>\u00abKim Kardashian argentina\u00bb<\/strong>, nos introduce en los secretos de un rodaje de la autoficci\u00f3n que promete dar mucho que hablar. <\/p>\n<figure class=\"wp-block-image size-full is-resized\"><img decoding=\"async\" width=\"678\" height=\"520\" src=\"https:\/\/www.revistagente.com\/wp-content\/uploads\/2026\/04\/Captura-de-pantalla-2026-04-24-a-las-15.36.39.png.webp\" loading=\"lazy\" alt=\"\" class=\"wp-image-650902\" style=\"aspect-ratio:1.3038944648115873;width:725px;height:auto\" \/><figcaption class=\"wp-element-caption\">Junto a Wanda, protagonista de la serie, que es una autoficci\u00f3n basada en la vida de la conductora y empresaria, de quien la actriz dice: \u00abEs muy viva, muy inteligente\u00bb. <\/figcaption><\/figure>\n<p><strong>\u2013Te toca meterte en la piel de Daniela Christiansson, \u201cla sueca\u201d, \u00bfc\u00f3mo y qui\u00e9n te convoc\u00f3 para el proyecto?<\/strong><\/p>\n<p>\u2013Para este proyecto me convoc\u00f3 una agencia que estaba buscando justamente alguien del perfil y que, adem\u00e1s, supiera un idioma por fuera del espa\u00f1ol y el ingl\u00e9s, digamos. No sab\u00eda sueco pero es un idioma que, de alguna manera, es muy parecido al croata (idioma que ella domina gracias a sus ancestros). Entonces fue una opci\u00f3n para presentar. <\/p>\n<p><strong>\u2013\u00bfQu\u00e9 fue lo primero que hiciste para prepararla? <\/strong><\/p>\n<p>\u2013Me puse a ver videos de Daniela hablando, obviamente. <strong>Investigu\u00e9 que ella sabe siete idiomas y vi que con Maxi usa tambi\u00e9n el italiano para hablar<\/strong>.<strong> <\/strong>En el espa\u00f1ol que ella usa se nota mucho el acento italiano, que tambi\u00e9n es un acento propio de los argentinos. Entonces estuve atenta m\u00e1s que nada a la cadencia que ella tiene al pronunciar las palabras.<\/p>\n<p>Porque su cadencia, por m\u00e1s de que est\u00e9 hablando con una mezcla de italiano, tambi\u00e9n tiene un poco del sueco ah\u00ed. El sueco tiene una particularidad que es m\u00e1s agudo y m\u00e1s con cadencia final hacia arriba. Nosotros tenemos una cadencia quiz\u00e1s m\u00e1s neutra o solemos ir para abajo, y ella la lleva para arriba. As\u00ed que eso tambi\u00e9n fue lo que me gust\u00f3 meter en el personaje.<\/p>\n<figure class=\"wp-block-image size-large\"><img decoding=\"async\" src=\"https:\/\/www.revistagente.com\/wp-content\/uploads\/2026\/05\/Clara-Kovacic-Daniela-Christiansson-Triangulo-amoroso-serie-vertical-Wanda-y-Maxi-1024x576.jpg.webp\" loading=\"lazy\" alt=\"\" class=\"wp-image-652299\" \/><figcaption class=\"wp-element-caption\">En <em>Tri\u00e1ngulo amoroso<\/em>, Clara Kovacic interpreta a \u00abla sueca\u00bb Daniela Christiansson, a quien compuso estudiando sus videos y su particular cadencia al hablar. <\/figcaption><\/figure>\n<p><strong>\u2013En una historia donde todo el mundo cree saber \u201cla verdad\u201d, \u00bfqu\u00e9 significa interpretar a uno de los lados del <em>Tri\u00e1ngulo amoroso<\/em>?<\/strong><\/p>\n<p>\u2013Para m\u00ed siempre es un placer poder trabajar y hacer historias diferentes. En este caso una comedia; se me asocia mucho con el terror, as\u00ed que para m\u00ed, cuando se puede jugar por fuera del lugar donde uno siempre suele caer, es muy divertido. Y en este caso hubo una diversi\u00f3n muy fuerte en el rodaje, as\u00ed que lo disfrut\u00e9 un mont\u00f3n.<\/p>\n<p><strong>\u2013\u00bfC\u00f3mo es tu v\u00ednculo \u2013en la ficci\u00f3n y fuera de c\u00e1mara\u2013 con Maxi y Wanda?<\/strong><\/p>\n<p>\u2013Con Maxi tenemos muy buena onda. La verdad es que \u00e9l vino el primer d\u00eda much\u00edsimo m\u00e1s temprano de lo que lo hab\u00edan citado, pero porque quer\u00eda practicar. Se notaba que estaba un poco nervioso con esta nueva aventura que le tocaba hacer de actor. Y nos sent\u00e1bamos, habl\u00e1bamos, pas\u00e1bamos texto&#8230; es un tipo muy comprometido y es un amor de persona.<\/p>\n<figure class=\"wp-block-image size-full\"><img decoding=\"async\" loading=\"lazy\" width=\"778\" height=\"1037\" src=\"https:\/\/www.revistagente.com\/wp-content\/uploads\/2026\/05\/8ee25c1e-ce4b-4ae7-9c8b-c206821f84e6-edited.jpg.webp\" alt=\"\" class=\"wp-image-652295\" \/><figcaption class=\"wp-element-caption\">Clara, durante el rodaje de la serie vertical, en una escena con su marido en la ficci\u00f3n, Maxi L\u00f3pez. Seg\u00fan revela, le iban a poner directamente \u00abWandagate\u00bb. <\/figcaption><\/figure>\n<p>Y Wanda es tambi\u00e9n un amor. No estuve tanto tiempo con ella porque estaba trabajando un mont\u00f3n con otras actividades a la par de la serie. Entonces ella terminaba de filmar y se iba r\u00e1pido. Quiz\u00e1s ten\u00edamos m\u00e1s espacio para charlar con el resto del elenco, mientras que Wanda de repente se ten\u00eda que ir a trabajar a otro lugar muy r\u00e1pido. Pero la verdad es que <strong>es muy divertida, una persona muy inteligente, muy viva<\/strong>. Ver el v\u00ednculo entre ella y Maxi L\u00f3pez es muy divertido de ver y es genial trabajar en un tr\u00edo din\u00e1mico as\u00ed.<\/p>\n<p><strong>\u2013Si tuvieras que definir en una escena qu\u00e9 representa Daniela en esta historia, \u00bfcu\u00e1l ser\u00eda y por qu\u00e9?<\/strong><\/p>\n<p>\u2013Creo que la historia es bastante m\u00e1s centrada en la perspectiva del mundo seg\u00fan Maxi y Wanda, y<strong> creo que el personaje de Daniela est\u00e1 m\u00e1s orientado hacia la comedia, m\u00e1s ficticio de lo que realmente es<\/strong>. La representa que es una mujer elegante, es una mujer fina, y todo eso est\u00e1 graficado en c\u00f3mo me vistieron, en c\u00f3mo me peinaron&#8230; todo eso est\u00e1 muy caracterizado. Por lo menos lo f\u00edsico est\u00e1, y bueno, despu\u00e9s todo lo dem\u00e1s es una creaci\u00f3n m\u00eda. Yo creo que es ficci\u00f3n por m\u00e1s de que est\u00e1 basado en hechos reales de cosas que suceden.<\/p>\n<p><strong>\u2013\u00bfTe sorprendi\u00f3 algo de Wanda? Algo que dijeras: \u201cok, esto no me lo esperaba\u201d.<\/strong><\/p>\n<p>\u2013No s\u00e9 si me sorprendi\u00f3, porque creo que ella es tal cual es en la vida cotidiana, como se la ve en las entrevistas. Creo que no hay nada que aparente. Ella es muy \u00abella\u00bb en cualquier tipo de circunstancia. A m\u00ed me gusta mucho ese tipo de personas a las que no les importa nada lo que digan o lo que piensan los dem\u00e1s, que van para adelante. Cuando la vi hablar y contar sus cosas me gust\u00f3 que siempre dice lo que piensa y es de las que va directo al punto. Y es muy divertida. <\/p>\n<figure class=\"wp-block-image size-full is-resized\"><img decoding=\"async\" loading=\"lazy\" width=\"1080\" height=\"1919\" src=\"https:\/\/www.revistagente.com\/wp-content\/uploads\/2026\/05\/Clara-Kovacic-junto-a-Wanda-y-Maxi.webp\" alt=\"\" class=\"wp-image-652305\" style=\"aspect-ratio:0.5625019074068422;width:725px;height:auto\" \/><figcaption class=\"wp-element-caption\">\u00abWanda y Maxi tienen una qu\u00edmica muy linda de ver\u00bb, cuenta la actriz, quien se muestra feliz de ser parte de \u00abeste tr\u00edo din\u00e1mico\u00bb. <\/figcaption><\/figure>\n<p><strong>\u2013En lo personal, \u00bfte enganchaste con el Wandagate en su momento o lo miraste de lejos como quien ve una serie?<\/strong><\/p>\n<p>\u2013Sab\u00e9s que la serie en su momento se iba a llamar \u00abWandagate\u00bb y ahora cambi\u00f3&#8230; ojal\u00e1 le vuelvan a poner as\u00ed <em>Tri\u00e1ngulo amoroso: Wandagate<\/em>. Obviamente estaba al tanto porque todo llega y fue algo muy masivo, pero en ese momento yo estaba filmando justo dos pel\u00edculas a la vez; estaba rodando <em>Homo Argentum<\/em> y<em> Un susurro invoc\u00f3 mi nombre<\/em>, entonces estaba momento muy estresante donde viv\u00eda en un set. Pero obviamente, independiente de lo que se escucha, se lee o se ve, es dif\u00edcil no seguirlo, aunque no de una manera donde pueda tener un conocimiento muy elaborado sobre todo.<\/p>\n<p><strong>\u2013\u00bfQu\u00e9 cre\u00e9s que genera Wanda como personaje p\u00fablico para que todo lo que toca se vuelva relato? \u00bfEs estrategia, intuici\u00f3n o magnetismo puro?<\/strong><\/p>\n<p>\u2013Wanda es la <strong>Kim Kardashian<\/strong> de Argentina, no hay lugar a dudas de que lo es. Es una persona que se mueve muy bien, que sabe lo que hace, y no creo que nada sea porque s\u00ed.<\/p>\n<figure class=\"wp-block-image size-full is-resized\"><img decoding=\"async\" width=\"582\" height=\"655\" src=\"https:\/\/www.revistagente.com\/wp-content\/uploads\/2026\/05\/Captura-de-pantalla-2026-05-01-a-las-11.59.46.png.webp\" loading=\"lazy\" alt=\"\" class=\"wp-image-652306\" style=\"aspect-ratio:0.8885681568777136;width:725px;height:auto\" \/><figcaption class=\"wp-element-caption\">\u201cLa interpretaci\u00f3n es lo que est\u00e1 atravesado por la subjetividad, como pasa con la historia que contamos en esta serie\u00bb, se\u00f1ala la actriz sobre el wandagate, la \u00abcrema del medio\u00bb de la autoficci\u00f3n de Wanda. <\/figcaption><\/figure>\n<p><strong>\u2013\u00bfC\u00f3mo viste la elecci\u00f3n de Eugenia Su\u00e1rez, interpretada por D\u00e9bora Nishimoto,  dentro de este universo? Como aparente estrategia de Wanda, suena genial. <\/strong><\/p>\n<p>\u2013Me cuesta contestar esta pregunta porque D\u00e9bora es una actriz buen\u00edsima, yo he trabajado con ella en varias ocasiones, la conozco hace bastante y me encanta que est\u00e9 haciendo este personaje. No s\u00e9 si puedo avanzar un poco m\u00e1s en contestar esa pregunta porque no puedo spoilear la trama de la historia todav\u00eda, porque hay una trama que existe y que todav\u00eda no se puede contar.<\/p>\n<\/p>\n<p><strong>\u2013Esta historia tiene capas: amor, traici\u00f3n, exposici\u00f3n. \u00bfCu\u00e1l sent\u00eds que es la que m\u00e1s pesa cuando est\u00e1s actuando?<\/strong><\/p>\n<p>\u2013Para m\u00ed pesa la comedia en el personaje. Al menos en el personaje que yo hago, que tiene dramatismo, porque entra en drama, pero creo que casi todo el guion est\u00e1 compuesto desde la comedia m\u00e1s que nada y eso lo hace liviano. Yo creo que la gente se va a divertir mucho.<\/p>\n<p><strong>\u2013El formato vertical tiene otro pulso, m\u00e1s \u00edntimo, m\u00e1s directo: \u00bfc\u00f3mo cre\u00e9s que va a recibir la gente esta serie?<\/strong><\/p>\n<p>\u2013Es un formato nuevo y que est\u00e1 de moda, y con el que la gente conect\u00f3, as\u00ed que es el momento. Todo el mundo est\u00e1 enganch\u00e1ndose con lo vertical. Y es la primera producci\u00f3n de Telefe de ficciones despu\u00e9s de tanto tiempo, yo creo que va a hacer mucho ruido. Adem\u00e1s es el Wandagate, estamos hablando de muchas cosas que van a ser atractivas para el formato vertical. Es muy divertida, vuelvo a decir: es una comedia al 100%.<\/p>\n<figure class=\"wp-block-image size-full\"><img decoding=\"async\" loading=\"lazy\" width=\"1200\" height=\"1600\" src=\"https:\/\/www.revistagente.com\/wp-content\/uploads\/2026\/05\/c627e3a5-ca08-41dc-acfb-f739f53e240e.jpg.webp\" alt=\"\" class=\"wp-image-652307\" \/><figcaption class=\"wp-element-caption\">\u201cCuando se puede jugar por fuera del lugar donde uno siempre suele caer, es muy divertido\u00bb, asegura Kovacic acerca de este rol tan distinto en un formato tan nuevo como el vertical. <\/figcaption><\/figure>\n<p><strong>\u2013Contame una an\u00e9cdota de rodaje que haya sido un caos hermoso o un momento donde todos se tentaron y no pudieron seguir.<\/strong><\/p>\n<p>\u2013Te juro que el \u00abcaos hermoso\u00bb caracteriza la mayor\u00eda de mis rodajes. Este fue un rodaje donde siempre se corre atr\u00e1s del tiempo porque uno no llega al final del plan; entonces sacamos escenas, ponemos, agregamos, improvisamos&#8230; A m\u00ed me gusta mucho improvisar y me dejaron hacerlo. Recuerdo que una vez subimos todos a una combi porque nos dijeron: \u00abTenemos que ir a otro lugar a filmar\u00bb. <\/p>\n<p>Parec\u00eda que nos \u00edbamos de viaje, nos metemos todos los t\u00e9cnicos y los actores en la combi, est\u00e1bamos ah\u00ed todos, salimos de Telefe, hacemos 20 metros y entramos a otra parte de Telefe. Ese fue todo el viaje. Parec\u00eda que est\u00e1bamos de gira y en realidad hicimos 20 metros para ir al otro lado del estudio, nada m\u00e1s. Fue muy divertido. <\/p>\n<figure class=\"wp-block-image size-full\"><img decoding=\"async\" width=\"900\" height=\"503\" src=\"https:\/\/www.revistagente.com\/wp-content\/uploads\/2026\/05\/triangulo-amoroso-2221406.jpg.webp\" loading=\"lazy\" alt=\"\" class=\"wp-image-652308\" \/><figcaption class=\"wp-element-caption\">\u00abWanda es una persona que se mueve muy bien, que sabe lo que hace, y no creo que nada sea porque s\u00ed\u201d, asegura Clara. <\/figcaption><\/figure>\n<p><strong>\u2013\u00bfTe llevaste algo del personaje a tu vida real? Alguna actitud, una forma de plantarte, un silencio.<\/strong><\/p>\n<p>\u2013A m\u00ed me gust\u00f3 mucho hacer el acento de Daniela. Fue lo m\u00e1s lindo porque, claramente, encontrar diferencias con lo que ya hice es clave. Es la primera vez que hago un personaje con un acento extranjero hablando en espa\u00f1ol. He actuado hablando en ingl\u00e9s, en italiano, en franc\u00e9s, pero nunca me toc\u00f3 hacer de una extranjera hablando espa\u00f1ol con ese acento.<\/p>\n<p><strong>\u2013Esta historia habla mucho de versiones: \u00bfcre\u00e9s que existe \u201cla verdad\u201d o s\u00f3lo narrativas o relatos mejor contados?<\/strong><\/p>\n<p>\u2013Yo creo que existe una verdad y tambi\u00e9n las distintas percepciones que tenemos de ella. Creo en lo emp\u00edrico, eso es innegable, pero nosotros hacemos la propia reescritura de lo que sucede y cada uno se va a afectar seg\u00fan su personalidad. Para una persona puede ser algo dram\u00e1tico, para otra algo triste. Creo en los hechos, creo en la ciencia, pero nosotros somos seres que percibimos la vida desde lo emocional. Hay gente que se r\u00ede de una tragedia por una reacci\u00f3n nerviosa, hay gente que se enoja o gente que se queda callada. Pero el mundo existe all\u00e1 afuera, atado a lo que sucede; los hechos existen y no son inventados. La interpretaci\u00f3n es lo que est\u00e1 atravesado por la subjetividad, como pasa con la historia que contamos en esta serie, \u00bfno? <\/p>\n<p class=\"has-text-align-right\"><strong><em>Fotos: gentileza C.K. y archivo GENTE. <\/em><\/strong><\/p>\n<div class=\"mt-box \">\n<h4 class=\"mt-heading\">Mir\u00e1 Tambi\u00e9n<\/h4>\n<p><a href=\"https:\/\/www.revistagente.com\/entretenimiento\/la-trama-secreta-del-casting-de-wanda-icardi-la-descubrio-en-2021-con-el-galan-de-su-pelicula-y-segun-yanina-latorre-concretaron-el-ano-pasado\/\"><\/p>\n<div class=\"mt-content\">\n<div class=\"mt-image-container\"><img decoding=\"async\" src=\"https:\/\/www.revistagente.com\/wp-content\/uploads\/2026\/04\/Wanda-Nara-Agustin-Bernasconi-359x292.jpg\" alt=\"El incre\u00edble presente de Wanda Nara, entre una pel\u00edcula con Agust\u00edn Bernasconi y el particular gui\u00f1o que habr\u00e1 en su serie vertical\" class=\"mt-image\" loading=\"lazy\" \/><\/div>\n<h5 class=\"mt-title\">El incre\u00edble presente de Wanda Nara, entre una pel\u00edcula con Agust\u00edn Bernasconi y el particular gui\u00f1o que habr\u00e1 en su serie vertical<\/h5>\n<\/div>\n<p><\/a><\/div>\n<div class=\"mt-box \">\n<h4 class=\"mt-heading\">Mir\u00e1 Tambi\u00e9n<\/h4>\n<p><a href=\"https:\/\/www.revistagente.com\/lifestyle\/clara-kovacic-revela-como-fue-trabajar-con-guillermo-francella-en-homo-argentum-cuando-compartis-pantalla-con-un-grande-te-lleva-a-subir-la-vara\/\"><\/p>\n<div class=\"mt-content\">\n<div class=\"mt-image-container\"><img decoding=\"async\" src=\"https:\/\/www.revistagente.com\/wp-content\/uploads\/2022\/03\/CLARA-KOVACIC3834-359x292.jpg\" alt=\"Clara Kovacic revela c\u00f3mo fue trabajar con Guillermo Francella en &quot;Homo Argentum&quot;: &quot;Compartir pantalla con un grande te lleva a subir la vara&quot;\" class=\"mt-image\" loading=\"lazy\" \/><\/div>\n<h5 class=\"mt-title\">Clara Kovacic revela c\u00f3mo fue trabajar con Guillermo Francella en \u00abHomo Argentum\u00bb: \u00abCompartir pantalla con un grande te lleva a subir la vara\u00bb<\/h5>\n<\/div>\n<p><\/a><\/div>\n","protected":false},"excerpt":{"rendered":"<p>Clara Kovacic, la consagrada \u00abScream Queen\u00bb del cine de terror<\/p>\n","protected":false},"author":0,"featured_media":19771,"comment_status":"","ping_status":"","sticky":false,"template":"","format":"standard","meta":{"footnotes":""},"categories":[12],"tags":[],"class_list":["post-19770","post","type-post","status-publish","format-standard","has-post-thumbnail","hentry","category-espectaculo"],"yoast_head":"<!-- This site is optimized with the Yoast SEO plugin v27.5 - https:\/\/yoast.com\/product\/yoast-seo-wordpress\/ -->\n<title>Clara Kovacic se mete en la piel de la mujer de Maxi L\u00f3pez y agita el avispero del Wandagate: \u201cWanda es la Kim Kardashian argentina, nada en ella es casual\u201d - Cuarteto en la Web<\/title>\n<meta name=\"robots\" content=\"index, follow, max-snippet:-1, max-image-preview:large, max-video-preview:-1\" \/>\n<link rel=\"canonical\" href=\"https:\/\/cuartetoenlaweb.com.ar\/sitio\/clara-kovacic-se-mete-en-la-piel-de-la-mujer-de-maxi-lopez-y-agita-el-avispero-del-wandagate-wanda-es-la-kim-kardashian-argentina-nada-en-ella-es-casual\/\" \/>\n<meta property=\"og:locale\" content=\"es_ES\" \/>\n<meta property=\"og:type\" content=\"article\" \/>\n<meta property=\"og:title\" content=\"Clara Kovacic se mete en la piel de la mujer de Maxi L\u00f3pez y agita el avispero del Wandagate: \u201cWanda es la Kim Kardashian argentina, nada en ella es casual\u201d - Cuarteto en la Web\" \/>\n<meta property=\"og:description\" content=\"Clara Kovacic, la consagrada \u00abScream Queen\u00bb del cine de terror\" \/>\n<meta property=\"og:url\" content=\"https:\/\/cuartetoenlaweb.com.ar\/sitio\/clara-kovacic-se-mete-en-la-piel-de-la-mujer-de-maxi-lopez-y-agita-el-avispero-del-wandagate-wanda-es-la-kim-kardashian-argentina-nada-en-ella-es-casual\/\" \/>\n<meta property=\"og:site_name\" content=\"Cuarteto en la Web\" \/>\n<meta property=\"article:published_time\" content=\"2026-05-03T13:59:45+00:00\" \/>\n<meta name=\"twitter:card\" content=\"summary_large_image\" \/>\n<meta name=\"twitter:label1\" content=\"Tiempo de lectura\" \/>\n\t<meta name=\"twitter:data1\" content=\"11 minutos\" \/>\n<script type=\"application\/ld+json\" class=\"yoast-schema-graph\">{\"@context\":\"https:\\\/\\\/schema.org\",\"@graph\":[{\"@type\":\"Article\",\"@id\":\"https:\\\/\\\/cuartetoenlaweb.com.ar\\\/sitio\\\/clara-kovacic-se-mete-en-la-piel-de-la-mujer-de-maxi-lopez-y-agita-el-avispero-del-wandagate-wanda-es-la-kim-kardashian-argentina-nada-en-ella-es-casual\\\/#article\",\"isPartOf\":{\"@id\":\"https:\\\/\\\/cuartetoenlaweb.com.ar\\\/sitio\\\/clara-kovacic-se-mete-en-la-piel-de-la-mujer-de-maxi-lopez-y-agita-el-avispero-del-wandagate-wanda-es-la-kim-kardashian-argentina-nada-en-ella-es-casual\\\/\"},\"author\":{\"name\":\"\",\"@id\":\"\"},\"headline\":\"Clara Kovacic se mete en la piel de la mujer de Maxi L\u00f3pez y agita el avispero del Wandagate: \u201cWanda es la Kim Kardashian argentina, nada en ella es casual\u201d\",\"datePublished\":\"2026-05-03T13:59:45+00:00\",\"mainEntityOfPage\":{\"@id\":\"https:\\\/\\\/cuartetoenlaweb.com.ar\\\/sitio\\\/clara-kovacic-se-mete-en-la-piel-de-la-mujer-de-maxi-lopez-y-agita-el-avispero-del-wandagate-wanda-es-la-kim-kardashian-argentina-nada-en-ella-es-casual\\\/\"},\"wordCount\":2192,\"publisher\":{\"@id\":\"https:\\\/\\\/cuartetoenlaweb.com.ar\\\/sitio\\\/#organization\"},\"image\":{\"@id\":\"https:\\\/\\\/cuartetoenlaweb.com.ar\\\/sitio\\\/clara-kovacic-se-mete-en-la-piel-de-la-mujer-de-maxi-lopez-y-agita-el-avispero-del-wandagate-wanda-es-la-kim-kardashian-argentina-nada-en-ella-es-casual\\\/#primaryimage\"},\"thumbnailUrl\":\"http:\\\/\\\/cuartetoenlaweb.com.ar\\\/sitio\\\/wp-content\\\/uploads\\\/2026\\\/05\\\/CLARA-KOVACIC4219-scaled.jpg.webp\",\"articleSection\":[\"ESPECT\u00c1CULO\"],\"inLanguage\":\"es\"},{\"@type\":\"WebPage\",\"@id\":\"https:\\\/\\\/cuartetoenlaweb.com.ar\\\/sitio\\\/clara-kovacic-se-mete-en-la-piel-de-la-mujer-de-maxi-lopez-y-agita-el-avispero-del-wandagate-wanda-es-la-kim-kardashian-argentina-nada-en-ella-es-casual\\\/\",\"url\":\"https:\\\/\\\/cuartetoenlaweb.com.ar\\\/sitio\\\/clara-kovacic-se-mete-en-la-piel-de-la-mujer-de-maxi-lopez-y-agita-el-avispero-del-wandagate-wanda-es-la-kim-kardashian-argentina-nada-en-ella-es-casual\\\/\",\"name\":\"Clara Kovacic se mete en la piel de la mujer de Maxi L\u00f3pez y agita el avispero del Wandagate: \u201cWanda es la Kim Kardashian argentina, nada en ella es casual\u201d - Cuarteto en la Web\",\"isPartOf\":{\"@id\":\"https:\\\/\\\/cuartetoenlaweb.com.ar\\\/sitio\\\/#website\"},\"primaryImageOfPage\":{\"@id\":\"https:\\\/\\\/cuartetoenlaweb.com.ar\\\/sitio\\\/clara-kovacic-se-mete-en-la-piel-de-la-mujer-de-maxi-lopez-y-agita-el-avispero-del-wandagate-wanda-es-la-kim-kardashian-argentina-nada-en-ella-es-casual\\\/#primaryimage\"},\"image\":{\"@id\":\"https:\\\/\\\/cuartetoenlaweb.com.ar\\\/sitio\\\/clara-kovacic-se-mete-en-la-piel-de-la-mujer-de-maxi-lopez-y-agita-el-avispero-del-wandagate-wanda-es-la-kim-kardashian-argentina-nada-en-ella-es-casual\\\/#primaryimage\"},\"thumbnailUrl\":\"http:\\\/\\\/cuartetoenlaweb.com.ar\\\/sitio\\\/wp-content\\\/uploads\\\/2026\\\/05\\\/CLARA-KOVACIC4219-scaled.jpg.webp\",\"datePublished\":\"2026-05-03T13:59:45+00:00\",\"breadcrumb\":{\"@id\":\"https:\\\/\\\/cuartetoenlaweb.com.ar\\\/sitio\\\/clara-kovacic-se-mete-en-la-piel-de-la-mujer-de-maxi-lopez-y-agita-el-avispero-del-wandagate-wanda-es-la-kim-kardashian-argentina-nada-en-ella-es-casual\\\/#breadcrumb\"},\"inLanguage\":\"es\",\"potentialAction\":[{\"@type\":\"ReadAction\",\"target\":[\"https:\\\/\\\/cuartetoenlaweb.com.ar\\\/sitio\\\/clara-kovacic-se-mete-en-la-piel-de-la-mujer-de-maxi-lopez-y-agita-el-avispero-del-wandagate-wanda-es-la-kim-kardashian-argentina-nada-en-ella-es-casual\\\/\"]}]},{\"@type\":\"ImageObject\",\"inLanguage\":\"es\",\"@id\":\"https:\\\/\\\/cuartetoenlaweb.com.ar\\\/sitio\\\/clara-kovacic-se-mete-en-la-piel-de-la-mujer-de-maxi-lopez-y-agita-el-avispero-del-wandagate-wanda-es-la-kim-kardashian-argentina-nada-en-ella-es-casual\\\/#primaryimage\",\"url\":\"http:\\\/\\\/cuartetoenlaweb.com.ar\\\/sitio\\\/wp-content\\\/uploads\\\/2026\\\/05\\\/CLARA-KOVACIC4219-scaled.jpg.webp\",\"contentUrl\":\"http:\\\/\\\/cuartetoenlaweb.com.ar\\\/sitio\\\/wp-content\\\/uploads\\\/2026\\\/05\\\/CLARA-KOVACIC4219-scaled.jpg.webp\",\"width\":1707,\"height\":2560},{\"@type\":\"BreadcrumbList\",\"@id\":\"https:\\\/\\\/cuartetoenlaweb.com.ar\\\/sitio\\\/clara-kovacic-se-mete-en-la-piel-de-la-mujer-de-maxi-lopez-y-agita-el-avispero-del-wandagate-wanda-es-la-kim-kardashian-argentina-nada-en-ella-es-casual\\\/#breadcrumb\",\"itemListElement\":[{\"@type\":\"ListItem\",\"position\":1,\"name\":\"Portada\",\"item\":\"https:\\\/\\\/cuartetoenlaweb.com.ar\\\/sitio\\\/\"},{\"@type\":\"ListItem\",\"position\":2,\"name\":\"Clara Kovacic se mete en la piel de la mujer de Maxi L\u00f3pez y agita el avispero del Wandagate: \u201cWanda es la Kim Kardashian argentina, nada en ella es casual\u201d\"}]},{\"@type\":\"WebSite\",\"@id\":\"https:\\\/\\\/cuartetoenlaweb.com.ar\\\/sitio\\\/#website\",\"url\":\"https:\\\/\\\/cuartetoenlaweb.com.ar\\\/sitio\\\/\",\"name\":\"Cuarteto en la Web\",\"description\":\"\",\"publisher\":{\"@id\":\"https:\\\/\\\/cuartetoenlaweb.com.ar\\\/sitio\\\/#organization\"},\"potentialAction\":[{\"@type\":\"SearchAction\",\"target\":{\"@type\":\"EntryPoint\",\"urlTemplate\":\"https:\\\/\\\/cuartetoenlaweb.com.ar\\\/sitio\\\/?s={search_term_string}\"},\"query-input\":{\"@type\":\"PropertyValueSpecification\",\"valueRequired\":true,\"valueName\":\"search_term_string\"}}],\"inLanguage\":\"es\"},{\"@type\":\"Organization\",\"@id\":\"https:\\\/\\\/cuartetoenlaweb.com.ar\\\/sitio\\\/#organization\",\"name\":\"Cuarteto en la Web\",\"url\":\"https:\\\/\\\/cuartetoenlaweb.com.ar\\\/sitio\\\/\",\"logo\":{\"@type\":\"ImageObject\",\"inLanguage\":\"es\",\"@id\":\"https:\\\/\\\/cuartetoenlaweb.com.ar\\\/sitio\\\/#\\\/schema\\\/logo\\\/image\\\/\",\"url\":\"http:\\\/\\\/cuartetoenlaweb.com.ar\\\/sitio\\\/wp-content\\\/uploads\\\/2025\\\/07\\\/cropped-cropped-logitoweb21.png\",\"contentUrl\":\"http:\\\/\\\/cuartetoenlaweb.com.ar\\\/sitio\\\/wp-content\\\/uploads\\\/2025\\\/07\\\/cropped-cropped-logitoweb21.png\",\"width\":199,\"height\":199,\"caption\":\"Cuarteto en la Web\"},\"image\":{\"@id\":\"https:\\\/\\\/cuartetoenlaweb.com.ar\\\/sitio\\\/#\\\/schema\\\/logo\\\/image\\\/\"}}]}<\/script>\n<!-- \/ Yoast SEO plugin. -->","yoast_head_json":{"title":"Clara Kovacic se mete en la piel de la mujer de Maxi L\u00f3pez y agita el avispero del Wandagate: \u201cWanda es la Kim Kardashian argentina, nada en ella es casual\u201d - Cuarteto en la Web","robots":{"index":"index","follow":"follow","max-snippet":"max-snippet:-1","max-image-preview":"max-image-preview:large","max-video-preview":"max-video-preview:-1"},"canonical":"https:\/\/cuartetoenlaweb.com.ar\/sitio\/clara-kovacic-se-mete-en-la-piel-de-la-mujer-de-maxi-lopez-y-agita-el-avispero-del-wandagate-wanda-es-la-kim-kardashian-argentina-nada-en-ella-es-casual\/","og_locale":"es_ES","og_type":"article","og_title":"Clara Kovacic se mete en la piel de la mujer de Maxi L\u00f3pez y agita el avispero del Wandagate: \u201cWanda es la Kim Kardashian argentina, nada en ella es casual\u201d - Cuarteto en la Web","og_description":"Clara Kovacic, la consagrada \u00abScream Queen\u00bb del cine de terror","og_url":"https:\/\/cuartetoenlaweb.com.ar\/sitio\/clara-kovacic-se-mete-en-la-piel-de-la-mujer-de-maxi-lopez-y-agita-el-avispero-del-wandagate-wanda-es-la-kim-kardashian-argentina-nada-en-ella-es-casual\/","og_site_name":"Cuarteto en la Web","article_published_time":"2026-05-03T13:59:45+00:00","twitter_card":"summary_large_image","twitter_misc":{"Tiempo de lectura":"11 minutos"},"schema":{"@context":"https:\/\/schema.org","@graph":[{"@type":"Article","@id":"https:\/\/cuartetoenlaweb.com.ar\/sitio\/clara-kovacic-se-mete-en-la-piel-de-la-mujer-de-maxi-lopez-y-agita-el-avispero-del-wandagate-wanda-es-la-kim-kardashian-argentina-nada-en-ella-es-casual\/#article","isPartOf":{"@id":"https:\/\/cuartetoenlaweb.com.ar\/sitio\/clara-kovacic-se-mete-en-la-piel-de-la-mujer-de-maxi-lopez-y-agita-el-avispero-del-wandagate-wanda-es-la-kim-kardashian-argentina-nada-en-ella-es-casual\/"},"author":{"name":"","@id":""},"headline":"Clara Kovacic se mete en la piel de la mujer de Maxi L\u00f3pez y agita el avispero del Wandagate: \u201cWanda es la Kim Kardashian argentina, nada en ella es casual\u201d","datePublished":"2026-05-03T13:59:45+00:00","mainEntityOfPage":{"@id":"https:\/\/cuartetoenlaweb.com.ar\/sitio\/clara-kovacic-se-mete-en-la-piel-de-la-mujer-de-maxi-lopez-y-agita-el-avispero-del-wandagate-wanda-es-la-kim-kardashian-argentina-nada-en-ella-es-casual\/"},"wordCount":2192,"publisher":{"@id":"https:\/\/cuartetoenlaweb.com.ar\/sitio\/#organization"},"image":{"@id":"https:\/\/cuartetoenlaweb.com.ar\/sitio\/clara-kovacic-se-mete-en-la-piel-de-la-mujer-de-maxi-lopez-y-agita-el-avispero-del-wandagate-wanda-es-la-kim-kardashian-argentina-nada-en-ella-es-casual\/#primaryimage"},"thumbnailUrl":"http:\/\/cuartetoenlaweb.com.ar\/sitio\/wp-content\/uploads\/2026\/05\/CLARA-KOVACIC4219-scaled.jpg.webp","articleSection":["ESPECT\u00c1CULO"],"inLanguage":"es"},{"@type":"WebPage","@id":"https:\/\/cuartetoenlaweb.com.ar\/sitio\/clara-kovacic-se-mete-en-la-piel-de-la-mujer-de-maxi-lopez-y-agita-el-avispero-del-wandagate-wanda-es-la-kim-kardashian-argentina-nada-en-ella-es-casual\/","url":"https:\/\/cuartetoenlaweb.com.ar\/sitio\/clara-kovacic-se-mete-en-la-piel-de-la-mujer-de-maxi-lopez-y-agita-el-avispero-del-wandagate-wanda-es-la-kim-kardashian-argentina-nada-en-ella-es-casual\/","name":"Clara Kovacic se mete en la piel de la mujer de Maxi L\u00f3pez y agita el avispero del Wandagate: \u201cWanda es la Kim Kardashian argentina, nada en ella es casual\u201d - Cuarteto en la Web","isPartOf":{"@id":"https:\/\/cuartetoenlaweb.com.ar\/sitio\/#website"},"primaryImageOfPage":{"@id":"https:\/\/cuartetoenlaweb.com.ar\/sitio\/clara-kovacic-se-mete-en-la-piel-de-la-mujer-de-maxi-lopez-y-agita-el-avispero-del-wandagate-wanda-es-la-kim-kardashian-argentina-nada-en-ella-es-casual\/#primaryimage"},"image":{"@id":"https:\/\/cuartetoenlaweb.com.ar\/sitio\/clara-kovacic-se-mete-en-la-piel-de-la-mujer-de-maxi-lopez-y-agita-el-avispero-del-wandagate-wanda-es-la-kim-kardashian-argentina-nada-en-ella-es-casual\/#primaryimage"},"thumbnailUrl":"http:\/\/cuartetoenlaweb.com.ar\/sitio\/wp-content\/uploads\/2026\/05\/CLARA-KOVACIC4219-scaled.jpg.webp","datePublished":"2026-05-03T13:59:45+00:00","breadcrumb":{"@id":"https:\/\/cuartetoenlaweb.com.ar\/sitio\/clara-kovacic-se-mete-en-la-piel-de-la-mujer-de-maxi-lopez-y-agita-el-avispero-del-wandagate-wanda-es-la-kim-kardashian-argentina-nada-en-ella-es-casual\/#breadcrumb"},"inLanguage":"es","potentialAction":[{"@type":"ReadAction","target":["https:\/\/cuartetoenlaweb.com.ar\/sitio\/clara-kovacic-se-mete-en-la-piel-de-la-mujer-de-maxi-lopez-y-agita-el-avispero-del-wandagate-wanda-es-la-kim-kardashian-argentina-nada-en-ella-es-casual\/"]}]},{"@type":"ImageObject","inLanguage":"es","@id":"https:\/\/cuartetoenlaweb.com.ar\/sitio\/clara-kovacic-se-mete-en-la-piel-de-la-mujer-de-maxi-lopez-y-agita-el-avispero-del-wandagate-wanda-es-la-kim-kardashian-argentina-nada-en-ella-es-casual\/#primaryimage","url":"http:\/\/cuartetoenlaweb.com.ar\/sitio\/wp-content\/uploads\/2026\/05\/CLARA-KOVACIC4219-scaled.jpg.webp","contentUrl":"http:\/\/cuartetoenlaweb.com.ar\/sitio\/wp-content\/uploads\/2026\/05\/CLARA-KOVACIC4219-scaled.jpg.webp","width":1707,"height":2560},{"@type":"BreadcrumbList","@id":"https:\/\/cuartetoenlaweb.com.ar\/sitio\/clara-kovacic-se-mete-en-la-piel-de-la-mujer-de-maxi-lopez-y-agita-el-avispero-del-wandagate-wanda-es-la-kim-kardashian-argentina-nada-en-ella-es-casual\/#breadcrumb","itemListElement":[{"@type":"ListItem","position":1,"name":"Portada","item":"https:\/\/cuartetoenlaweb.com.ar\/sitio\/"},{"@type":"ListItem","position":2,"name":"Clara Kovacic se mete en la piel de la mujer de Maxi L\u00f3pez y agita el avispero del Wandagate: \u201cWanda es la Kim Kardashian argentina, nada en ella es casual\u201d"}]},{"@type":"WebSite","@id":"https:\/\/cuartetoenlaweb.com.ar\/sitio\/#website","url":"https:\/\/cuartetoenlaweb.com.ar\/sitio\/","name":"Cuarteto en la Web","description":"","publisher":{"@id":"https:\/\/cuartetoenlaweb.com.ar\/sitio\/#organization"},"potentialAction":[{"@type":"SearchAction","target":{"@type":"EntryPoint","urlTemplate":"https:\/\/cuartetoenlaweb.com.ar\/sitio\/?s={search_term_string}"},"query-input":{"@type":"PropertyValueSpecification","valueRequired":true,"valueName":"search_term_string"}}],"inLanguage":"es"},{"@type":"Organization","@id":"https:\/\/cuartetoenlaweb.com.ar\/sitio\/#organization","name":"Cuarteto en la Web","url":"https:\/\/cuartetoenlaweb.com.ar\/sitio\/","logo":{"@type":"ImageObject","inLanguage":"es","@id":"https:\/\/cuartetoenlaweb.com.ar\/sitio\/#\/schema\/logo\/image\/","url":"http:\/\/cuartetoenlaweb.com.ar\/sitio\/wp-content\/uploads\/2025\/07\/cropped-cropped-logitoweb21.png","contentUrl":"http:\/\/cuartetoenlaweb.com.ar\/sitio\/wp-content\/uploads\/2025\/07\/cropped-cropped-logitoweb21.png","width":199,"height":199,"caption":"Cuarteto en la Web"},"image":{"@id":"https:\/\/cuartetoenlaweb.com.ar\/sitio\/#\/schema\/logo\/image\/"}}]}},"_links":{"self":[{"href":"http:\/\/cuartetoenlaweb.com.ar\/sitio\/wp-json\/wp\/v2\/posts\/19770","targetHints":{"allow":["GET"]}}],"collection":[{"href":"http:\/\/cuartetoenlaweb.com.ar\/sitio\/wp-json\/wp\/v2\/posts"}],"about":[{"href":"http:\/\/cuartetoenlaweb.com.ar\/sitio\/wp-json\/wp\/v2\/types\/post"}],"replies":[{"embeddable":true,"href":"http:\/\/cuartetoenlaweb.com.ar\/sitio\/wp-json\/wp\/v2\/comments?post=19770"}],"version-history":[{"count":0,"href":"http:\/\/cuartetoenlaweb.com.ar\/sitio\/wp-json\/wp\/v2\/posts\/19770\/revisions"}],"wp:featuredmedia":[{"embeddable":true,"href":"http:\/\/cuartetoenlaweb.com.ar\/sitio\/wp-json\/wp\/v2\/media\/19771"}],"wp:attachment":[{"href":"http:\/\/cuartetoenlaweb.com.ar\/sitio\/wp-json\/wp\/v2\/media?parent=19770"}],"wp:term":[{"taxonomy":"category","embeddable":true,"href":"http:\/\/cuartetoenlaweb.com.ar\/sitio\/wp-json\/wp\/v2\/categories?post=19770"},{"taxonomy":"post_tag","embeddable":true,"href":"http:\/\/cuartetoenlaweb.com.ar\/sitio\/wp-json\/wp\/v2\/tags?post=19770"}],"curies":[{"name":"wp","href":"https:\/\/api.w.org\/{rel}","templated":true}]}}