
{"id":19754,"date":"2026-05-03T06:00:34","date_gmt":"2026-05-03T09:00:34","guid":{"rendered":"https:\/\/cuartetoenlaweb.com.ar\/sitio\/asi-se-caso-cande-ruggeri-con-nicolas-maccari-lujo-emocion-y-todas-las-fotos-de-la-fiesta\/"},"modified":"2026-05-03T06:00:34","modified_gmt":"2026-05-03T09:00:34","slug":"asi-se-caso-cande-ruggeri-con-nicolas-maccari-lujo-emocion-y-todas-las-fotos-de-la-fiesta","status":"publish","type":"post","link":"http:\/\/cuartetoenlaweb.com.ar\/sitio\/asi-se-caso-cande-ruggeri-con-nicolas-maccari-lujo-emocion-y-todas-las-fotos-de-la-fiesta\/","title":{"rendered":"As\u00ed se cas\u00f3 Cande Ruggeri con Nicol\u00e1s Maccari: lujo, emoci\u00f3n y todas las fotos de la fiesta"},"content":{"rendered":"<p>El casamiento de <strong>Cande Ruggeri<\/strong> y <strong>Nicol\u00e1s Maccari<\/strong> <a href=\"https:\/\/www.paparazzi.com.ar\/romances\/que-vivan-los-novios-asi-fue-la-emocionante-boda-de-cande-ruggeri-y-nicolas-maccari\/\">se convirti\u00f3 en uno de los eventos m\u00e1s comentados del fin de semana<\/a>. La pareja sell\u00f3 su historia de amor con una celebraci\u00f3n que combin\u00f3 elegancia, emoci\u00f3n y una fuerte presencia del mundo del espect\u00e1culo.<\/p>\n<p>Luego de haber dado el \u201cs\u00ed\u201d en una ceremonia civil meses atr\u00e1s, <a href=\"https:\/\/www.paparazzi.com.ar\/teve\/la-hija-de-3-anos-de-cande-ruggeri-sufrio-un-accidente-y-termino-en-la-guardia-que-le-paso-y-como-esta-de-salud\/\">los novios organizaron un festejo a lo grande en el exclusivo Palacio Sans Souci<\/a>, un escenario que aport\u00f3 el marco ideal para una jornada cargada de detalles cuidados al mil\u00edmetro.<\/p>\n<p>La ceremonia, que tuvo lugar por la tarde, dio paso a una recepci\u00f3n en los jardines del lugar, donde los invitados disfrutaron de una propuesta gourmet y cocteler\u00eda de autor. M\u00e1s tarde, l<a href=\"https:\/\/www.paparazzi.com.ar\/romances\/tramposa-cande-ruggeri-conto-que-le-prohibio-a-su-pareja-en-la-despedida-de-soltero-pero-si-hizo-ella\/\">a celebraci\u00f3n se traslad\u00f3 a uno de los salones internos<\/a>, donde la fiesta se extendi\u00f3 durante horas con m\u00fasica en vivo y distintas sorpresas.<\/p>\n<div class=\"mt-box \">\n<h4 class=\"mt-heading\">Mir\u00e1 Tambi\u00e9n<\/h4>\n<p><a href=\"https:\/\/www.paparazzi.com.ar\/romances\/exclusivo-brian-sarmiento-confeso-todo-lo-que-siente-por-danelik-y-sorprendio-la-extrano-la-voy-a\/\"><\/p>\n<div class=\"mt-content\">\n<div class=\"mt-image-container\"><img decoding=\"async\" src=\"https:\/\/www.paparazzi.com.ar\/wp-content\/uploads\/2026\/05\/Brian-Sarmiento-359x226.jpg\" alt=\"\u00a1Exclusivo! Brian Sarmiento confes\u00f3 todo lo que siente por Danelik y sorprendi\u00f3: \u201cLa extra\u00f1o, la voy a\u2026\u201d\" class=\"mt-image\" loading=\"lazy\" \/><\/div>\n<h5 class=\"mt-title\">\u00a1Exclusivo! Brian Sarmiento confes\u00f3 todo lo que siente por Danelik y sorprendi\u00f3: \u201cLa extra\u00f1o, la voy a\u2026\u201d<\/h5>\n<\/div>\n<p><\/a><\/div>\n<p>Uno de los puntos m\u00e1s comentados fue, sin dudas, el look de la novia. Cande deslumbr\u00f3 con un vestido dise\u00f1ado por Pucheta Paz: un modelo strapless en tono blanco marfil, con falda estilo princesa y un detalle que llam\u00f3 la atenci\u00f3n \u2014un bolsillo lateral\u2014 que le dio un giro moderno a un dise\u00f1o cl\u00e1sico. <\/p>\n<p>El velo largo, con las iniciales de la pareja y la fecha grabadas, sum\u00f3 un toque personal y emotivo. Por su parte, Nicol\u00e1s Maccari opt\u00f3 por un esmoquin negro con mo\u00f1o, apostando a una est\u00e9tica cl\u00e1sica y sofisticada que acompa\u00f1\u00f3 a la perfecci\u00f3n el estilo de la ceremonia.<\/p>\n<div class=\"mt-box \">\n<h4 class=\"mt-heading\">Mir\u00e1 Tambi\u00e9n<\/h4>\n<p><a href=\"https:\/\/www.paparazzi.com.ar\/teve\/la-hija-de-3-anos-de-cande-ruggeri-sufrio-un-accidente-y-termino-en-la-guardia-que-le-paso-y-como-esta-de-salud\/\"><\/p>\n<div class=\"mt-content\">\n<div class=\"mt-image-container\"><img decoding=\"async\" src=\"https:\/\/www.paparazzi.com.ar\/wp-content\/uploads\/2026\/04\/cande-ruggeri-359x226.jpg\" alt=\"La hija de 3 a\u00f1os de Cande Ruggeri sufri\u00f3 un accidente y termin\u00f3 en la guardia: qu\u00e9 le pas\u00f3 y c\u00f3mo est\u00e1 de salud\" class=\"mt-image\" loading=\"lazy\" \/><\/div>\n<h5 class=\"mt-title\">La hija de 3 a\u00f1os de Cande Ruggeri sufri\u00f3 un accidente y termin\u00f3 en la guardia: qu\u00e9 le pas\u00f3 y c\u00f3mo est\u00e1 de salud<\/h5>\n<\/div>\n<p><\/a><\/div>\n<p>La lista de invitados tambi\u00e9n dio que hablar. Entre las figuras presentes estuvieron <strong>Sof\u00eda Jujy<\/strong>, <strong>Lizardo Ponce<\/strong> junto a <strong>Franco Poggio<\/strong>, adem\u00e1s de <strong>Fernando Burlando<\/strong> y <strong>Barby Franco<\/strong>. Tambi\u00e9n dijeron presente <strong>Lourdes S\u00e1nchez <\/strong>y <strong>Chato Prada<\/strong>, entre otros nombres del ambiente.<\/p>\n<p>Pero m\u00e1s all\u00e1 del glamour, hubo lugar para momentos profundamente emotivos. Uno de los m\u00e1s recordados fue el discurso de la abuela de Cande, que conmovi\u00f3 a todos al hablar del crecimiento de su nieta y la familia que form\u00f3 junto a Maccari. La presencia de Vita, la hija de la pareja, tambi\u00e9n aport\u00f3 ternura a una jornada que tuvo de todo.<\/p>\n<div class=\"mt-box \">\n<h4 class=\"mt-heading\">Mir\u00e1 Tambi\u00e9n<\/h4>\n<p><a href=\"https:\/\/www.paparazzi.com.ar\/romances\/tramposa-cande-ruggeri-conto-que-le-prohibio-a-su-pareja-en-la-despedida-de-soltero-pero-si-hizo-ella\/\"><\/p>\n<div class=\"mt-content\">\n<div class=\"mt-image-container\"><img decoding=\"async\" src=\"https:\/\/www.paparazzi.com.ar\/wp-content\/uploads\/2026\/04\/cale-ruggeri-359x226.jpeg\" alt=\"\u00a1Tramposa! Cande Ruggeri cont\u00f3 qu\u00e9 le prohibi\u00f3 a su pareja en la despedida de soltero pero s\u00ed hizo ella\" class=\"mt-image\" loading=\"lazy\" \/><\/div>\n<h5 class=\"mt-title\">\u00a1Tramposa! Cande Ruggeri cont\u00f3 qu\u00e9 le prohibi\u00f3 a su pareja en la despedida de soltero pero s\u00ed hizo ella<\/h5>\n<\/div>\n<p><\/a><\/div>\n<p>En redes sociales, los videos y fotos del evento no tardaron en viralizarse. Desde la entrada de la novia hasta los momentos m\u00e1s relajados de la fiesta, cada instante fue compartido por los invitados, mostrando una faceta \u00edntima y aut\u00e9ntica de la celebraci\u00f3n.<\/p>\n<p>La boda de Cande Ruggeri no solo marc\u00f3 un nuevo cap\u00edtulo en su vida personal, sino que tambi\u00e9n volvi\u00f3 a ponerla en el centro de la escena medi\u00e1tica. Entre lujo, amor y complicidad, la influencer vivi\u00f3 una noche so\u00f1ada que r\u00e1pidamente se convirti\u00f3 en uno de los eventos del a\u00f1o.<\/p>\n<h2 class=\"wp-block-heading\">Las fotos del casamiento de Cande Ruggeri y Nicol\u00e1s Maccari:<\/h2>\n<figure class=\"wp-block-image size-large\"><img decoding=\"async\" src=\"https:\/\/www.paparazzi.com.ar\/wp-content\/uploads\/2026\/05\/Casamiento-Cande-Ruggeri-RS-683x1024.jpg.webp\" loading=\"lazy\" alt=\"\" class=\"wp-image-476506\" \/><figcaption class=\"wp-element-caption\"><strong><em>Lourdes S\u00e1nchez y Chato Prada. (RS Fotos)<\/em><\/strong><\/figcaption><\/figure>\n<figure class=\"wp-block-image size-large\"><img decoding=\"async\" src=\"https:\/\/www.paparazzi.com.ar\/wp-content\/uploads\/2026\/05\/Casamiento-Cande-Ruggeri-RS.JPG9_-683x1024.jpg.webp\" loading=\"lazy\" alt=\"\" class=\"wp-image-476508\" \/><figcaption class=\"wp-element-caption\"><strong><em>Stephanie Demner. (RS Fotos)<\/em><\/strong><\/figcaption><\/figure>\n<figure class=\"wp-block-image size-large is-resized\"><img decoding=\"async\" src=\"https:\/\/www.paparazzi.com.ar\/wp-content\/uploads\/2026\/05\/Casamiento-Cande-Ruggeri-RS.JPG7_-683x1024.jpg.webp\" loading=\"lazy\" alt=\"\" class=\"wp-image-476509\" style=\"aspect-ratio:0.6669871061264973;width:683px;height:auto\" \/><figcaption class=\"wp-element-caption\"><strong><em>Sof\u00eda Jujuy y Gustavo Q\u00fcerio Hormaechea. (RS Fotos)<\/em><\/strong><\/figcaption><\/figure>\n<figure class=\"wp-block-image size-large\"><img decoding=\"async\" src=\"https:\/\/www.paparazzi.com.ar\/wp-content\/uploads\/2026\/05\/Casamiento-Cande-Ruggeri-RS.JPG5_-683x1024.jpg.webp\" loading=\"lazy\" alt=\"\" class=\"wp-image-476510\" \/><figcaption class=\"wp-element-caption\"><strong><em>Melina Lezcano. (RS Fotos)<\/em><\/strong><\/figcaption><\/figure>\n<figure class=\"wp-block-image size-large\"><img decoding=\"async\" src=\"https:\/\/www.paparazzi.com.ar\/wp-content\/uploads\/2026\/05\/Casamiento-Cande-Ruggeri-RS.JPG4_-683x1024.jpg.webp\" loading=\"lazy\" alt=\"\" class=\"wp-image-476511\" \/><figcaption class=\"wp-element-caption\"><strong><em>Fernando Burlando y Barby Franco. (RS Fotos)<\/em><\/strong><\/figcaption><\/figure>\n<figure class=\"wp-block-image size-large\"><img decoding=\"async\" src=\"https:\/\/www.paparazzi.com.ar\/wp-content\/uploads\/2026\/05\/Casamiento-Cande-Ruggeri-RS.JPG33-683x1024.jpg.webp\" loading=\"lazy\" alt=\"\" class=\"wp-image-476512\" \/><figcaption class=\"wp-element-caption\"><strong><em>Nati Jota. (RS Fotos)<\/em><\/strong><\/figcaption><\/figure>\n<figure class=\"wp-block-image size-large\"><img decoding=\"async\" src=\"https:\/\/www.paparazzi.com.ar\/wp-content\/uploads\/2026\/05\/Casamiento-Cande-Ruggeri-RS.JPG66-683x1024.jpg.webp\" loading=\"lazy\" alt=\"\" class=\"wp-image-476513\" \/><figcaption class=\"wp-element-caption\"><strong><em>Lizardo Ponce y Franco Poggio. (RS Fotos)<\/em><\/strong><\/figcaption><\/figure>\n<figure class=\"wp-block-image size-large\"><img decoding=\"async\" src=\"https:\/\/www.paparazzi.com.ar\/wp-content\/uploads\/2026\/05\/Casamiento-Cande-Ruggeri-RS.JPG77-683x1024.jpg.webp\" loading=\"lazy\" alt=\"\" class=\"wp-image-476514\" \/><figcaption class=\"wp-element-caption\"><strong><em>Sof\u00eda Z\u00e1molo. (RS Fotos)<\/em><\/strong><\/figcaption><\/figure>\n<figure class=\"wp-block-image size-large\"><img decoding=\"async\" src=\"https:\/\/www.paparazzi.com.ar\/wp-content\/uploads\/2026\/05\/Casamiento-Cande-Ruggeri-RS.JPG44-683x1024.jpg.webp\" loading=\"lazy\" alt=\"\" class=\"wp-image-476515\" \/><\/figure>\n<figure class=\"wp-block-image size-large\"><img decoding=\"async\" src=\"https:\/\/www.paparazzi.com.ar\/wp-content\/uploads\/2026\/05\/Casamiento-Cande-Ruggeri-RS.JPG55-683x1024.jpg.webp\" loading=\"lazy\" alt=\"\" class=\"wp-image-476516\" \/><figcaption class=\"wp-element-caption\"><strong><em>Cande Ruggeri. (RS Fotos)<\/em><\/strong><\/figcaption><\/figure>\n<figure class=\"wp-block-image size-large\"><img decoding=\"async\" src=\"https:\/\/www.paparazzi.com.ar\/wp-content\/uploads\/2026\/05\/Casamiento-Cande-Ruggeri-RS.JPG555-683x1024.jpg.webp\" loading=\"lazy\" alt=\"\" class=\"wp-image-476517\" \/><figcaption class=\"wp-element-caption\"><strong><em>Cande Ruggeri y Nicol\u00e1s Maccari. (RS Fotos)<\/em><\/strong><\/figcaption><\/figure>\n<figure class=\"wp-block-image size-large\"><img decoding=\"async\" src=\"https:\/\/www.paparazzi.com.ar\/wp-content\/uploads\/2026\/05\/Casamiento-Cande-Ruggeri-RS.JPG777-1024x683.jpg.webp\" loading=\"lazy\" alt=\"\" class=\"wp-image-476518\" \/><figcaption class=\"wp-element-caption\"><strong><em>Cande Ruggeri, Nicol\u00e1s Maccari y los dise\u00f1adores Pucheta Paz. (RS Fotos)<\/em><\/strong><\/figcaption><\/figure>\n<figure class=\"wp-block-image size-large\"><img decoding=\"async\" src=\"https:\/\/www.paparazzi.com.ar\/wp-content\/uploads\/2026\/05\/Casamiento-Cande-Ruggeri-10-663x1024.jpeg.webp\" loading=\"lazy\" alt=\"\" class=\"wp-image-476496\" \/><\/figure>\n<figure class=\"wp-block-image size-large\"><img decoding=\"async\" src=\"https:\/\/www.paparazzi.com.ar\/wp-content\/uploads\/2026\/05\/Casamiento-Cande-Ruggeri-1000-664x1024.jpeg.webp\" loading=\"lazy\" alt=\"\" class=\"wp-image-476497\" \/><\/figure>\n<figure class=\"wp-block-image size-large\"><img decoding=\"async\" src=\"https:\/\/www.paparazzi.com.ar\/wp-content\/uploads\/2026\/05\/Casamiento-Cande-Ruggeri-10006-666x1024.jpeg.webp\" loading=\"lazy\" alt=\"\" class=\"wp-image-476498\" \/><\/figure>\n<figure class=\"wp-block-image size-large\"><img decoding=\"async\" src=\"https:\/\/www.paparazzi.com.ar\/wp-content\/uploads\/2026\/05\/Casamiento-Cande-Ruggeri-88-680x1024.jpeg.webp\" loading=\"lazy\" alt=\"\" class=\"wp-image-476499\" \/><\/figure>\n<figure class=\"wp-block-image size-large\"><img decoding=\"async\" src=\"https:\/\/www.paparazzi.com.ar\/wp-content\/uploads\/2026\/05\/Casamiento-Cande-Ruggeri-1013-665x1024.jpeg.webp\" loading=\"lazy\" alt=\"\" class=\"wp-image-476500\" \/><\/figure>\n<figure class=\"wp-block-image size-large\"><img decoding=\"async\" src=\"https:\/\/www.paparazzi.com.ar\/wp-content\/uploads\/2026\/05\/Casamiento-Cande-Ruggeri00-1024x891.jpeg.webp\" loading=\"lazy\" alt=\"\" class=\"wp-image-476490\" \/><\/figure>\n<figure class=\"wp-block-image size-large\"><img decoding=\"async\" src=\"https:\/\/www.paparazzi.com.ar\/wp-content\/uploads\/2026\/05\/Casamiento-Cande-Ruggeri-007-1024x899.jpeg.webp\" loading=\"lazy\" alt=\"\" class=\"wp-image-476491\" \/><\/figure>\n<figure class=\"wp-block-image size-large\"><img decoding=\"async\" src=\"https:\/\/www.paparazzi.com.ar\/wp-content\/uploads\/2026\/05\/Casamiento-Cande-Ruggeri003-967x1024.jpeg.webp\" loading=\"lazy\" alt=\"\" class=\"wp-image-476492\" \/><\/figure>\n<figure class=\"wp-block-image size-large\"><img decoding=\"async\" src=\"https:\/\/www.paparazzi.com.ar\/wp-content\/uploads\/2026\/05\/Casamiento-Cande-Ruggeri004-967x1024.jpeg.webp\" loading=\"lazy\" alt=\"\" class=\"wp-image-476493\" \/><\/figure>\n<figure class=\"wp-block-image size-large\"><img decoding=\"async\" src=\"https:\/\/www.paparazzi.com.ar\/wp-content\/uploads\/2026\/05\/Casamiento-Cande-Ruggeri002-964x1024.jpeg.webp\" loading=\"lazy\" alt=\"\" class=\"wp-image-476494\" \/><\/figure>\n<div class=\"mt-box \">\n<h4 class=\"mt-heading\">Mir\u00e1 Tambi\u00e9n<\/h4>\n<p><a href=\"https:\/\/www.paparazzi.com.ar\/romances\/que-vivan-los-novios-asi-fue-la-emocionante-boda-de-cande-ruggeri-y-nicolas-maccari\/\"><\/p>\n<div class=\"mt-content\">\n<div class=\"mt-image-container\"><img decoding=\"async\" src=\"https:\/\/www.paparazzi.com.ar\/wp-content\/uploads\/2026\/03\/Cande-Ruggeri-boda-359x226.jpg\" alt=\"\u00a1Que vivan los novios! As\u00ed fue la emocionante boda de Cande Ruggeri y Nicol\u00e1s Maccari\" class=\"mt-image\" loading=\"lazy\" \/><\/div>\n<h5 class=\"mt-title\">\u00a1Que vivan los novios! As\u00ed fue la emocionante boda de Cande Ruggeri y Nicol\u00e1s Maccari<\/h5>\n<\/div>\n<p><\/a><\/div>\n<div class=\"mt-box \">\n<h4 class=\"mt-heading\">Mir\u00e1 Tambi\u00e9n<\/h4>\n<p><a href=\"https:\/\/www.paparazzi.com.ar\/romances\/cande-ruggeri-confirmo-la-noticia-mas-hermosa-y-dejo-sin-palabras-a-su-familia-estoy-esperando\/\"><\/p>\n<div class=\"mt-content\">\n<div class=\"mt-image-container\"><img decoding=\"async\" src=\"https:\/\/www.paparazzi.com.ar\/wp-content\/uploads\/2025\/11\/Cande-Ruggeri-359x226.jpg\" alt=\"Cande Ruggeri confirm\u00f3 la noticia m\u00e1s hermosa y dej\u00f3 sin palabras a su familia: &quot;Estoy esperando\u2026&quot;\" class=\"mt-image\" loading=\"lazy\" \/><\/div>\n<h5 class=\"mt-title\">Cande Ruggeri confirm\u00f3 la noticia m\u00e1s hermosa y dej\u00f3 sin palabras a su familia: \u00abEstoy esperando\u2026\u00bb<\/h5>\n<\/div>\n<p><\/a><\/div>\n<p>The post <a href=\"https:\/\/www.paparazzi.com.ar\/romances\/asi-se-caso-cande-ruggeri-con-nicolas-maccari-lujo-emocion-y-todas-las-fotos-de-la-fiesta\/\">As\u00ed se cas\u00f3 Cande Ruggeri con Nicol\u00e1s Maccari: lujo, emoci\u00f3n y todas las fotos de la fiesta<\/a> appeared first on <a href=\"https:\/\/www.paparazzi.com.ar\">Revista Paparazzi<\/a>.<\/p>\n","protected":false},"excerpt":{"rendered":"<p>El casamiento de Cande Ruggeri y Nicol\u00e1s Maccari se convirti\u00f3<\/p>\n","protected":false},"author":0,"featured_media":19755,"comment_status":"","ping_status":"","sticky":false,"template":"","format":"standard","meta":{"footnotes":""},"categories":[12],"tags":[],"class_list":["post-19754","post","type-post","status-publish","format-standard","has-post-thumbnail","hentry","category-espectaculo"],"yoast_head":"<!-- This site is optimized with the Yoast SEO plugin v27.5 - https:\/\/yoast.com\/product\/yoast-seo-wordpress\/ -->\n<title>As\u00ed se cas\u00f3 Cande Ruggeri con Nicol\u00e1s Maccari: lujo, emoci\u00f3n y todas las fotos de la fiesta - Cuarteto en la Web<\/title>\n<meta name=\"robots\" content=\"index, follow, max-snippet:-1, max-image-preview:large, max-video-preview:-1\" \/>\n<link rel=\"canonical\" href=\"https:\/\/cuartetoenlaweb.com.ar\/sitio\/asi-se-caso-cande-ruggeri-con-nicolas-maccari-lujo-emocion-y-todas-las-fotos-de-la-fiesta\/\" \/>\n<meta property=\"og:locale\" content=\"es_ES\" \/>\n<meta property=\"og:type\" content=\"article\" \/>\n<meta property=\"og:title\" content=\"As\u00ed se cas\u00f3 Cande Ruggeri con Nicol\u00e1s Maccari: lujo, emoci\u00f3n y todas las fotos de la fiesta - Cuarteto en la Web\" \/>\n<meta property=\"og:description\" content=\"El casamiento de Cande Ruggeri y Nicol\u00e1s Maccari se convirti\u00f3\" \/>\n<meta property=\"og:url\" content=\"https:\/\/cuartetoenlaweb.com.ar\/sitio\/asi-se-caso-cande-ruggeri-con-nicolas-maccari-lujo-emocion-y-todas-las-fotos-de-la-fiesta\/\" \/>\n<meta property=\"og:site_name\" content=\"Cuarteto en la Web\" \/>\n<meta property=\"article:published_time\" content=\"2026-05-03T09:00:34+00:00\" \/>\n<meta property=\"og:image\" content=\"https:\/\/www.paparazzi.com.ar\/wp-content\/uploads\/2026\/05\/Brian-Sarmiento-359x226.jpg\" \/>\n<meta name=\"twitter:card\" content=\"summary_large_image\" \/>\n<meta name=\"twitter:label1\" content=\"Tiempo de lectura\" \/>\n\t<meta name=\"twitter:data1\" content=\"3 minutos\" \/>\n<script type=\"application\/ld+json\" class=\"yoast-schema-graph\">{\"@context\":\"https:\\\/\\\/schema.org\",\"@graph\":[{\"@type\":\"Article\",\"@id\":\"https:\\\/\\\/cuartetoenlaweb.com.ar\\\/sitio\\\/asi-se-caso-cande-ruggeri-con-nicolas-maccari-lujo-emocion-y-todas-las-fotos-de-la-fiesta\\\/#article\",\"isPartOf\":{\"@id\":\"https:\\\/\\\/cuartetoenlaweb.com.ar\\\/sitio\\\/asi-se-caso-cande-ruggeri-con-nicolas-maccari-lujo-emocion-y-todas-las-fotos-de-la-fiesta\\\/\"},\"author\":{\"name\":\"\",\"@id\":\"\"},\"headline\":\"As\u00ed se cas\u00f3 Cande Ruggeri con Nicol\u00e1s Maccari: lujo, emoci\u00f3n y todas las fotos de la fiesta\",\"datePublished\":\"2026-05-03T09:00:34+00:00\",\"mainEntityOfPage\":{\"@id\":\"https:\\\/\\\/cuartetoenlaweb.com.ar\\\/sitio\\\/asi-se-caso-cande-ruggeri-con-nicolas-maccari-lujo-emocion-y-todas-las-fotos-de-la-fiesta\\\/\"},\"wordCount\":719,\"publisher\":{\"@id\":\"https:\\\/\\\/cuartetoenlaweb.com.ar\\\/sitio\\\/#organization\"},\"image\":{\"@id\":\"https:\\\/\\\/cuartetoenlaweb.com.ar\\\/sitio\\\/asi-se-caso-cande-ruggeri-con-nicolas-maccari-lujo-emocion-y-todas-las-fotos-de-la-fiesta\\\/#primaryimage\"},\"thumbnailUrl\":\"http:\\\/\\\/cuartetoenlaweb.com.ar\\\/sitio\\\/wp-content\\\/uploads\\\/2026\\\/05\\\/Brian-Sarmiento-359x226-3.jpg\",\"articleSection\":[\"ESPECT\u00c1CULO\"],\"inLanguage\":\"es\"},{\"@type\":\"WebPage\",\"@id\":\"https:\\\/\\\/cuartetoenlaweb.com.ar\\\/sitio\\\/asi-se-caso-cande-ruggeri-con-nicolas-maccari-lujo-emocion-y-todas-las-fotos-de-la-fiesta\\\/\",\"url\":\"https:\\\/\\\/cuartetoenlaweb.com.ar\\\/sitio\\\/asi-se-caso-cande-ruggeri-con-nicolas-maccari-lujo-emocion-y-todas-las-fotos-de-la-fiesta\\\/\",\"name\":\"As\u00ed se cas\u00f3 Cande Ruggeri con Nicol\u00e1s Maccari: lujo, emoci\u00f3n y todas las fotos de la fiesta - Cuarteto en la Web\",\"isPartOf\":{\"@id\":\"https:\\\/\\\/cuartetoenlaweb.com.ar\\\/sitio\\\/#website\"},\"primaryImageOfPage\":{\"@id\":\"https:\\\/\\\/cuartetoenlaweb.com.ar\\\/sitio\\\/asi-se-caso-cande-ruggeri-con-nicolas-maccari-lujo-emocion-y-todas-las-fotos-de-la-fiesta\\\/#primaryimage\"},\"image\":{\"@id\":\"https:\\\/\\\/cuartetoenlaweb.com.ar\\\/sitio\\\/asi-se-caso-cande-ruggeri-con-nicolas-maccari-lujo-emocion-y-todas-las-fotos-de-la-fiesta\\\/#primaryimage\"},\"thumbnailUrl\":\"http:\\\/\\\/cuartetoenlaweb.com.ar\\\/sitio\\\/wp-content\\\/uploads\\\/2026\\\/05\\\/Brian-Sarmiento-359x226-3.jpg\",\"datePublished\":\"2026-05-03T09:00:34+00:00\",\"breadcrumb\":{\"@id\":\"https:\\\/\\\/cuartetoenlaweb.com.ar\\\/sitio\\\/asi-se-caso-cande-ruggeri-con-nicolas-maccari-lujo-emocion-y-todas-las-fotos-de-la-fiesta\\\/#breadcrumb\"},\"inLanguage\":\"es\",\"potentialAction\":[{\"@type\":\"ReadAction\",\"target\":[\"https:\\\/\\\/cuartetoenlaweb.com.ar\\\/sitio\\\/asi-se-caso-cande-ruggeri-con-nicolas-maccari-lujo-emocion-y-todas-las-fotos-de-la-fiesta\\\/\"]}]},{\"@type\":\"ImageObject\",\"inLanguage\":\"es\",\"@id\":\"https:\\\/\\\/cuartetoenlaweb.com.ar\\\/sitio\\\/asi-se-caso-cande-ruggeri-con-nicolas-maccari-lujo-emocion-y-todas-las-fotos-de-la-fiesta\\\/#primaryimage\",\"url\":\"http:\\\/\\\/cuartetoenlaweb.com.ar\\\/sitio\\\/wp-content\\\/uploads\\\/2026\\\/05\\\/Brian-Sarmiento-359x226-3.jpg\",\"contentUrl\":\"http:\\\/\\\/cuartetoenlaweb.com.ar\\\/sitio\\\/wp-content\\\/uploads\\\/2026\\\/05\\\/Brian-Sarmiento-359x226-3.jpg\",\"width\":359,\"height\":226},{\"@type\":\"BreadcrumbList\",\"@id\":\"https:\\\/\\\/cuartetoenlaweb.com.ar\\\/sitio\\\/asi-se-caso-cande-ruggeri-con-nicolas-maccari-lujo-emocion-y-todas-las-fotos-de-la-fiesta\\\/#breadcrumb\",\"itemListElement\":[{\"@type\":\"ListItem\",\"position\":1,\"name\":\"Portada\",\"item\":\"https:\\\/\\\/cuartetoenlaweb.com.ar\\\/sitio\\\/\"},{\"@type\":\"ListItem\",\"position\":2,\"name\":\"As\u00ed se cas\u00f3 Cande Ruggeri con Nicol\u00e1s Maccari: lujo, emoci\u00f3n y todas las fotos de la fiesta\"}]},{\"@type\":\"WebSite\",\"@id\":\"https:\\\/\\\/cuartetoenlaweb.com.ar\\\/sitio\\\/#website\",\"url\":\"https:\\\/\\\/cuartetoenlaweb.com.ar\\\/sitio\\\/\",\"name\":\"Cuarteto en la Web\",\"description\":\"\",\"publisher\":{\"@id\":\"https:\\\/\\\/cuartetoenlaweb.com.ar\\\/sitio\\\/#organization\"},\"potentialAction\":[{\"@type\":\"SearchAction\",\"target\":{\"@type\":\"EntryPoint\",\"urlTemplate\":\"https:\\\/\\\/cuartetoenlaweb.com.ar\\\/sitio\\\/?s={search_term_string}\"},\"query-input\":{\"@type\":\"PropertyValueSpecification\",\"valueRequired\":true,\"valueName\":\"search_term_string\"}}],\"inLanguage\":\"es\"},{\"@type\":\"Organization\",\"@id\":\"https:\\\/\\\/cuartetoenlaweb.com.ar\\\/sitio\\\/#organization\",\"name\":\"Cuarteto en la Web\",\"url\":\"https:\\\/\\\/cuartetoenlaweb.com.ar\\\/sitio\\\/\",\"logo\":{\"@type\":\"ImageObject\",\"inLanguage\":\"es\",\"@id\":\"https:\\\/\\\/cuartetoenlaweb.com.ar\\\/sitio\\\/#\\\/schema\\\/logo\\\/image\\\/\",\"url\":\"http:\\\/\\\/cuartetoenlaweb.com.ar\\\/sitio\\\/wp-content\\\/uploads\\\/2025\\\/07\\\/cropped-cropped-logitoweb21.png\",\"contentUrl\":\"http:\\\/\\\/cuartetoenlaweb.com.ar\\\/sitio\\\/wp-content\\\/uploads\\\/2025\\\/07\\\/cropped-cropped-logitoweb21.png\",\"width\":199,\"height\":199,\"caption\":\"Cuarteto en la Web\"},\"image\":{\"@id\":\"https:\\\/\\\/cuartetoenlaweb.com.ar\\\/sitio\\\/#\\\/schema\\\/logo\\\/image\\\/\"}}]}<\/script>\n<!-- \/ Yoast SEO plugin. -->","yoast_head_json":{"title":"As\u00ed se cas\u00f3 Cande Ruggeri con Nicol\u00e1s Maccari: lujo, emoci\u00f3n y todas las fotos de la fiesta - Cuarteto en la Web","robots":{"index":"index","follow":"follow","max-snippet":"max-snippet:-1","max-image-preview":"max-image-preview:large","max-video-preview":"max-video-preview:-1"},"canonical":"https:\/\/cuartetoenlaweb.com.ar\/sitio\/asi-se-caso-cande-ruggeri-con-nicolas-maccari-lujo-emocion-y-todas-las-fotos-de-la-fiesta\/","og_locale":"es_ES","og_type":"article","og_title":"As\u00ed se cas\u00f3 Cande Ruggeri con Nicol\u00e1s Maccari: lujo, emoci\u00f3n y todas las fotos de la fiesta - Cuarteto en la Web","og_description":"El casamiento de Cande Ruggeri y Nicol\u00e1s Maccari se convirti\u00f3","og_url":"https:\/\/cuartetoenlaweb.com.ar\/sitio\/asi-se-caso-cande-ruggeri-con-nicolas-maccari-lujo-emocion-y-todas-las-fotos-de-la-fiesta\/","og_site_name":"Cuarteto en la Web","article_published_time":"2026-05-03T09:00:34+00:00","og_image":[{"url":"https:\/\/www.paparazzi.com.ar\/wp-content\/uploads\/2026\/05\/Brian-Sarmiento-359x226.jpg","type":"","width":"","height":""}],"twitter_card":"summary_large_image","twitter_misc":{"Tiempo de lectura":"3 minutos"},"schema":{"@context":"https:\/\/schema.org","@graph":[{"@type":"Article","@id":"https:\/\/cuartetoenlaweb.com.ar\/sitio\/asi-se-caso-cande-ruggeri-con-nicolas-maccari-lujo-emocion-y-todas-las-fotos-de-la-fiesta\/#article","isPartOf":{"@id":"https:\/\/cuartetoenlaweb.com.ar\/sitio\/asi-se-caso-cande-ruggeri-con-nicolas-maccari-lujo-emocion-y-todas-las-fotos-de-la-fiesta\/"},"author":{"name":"","@id":""},"headline":"As\u00ed se cas\u00f3 Cande Ruggeri con Nicol\u00e1s Maccari: lujo, emoci\u00f3n y todas las fotos de la fiesta","datePublished":"2026-05-03T09:00:34+00:00","mainEntityOfPage":{"@id":"https:\/\/cuartetoenlaweb.com.ar\/sitio\/asi-se-caso-cande-ruggeri-con-nicolas-maccari-lujo-emocion-y-todas-las-fotos-de-la-fiesta\/"},"wordCount":719,"publisher":{"@id":"https:\/\/cuartetoenlaweb.com.ar\/sitio\/#organization"},"image":{"@id":"https:\/\/cuartetoenlaweb.com.ar\/sitio\/asi-se-caso-cande-ruggeri-con-nicolas-maccari-lujo-emocion-y-todas-las-fotos-de-la-fiesta\/#primaryimage"},"thumbnailUrl":"http:\/\/cuartetoenlaweb.com.ar\/sitio\/wp-content\/uploads\/2026\/05\/Brian-Sarmiento-359x226-3.jpg","articleSection":["ESPECT\u00c1CULO"],"inLanguage":"es"},{"@type":"WebPage","@id":"https:\/\/cuartetoenlaweb.com.ar\/sitio\/asi-se-caso-cande-ruggeri-con-nicolas-maccari-lujo-emocion-y-todas-las-fotos-de-la-fiesta\/","url":"https:\/\/cuartetoenlaweb.com.ar\/sitio\/asi-se-caso-cande-ruggeri-con-nicolas-maccari-lujo-emocion-y-todas-las-fotos-de-la-fiesta\/","name":"As\u00ed se cas\u00f3 Cande Ruggeri con Nicol\u00e1s Maccari: lujo, emoci\u00f3n y todas las fotos de la fiesta - Cuarteto en la Web","isPartOf":{"@id":"https:\/\/cuartetoenlaweb.com.ar\/sitio\/#website"},"primaryImageOfPage":{"@id":"https:\/\/cuartetoenlaweb.com.ar\/sitio\/asi-se-caso-cande-ruggeri-con-nicolas-maccari-lujo-emocion-y-todas-las-fotos-de-la-fiesta\/#primaryimage"},"image":{"@id":"https:\/\/cuartetoenlaweb.com.ar\/sitio\/asi-se-caso-cande-ruggeri-con-nicolas-maccari-lujo-emocion-y-todas-las-fotos-de-la-fiesta\/#primaryimage"},"thumbnailUrl":"http:\/\/cuartetoenlaweb.com.ar\/sitio\/wp-content\/uploads\/2026\/05\/Brian-Sarmiento-359x226-3.jpg","datePublished":"2026-05-03T09:00:34+00:00","breadcrumb":{"@id":"https:\/\/cuartetoenlaweb.com.ar\/sitio\/asi-se-caso-cande-ruggeri-con-nicolas-maccari-lujo-emocion-y-todas-las-fotos-de-la-fiesta\/#breadcrumb"},"inLanguage":"es","potentialAction":[{"@type":"ReadAction","target":["https:\/\/cuartetoenlaweb.com.ar\/sitio\/asi-se-caso-cande-ruggeri-con-nicolas-maccari-lujo-emocion-y-todas-las-fotos-de-la-fiesta\/"]}]},{"@type":"ImageObject","inLanguage":"es","@id":"https:\/\/cuartetoenlaweb.com.ar\/sitio\/asi-se-caso-cande-ruggeri-con-nicolas-maccari-lujo-emocion-y-todas-las-fotos-de-la-fiesta\/#primaryimage","url":"http:\/\/cuartetoenlaweb.com.ar\/sitio\/wp-content\/uploads\/2026\/05\/Brian-Sarmiento-359x226-3.jpg","contentUrl":"http:\/\/cuartetoenlaweb.com.ar\/sitio\/wp-content\/uploads\/2026\/05\/Brian-Sarmiento-359x226-3.jpg","width":359,"height":226},{"@type":"BreadcrumbList","@id":"https:\/\/cuartetoenlaweb.com.ar\/sitio\/asi-se-caso-cande-ruggeri-con-nicolas-maccari-lujo-emocion-y-todas-las-fotos-de-la-fiesta\/#breadcrumb","itemListElement":[{"@type":"ListItem","position":1,"name":"Portada","item":"https:\/\/cuartetoenlaweb.com.ar\/sitio\/"},{"@type":"ListItem","position":2,"name":"As\u00ed se cas\u00f3 Cande Ruggeri con Nicol\u00e1s Maccari: lujo, emoci\u00f3n y todas las fotos de la fiesta"}]},{"@type":"WebSite","@id":"https:\/\/cuartetoenlaweb.com.ar\/sitio\/#website","url":"https:\/\/cuartetoenlaweb.com.ar\/sitio\/","name":"Cuarteto en la Web","description":"","publisher":{"@id":"https:\/\/cuartetoenlaweb.com.ar\/sitio\/#organization"},"potentialAction":[{"@type":"SearchAction","target":{"@type":"EntryPoint","urlTemplate":"https:\/\/cuartetoenlaweb.com.ar\/sitio\/?s={search_term_string}"},"query-input":{"@type":"PropertyValueSpecification","valueRequired":true,"valueName":"search_term_string"}}],"inLanguage":"es"},{"@type":"Organization","@id":"https:\/\/cuartetoenlaweb.com.ar\/sitio\/#organization","name":"Cuarteto en la Web","url":"https:\/\/cuartetoenlaweb.com.ar\/sitio\/","logo":{"@type":"ImageObject","inLanguage":"es","@id":"https:\/\/cuartetoenlaweb.com.ar\/sitio\/#\/schema\/logo\/image\/","url":"http:\/\/cuartetoenlaweb.com.ar\/sitio\/wp-content\/uploads\/2025\/07\/cropped-cropped-logitoweb21.png","contentUrl":"http:\/\/cuartetoenlaweb.com.ar\/sitio\/wp-content\/uploads\/2025\/07\/cropped-cropped-logitoweb21.png","width":199,"height":199,"caption":"Cuarteto en la Web"},"image":{"@id":"https:\/\/cuartetoenlaweb.com.ar\/sitio\/#\/schema\/logo\/image\/"}}]}},"_links":{"self":[{"href":"http:\/\/cuartetoenlaweb.com.ar\/sitio\/wp-json\/wp\/v2\/posts\/19754","targetHints":{"allow":["GET"]}}],"collection":[{"href":"http:\/\/cuartetoenlaweb.com.ar\/sitio\/wp-json\/wp\/v2\/posts"}],"about":[{"href":"http:\/\/cuartetoenlaweb.com.ar\/sitio\/wp-json\/wp\/v2\/types\/post"}],"replies":[{"embeddable":true,"href":"http:\/\/cuartetoenlaweb.com.ar\/sitio\/wp-json\/wp\/v2\/comments?post=19754"}],"version-history":[{"count":0,"href":"http:\/\/cuartetoenlaweb.com.ar\/sitio\/wp-json\/wp\/v2\/posts\/19754\/revisions"}],"wp:featuredmedia":[{"embeddable":true,"href":"http:\/\/cuartetoenlaweb.com.ar\/sitio\/wp-json\/wp\/v2\/media\/19755"}],"wp:attachment":[{"href":"http:\/\/cuartetoenlaweb.com.ar\/sitio\/wp-json\/wp\/v2\/media?parent=19754"}],"wp:term":[{"taxonomy":"category","embeddable":true,"href":"http:\/\/cuartetoenlaweb.com.ar\/sitio\/wp-json\/wp\/v2\/categories?post=19754"},{"taxonomy":"post_tag","embeddable":true,"href":"http:\/\/cuartetoenlaweb.com.ar\/sitio\/wp-json\/wp\/v2\/tags?post=19754"}],"curies":[{"name":"wp","href":"https:\/\/api.w.org\/{rel}","templated":true}]}}