
{"id":19752,"date":"2026-05-03T06:00:33","date_gmt":"2026-05-03T09:00:33","guid":{"rendered":"https:\/\/cuartetoenlaweb.com.ar\/sitio\/el-oscuro-secreto-por-el-cual-nicole-neumann-niega-su-separacion-de-manu-urcera-hay-un-tema-con\/"},"modified":"2026-05-03T06:00:33","modified_gmt":"2026-05-03T09:00:33","slug":"el-oscuro-secreto-por-el-cual-nicole-neumann-niega-su-separacion-de-manu-urcera-hay-un-tema-con","status":"publish","type":"post","link":"http:\/\/cuartetoenlaweb.com.ar\/sitio\/el-oscuro-secreto-por-el-cual-nicole-neumann-niega-su-separacion-de-manu-urcera-hay-un-tema-con\/","title":{"rendered":"El oscuro secreto por el cual Nicole Neumann niega su separaci\u00f3n de Manu Urcera: \u201cHay un tema con\u2026\u201d"},"content":{"rendered":"<p>Aunque se encarg\u00f3 de desmentir todo hace un par de d\u00edas con una foto juntos, Nicole Neumann sigue sumergida en rumores de separaci\u00f3n de Manu Urcera, su esposo. Un matrimonio que hasta hace poco se mostraba alineado, pero que en las \u00faltimas semanas qued\u00f3 envuelto en la pol\u00e9mica. \u00bfQu\u00e9 pasa realmente dentro de la pareja? \u00bfHay crisis y ruptura?<\/p>\n<p>Todo comenz\u00f3 con fuertes rumores de los \u00faltimos d\u00edas. Versiones de crisis, de distancia, de cambios en la din\u00e1mica cotidiana de la pareja de <strong><a href=\"https:\/\/www.paparazzi.com.ar\/romances\/la-bomba-que-exploto-en-el-matrimonio-de-nicole-neumann-y-manu-urcera-separacion-y\/\">Nicole<\/a><\/strong> y el piloto. Nada concreto, pero s\u00ed lo suficiente como para que todos pusieran el foco en la relaci\u00f3n. Y aunque la modelo se burl\u00f3 de estos rumores, <strong>Juan Etchegoyen<\/strong> se encarg\u00f3 de dar una informaci\u00f3n bomba alrededor de la ruptura.<\/p>\n<p>Como sabe que <strong><a href=\"https:\/\/www.paparazzi.com.ar\/teve\/el-fuerte-apoyo-de-allegra-a-mica-viciconte-en-medio-de-su-escandalo-con-nicole-neumann\/\">Nicole<\/a><\/strong> puede salir a desmentir todo una vez m\u00e1s y desactivar el esc\u00e1ndalo, el periodista eligi\u00f3 un tono sugestivo para hablar de la separaci\u00f3n. \u201cS\u00e9 que el conductor de Intrusos, Rodrigo Lussich, ha contado tambi\u00e9n su informaci\u00f3n de una separaci\u00f3n que concuerda con mi informaci\u00f3n. Ac\u00e1 pasa algo extra\u00f1o que ellos no se animan todav\u00eda a contar\u201d, cont\u00f3.<\/p>\n<div class=\"mt-box \">\n<h4 class=\"mt-heading\">Mir\u00e1 Tambi\u00e9n<\/h4>\n<p><a href=\"https:\/\/www.paparazzi.com.ar\/romances\/la-bomba-de-mauro-icardi-que-revoluciona-su-vida-con-la-china-suarez-y-sus-hijos-ella-dijo-que\/\"><\/p>\n<div class=\"mt-content\">\n<div class=\"mt-image-container\"><img decoding=\"async\" src=\"https:\/\/www.paparazzi.com.ar\/wp-content\/uploads\/2026\/05\/Mauro-Icardi-China-Suarez-hijos-359x226.jpg\" alt=\"La bomba de Mauro Icardi que revoluciona su vida con la China Su\u00e1rez y sus hijos: \u201cElla dijo que\u2026\u201d\" class=\"mt-image\" loading=\"lazy\" \/><\/div>\n<h5 class=\"mt-title\">La bomba de Mauro Icardi que revoluciona su vida con la China Su\u00e1rez y sus hijos: \u201cElla dijo que\u2026\u201d<\/h5>\n<\/div>\n<p><\/a><\/div>\n<p>Esa idea de \u201calgo no dicho\u201d es la que empez\u00f3 a generar m\u00e1s preguntas que respuestas, porque hizo foco a un trasfondo oculto en esta separaci\u00f3n de <strong><a href=\"https:\/\/www.paparazzi.com.ar\/teve\/el-fuerte-video-de-allegra-llorando-en-medio-de-su-fiesta-de-15-anos-por-fabian-cubero\/\">Neumann<\/a><\/strong>. Porque no se tratar\u00eda de una ruptura com\u00fan, sino de una situaci\u00f3n particular que el matrimonio estar\u00eda manejando con cuidado. Pero lo cierto es que, al menos por ahora, no hay nada confirmado.<\/p>\n<h2 class=\"wp-block-heading\">LA FUERTE ACTITUD DE NICOLE NEUMANN CON MANU URCERA EN MEDIO DE SU SEPARACI\u00d3N<\/h2>\n<p>Sin embargo, hubo un dato puntual que sorprendi\u00f3 y que sum\u00f3 ruido a la escena. Etchegoyen revel\u00f3 un comentario que le habr\u00eda llegado desde el entorno del automovilismo, el \u00e1mbito donde se mueve <strong>Urcera<\/strong>. Es que, seg\u00fan cont\u00f3, en las pistas comenz\u00f3 a llamar poderosamente la atenci\u00f3n de <strong>Nicole<\/strong> dentro de las carreras del piloto.<\/p>\n<p>\u201cLlama la atenci\u00f3n porque tiene que ver con una cotidianeidad que la pareja, que ha perdido en estos meses que pasaron. Lo que me cont\u00f3 Carlos Monti es que desde el mundo del TC, de donde es Urcera, le dijeron que hace meses que Nicole dej\u00f3 de ir a las carreras cuando iba siempre. Es por lo menos extra\u00f1o este dato\u201d, explic\u00f3 el periodista. \u00bfPor qu\u00e9 <strong>Nicole<\/strong> se borr\u00f3 de las pistas?<\/p>\n<div class=\"mt-box \">\n<h4 class=\"mt-heading\">Mir\u00e1 Tambi\u00e9n<\/h4>\n<p><a href=\"https:\/\/www.paparazzi.com.ar\/romances\/la-bomba-que-exploto-en-el-matrimonio-de-nicole-neumann-y-manu-urcera-separacion-y\/\"><\/p>\n<div class=\"mt-content\">\n<div class=\"mt-image-container\"><img decoding=\"async\" src=\"https:\/\/www.paparazzi.com.ar\/wp-content\/uploads\/2026\/05\/La-bomba-que-exploto-en-el-matrimonio-de-Nicole-Neumann-y-Manu-Urcera-22Separacion-y.22-359x226.jpg\" alt=\"La bomba que explot\u00f3 en el matrimonio de  Nicole Neumann y Manu Urcera: &quot;Separaci\u00f3n y...&quot;\" class=\"mt-image\" loading=\"lazy\" \/><\/div>\n<h5 class=\"mt-title\">La bomba que explot\u00f3 en el matrimonio de  Nicole Neumann y Manu Urcera: \u00abSeparaci\u00f3n y&#8230;\u00bb<\/h5>\n<\/div>\n<p><\/a><\/div>\n<p>Ese cambio de din\u00e1mica de la pareja, que en otros casos puede parecer algo menor, termin\u00f3 convirti\u00e9ndose en algo significativo en el presente de <strong>Neumann<\/strong>. Porque no se trata solo de una ausencia, sino de una costumbre que era algo habitual en el matrimonio. En medio de tanto ruido, el ambiente en el que se mueve <strong>Urcera<\/strong> empez\u00f3 a notar cambios.<\/p>\n<p>Por \u00faltimo, el periodista solt\u00f3 otra bomba: habr\u00eda una fuerte raz\u00f3n por la cual <strong>Nicole<\/strong> no confirma su separaci\u00f3n. \u201cQuiz\u00e1s tiene que ver con algo que tendr\u00e1 explicaci\u00f3n. Pero dejar de hacer algo que lo hac\u00eda siempre llama la atenci\u00f3n. A m\u00ed tambi\u00e9n me dicen que ellos no comunican separaci\u00f3n y la desmienten porque hay un tema legal en el medio que pronto se los contar\u00e9\u201d, sentenci\u00f3.<\/p>\n<div class=\"mt-box \">\n<h4 class=\"mt-heading\">Mir\u00e1 Tambi\u00e9n<\/h4>\n<p><a href=\"https:\/\/www.paparazzi.com.ar\/teve\/el-fuerte-apoyo-de-allegra-a-mica-viciconte-en-medio-de-su-escandalo-con-nicole-neumann\/\"><\/p>\n<div class=\"mt-content\">\n<div class=\"mt-image-container\"><img decoding=\"async\" src=\"https:\/\/www.paparazzi.com.ar\/wp-content\/uploads\/2026\/04\/Allegra-Cubero-Mica-Viciconte-Nicole-Neumann-359x226.jpg\" alt=\"El impactante apoyo de Allegra a Mica Viciconte en medio de su esc\u00e1ndalo con Nicole Neumann\" class=\"mt-image\" loading=\"lazy\" \/><\/div>\n<h5 class=\"mt-title\">El impactante apoyo de Allegra a Mica Viciconte en medio de su esc\u00e1ndalo con Nicole Neumann<\/h5>\n<\/div>\n<p><\/a><\/div>\n<div class=\"mt-box \">\n<h4 class=\"mt-heading\">Mir\u00e1 Tambi\u00e9n<\/h4>\n<p><a href=\"https:\/\/www.paparazzi.com.ar\/teve\/el-fuerte-video-de-allegra-llorando-en-medio-de-su-fiesta-de-15-anos-por-fabian-cubero\/\"><\/p>\n<div class=\"mt-content\">\n<div class=\"mt-image-container\"><img decoding=\"async\" src=\"https:\/\/www.paparazzi.com.ar\/wp-content\/uploads\/2026\/04\/Allegra-Cubero-Fabian-Cubero-1-359x226.jpg\" alt=\"El fuerte video de Allegra llorando en medio de su fiesta de 15 a\u00f1os por Fabi\u00e1n Cubero\" class=\"mt-image\" loading=\"lazy\" \/><\/div>\n<h5 class=\"mt-title\">El fuerte video de Allegra llorando en medio de su fiesta de 15 a\u00f1os por Fabi\u00e1n Cubero<\/h5>\n<\/div>\n<p><\/a><\/div>\n<p>The post <a href=\"https:\/\/www.paparazzi.com.ar\/romances\/el-oscuro-secreto-por-el-cual-nicole-neumann-niega-su-separacion-de-manu-urcera-hay-un-tema-con\/\">El oscuro secreto por el cual Nicole Neumann niega su separaci\u00f3n de Manu Urcera: \u201cHay un tema con\u2026\u201d<\/a> appeared first on <a href=\"https:\/\/www.paparazzi.com.ar\">Revista Paparazzi<\/a>.<\/p>\n","protected":false},"excerpt":{"rendered":"<p>Aunque se encarg\u00f3 de desmentir todo hace un par de<\/p>\n","protected":false},"author":0,"featured_media":19753,"comment_status":"","ping_status":"","sticky":false,"template":"","format":"standard","meta":{"footnotes":""},"categories":[12],"tags":[],"class_list":["post-19752","post","type-post","status-publish","format-standard","has-post-thumbnail","hentry","category-espectaculo"],"yoast_head":"<!-- This site is optimized with the Yoast SEO plugin v27.5 - https:\/\/yoast.com\/product\/yoast-seo-wordpress\/ -->\n<title>El oscuro secreto por el cual Nicole Neumann niega su separaci\u00f3n de Manu Urcera: \u201cHay un tema con\u2026\u201d - Cuarteto en la Web<\/title>\n<meta name=\"robots\" content=\"index, follow, max-snippet:-1, max-image-preview:large, max-video-preview:-1\" \/>\n<link rel=\"canonical\" href=\"https:\/\/cuartetoenlaweb.com.ar\/sitio\/el-oscuro-secreto-por-el-cual-nicole-neumann-niega-su-separacion-de-manu-urcera-hay-un-tema-con\/\" \/>\n<meta property=\"og:locale\" content=\"es_ES\" \/>\n<meta property=\"og:type\" content=\"article\" \/>\n<meta property=\"og:title\" content=\"El oscuro secreto por el cual Nicole Neumann niega su separaci\u00f3n de Manu Urcera: \u201cHay un tema con\u2026\u201d - Cuarteto en la Web\" \/>\n<meta property=\"og:description\" content=\"Aunque se encarg\u00f3 de desmentir todo hace un par de\" \/>\n<meta property=\"og:url\" content=\"https:\/\/cuartetoenlaweb.com.ar\/sitio\/el-oscuro-secreto-por-el-cual-nicole-neumann-niega-su-separacion-de-manu-urcera-hay-un-tema-con\/\" \/>\n<meta property=\"og:site_name\" content=\"Cuarteto en la Web\" \/>\n<meta property=\"article:published_time\" content=\"2026-05-03T09:00:33+00:00\" \/>\n<meta property=\"og:image\" content=\"https:\/\/www.paparazzi.com.ar\/wp-content\/uploads\/2026\/05\/Mauro-Icardi-China-Suarez-hijos-359x226.jpg\" \/>\n<meta name=\"twitter:card\" content=\"summary_large_image\" \/>\n<meta name=\"twitter:label1\" content=\"Tiempo de lectura\" \/>\n\t<meta name=\"twitter:data1\" content=\"3 minutos\" \/>\n<script type=\"application\/ld+json\" class=\"yoast-schema-graph\">{\"@context\":\"https:\\\/\\\/schema.org\",\"@graph\":[{\"@type\":\"Article\",\"@id\":\"https:\\\/\\\/cuartetoenlaweb.com.ar\\\/sitio\\\/el-oscuro-secreto-por-el-cual-nicole-neumann-niega-su-separacion-de-manu-urcera-hay-un-tema-con\\\/#article\",\"isPartOf\":{\"@id\":\"https:\\\/\\\/cuartetoenlaweb.com.ar\\\/sitio\\\/el-oscuro-secreto-por-el-cual-nicole-neumann-niega-su-separacion-de-manu-urcera-hay-un-tema-con\\\/\"},\"author\":{\"name\":\"\",\"@id\":\"\"},\"headline\":\"El oscuro secreto por el cual Nicole Neumann niega su separaci\u00f3n de Manu Urcera: \u201cHay un tema con\u2026\u201d\",\"datePublished\":\"2026-05-03T09:00:33+00:00\",\"mainEntityOfPage\":{\"@id\":\"https:\\\/\\\/cuartetoenlaweb.com.ar\\\/sitio\\\/el-oscuro-secreto-por-el-cual-nicole-neumann-niega-su-separacion-de-manu-urcera-hay-un-tema-con\\\/\"},\"wordCount\":683,\"publisher\":{\"@id\":\"https:\\\/\\\/cuartetoenlaweb.com.ar\\\/sitio\\\/#organization\"},\"image\":{\"@id\":\"https:\\\/\\\/cuartetoenlaweb.com.ar\\\/sitio\\\/el-oscuro-secreto-por-el-cual-nicole-neumann-niega-su-separacion-de-manu-urcera-hay-un-tema-con\\\/#primaryimage\"},\"thumbnailUrl\":\"http:\\\/\\\/cuartetoenlaweb.com.ar\\\/sitio\\\/wp-content\\\/uploads\\\/2026\\\/05\\\/Mauro-Icardi-China-Suarez-hijos-359x226-2.jpg\",\"articleSection\":[\"ESPECT\u00c1CULO\"],\"inLanguage\":\"es\"},{\"@type\":\"WebPage\",\"@id\":\"https:\\\/\\\/cuartetoenlaweb.com.ar\\\/sitio\\\/el-oscuro-secreto-por-el-cual-nicole-neumann-niega-su-separacion-de-manu-urcera-hay-un-tema-con\\\/\",\"url\":\"https:\\\/\\\/cuartetoenlaweb.com.ar\\\/sitio\\\/el-oscuro-secreto-por-el-cual-nicole-neumann-niega-su-separacion-de-manu-urcera-hay-un-tema-con\\\/\",\"name\":\"El oscuro secreto por el cual Nicole Neumann niega su separaci\u00f3n de Manu Urcera: \u201cHay un tema con\u2026\u201d - Cuarteto en la Web\",\"isPartOf\":{\"@id\":\"https:\\\/\\\/cuartetoenlaweb.com.ar\\\/sitio\\\/#website\"},\"primaryImageOfPage\":{\"@id\":\"https:\\\/\\\/cuartetoenlaweb.com.ar\\\/sitio\\\/el-oscuro-secreto-por-el-cual-nicole-neumann-niega-su-separacion-de-manu-urcera-hay-un-tema-con\\\/#primaryimage\"},\"image\":{\"@id\":\"https:\\\/\\\/cuartetoenlaweb.com.ar\\\/sitio\\\/el-oscuro-secreto-por-el-cual-nicole-neumann-niega-su-separacion-de-manu-urcera-hay-un-tema-con\\\/#primaryimage\"},\"thumbnailUrl\":\"http:\\\/\\\/cuartetoenlaweb.com.ar\\\/sitio\\\/wp-content\\\/uploads\\\/2026\\\/05\\\/Mauro-Icardi-China-Suarez-hijos-359x226-2.jpg\",\"datePublished\":\"2026-05-03T09:00:33+00:00\",\"breadcrumb\":{\"@id\":\"https:\\\/\\\/cuartetoenlaweb.com.ar\\\/sitio\\\/el-oscuro-secreto-por-el-cual-nicole-neumann-niega-su-separacion-de-manu-urcera-hay-un-tema-con\\\/#breadcrumb\"},\"inLanguage\":\"es\",\"potentialAction\":[{\"@type\":\"ReadAction\",\"target\":[\"https:\\\/\\\/cuartetoenlaweb.com.ar\\\/sitio\\\/el-oscuro-secreto-por-el-cual-nicole-neumann-niega-su-separacion-de-manu-urcera-hay-un-tema-con\\\/\"]}]},{\"@type\":\"ImageObject\",\"inLanguage\":\"es\",\"@id\":\"https:\\\/\\\/cuartetoenlaweb.com.ar\\\/sitio\\\/el-oscuro-secreto-por-el-cual-nicole-neumann-niega-su-separacion-de-manu-urcera-hay-un-tema-con\\\/#primaryimage\",\"url\":\"http:\\\/\\\/cuartetoenlaweb.com.ar\\\/sitio\\\/wp-content\\\/uploads\\\/2026\\\/05\\\/Mauro-Icardi-China-Suarez-hijos-359x226-2.jpg\",\"contentUrl\":\"http:\\\/\\\/cuartetoenlaweb.com.ar\\\/sitio\\\/wp-content\\\/uploads\\\/2026\\\/05\\\/Mauro-Icardi-China-Suarez-hijos-359x226-2.jpg\",\"width\":359,\"height\":226},{\"@type\":\"BreadcrumbList\",\"@id\":\"https:\\\/\\\/cuartetoenlaweb.com.ar\\\/sitio\\\/el-oscuro-secreto-por-el-cual-nicole-neumann-niega-su-separacion-de-manu-urcera-hay-un-tema-con\\\/#breadcrumb\",\"itemListElement\":[{\"@type\":\"ListItem\",\"position\":1,\"name\":\"Portada\",\"item\":\"https:\\\/\\\/cuartetoenlaweb.com.ar\\\/sitio\\\/\"},{\"@type\":\"ListItem\",\"position\":2,\"name\":\"El oscuro secreto por el cual Nicole Neumann niega su separaci\u00f3n de Manu Urcera: \u201cHay un tema con\u2026\u201d\"}]},{\"@type\":\"WebSite\",\"@id\":\"https:\\\/\\\/cuartetoenlaweb.com.ar\\\/sitio\\\/#website\",\"url\":\"https:\\\/\\\/cuartetoenlaweb.com.ar\\\/sitio\\\/\",\"name\":\"Cuarteto en la Web\",\"description\":\"\",\"publisher\":{\"@id\":\"https:\\\/\\\/cuartetoenlaweb.com.ar\\\/sitio\\\/#organization\"},\"potentialAction\":[{\"@type\":\"SearchAction\",\"target\":{\"@type\":\"EntryPoint\",\"urlTemplate\":\"https:\\\/\\\/cuartetoenlaweb.com.ar\\\/sitio\\\/?s={search_term_string}\"},\"query-input\":{\"@type\":\"PropertyValueSpecification\",\"valueRequired\":true,\"valueName\":\"search_term_string\"}}],\"inLanguage\":\"es\"},{\"@type\":\"Organization\",\"@id\":\"https:\\\/\\\/cuartetoenlaweb.com.ar\\\/sitio\\\/#organization\",\"name\":\"Cuarteto en la Web\",\"url\":\"https:\\\/\\\/cuartetoenlaweb.com.ar\\\/sitio\\\/\",\"logo\":{\"@type\":\"ImageObject\",\"inLanguage\":\"es\",\"@id\":\"https:\\\/\\\/cuartetoenlaweb.com.ar\\\/sitio\\\/#\\\/schema\\\/logo\\\/image\\\/\",\"url\":\"http:\\\/\\\/cuartetoenlaweb.com.ar\\\/sitio\\\/wp-content\\\/uploads\\\/2025\\\/07\\\/cropped-cropped-logitoweb21.png\",\"contentUrl\":\"http:\\\/\\\/cuartetoenlaweb.com.ar\\\/sitio\\\/wp-content\\\/uploads\\\/2025\\\/07\\\/cropped-cropped-logitoweb21.png\",\"width\":199,\"height\":199,\"caption\":\"Cuarteto en la Web\"},\"image\":{\"@id\":\"https:\\\/\\\/cuartetoenlaweb.com.ar\\\/sitio\\\/#\\\/schema\\\/logo\\\/image\\\/\"}}]}<\/script>\n<!-- \/ Yoast SEO plugin. -->","yoast_head_json":{"title":"El oscuro secreto por el cual Nicole Neumann niega su separaci\u00f3n de Manu Urcera: \u201cHay un tema con\u2026\u201d - Cuarteto en la Web","robots":{"index":"index","follow":"follow","max-snippet":"max-snippet:-1","max-image-preview":"max-image-preview:large","max-video-preview":"max-video-preview:-1"},"canonical":"https:\/\/cuartetoenlaweb.com.ar\/sitio\/el-oscuro-secreto-por-el-cual-nicole-neumann-niega-su-separacion-de-manu-urcera-hay-un-tema-con\/","og_locale":"es_ES","og_type":"article","og_title":"El oscuro secreto por el cual Nicole Neumann niega su separaci\u00f3n de Manu Urcera: \u201cHay un tema con\u2026\u201d - Cuarteto en la Web","og_description":"Aunque se encarg\u00f3 de desmentir todo hace un par de","og_url":"https:\/\/cuartetoenlaweb.com.ar\/sitio\/el-oscuro-secreto-por-el-cual-nicole-neumann-niega-su-separacion-de-manu-urcera-hay-un-tema-con\/","og_site_name":"Cuarteto en la Web","article_published_time":"2026-05-03T09:00:33+00:00","og_image":[{"url":"https:\/\/www.paparazzi.com.ar\/wp-content\/uploads\/2026\/05\/Mauro-Icardi-China-Suarez-hijos-359x226.jpg","type":"","width":"","height":""}],"twitter_card":"summary_large_image","twitter_misc":{"Tiempo de lectura":"3 minutos"},"schema":{"@context":"https:\/\/schema.org","@graph":[{"@type":"Article","@id":"https:\/\/cuartetoenlaweb.com.ar\/sitio\/el-oscuro-secreto-por-el-cual-nicole-neumann-niega-su-separacion-de-manu-urcera-hay-un-tema-con\/#article","isPartOf":{"@id":"https:\/\/cuartetoenlaweb.com.ar\/sitio\/el-oscuro-secreto-por-el-cual-nicole-neumann-niega-su-separacion-de-manu-urcera-hay-un-tema-con\/"},"author":{"name":"","@id":""},"headline":"El oscuro secreto por el cual Nicole Neumann niega su separaci\u00f3n de Manu Urcera: \u201cHay un tema con\u2026\u201d","datePublished":"2026-05-03T09:00:33+00:00","mainEntityOfPage":{"@id":"https:\/\/cuartetoenlaweb.com.ar\/sitio\/el-oscuro-secreto-por-el-cual-nicole-neumann-niega-su-separacion-de-manu-urcera-hay-un-tema-con\/"},"wordCount":683,"publisher":{"@id":"https:\/\/cuartetoenlaweb.com.ar\/sitio\/#organization"},"image":{"@id":"https:\/\/cuartetoenlaweb.com.ar\/sitio\/el-oscuro-secreto-por-el-cual-nicole-neumann-niega-su-separacion-de-manu-urcera-hay-un-tema-con\/#primaryimage"},"thumbnailUrl":"http:\/\/cuartetoenlaweb.com.ar\/sitio\/wp-content\/uploads\/2026\/05\/Mauro-Icardi-China-Suarez-hijos-359x226-2.jpg","articleSection":["ESPECT\u00c1CULO"],"inLanguage":"es"},{"@type":"WebPage","@id":"https:\/\/cuartetoenlaweb.com.ar\/sitio\/el-oscuro-secreto-por-el-cual-nicole-neumann-niega-su-separacion-de-manu-urcera-hay-un-tema-con\/","url":"https:\/\/cuartetoenlaweb.com.ar\/sitio\/el-oscuro-secreto-por-el-cual-nicole-neumann-niega-su-separacion-de-manu-urcera-hay-un-tema-con\/","name":"El oscuro secreto por el cual Nicole Neumann niega su separaci\u00f3n de Manu Urcera: \u201cHay un tema con\u2026\u201d - Cuarteto en la Web","isPartOf":{"@id":"https:\/\/cuartetoenlaweb.com.ar\/sitio\/#website"},"primaryImageOfPage":{"@id":"https:\/\/cuartetoenlaweb.com.ar\/sitio\/el-oscuro-secreto-por-el-cual-nicole-neumann-niega-su-separacion-de-manu-urcera-hay-un-tema-con\/#primaryimage"},"image":{"@id":"https:\/\/cuartetoenlaweb.com.ar\/sitio\/el-oscuro-secreto-por-el-cual-nicole-neumann-niega-su-separacion-de-manu-urcera-hay-un-tema-con\/#primaryimage"},"thumbnailUrl":"http:\/\/cuartetoenlaweb.com.ar\/sitio\/wp-content\/uploads\/2026\/05\/Mauro-Icardi-China-Suarez-hijos-359x226-2.jpg","datePublished":"2026-05-03T09:00:33+00:00","breadcrumb":{"@id":"https:\/\/cuartetoenlaweb.com.ar\/sitio\/el-oscuro-secreto-por-el-cual-nicole-neumann-niega-su-separacion-de-manu-urcera-hay-un-tema-con\/#breadcrumb"},"inLanguage":"es","potentialAction":[{"@type":"ReadAction","target":["https:\/\/cuartetoenlaweb.com.ar\/sitio\/el-oscuro-secreto-por-el-cual-nicole-neumann-niega-su-separacion-de-manu-urcera-hay-un-tema-con\/"]}]},{"@type":"ImageObject","inLanguage":"es","@id":"https:\/\/cuartetoenlaweb.com.ar\/sitio\/el-oscuro-secreto-por-el-cual-nicole-neumann-niega-su-separacion-de-manu-urcera-hay-un-tema-con\/#primaryimage","url":"http:\/\/cuartetoenlaweb.com.ar\/sitio\/wp-content\/uploads\/2026\/05\/Mauro-Icardi-China-Suarez-hijos-359x226-2.jpg","contentUrl":"http:\/\/cuartetoenlaweb.com.ar\/sitio\/wp-content\/uploads\/2026\/05\/Mauro-Icardi-China-Suarez-hijos-359x226-2.jpg","width":359,"height":226},{"@type":"BreadcrumbList","@id":"https:\/\/cuartetoenlaweb.com.ar\/sitio\/el-oscuro-secreto-por-el-cual-nicole-neumann-niega-su-separacion-de-manu-urcera-hay-un-tema-con\/#breadcrumb","itemListElement":[{"@type":"ListItem","position":1,"name":"Portada","item":"https:\/\/cuartetoenlaweb.com.ar\/sitio\/"},{"@type":"ListItem","position":2,"name":"El oscuro secreto por el cual Nicole Neumann niega su separaci\u00f3n de Manu Urcera: \u201cHay un tema con\u2026\u201d"}]},{"@type":"WebSite","@id":"https:\/\/cuartetoenlaweb.com.ar\/sitio\/#website","url":"https:\/\/cuartetoenlaweb.com.ar\/sitio\/","name":"Cuarteto en la Web","description":"","publisher":{"@id":"https:\/\/cuartetoenlaweb.com.ar\/sitio\/#organization"},"potentialAction":[{"@type":"SearchAction","target":{"@type":"EntryPoint","urlTemplate":"https:\/\/cuartetoenlaweb.com.ar\/sitio\/?s={search_term_string}"},"query-input":{"@type":"PropertyValueSpecification","valueRequired":true,"valueName":"search_term_string"}}],"inLanguage":"es"},{"@type":"Organization","@id":"https:\/\/cuartetoenlaweb.com.ar\/sitio\/#organization","name":"Cuarteto en la Web","url":"https:\/\/cuartetoenlaweb.com.ar\/sitio\/","logo":{"@type":"ImageObject","inLanguage":"es","@id":"https:\/\/cuartetoenlaweb.com.ar\/sitio\/#\/schema\/logo\/image\/","url":"http:\/\/cuartetoenlaweb.com.ar\/sitio\/wp-content\/uploads\/2025\/07\/cropped-cropped-logitoweb21.png","contentUrl":"http:\/\/cuartetoenlaweb.com.ar\/sitio\/wp-content\/uploads\/2025\/07\/cropped-cropped-logitoweb21.png","width":199,"height":199,"caption":"Cuarteto en la Web"},"image":{"@id":"https:\/\/cuartetoenlaweb.com.ar\/sitio\/#\/schema\/logo\/image\/"}}]}},"_links":{"self":[{"href":"http:\/\/cuartetoenlaweb.com.ar\/sitio\/wp-json\/wp\/v2\/posts\/19752","targetHints":{"allow":["GET"]}}],"collection":[{"href":"http:\/\/cuartetoenlaweb.com.ar\/sitio\/wp-json\/wp\/v2\/posts"}],"about":[{"href":"http:\/\/cuartetoenlaweb.com.ar\/sitio\/wp-json\/wp\/v2\/types\/post"}],"replies":[{"embeddable":true,"href":"http:\/\/cuartetoenlaweb.com.ar\/sitio\/wp-json\/wp\/v2\/comments?post=19752"}],"version-history":[{"count":0,"href":"http:\/\/cuartetoenlaweb.com.ar\/sitio\/wp-json\/wp\/v2\/posts\/19752\/revisions"}],"wp:featuredmedia":[{"embeddable":true,"href":"http:\/\/cuartetoenlaweb.com.ar\/sitio\/wp-json\/wp\/v2\/media\/19753"}],"wp:attachment":[{"href":"http:\/\/cuartetoenlaweb.com.ar\/sitio\/wp-json\/wp\/v2\/media?parent=19752"}],"wp:term":[{"taxonomy":"category","embeddable":true,"href":"http:\/\/cuartetoenlaweb.com.ar\/sitio\/wp-json\/wp\/v2\/categories?post=19752"},{"taxonomy":"post_tag","embeddable":true,"href":"http:\/\/cuartetoenlaweb.com.ar\/sitio\/wp-json\/wp\/v2\/tags?post=19752"}],"curies":[{"name":"wp","href":"https:\/\/api.w.org\/{rel}","templated":true}]}}