
{"id":19750,"date":"2026-05-03T06:00:31","date_gmt":"2026-05-03T09:00:31","guid":{"rendered":"https:\/\/cuartetoenlaweb.com.ar\/sitio\/juana-viale-adelanto-cuando-volvera-mirtha-legrand-a-su-programa-seguramente-la-tendremos-el\/"},"modified":"2026-05-03T06:00:31","modified_gmt":"2026-05-03T09:00:31","slug":"juana-viale-adelanto-cuando-volvera-mirtha-legrand-a-su-programa-seguramente-la-tendremos-el","status":"publish","type":"post","link":"http:\/\/cuartetoenlaweb.com.ar\/sitio\/juana-viale-adelanto-cuando-volvera-mirtha-legrand-a-su-programa-seguramente-la-tendremos-el\/","title":{"rendered":"Juana Viale adelant\u00f3 cu\u00e1ndo volver\u00e1 Mirtha Legrand a su programa: &quot;seguramente la tendremos el\u2026&quot;"},"content":{"rendered":"<p>En medio de la preocupaci\u00f3n por la salud de <strong>Mirtha Legrand<\/strong>, apareci\u00f3 un dato clave que cambi\u00f3 el clima en la televisi\u00f3n. Fue <strong>Juana Viale<\/strong> quien, al frente de <em>La Noche de Mirtha<\/em>, cont\u00f3 detalles in\u00e9ditos sobre la evoluci\u00f3n de su abuela y desliz\u00f3 una posible fecha de regreso.<\/p>\n<p>Con su estilo relajado, pero sin esquivar el tema, <a href=\"https:\/\/www.paparazzi.com.ar\/teve\/mirtha-legrand-hablo-a-fondo-de-su-estado-de-salud-a-los-99-anos-me-hizo-mucho-dano\/\">Juana llev\u00f3 tranquilidad desde el arranque del programa<\/a>. \u201cYo ac\u00e1 a\u00fan cuidando este lugar que es el de mi abuela\u2026 pero abuelita, no te demores mucho\u201d, lanz\u00f3, entre risas, marcando el tono de una noche donde todas las miradas estaban puestas en la gran diva.<\/p>\n<p>Lejos de las versiones alarmistas, <a href=\"https:\/\/www.paparazzi.com.ar\/teve\/el-golpe-que-nadie-vio-venir-la-muerte-que-afecto-a-mirtha-legrand-y-complico-su-recuperacion\/\">la conductora fue concreta al contar c\u00f3mo la vio puertas adentro<\/a>. \u201cEstuve con ella el mi\u00e9rcoles a la noche\u2026 tomamos el t\u00e9 y estaba divina, toda montad\u00edsima como es ella, espl\u00e9ndida\u201d, revel\u00f3, dejando en claro que Mirtha atraviesa una mejora significativa.<\/p>\n<div class=\"mt-box \">\n<h4 class=\"mt-heading\">Mir\u00e1 Tambi\u00e9n<\/h4>\n<p><a href=\"https:\/\/www.paparazzi.com.ar\/romances\/exclusivo-brian-sarmiento-confeso-todo-lo-que-siente-por-danelik-y-sorprendio-la-extrano-la-voy-a\/\"><\/p>\n<div class=\"mt-content\">\n<div class=\"mt-image-container\"><img decoding=\"async\" src=\"https:\/\/www.paparazzi.com.ar\/wp-content\/uploads\/2026\/05\/Brian-Sarmiento-359x226.jpg\" alt=\"\u00a1Exclusivo! Brian Sarmiento confes\u00f3 todo lo que siente por Danelik y sorprendi\u00f3: \u201cLa extra\u00f1o, la voy a\u2026\u201d\" class=\"mt-image\" loading=\"lazy\" \/><\/div>\n<h5 class=\"mt-title\">\u00a1Exclusivo! Brian Sarmiento confes\u00f3 todo lo que siente por Danelik y sorprendi\u00f3: \u201cLa extra\u00f1o, la voy a\u2026\u201d<\/h5>\n<\/div>\n<p><\/a><\/div>\n<p>Pero el dato m\u00e1s fuerte lleg\u00f3 segundos despu\u00e9s, cuando dej\u00f3 entrever que el regreso podr\u00eda estar mucho m\u00e1s cerca de lo esperado: \u201cYa empez\u00f3 la aguja a picar. As\u00ed que en cualquier momento\u2026 seguramente el s\u00e1bado que viene est\u00e9 ac\u00e1 entre nosotros\u201d.<\/p>\n<p>La frase no pas\u00f3 desapercibida y <a href=\"https:\/\/www.paparazzi.com.ar\/teve\/esta-realmente-bien-se-filtro-una-foto-de-mirtha-legrand-en-plena-recuperacion-desde-su-casa\/\">r\u00e1pidamente encendi\u00f3 expectativas tanto en el estudio como en redes sociales<\/a>. Aunque aclar\u00f3 que a\u00fan no est\u00e1 confirmado, Juana dej\u00f3 abierta la puerta a una vuelta inminente que podr\u00eda darse en cuesti\u00f3n de d\u00edas.<\/p>\n<div class=\"mt-box \">\n<h4 class=\"mt-heading\">Mir\u00e1 Tambi\u00e9n<\/h4>\n<p><a href=\"https:\/\/www.paparazzi.com.ar\/teve\/esta-realmente-bien-se-filtro-una-foto-de-mirtha-legrand-en-plena-recuperacion-desde-su-casa\/\"><\/p>\n<div class=\"mt-content\">\n<div class=\"mt-image-container\"><img decoding=\"async\" src=\"https:\/\/www.paparazzi.com.ar\/wp-content\/uploads\/2025\/12\/El-terrible-testimonio-dejo-en-shock-a-todos-en-la-mesa-de-Mirtha-Legrand-22Estuve-gravisima22--359x226.jpg\" alt=\"\u00bfEst\u00e1 realmente bien? Se filtr\u00f3 una foto de Mirtha Legrand en plena recuperaci\u00f3n desde su casa\" class=\"mt-image\" loading=\"lazy\" \/><\/div>\n<h5 class=\"mt-title\">\u00bfEst\u00e1 realmente bien? Se filtr\u00f3 una foto de Mirtha Legrand en plena recuperaci\u00f3n desde su casa<\/h5>\n<\/div>\n<p><\/a><\/div>\n<p>\u201cVeremos, despu\u00e9s lo sabremos. Si no, \u00bfqu\u00e9? Me tendr\u00e1n a m\u00ed\u201d, cerr\u00f3 con humor, reafirmando su rol mientras su abuela se recupera. Cabe recordar que Mirtha Legrand debi\u00f3 alejarse temporalmente de su programa tras atravesar un cuadro de bronquitis que la oblig\u00f3 a hacer reposo. Desde entonces, cada novedad sobre su estado genera una fuerte repercusi\u00f3n.<\/p>\n<p>Ahora, con este nuevo dato aportado en vivo por su propia nieta, el panorama parece mucho m\u00e1s alentador. Entre se\u00f1ales de mejor\u00eda y una posible fecha en el horizonte, todo indica que el regreso de \u201cLa Chiqui\u201d podr\u00eda estar m\u00e1s cerca de lo que muchos imaginaban.<\/p>\n<div class=\"mt-box \">\n<h4 class=\"mt-heading\">Mir\u00e1 Tambi\u00e9n<\/h4>\n<p><a href=\"https:\/\/www.paparazzi.com.ar\/teve\/mirtha-legrand-hablo-a-fondo-de-su-estado-de-salud-a-los-99-anos-me-hizo-mucho-dano\/\"><\/p>\n<div class=\"mt-content\">\n<div class=\"mt-image-container\"><img decoding=\"async\" src=\"https:\/\/www.paparazzi.com.ar\/wp-content\/uploads\/2026\/04\/La-verdad-sobre-Mirtha-Legrand-en-medio-de-los-graves-rumores-sobre-su-salud-Hubo-una-version-espantosa-359x226.jpg\" alt=\"Mirtha Legrand habl\u00f3 a fondo de su estado de salud a los 99 a\u00f1os: \u201cMe hizo mucho da\u00f1o\u201d\" class=\"mt-image\" loading=\"lazy\" \/><\/div>\n<h5 class=\"mt-title\">Mirtha Legrand habl\u00f3 a fondo de su estado de salud a los 99 a\u00f1os: \u201cMe hizo mucho da\u00f1o\u201d<\/h5>\n<\/div>\n<p><\/a><\/div>\n<div class=\"mt-box \">\n<h4 class=\"mt-heading\">Mir\u00e1 Tambi\u00e9n<\/h4>\n<p><a href=\"https:\/\/www.paparazzi.com.ar\/teve\/juana-viale-confeso-los-problemas-que-padece-mirtha-legrand-en-medio-de-la-preocupacion-por-su-salud\/\"><\/p>\n<div class=\"mt-content\">\n<div class=\"mt-image-container\"><img decoding=\"async\" src=\"https:\/\/www.paparazzi.com.ar\/wp-content\/uploads\/2026\/04\/Juana-Viale-Mirtha-Legrand-2-359x226.jpg\" alt=\"Juana Viale confes\u00f3 los problemas que padece Mirtha Legrand en medio de la preocupaci\u00f3n por su salud\" class=\"mt-image\" loading=\"lazy\" \/><\/div>\n<h5 class=\"mt-title\">Juana Viale confes\u00f3 los problemas que padece Mirtha Legrand en medio de la preocupaci\u00f3n por su salud<\/h5>\n<\/div>\n<p><\/a><\/div>\n<p>The post <a href=\"https:\/\/www.paparazzi.com.ar\/teve\/juana-viale-adelanto-cuando-volvera-mirtha-legrand-a-su-programa-seguramente-la-tendremos-el\/\">Juana Viale adelant\u00f3 cu\u00e1ndo volver\u00e1 Mirtha Legrand a su programa: &quot;seguramente la tendremos el\u2026&quot;<\/a> appeared first on <a href=\"https:\/\/www.paparazzi.com.ar\">Revista Paparazzi<\/a>.<\/p>\n","protected":false},"excerpt":{"rendered":"<p>En medio de la preocupaci\u00f3n por la salud de Mirtha<\/p>\n","protected":false},"author":0,"featured_media":19751,"comment_status":"","ping_status":"","sticky":false,"template":"","format":"standard","meta":{"footnotes":""},"categories":[12],"tags":[],"class_list":["post-19750","post","type-post","status-publish","format-standard","has-post-thumbnail","hentry","category-espectaculo"],"yoast_head":"<!-- This site is optimized with the Yoast SEO plugin v27.5 - https:\/\/yoast.com\/product\/yoast-seo-wordpress\/ -->\n<title>Juana Viale adelant\u00f3 cu\u00e1ndo volver\u00e1 Mirtha Legrand a su programa: &quot;seguramente la tendremos el\u2026&quot; - Cuarteto en la Web<\/title>\n<meta name=\"robots\" content=\"index, follow, max-snippet:-1, max-image-preview:large, max-video-preview:-1\" \/>\n<link rel=\"canonical\" href=\"https:\/\/cuartetoenlaweb.com.ar\/sitio\/juana-viale-adelanto-cuando-volvera-mirtha-legrand-a-su-programa-seguramente-la-tendremos-el\/\" \/>\n<meta property=\"og:locale\" content=\"es_ES\" \/>\n<meta property=\"og:type\" content=\"article\" \/>\n<meta property=\"og:title\" content=\"Juana Viale adelant\u00f3 cu\u00e1ndo volver\u00e1 Mirtha Legrand a su programa: &quot;seguramente la tendremos el\u2026&quot; - Cuarteto en la Web\" \/>\n<meta property=\"og:description\" content=\"En medio de la preocupaci\u00f3n por la salud de Mirtha\" \/>\n<meta property=\"og:url\" content=\"https:\/\/cuartetoenlaweb.com.ar\/sitio\/juana-viale-adelanto-cuando-volvera-mirtha-legrand-a-su-programa-seguramente-la-tendremos-el\/\" \/>\n<meta property=\"og:site_name\" content=\"Cuarteto en la Web\" \/>\n<meta property=\"article:published_time\" content=\"2026-05-03T09:00:31+00:00\" \/>\n<meta property=\"og:image\" content=\"https:\/\/www.paparazzi.com.ar\/wp-content\/uploads\/2026\/05\/Brian-Sarmiento-359x226.jpg\" \/>\n<meta name=\"twitter:card\" content=\"summary_large_image\" \/>\n<meta name=\"twitter:label1\" content=\"Tiempo de lectura\" \/>\n\t<meta name=\"twitter:data1\" content=\"2 minutos\" \/>\n<script type=\"application\/ld+json\" class=\"yoast-schema-graph\">{\"@context\":\"https:\\\/\\\/schema.org\",\"@graph\":[{\"@type\":\"Article\",\"@id\":\"https:\\\/\\\/cuartetoenlaweb.com.ar\\\/sitio\\\/juana-viale-adelanto-cuando-volvera-mirtha-legrand-a-su-programa-seguramente-la-tendremos-el\\\/#article\",\"isPartOf\":{\"@id\":\"https:\\\/\\\/cuartetoenlaweb.com.ar\\\/sitio\\\/juana-viale-adelanto-cuando-volvera-mirtha-legrand-a-su-programa-seguramente-la-tendremos-el\\\/\"},\"author\":{\"name\":\"\",\"@id\":\"\"},\"headline\":\"Juana Viale adelant\u00f3 cu\u00e1ndo volver\u00e1 Mirtha Legrand a su programa: &quot;seguramente la tendremos el\u2026&quot;\",\"datePublished\":\"2026-05-03T09:00:31+00:00\",\"mainEntityOfPage\":{\"@id\":\"https:\\\/\\\/cuartetoenlaweb.com.ar\\\/sitio\\\/juana-viale-adelanto-cuando-volvera-mirtha-legrand-a-su-programa-seguramente-la-tendremos-el\\\/\"},\"wordCount\":485,\"publisher\":{\"@id\":\"https:\\\/\\\/cuartetoenlaweb.com.ar\\\/sitio\\\/#organization\"},\"image\":{\"@id\":\"https:\\\/\\\/cuartetoenlaweb.com.ar\\\/sitio\\\/juana-viale-adelanto-cuando-volvera-mirtha-legrand-a-su-programa-seguramente-la-tendremos-el\\\/#primaryimage\"},\"thumbnailUrl\":\"http:\\\/\\\/cuartetoenlaweb.com.ar\\\/sitio\\\/wp-content\\\/uploads\\\/2026\\\/05\\\/Brian-Sarmiento-359x226-2.jpg\",\"articleSection\":[\"ESPECT\u00c1CULO\"],\"inLanguage\":\"es\"},{\"@type\":\"WebPage\",\"@id\":\"https:\\\/\\\/cuartetoenlaweb.com.ar\\\/sitio\\\/juana-viale-adelanto-cuando-volvera-mirtha-legrand-a-su-programa-seguramente-la-tendremos-el\\\/\",\"url\":\"https:\\\/\\\/cuartetoenlaweb.com.ar\\\/sitio\\\/juana-viale-adelanto-cuando-volvera-mirtha-legrand-a-su-programa-seguramente-la-tendremos-el\\\/\",\"name\":\"Juana Viale adelant\u00f3 cu\u00e1ndo volver\u00e1 Mirtha Legrand a su programa: &quot;seguramente la tendremos el\u2026&quot; - Cuarteto en la Web\",\"isPartOf\":{\"@id\":\"https:\\\/\\\/cuartetoenlaweb.com.ar\\\/sitio\\\/#website\"},\"primaryImageOfPage\":{\"@id\":\"https:\\\/\\\/cuartetoenlaweb.com.ar\\\/sitio\\\/juana-viale-adelanto-cuando-volvera-mirtha-legrand-a-su-programa-seguramente-la-tendremos-el\\\/#primaryimage\"},\"image\":{\"@id\":\"https:\\\/\\\/cuartetoenlaweb.com.ar\\\/sitio\\\/juana-viale-adelanto-cuando-volvera-mirtha-legrand-a-su-programa-seguramente-la-tendremos-el\\\/#primaryimage\"},\"thumbnailUrl\":\"http:\\\/\\\/cuartetoenlaweb.com.ar\\\/sitio\\\/wp-content\\\/uploads\\\/2026\\\/05\\\/Brian-Sarmiento-359x226-2.jpg\",\"datePublished\":\"2026-05-03T09:00:31+00:00\",\"breadcrumb\":{\"@id\":\"https:\\\/\\\/cuartetoenlaweb.com.ar\\\/sitio\\\/juana-viale-adelanto-cuando-volvera-mirtha-legrand-a-su-programa-seguramente-la-tendremos-el\\\/#breadcrumb\"},\"inLanguage\":\"es\",\"potentialAction\":[{\"@type\":\"ReadAction\",\"target\":[\"https:\\\/\\\/cuartetoenlaweb.com.ar\\\/sitio\\\/juana-viale-adelanto-cuando-volvera-mirtha-legrand-a-su-programa-seguramente-la-tendremos-el\\\/\"]}]},{\"@type\":\"ImageObject\",\"inLanguage\":\"es\",\"@id\":\"https:\\\/\\\/cuartetoenlaweb.com.ar\\\/sitio\\\/juana-viale-adelanto-cuando-volvera-mirtha-legrand-a-su-programa-seguramente-la-tendremos-el\\\/#primaryimage\",\"url\":\"http:\\\/\\\/cuartetoenlaweb.com.ar\\\/sitio\\\/wp-content\\\/uploads\\\/2026\\\/05\\\/Brian-Sarmiento-359x226-2.jpg\",\"contentUrl\":\"http:\\\/\\\/cuartetoenlaweb.com.ar\\\/sitio\\\/wp-content\\\/uploads\\\/2026\\\/05\\\/Brian-Sarmiento-359x226-2.jpg\",\"width\":359,\"height\":226},{\"@type\":\"BreadcrumbList\",\"@id\":\"https:\\\/\\\/cuartetoenlaweb.com.ar\\\/sitio\\\/juana-viale-adelanto-cuando-volvera-mirtha-legrand-a-su-programa-seguramente-la-tendremos-el\\\/#breadcrumb\",\"itemListElement\":[{\"@type\":\"ListItem\",\"position\":1,\"name\":\"Portada\",\"item\":\"https:\\\/\\\/cuartetoenlaweb.com.ar\\\/sitio\\\/\"},{\"@type\":\"ListItem\",\"position\":2,\"name\":\"Juana Viale adelant\u00f3 cu\u00e1ndo volver\u00e1 Mirtha Legrand a su programa: &quot;seguramente la tendremos el\u2026&quot;\"}]},{\"@type\":\"WebSite\",\"@id\":\"https:\\\/\\\/cuartetoenlaweb.com.ar\\\/sitio\\\/#website\",\"url\":\"https:\\\/\\\/cuartetoenlaweb.com.ar\\\/sitio\\\/\",\"name\":\"Cuarteto en la Web\",\"description\":\"\",\"publisher\":{\"@id\":\"https:\\\/\\\/cuartetoenlaweb.com.ar\\\/sitio\\\/#organization\"},\"potentialAction\":[{\"@type\":\"SearchAction\",\"target\":{\"@type\":\"EntryPoint\",\"urlTemplate\":\"https:\\\/\\\/cuartetoenlaweb.com.ar\\\/sitio\\\/?s={search_term_string}\"},\"query-input\":{\"@type\":\"PropertyValueSpecification\",\"valueRequired\":true,\"valueName\":\"search_term_string\"}}],\"inLanguage\":\"es\"},{\"@type\":\"Organization\",\"@id\":\"https:\\\/\\\/cuartetoenlaweb.com.ar\\\/sitio\\\/#organization\",\"name\":\"Cuarteto en la Web\",\"url\":\"https:\\\/\\\/cuartetoenlaweb.com.ar\\\/sitio\\\/\",\"logo\":{\"@type\":\"ImageObject\",\"inLanguage\":\"es\",\"@id\":\"https:\\\/\\\/cuartetoenlaweb.com.ar\\\/sitio\\\/#\\\/schema\\\/logo\\\/image\\\/\",\"url\":\"http:\\\/\\\/cuartetoenlaweb.com.ar\\\/sitio\\\/wp-content\\\/uploads\\\/2025\\\/07\\\/cropped-cropped-logitoweb21.png\",\"contentUrl\":\"http:\\\/\\\/cuartetoenlaweb.com.ar\\\/sitio\\\/wp-content\\\/uploads\\\/2025\\\/07\\\/cropped-cropped-logitoweb21.png\",\"width\":199,\"height\":199,\"caption\":\"Cuarteto en la Web\"},\"image\":{\"@id\":\"https:\\\/\\\/cuartetoenlaweb.com.ar\\\/sitio\\\/#\\\/schema\\\/logo\\\/image\\\/\"}}]}<\/script>\n<!-- \/ Yoast SEO plugin. -->","yoast_head_json":{"title":"Juana Viale adelant\u00f3 cu\u00e1ndo volver\u00e1 Mirtha Legrand a su programa: &quot;seguramente la tendremos el\u2026&quot; - Cuarteto en la Web","robots":{"index":"index","follow":"follow","max-snippet":"max-snippet:-1","max-image-preview":"max-image-preview:large","max-video-preview":"max-video-preview:-1"},"canonical":"https:\/\/cuartetoenlaweb.com.ar\/sitio\/juana-viale-adelanto-cuando-volvera-mirtha-legrand-a-su-programa-seguramente-la-tendremos-el\/","og_locale":"es_ES","og_type":"article","og_title":"Juana Viale adelant\u00f3 cu\u00e1ndo volver\u00e1 Mirtha Legrand a su programa: &quot;seguramente la tendremos el\u2026&quot; - Cuarteto en la Web","og_description":"En medio de la preocupaci\u00f3n por la salud de Mirtha","og_url":"https:\/\/cuartetoenlaweb.com.ar\/sitio\/juana-viale-adelanto-cuando-volvera-mirtha-legrand-a-su-programa-seguramente-la-tendremos-el\/","og_site_name":"Cuarteto en la Web","article_published_time":"2026-05-03T09:00:31+00:00","og_image":[{"url":"https:\/\/www.paparazzi.com.ar\/wp-content\/uploads\/2026\/05\/Brian-Sarmiento-359x226.jpg","type":"","width":"","height":""}],"twitter_card":"summary_large_image","twitter_misc":{"Tiempo de lectura":"2 minutos"},"schema":{"@context":"https:\/\/schema.org","@graph":[{"@type":"Article","@id":"https:\/\/cuartetoenlaweb.com.ar\/sitio\/juana-viale-adelanto-cuando-volvera-mirtha-legrand-a-su-programa-seguramente-la-tendremos-el\/#article","isPartOf":{"@id":"https:\/\/cuartetoenlaweb.com.ar\/sitio\/juana-viale-adelanto-cuando-volvera-mirtha-legrand-a-su-programa-seguramente-la-tendremos-el\/"},"author":{"name":"","@id":""},"headline":"Juana Viale adelant\u00f3 cu\u00e1ndo volver\u00e1 Mirtha Legrand a su programa: &quot;seguramente la tendremos el\u2026&quot;","datePublished":"2026-05-03T09:00:31+00:00","mainEntityOfPage":{"@id":"https:\/\/cuartetoenlaweb.com.ar\/sitio\/juana-viale-adelanto-cuando-volvera-mirtha-legrand-a-su-programa-seguramente-la-tendremos-el\/"},"wordCount":485,"publisher":{"@id":"https:\/\/cuartetoenlaweb.com.ar\/sitio\/#organization"},"image":{"@id":"https:\/\/cuartetoenlaweb.com.ar\/sitio\/juana-viale-adelanto-cuando-volvera-mirtha-legrand-a-su-programa-seguramente-la-tendremos-el\/#primaryimage"},"thumbnailUrl":"http:\/\/cuartetoenlaweb.com.ar\/sitio\/wp-content\/uploads\/2026\/05\/Brian-Sarmiento-359x226-2.jpg","articleSection":["ESPECT\u00c1CULO"],"inLanguage":"es"},{"@type":"WebPage","@id":"https:\/\/cuartetoenlaweb.com.ar\/sitio\/juana-viale-adelanto-cuando-volvera-mirtha-legrand-a-su-programa-seguramente-la-tendremos-el\/","url":"https:\/\/cuartetoenlaweb.com.ar\/sitio\/juana-viale-adelanto-cuando-volvera-mirtha-legrand-a-su-programa-seguramente-la-tendremos-el\/","name":"Juana Viale adelant\u00f3 cu\u00e1ndo volver\u00e1 Mirtha Legrand a su programa: &quot;seguramente la tendremos el\u2026&quot; - Cuarteto en la Web","isPartOf":{"@id":"https:\/\/cuartetoenlaweb.com.ar\/sitio\/#website"},"primaryImageOfPage":{"@id":"https:\/\/cuartetoenlaweb.com.ar\/sitio\/juana-viale-adelanto-cuando-volvera-mirtha-legrand-a-su-programa-seguramente-la-tendremos-el\/#primaryimage"},"image":{"@id":"https:\/\/cuartetoenlaweb.com.ar\/sitio\/juana-viale-adelanto-cuando-volvera-mirtha-legrand-a-su-programa-seguramente-la-tendremos-el\/#primaryimage"},"thumbnailUrl":"http:\/\/cuartetoenlaweb.com.ar\/sitio\/wp-content\/uploads\/2026\/05\/Brian-Sarmiento-359x226-2.jpg","datePublished":"2026-05-03T09:00:31+00:00","breadcrumb":{"@id":"https:\/\/cuartetoenlaweb.com.ar\/sitio\/juana-viale-adelanto-cuando-volvera-mirtha-legrand-a-su-programa-seguramente-la-tendremos-el\/#breadcrumb"},"inLanguage":"es","potentialAction":[{"@type":"ReadAction","target":["https:\/\/cuartetoenlaweb.com.ar\/sitio\/juana-viale-adelanto-cuando-volvera-mirtha-legrand-a-su-programa-seguramente-la-tendremos-el\/"]}]},{"@type":"ImageObject","inLanguage":"es","@id":"https:\/\/cuartetoenlaweb.com.ar\/sitio\/juana-viale-adelanto-cuando-volvera-mirtha-legrand-a-su-programa-seguramente-la-tendremos-el\/#primaryimage","url":"http:\/\/cuartetoenlaweb.com.ar\/sitio\/wp-content\/uploads\/2026\/05\/Brian-Sarmiento-359x226-2.jpg","contentUrl":"http:\/\/cuartetoenlaweb.com.ar\/sitio\/wp-content\/uploads\/2026\/05\/Brian-Sarmiento-359x226-2.jpg","width":359,"height":226},{"@type":"BreadcrumbList","@id":"https:\/\/cuartetoenlaweb.com.ar\/sitio\/juana-viale-adelanto-cuando-volvera-mirtha-legrand-a-su-programa-seguramente-la-tendremos-el\/#breadcrumb","itemListElement":[{"@type":"ListItem","position":1,"name":"Portada","item":"https:\/\/cuartetoenlaweb.com.ar\/sitio\/"},{"@type":"ListItem","position":2,"name":"Juana Viale adelant\u00f3 cu\u00e1ndo volver\u00e1 Mirtha Legrand a su programa: &quot;seguramente la tendremos el\u2026&quot;"}]},{"@type":"WebSite","@id":"https:\/\/cuartetoenlaweb.com.ar\/sitio\/#website","url":"https:\/\/cuartetoenlaweb.com.ar\/sitio\/","name":"Cuarteto en la Web","description":"","publisher":{"@id":"https:\/\/cuartetoenlaweb.com.ar\/sitio\/#organization"},"potentialAction":[{"@type":"SearchAction","target":{"@type":"EntryPoint","urlTemplate":"https:\/\/cuartetoenlaweb.com.ar\/sitio\/?s={search_term_string}"},"query-input":{"@type":"PropertyValueSpecification","valueRequired":true,"valueName":"search_term_string"}}],"inLanguage":"es"},{"@type":"Organization","@id":"https:\/\/cuartetoenlaweb.com.ar\/sitio\/#organization","name":"Cuarteto en la Web","url":"https:\/\/cuartetoenlaweb.com.ar\/sitio\/","logo":{"@type":"ImageObject","inLanguage":"es","@id":"https:\/\/cuartetoenlaweb.com.ar\/sitio\/#\/schema\/logo\/image\/","url":"http:\/\/cuartetoenlaweb.com.ar\/sitio\/wp-content\/uploads\/2025\/07\/cropped-cropped-logitoweb21.png","contentUrl":"http:\/\/cuartetoenlaweb.com.ar\/sitio\/wp-content\/uploads\/2025\/07\/cropped-cropped-logitoweb21.png","width":199,"height":199,"caption":"Cuarteto en la Web"},"image":{"@id":"https:\/\/cuartetoenlaweb.com.ar\/sitio\/#\/schema\/logo\/image\/"}}]}},"_links":{"self":[{"href":"http:\/\/cuartetoenlaweb.com.ar\/sitio\/wp-json\/wp\/v2\/posts\/19750","targetHints":{"allow":["GET"]}}],"collection":[{"href":"http:\/\/cuartetoenlaweb.com.ar\/sitio\/wp-json\/wp\/v2\/posts"}],"about":[{"href":"http:\/\/cuartetoenlaweb.com.ar\/sitio\/wp-json\/wp\/v2\/types\/post"}],"replies":[{"embeddable":true,"href":"http:\/\/cuartetoenlaweb.com.ar\/sitio\/wp-json\/wp\/v2\/comments?post=19750"}],"version-history":[{"count":0,"href":"http:\/\/cuartetoenlaweb.com.ar\/sitio\/wp-json\/wp\/v2\/posts\/19750\/revisions"}],"wp:featuredmedia":[{"embeddable":true,"href":"http:\/\/cuartetoenlaweb.com.ar\/sitio\/wp-json\/wp\/v2\/media\/19751"}],"wp:attachment":[{"href":"http:\/\/cuartetoenlaweb.com.ar\/sitio\/wp-json\/wp\/v2\/media?parent=19750"}],"wp:term":[{"taxonomy":"category","embeddable":true,"href":"http:\/\/cuartetoenlaweb.com.ar\/sitio\/wp-json\/wp\/v2\/categories?post=19750"},{"taxonomy":"post_tag","embeddable":true,"href":"http:\/\/cuartetoenlaweb.com.ar\/sitio\/wp-json\/wp\/v2\/tags?post=19750"}],"curies":[{"name":"wp","href":"https:\/\/api.w.org\/{rel}","templated":true}]}}