
{"id":19522,"date":"2026-05-01T09:59:46","date_gmt":"2026-05-01T12:59:46","guid":{"rendered":"https:\/\/cuartetoenlaweb.com.ar\/sitio\/peru-invitado-de-honor-de-la-feria-del-libro-presenta-una-gran-variedad-de-actividades\/"},"modified":"2026-05-01T09:59:46","modified_gmt":"2026-05-01T12:59:46","slug":"peru-invitado-de-honor-de-la-feria-del-libro-presenta-una-gran-variedad-de-actividades","status":"publish","type":"post","link":"http:\/\/cuartetoenlaweb.com.ar\/sitio\/peru-invitado-de-honor-de-la-feria-del-libro-presenta-una-gran-variedad-de-actividades\/","title":{"rendered":"Per\u00fa, invitado de honor de la Feria del Libro, presenta una gran variedad de actividades"},"content":{"rendered":"<p>Buenos Aires, 1 mayo (NA) \u2013 Per\u00fa, pa\u00eds Invitado de Honor de la Feria del Libro de Buenos Aires, ofrece m\u00e1s de 770 t\u00edtulos, de 130 editoriales peruanas, que representan a diversas regiones del pa\u00eds. Adem\u00e1s, una delegaci\u00f3n de 60 referentes culturales participa en m\u00e1s de cien actividades programadas en el Pabell\u00f3n, en las salas y en distintos puntos de la Ciudad de Buenos Aires.<\/p>\n<p>Este fin de semana se destaca la visita del novelista Gustavo Rodr\u00edguez, Premio Alfaguara de Novela en 2023 por su libro Cien Cuyes (2023) y finalista del Premio Herralde de Novela, entre otros premios. Tambi\u00e9n estar\u00e1 el autor de no ficci\u00f3n Joseph Z\u00e1rate, Premio Nacional de Periodismo 2020 por Algo nuestro sobre la tierra (2021), cr\u00f3nica sobre el trabajo funerario durante la pandemia, y creador del reconocido podcast Amazonas adentro y el narrador Carlos Yushimito, Premio Nacional de Literatura en 2025 por El peso inevitable de las palomas (2023).<\/p>\n<p>Tambi\u00e9n la escritora Teresa Ruiz Rosas, ganadora del Premio Nacional de Literatura 2020; el historiador, docente y divulgador cultural Merl\u00edn Chambi, seg\u00fan la revista Forbes uno de los mejores creadores de contenido cultural en Am\u00e9rica Latina, por su canal de YouTube La Biblioteca de Merlin; el escritor de novelas y cuentos Ulises Guti\u00e9rrez; la m\u00fasica y novelista Zoila Vega Salvatierra; la escritora y docente Melissa Mendieta, autora de novelas juveniles como la Saga de Raquel, un conjunto de historias ambientadas en la Amazon\u00eda peruana.<\/p>\n<p>En cuento a la literatura infantil y juvenil ser\u00e1n parte adem\u00e1s, la reconocida ilustradora Issa Watanabe autora de los libros Migrantes (2019) y Kintsugi (2023), ganadora del Premio White Ravens (2020 y 2024); el narrador y promotor de la tradici\u00f3n oral andina Mario Castillo \u00abWaranqamaki\u00bb y la escritora y divulgadora del quechua Yesenia Montes, quienes participar\u00e1n del Encuentro de Narraci\u00f3n Oral.<\/p>\n<p> * Viernes 1, a las 17: Ilustrar la realidad: c\u00f3mo pensar el mundo a trav\u00e9s de la imagen con la ilustradora peruana Issa Watanabe y la argentina Yael Frankel. Sala Tulio Halper\u00edn Donghi.<br \/>\n * Viernes 1, a las 19: Ficci\u00f3n vs no ficci\u00f3n: los l\u00edmites y alcances para narrar un pa\u00eds, una charla con los autores peruanos Joseph Z\u00e1rate y Ulises Guti\u00e9rrez y el escritor argentino Juli\u00e1n L\u00f3pez. Pabell\u00f3n Per\u00fa.<br \/>\n * S\u00e1bado 2, a las 14: el taller Crea tu libro cartonero en quechua a cargo de Yesenia Montes. Pabell\u00f3n Per\u00fa.<br \/>\n * S\u00e1bado 2, a las 15: La literatura no solo se escribe: tambi\u00e9n se escucha y se transmite con Mario Castillo \u00abWaranqamaki\u00bb y Danny Bernales. Pabell\u00f3n Per\u00fa.<br \/>\n * S\u00e1bado 2, a las 20:30: Arquitecturas de un relato: entre la novela y el cuento, una charla entre Katya Adaui, Carlos Yushimito, Gustavo Rodr\u00edguez y Ariel Bermani. Sala Tulio Halper\u00edn Donghi.<br \/>\n * Domingo 3, a las 19: Memoria sonora: narrar y escuchar el Per\u00fa., con la escritora Teresa Ruiz Rosas y la music\u00f3loga y narradora Zoila Vega Salvatierra. Pabell\u00f3n Per\u00fa.<\/p>\n<p>LA AGENDA COMPLETA<\/p>\n<p>Viernes 1 de mayo<\/p>\n<p>Encuentro Internacional de Narraci\u00f3n Oral. Taller \u00abDe los cantos y cuentos quechuas a tu voz\u00bb<\/p>\n<p>Participan: Yesenia Montes<\/p>\n<p>Organiza: Fundaci\u00f3n El Libro<\/p>\n<p> * 15:00 &#8211; 15:50<\/p>\n<p>Auditorio Pabell\u00f3n Per\u00fa<\/p>\n<p>Taller de narraci\u00f3n oral \u00abCuentos fant\u00e1sticos de la Amazon\u00eda\u00bb<\/p>\n<p>Participan: Melissa Mendieta<\/p>\n<p>Organiza: Per\u00fa, Pa\u00eds Invitado de Honor<\/p>\n<p> * 16:00 &#8211; 16:50<\/p>\n<p>Auditorio Pabell\u00f3n Per\u00fa<\/p>\n<p>Presentaci\u00f3n del libro Alan Garc\u00eda P\u00e9rez. Biograf\u00eda no autorizada, de \u00c1lvaro Quispe P\u00e9rez<\/p>\n<p>Participan: \u00c1lvaro Quispe P\u00e9rez<\/p>\n<p>Organiza: Academia Ant\u00e1rtica<\/p>\n<p> * 16:30 &#8211; 17:00 <\/p>\n<p>Sala Rodolfo Walsh (Pabell\u00f3n Amarillo)<\/p>\n<p>Encuentro Internacional de Narraci\u00f3n Oral <\/p>\n<p>Participan: Yesenia Montes<\/p>\n<p>Organiza: Fundaci\u00f3n El Libro<\/p>\n<p> * 16:30 &#8211; 17:00 <\/p>\n<p>Sala Carlos Gorostiza (Pabell\u00f3n Amarillo)<\/p>\n<p>Espect\u00e1culo de narraci\u00f3n oral: \u00abAq\u00b4a del Qosqo\u00bb <\/p>\n<p>Participan: Mario Castillo \u00abWaranqamaki\u00bb<\/p>\n<p>Organiza: Fundaci\u00f3n El Libro<\/p>\n<p> * 17:00 &#8211; 17:50<\/p>\n<p>Auditorio Pabell\u00f3n Per\u00fa<\/p>\n<p>La vida y las palabras: tres voces de la narrativa contempor\u00e1nea<\/p>\n<p>Participan: Carlos Yushimito, Katya Adaui y Mercedes Araujo<\/p>\n<p>Modera: Anne-Sophie Vignolles<\/p>\n<p>Organiza: Per\u00fa, Pa\u00eds Invitado de Honor<\/p>\n<p> * 17:30 &#8211; 18:30 <\/p>\n<p>Sala Tulio Halperin Donghi (Pabell\u00f3n Azul)<\/p>\n<p>Ilustrar la realidad: c\u00f3mo pensar el mundo a trav\u00e9s de la imagen <\/p>\n<p>Participan: Issa Watanabe y Yael Frankel<\/p>\n<p>Modera: Daniel Rold\u00e1n<\/p>\n<p>Organiza: Per\u00fa, Pa\u00eds Invitado de Honor<\/p>\n<p> * 18:00 &#8211; 18:50<\/p>\n<p>Auditorio Pabell\u00f3n Per\u00fa<\/p>\n<p>Presentaci\u00f3n del libro Cultura peruana, de Alejandro Neyra<\/p>\n<p>Participan: Alejandro Neyra<\/p>\n<p>Organiza: Academia Ant\u00e1rtica<\/p>\n<p> * 18:00 &#8211; 19:00 <\/p>\n<p>Sala Cuentacuento (Pabell\u00f3n Amarillo)<\/p>\n<p>\u00a11, 2, 3&#8230; Per\u00fa! Un viaje de papel por costa, sierra y selva <\/p>\n<p>Participa: Kari de la Vega<\/p>\n<p>Organiza: Per\u00fa, Pa\u00eds Invitado de Honor<\/p>\n<p> * 19:00 &#8211; 19:50<\/p>\n<p>Auditorio Pabell\u00f3n Per\u00fa<\/p>\n<p>Ficci\u00f3n vs no ficci\u00f3n: los l\u00edmites y alcances para narrar un pa\u00eds<\/p>\n<p>Participan: Joseph Z\u00e1rate, Ulises Guti\u00e9rrez y Juli\u00e1n L\u00f3pez<\/p>\n<p>Modera: Emilia Erbetta<\/p>\n<p>Organiza: Per\u00fa, Pa\u00eds Invitado de Honor<\/p>\n<p> * 20:00 &#8211; 20:50<\/p>\n<p>Auditorio Pabell\u00f3n Per\u00fa<\/p>\n<p>Presentaci\u00f3n del libro Mamita, de Gustavo Rodr\u00edguez<\/p>\n<p>Participan: Gustavo Rodr\u00edguez<\/p>\n<p>Organiza: Penguin Random House<\/p>\n<p>S\u00e1bado 2 de mayo<\/p>\n<p>Encuentro Internacional de Narraci\u00f3n Oral. Taller \u00abC\u00f3mo utilizar una lengua ind\u00edgena\u00bb <\/p>\n<p>Participan: Mario Castillo \u00abWaranqamaki\u00bb<\/p>\n<p>Organiza: Fundaci\u00f3n El Libro<\/p>\n<p> * 11:00 <\/p>\n<p>Auditorio MALBA<\/p>\n<p>Clase magistral con Issa Watanabe <\/p>\n<p>Participa: Issa Watanabe<\/p>\n<p>Organiza: MALBA<\/p>\n<p> * 14:00 &#8211; 14:50<\/p>\n<p>Auditorio Pabell\u00f3n Per\u00fa<\/p>\n<p>Taller \u00abCrea tu libro cartonero en quechua\u00bb<\/p>\n<p>Participa: Yesenia Montes<\/p>\n<p>Organiza: Per\u00fa, Pa\u00eds Invitado de Honor<\/p>\n<p> * 15:00 &#8211; 15:50<\/p>\n<p>Auditorio Pabell\u00f3n Per\u00fa<\/p>\n<p>La literatura no solo se escribe: tambi\u00e9n se escucha y se transmite<\/p>\n<p>Participa: Mario Castillo \u00abWaranqamaki\u00bb y Danny Bernales<\/p>\n<p>Organiza: Per\u00fa, Pa\u00eds Invitado de Honor<\/p>\n<p> * 16:00 &#8211; 16:50<\/p>\n<p>Auditorio Pabell\u00f3n Per\u00fa<\/p>\n<p>Taller de ilustraci\u00f3n: El largo viaje a partir de Migrantes con Issa Watanabe<\/p>\n<p>Participa: Issa Watanabe<\/p>\n<p>Organiza: Per\u00fa, Pa\u00eds Invitado de Honor<\/p>\n<p> * 17:00 &#8211; 17:50<\/p>\n<p>Auditorio Pabell\u00f3n Per\u00fa<\/p>\n<p>Taller musical: De la zamacueca a la zamba. Per\u00fa y Argentina unidos por la m\u00fasica<\/p>\n<p>Participa: Bel\u00e9n Ramet<\/p>\n<p>Organiza: Per\u00fa, Pa\u00eds Invitado de Honor<\/p>\n<p> * 18:00 &#8211; 18:50<\/p>\n<p>Auditorio Pabell\u00f3n Per\u00fa<\/p>\n<p>Del Tahuantinsuyo al presente: Caminos que nos unen<\/p>\n<p>Participan: Merl\u00edn Chambi y Olga Durand<\/p>\n<p>Organiza: Per\u00fa, Pa\u00eds Invitado de Honor<\/p>\n<p> * 19:00 &#8211; 19:50<\/p>\n<p>Auditorio Pabell\u00f3n Per\u00fa<\/p>\n<p>Escritura y memoria: una conversaci\u00f3n con Teresa Ruiz Rosas<\/p>\n<p>Participan: Teresa Ruiz Rosas y Lule Gallo<\/p>\n<p>Organiza: Per\u00fa, Pa\u00eds Invitado de Honor<\/p>\n<p> * 20:00 &#8211; 20:50<\/p>\n<p>Auditorio Pabell\u00f3n Per\u00fa<\/p>\n<p>Recital de Poes\u00eda<\/p>\n<p>Participan: Rebeca Morales, Violeta Barrientos, Cayre Alfaro Fonseca, Carolina O. Fernandez y Jos\u00e9 Mar\u00eda Salazar N\u00fa\u00f1ez<\/p>\n<p>Organiza: Per\u00fa, Pa\u00eds Invitado de Honor<\/p>\n<p> * 20:30 &#8211; 21:30 <\/p>\n<p>Sala Tulio Halperin Donghi (Pabell\u00f3n Azul)<\/p>\n<p>Arquitecturas de un relato: entre la novela y el cuento <\/p>\n<p>Participan: Katya Adaui, Carlos Yushimito, Gustavo Rodr\u00edguez y Ariel Bermani<\/p>\n<p>Modera: Anne-Sophie Vignolles<\/p>\n<p>Organiza: Per\u00fa, Pa\u00eds Invitado de Honor<\/p>\n<p> * 21:00 &#8211; 21:40<\/p>\n<p>Auditorio Pabell\u00f3n Per\u00fa<\/p>\n<p>Presentaci\u00f3n del libro Sin tijeras no hay verso<\/p>\n<p>Participan: Mar\u00eda Gracia Caprist\u00e1n, Sophia G\u00f3mez Carde\u00f1a, Estrella Morales Aguirre y Lorena Ventura Aquino<\/p>\n<p>Modera: Mar\u00eda Jos\u00e9 Montezuma Jaramillo<\/p>\n<p>Organiza: Diversa Cartonera<\/p>\n<p>Domingo 3 de mayo<\/p>\n<p>Construcci\u00f3n de comunidades en \u00e1mbitos rurales a partir de la literatura<\/p>\n<p>Participan: Yesenia Montes y Danny Bernales<\/p>\n<p>Organiza: Per\u00fa, Pa\u00eds Invitado de Honor<\/p>\n<p> * 16:00 &#8211; 16:50<\/p>\n<p>Auditorio Pabell\u00f3n Per\u00fa<\/p>\n<p>Del like al v\u00ednculo: comunidades culturales<\/p>\n<p>Participan: Merl\u00edn Chambi, Rebeca Morales y Lule Gallo<\/p>\n<p>Organiza: Per\u00fa, Pa\u00eds Invitado de Honor<\/p>\n<p> * 16:30 &#8211; 17:30 <\/p>\n<p>Sala Jos\u00e9 Hern\u00e1ndez (Pabell\u00f3n Rojo) <\/p>\n<p>29\u00ba Encuentro Internacional de Narraci\u00f3n Oral \u00abCuenteros y cuentacuentos\u00bb (cierre) <\/p>\n<p>Participan: Jos\u00e9 Campanari (Per\u00fa), Cucha del \u00c1guila (Per\u00fa), Rodolfo Gonz\u00e1lez (Costa Rica), Compa\u00f1\u00eda la Matrioska (Chile), Yesenia Montes (Per\u00fa), Mario Castillo \u00abWaranqamaki\u00bb (Per\u00fa) y Gamba &amp; Ginny (Espa\u00f1a)<\/p>\n<p>Organiza: Fundaci\u00f3n El Libro<\/p>\n<p> * 16:30 &#8211; 17:30 <\/p>\n<p>Sala Taller (Pabell\u00f3n Amarillo)<\/p>\n<p>El secreto de las aves: cuentacuentos y taller de ilustraci\u00f3n <\/p>\n<p>Participan: Kari de la Vega (autora) y Luciana Feito (ilustradora)<\/p>\n<p>Organiza: Per\u00fa, Pa\u00eds Invitado de Honor<\/p>\n<p> * 17:00 &#8211; 17:50<\/p>\n<p>Auditorio Pabell\u00f3n Per\u00fa<\/p>\n<p>Sonidos que cruzan fronteras: historia musical entre Per\u00fa y Argentina<\/p>\n<p>Participan: Zoila Vega Salvatierra y Bel\u00e9n Ramet<\/p>\n<p>Organiza: Per\u00fa, Pa\u00eds Invitado de Honor<\/p>\n<p> * 17:00 &#8211; 18:00 <\/p>\n<p>Stand del Gobierno de la Ciudad de Buenos Aires<\/p>\n<p>Club de recomendadores<\/p>\n<p>Participan: Rebeca Morales y Merlin Chambi<\/p>\n<p>Organiza: Gobierno de la Ciudad de Buenos Aires<\/p>\n<p> * 18:00 &#8211; 18:50<\/p>\n<p>Auditorio Pabell\u00f3n Per\u00fa<\/p>\n<p>Presentaci\u00f3n del libro Ni\u00f1os del p\u00e1jaro azul, de Karina Pacheco<\/p>\n<p>Participan: Karina Pacheco y Jhemy Tineo<\/p>\n<p>Organiza: Penguin Random House<\/p>\n<p> * 19:00 &#8211; 19:50<\/p>\n<p>Auditorio Pabell\u00f3n Per\u00fa<\/p>\n<p>Memoria sonora: narrar y escuchar el Per\u00fa<\/p>\n<p>Participan: Teresa Ruiz Rosas y Zoila Vega Salvatierra<\/p>\n<p>Modera: Pierre Froidevaux<\/p>\n<p>#AgenciaNA<\/p>\n","protected":false},"excerpt":{"rendered":"<p>Buenos Aires, 1 mayo (NA) \u2013 Per\u00fa, pa\u00eds Invitado de<\/p>\n","protected":false},"author":0,"featured_media":19523,"comment_status":"","ping_status":"","sticky":false,"template":"","format":"standard","meta":{"footnotes":""},"categories":[65],"tags":[],"class_list":["post-19522","post","type-post","status-publish","format-standard","has-post-thumbnail","hentry","category-pais"],"yoast_head":"<!-- This site is optimized with the Yoast SEO plugin v27.5 - https:\/\/yoast.com\/product\/yoast-seo-wordpress\/ -->\n<title>Per\u00fa, invitado de honor de la Feria del Libro, presenta una gran variedad de actividades - Cuarteto en la Web<\/title>\n<meta name=\"robots\" content=\"index, follow, max-snippet:-1, max-image-preview:large, max-video-preview:-1\" \/>\n<link rel=\"canonical\" href=\"https:\/\/cuartetoenlaweb.com.ar\/sitio\/peru-invitado-de-honor-de-la-feria-del-libro-presenta-una-gran-variedad-de-actividades\/\" \/>\n<meta property=\"og:locale\" content=\"es_ES\" \/>\n<meta property=\"og:type\" content=\"article\" \/>\n<meta property=\"og:title\" content=\"Per\u00fa, invitado de honor de la Feria del Libro, presenta una gran variedad de actividades - Cuarteto en la Web\" \/>\n<meta property=\"og:description\" content=\"Buenos Aires, 1 mayo (NA) \u2013 Per\u00fa, pa\u00eds Invitado de\" \/>\n<meta property=\"og:url\" content=\"https:\/\/cuartetoenlaweb.com.ar\/sitio\/peru-invitado-de-honor-de-la-feria-del-libro-presenta-una-gran-variedad-de-actividades\/\" \/>\n<meta property=\"og:site_name\" content=\"Cuarteto en la Web\" \/>\n<meta property=\"article:published_time\" content=\"2026-05-01T12:59:46+00:00\" \/>\n<meta name=\"twitter:card\" content=\"summary_large_image\" \/>\n<meta name=\"twitter:label1\" content=\"Tiempo de lectura\" \/>\n\t<meta name=\"twitter:data1\" content=\"7 minutos\" \/>\n<script type=\"application\/ld+json\" class=\"yoast-schema-graph\">{\"@context\":\"https:\\\/\\\/schema.org\",\"@graph\":[{\"@type\":\"Article\",\"@id\":\"https:\\\/\\\/cuartetoenlaweb.com.ar\\\/sitio\\\/peru-invitado-de-honor-de-la-feria-del-libro-presenta-una-gran-variedad-de-actividades\\\/#article\",\"isPartOf\":{\"@id\":\"https:\\\/\\\/cuartetoenlaweb.com.ar\\\/sitio\\\/peru-invitado-de-honor-de-la-feria-del-libro-presenta-una-gran-variedad-de-actividades\\\/\"},\"author\":{\"name\":\"\",\"@id\":\"\"},\"headline\":\"Per\u00fa, invitado de honor de la Feria del Libro, presenta una gran variedad de actividades\",\"datePublished\":\"2026-05-01T12:59:46+00:00\",\"mainEntityOfPage\":{\"@id\":\"https:\\\/\\\/cuartetoenlaweb.com.ar\\\/sitio\\\/peru-invitado-de-honor-de-la-feria-del-libro-presenta-una-gran-variedad-de-actividades\\\/\"},\"wordCount\":1407,\"publisher\":{\"@id\":\"http:\\\/\\\/cuartetoenlaweb.com.ar\\\/sitio\\\/#organization\"},\"image\":{\"@id\":\"https:\\\/\\\/cuartetoenlaweb.com.ar\\\/sitio\\\/peru-invitado-de-honor-de-la-feria-del-libro-presenta-una-gran-variedad-de-actividades\\\/#primaryimage\"},\"thumbnailUrl\":\"http:\\\/\\\/cuartetoenlaweb.com.ar\\\/sitio\\\/wp-content\\\/uploads\\\/2026\\\/05\\\/720-10.jpeg\",\"articleSection\":[\"PAIS\"],\"inLanguage\":\"es\"},{\"@type\":\"WebPage\",\"@id\":\"https:\\\/\\\/cuartetoenlaweb.com.ar\\\/sitio\\\/peru-invitado-de-honor-de-la-feria-del-libro-presenta-una-gran-variedad-de-actividades\\\/\",\"url\":\"https:\\\/\\\/cuartetoenlaweb.com.ar\\\/sitio\\\/peru-invitado-de-honor-de-la-feria-del-libro-presenta-una-gran-variedad-de-actividades\\\/\",\"name\":\"Per\u00fa, invitado de honor de la Feria del Libro, presenta una gran variedad de actividades - Cuarteto en la Web\",\"isPartOf\":{\"@id\":\"http:\\\/\\\/cuartetoenlaweb.com.ar\\\/sitio\\\/#website\"},\"primaryImageOfPage\":{\"@id\":\"https:\\\/\\\/cuartetoenlaweb.com.ar\\\/sitio\\\/peru-invitado-de-honor-de-la-feria-del-libro-presenta-una-gran-variedad-de-actividades\\\/#primaryimage\"},\"image\":{\"@id\":\"https:\\\/\\\/cuartetoenlaweb.com.ar\\\/sitio\\\/peru-invitado-de-honor-de-la-feria-del-libro-presenta-una-gran-variedad-de-actividades\\\/#primaryimage\"},\"thumbnailUrl\":\"http:\\\/\\\/cuartetoenlaweb.com.ar\\\/sitio\\\/wp-content\\\/uploads\\\/2026\\\/05\\\/720-10.jpeg\",\"datePublished\":\"2026-05-01T12:59:46+00:00\",\"breadcrumb\":{\"@id\":\"https:\\\/\\\/cuartetoenlaweb.com.ar\\\/sitio\\\/peru-invitado-de-honor-de-la-feria-del-libro-presenta-una-gran-variedad-de-actividades\\\/#breadcrumb\"},\"inLanguage\":\"es\",\"potentialAction\":[{\"@type\":\"ReadAction\",\"target\":[\"https:\\\/\\\/cuartetoenlaweb.com.ar\\\/sitio\\\/peru-invitado-de-honor-de-la-feria-del-libro-presenta-una-gran-variedad-de-actividades\\\/\"]}]},{\"@type\":\"ImageObject\",\"inLanguage\":\"es\",\"@id\":\"https:\\\/\\\/cuartetoenlaweb.com.ar\\\/sitio\\\/peru-invitado-de-honor-de-la-feria-del-libro-presenta-una-gran-variedad-de-actividades\\\/#primaryimage\",\"url\":\"http:\\\/\\\/cuartetoenlaweb.com.ar\\\/sitio\\\/wp-content\\\/uploads\\\/2026\\\/05\\\/720-10.jpeg\",\"contentUrl\":\"http:\\\/\\\/cuartetoenlaweb.com.ar\\\/sitio\\\/wp-content\\\/uploads\\\/2026\\\/05\\\/720-10.jpeg\",\"width\":1080,\"height\":720},{\"@type\":\"BreadcrumbList\",\"@id\":\"https:\\\/\\\/cuartetoenlaweb.com.ar\\\/sitio\\\/peru-invitado-de-honor-de-la-feria-del-libro-presenta-una-gran-variedad-de-actividades\\\/#breadcrumb\",\"itemListElement\":[{\"@type\":\"ListItem\",\"position\":1,\"name\":\"Portada\",\"item\":\"http:\\\/\\\/cuartetoenlaweb.com.ar\\\/sitio\\\/\"},{\"@type\":\"ListItem\",\"position\":2,\"name\":\"Per\u00fa, invitado de honor de la Feria del Libro, presenta una gran variedad de actividades\"}]},{\"@type\":\"WebSite\",\"@id\":\"http:\\\/\\\/cuartetoenlaweb.com.ar\\\/sitio\\\/#website\",\"url\":\"http:\\\/\\\/cuartetoenlaweb.com.ar\\\/sitio\\\/\",\"name\":\"Cuarteto en la Web\",\"description\":\"\",\"publisher\":{\"@id\":\"http:\\\/\\\/cuartetoenlaweb.com.ar\\\/sitio\\\/#organization\"},\"potentialAction\":[{\"@type\":\"SearchAction\",\"target\":{\"@type\":\"EntryPoint\",\"urlTemplate\":\"http:\\\/\\\/cuartetoenlaweb.com.ar\\\/sitio\\\/?s={search_term_string}\"},\"query-input\":{\"@type\":\"PropertyValueSpecification\",\"valueRequired\":true,\"valueName\":\"search_term_string\"}}],\"inLanguage\":\"es\"},{\"@type\":\"Organization\",\"@id\":\"http:\\\/\\\/cuartetoenlaweb.com.ar\\\/sitio\\\/#organization\",\"name\":\"Cuarteto en la Web\",\"url\":\"http:\\\/\\\/cuartetoenlaweb.com.ar\\\/sitio\\\/\",\"logo\":{\"@type\":\"ImageObject\",\"inLanguage\":\"es\",\"@id\":\"http:\\\/\\\/cuartetoenlaweb.com.ar\\\/sitio\\\/#\\\/schema\\\/logo\\\/image\\\/\",\"url\":\"http:\\\/\\\/cuartetoenlaweb.com.ar\\\/sitio\\\/wp-content\\\/uploads\\\/2025\\\/07\\\/cropped-cropped-logitoweb21.png\",\"contentUrl\":\"http:\\\/\\\/cuartetoenlaweb.com.ar\\\/sitio\\\/wp-content\\\/uploads\\\/2025\\\/07\\\/cropped-cropped-logitoweb21.png\",\"width\":199,\"height\":199,\"caption\":\"Cuarteto en la Web\"},\"image\":{\"@id\":\"http:\\\/\\\/cuartetoenlaweb.com.ar\\\/sitio\\\/#\\\/schema\\\/logo\\\/image\\\/\"}}]}<\/script>\n<!-- \/ Yoast SEO plugin. -->","yoast_head_json":{"title":"Per\u00fa, invitado de honor de la Feria del Libro, presenta una gran variedad de actividades - Cuarteto en la Web","robots":{"index":"index","follow":"follow","max-snippet":"max-snippet:-1","max-image-preview":"max-image-preview:large","max-video-preview":"max-video-preview:-1"},"canonical":"https:\/\/cuartetoenlaweb.com.ar\/sitio\/peru-invitado-de-honor-de-la-feria-del-libro-presenta-una-gran-variedad-de-actividades\/","og_locale":"es_ES","og_type":"article","og_title":"Per\u00fa, invitado de honor de la Feria del Libro, presenta una gran variedad de actividades - Cuarteto en la Web","og_description":"Buenos Aires, 1 mayo (NA) \u2013 Per\u00fa, pa\u00eds Invitado de","og_url":"https:\/\/cuartetoenlaweb.com.ar\/sitio\/peru-invitado-de-honor-de-la-feria-del-libro-presenta-una-gran-variedad-de-actividades\/","og_site_name":"Cuarteto en la Web","article_published_time":"2026-05-01T12:59:46+00:00","twitter_card":"summary_large_image","twitter_misc":{"Tiempo de lectura":"7 minutos"},"schema":{"@context":"https:\/\/schema.org","@graph":[{"@type":"Article","@id":"https:\/\/cuartetoenlaweb.com.ar\/sitio\/peru-invitado-de-honor-de-la-feria-del-libro-presenta-una-gran-variedad-de-actividades\/#article","isPartOf":{"@id":"https:\/\/cuartetoenlaweb.com.ar\/sitio\/peru-invitado-de-honor-de-la-feria-del-libro-presenta-una-gran-variedad-de-actividades\/"},"author":{"name":"","@id":""},"headline":"Per\u00fa, invitado de honor de la Feria del Libro, presenta una gran variedad de actividades","datePublished":"2026-05-01T12:59:46+00:00","mainEntityOfPage":{"@id":"https:\/\/cuartetoenlaweb.com.ar\/sitio\/peru-invitado-de-honor-de-la-feria-del-libro-presenta-una-gran-variedad-de-actividades\/"},"wordCount":1407,"publisher":{"@id":"http:\/\/cuartetoenlaweb.com.ar\/sitio\/#organization"},"image":{"@id":"https:\/\/cuartetoenlaweb.com.ar\/sitio\/peru-invitado-de-honor-de-la-feria-del-libro-presenta-una-gran-variedad-de-actividades\/#primaryimage"},"thumbnailUrl":"http:\/\/cuartetoenlaweb.com.ar\/sitio\/wp-content\/uploads\/2026\/05\/720-10.jpeg","articleSection":["PAIS"],"inLanguage":"es"},{"@type":"WebPage","@id":"https:\/\/cuartetoenlaweb.com.ar\/sitio\/peru-invitado-de-honor-de-la-feria-del-libro-presenta-una-gran-variedad-de-actividades\/","url":"https:\/\/cuartetoenlaweb.com.ar\/sitio\/peru-invitado-de-honor-de-la-feria-del-libro-presenta-una-gran-variedad-de-actividades\/","name":"Per\u00fa, invitado de honor de la Feria del Libro, presenta una gran variedad de actividades - Cuarteto en la Web","isPartOf":{"@id":"http:\/\/cuartetoenlaweb.com.ar\/sitio\/#website"},"primaryImageOfPage":{"@id":"https:\/\/cuartetoenlaweb.com.ar\/sitio\/peru-invitado-de-honor-de-la-feria-del-libro-presenta-una-gran-variedad-de-actividades\/#primaryimage"},"image":{"@id":"https:\/\/cuartetoenlaweb.com.ar\/sitio\/peru-invitado-de-honor-de-la-feria-del-libro-presenta-una-gran-variedad-de-actividades\/#primaryimage"},"thumbnailUrl":"http:\/\/cuartetoenlaweb.com.ar\/sitio\/wp-content\/uploads\/2026\/05\/720-10.jpeg","datePublished":"2026-05-01T12:59:46+00:00","breadcrumb":{"@id":"https:\/\/cuartetoenlaweb.com.ar\/sitio\/peru-invitado-de-honor-de-la-feria-del-libro-presenta-una-gran-variedad-de-actividades\/#breadcrumb"},"inLanguage":"es","potentialAction":[{"@type":"ReadAction","target":["https:\/\/cuartetoenlaweb.com.ar\/sitio\/peru-invitado-de-honor-de-la-feria-del-libro-presenta-una-gran-variedad-de-actividades\/"]}]},{"@type":"ImageObject","inLanguage":"es","@id":"https:\/\/cuartetoenlaweb.com.ar\/sitio\/peru-invitado-de-honor-de-la-feria-del-libro-presenta-una-gran-variedad-de-actividades\/#primaryimage","url":"http:\/\/cuartetoenlaweb.com.ar\/sitio\/wp-content\/uploads\/2026\/05\/720-10.jpeg","contentUrl":"http:\/\/cuartetoenlaweb.com.ar\/sitio\/wp-content\/uploads\/2026\/05\/720-10.jpeg","width":1080,"height":720},{"@type":"BreadcrumbList","@id":"https:\/\/cuartetoenlaweb.com.ar\/sitio\/peru-invitado-de-honor-de-la-feria-del-libro-presenta-una-gran-variedad-de-actividades\/#breadcrumb","itemListElement":[{"@type":"ListItem","position":1,"name":"Portada","item":"http:\/\/cuartetoenlaweb.com.ar\/sitio\/"},{"@type":"ListItem","position":2,"name":"Per\u00fa, invitado de honor de la Feria del Libro, presenta una gran variedad de actividades"}]},{"@type":"WebSite","@id":"http:\/\/cuartetoenlaweb.com.ar\/sitio\/#website","url":"http:\/\/cuartetoenlaweb.com.ar\/sitio\/","name":"Cuarteto en la Web","description":"","publisher":{"@id":"http:\/\/cuartetoenlaweb.com.ar\/sitio\/#organization"},"potentialAction":[{"@type":"SearchAction","target":{"@type":"EntryPoint","urlTemplate":"http:\/\/cuartetoenlaweb.com.ar\/sitio\/?s={search_term_string}"},"query-input":{"@type":"PropertyValueSpecification","valueRequired":true,"valueName":"search_term_string"}}],"inLanguage":"es"},{"@type":"Organization","@id":"http:\/\/cuartetoenlaweb.com.ar\/sitio\/#organization","name":"Cuarteto en la Web","url":"http:\/\/cuartetoenlaweb.com.ar\/sitio\/","logo":{"@type":"ImageObject","inLanguage":"es","@id":"http:\/\/cuartetoenlaweb.com.ar\/sitio\/#\/schema\/logo\/image\/","url":"http:\/\/cuartetoenlaweb.com.ar\/sitio\/wp-content\/uploads\/2025\/07\/cropped-cropped-logitoweb21.png","contentUrl":"http:\/\/cuartetoenlaweb.com.ar\/sitio\/wp-content\/uploads\/2025\/07\/cropped-cropped-logitoweb21.png","width":199,"height":199,"caption":"Cuarteto en la Web"},"image":{"@id":"http:\/\/cuartetoenlaweb.com.ar\/sitio\/#\/schema\/logo\/image\/"}}]}},"_links":{"self":[{"href":"http:\/\/cuartetoenlaweb.com.ar\/sitio\/wp-json\/wp\/v2\/posts\/19522","targetHints":{"allow":["GET"]}}],"collection":[{"href":"http:\/\/cuartetoenlaweb.com.ar\/sitio\/wp-json\/wp\/v2\/posts"}],"about":[{"href":"http:\/\/cuartetoenlaweb.com.ar\/sitio\/wp-json\/wp\/v2\/types\/post"}],"replies":[{"embeddable":true,"href":"http:\/\/cuartetoenlaweb.com.ar\/sitio\/wp-json\/wp\/v2\/comments?post=19522"}],"version-history":[{"count":0,"href":"http:\/\/cuartetoenlaweb.com.ar\/sitio\/wp-json\/wp\/v2\/posts\/19522\/revisions"}],"wp:featuredmedia":[{"embeddable":true,"href":"http:\/\/cuartetoenlaweb.com.ar\/sitio\/wp-json\/wp\/v2\/media\/19523"}],"wp:attachment":[{"href":"http:\/\/cuartetoenlaweb.com.ar\/sitio\/wp-json\/wp\/v2\/media?parent=19522"}],"wp:term":[{"taxonomy":"category","embeddable":true,"href":"http:\/\/cuartetoenlaweb.com.ar\/sitio\/wp-json\/wp\/v2\/categories?post=19522"},{"taxonomy":"post_tag","embeddable":true,"href":"http:\/\/cuartetoenlaweb.com.ar\/sitio\/wp-json\/wp\/v2\/tags?post=19522"}],"curies":[{"name":"wp","href":"https:\/\/api.w.org\/{rel}","templated":true}]}}