
{"id":19520,"date":"2026-05-01T09:59:43","date_gmt":"2026-05-01T12:59:43","guid":{"rendered":"https:\/\/cuartetoenlaweb.com.ar\/sitio\/el-gobierno-declaro-de-interes-turistico-el-gran-premio-republica-argentina-2026\/"},"modified":"2026-05-01T09:59:43","modified_gmt":"2026-05-01T12:59:43","slug":"el-gobierno-declaro-de-interes-turistico-el-gran-premio-republica-argentina-2026","status":"publish","type":"post","link":"http:\/\/cuartetoenlaweb.com.ar\/sitio\/el-gobierno-declaro-de-interes-turistico-el-gran-premio-republica-argentina-2026\/","title":{"rendered":"El Gobierno declar\u00f3 de inter\u00e9s tur\u00edstico el Gran Premio Rep\u00fablica Argentina 2026"},"content":{"rendered":"<p>Buenos Aires, 1 mayo (NA) \u2013 El Gobierno nacional declar\u00f3 de inter\u00e9s tur\u00edstico para el evento \u00abGran Premio Rep\u00fablica Argentina\u00bb que se desarrollar\u00e1 este viernes en el Hip\u00f3dromo Palermo, en una jornada que incluye shows en vivo, feria gastron\u00f3mica y actividades para toda la familia.<\/p>\n<p>Seg\u00fan los fundamentos de la medida, este tipo de eventos permite \u00abprolongar la estad\u00eda media de los turistas y, en consecuencia, incrementar la demanda de servicios vinculados al sector\u00bb<\/p>\n<p>De acuerdo con la resoluci\u00f3n publicada en el Bolet\u00edn Oficial que proces\u00f3 Agencia Noticias Argentinas, la normativa se basa en la Ley Nacional de Turismo N\u00b0 25.997, que califica a la actividad tur\u00edstica como \u00absocioecon\u00f3mica, estrat\u00e9gica y esencial para el desarrollo del pa\u00eds\u00bb.<\/p>\n<p>La fuente oficial indica que el objetivo es cumplir con el deber de \u00abcoordinar, incentivar e impulsar las acciones para la promoci\u00f3n tur\u00edstica\u00bb tanto en el mercado interno como en el exterior.<\/p>\n<p>La edici\u00f3n de 2026 tiene una relevancia particular debido a que el Hip\u00f3dromo Palermo est\u00e1 a punto de celebrar el 150 Aniversario de su inauguraci\u00f3n, con lo cual \u00abforma parte del patrimonio deportivo, cultural y social del pa\u00eds\u00bb.<\/p>\n<p>La resoluci\u00f3n destaca que el Gran Premio es una de las competencias m\u00e1s relevantes de la regi\u00f3n y proyecta al pa\u00eds como un referente en la actividad h\u00edpica.<\/p>\n<p>Desde el punto de vista fiscal, la Direcci\u00f3n Nacional de Desarrollo y Promoci\u00f3n aval\u00f3 el reconocimiento al considerar que el evento aumentar\u00e1 la visibilidad de las distintas regiones de la Argentina.<\/p>\n<p>El documento concluye en su art\u00edculo segundo que \u00abla medida dispuesta por el art\u00edculo anterior no implica erogaci\u00f3n presupuestaria alguna para el Estado Nacional\u00bb.<\/p>\n<p>La agenda<\/p>\n<p> * Las puertas del hip\u00f3dromo se abren desde antes de mediod\u00eda y la entrada es libre y gratuita.<br \/>\n * * Festival del Asado y la Empanada con m\u00e1s de 30 food trucks.<br \/>\n * * Camino de las Provincias, un recorrido tur\u00edstico y cultural.<br \/>\n * * Tren a Partidores para vivir la largada de las carreras desde la pista y kermesse para los m\u00e1s chicos.<br \/>\n * * A las 18h, Maggie Cullen junto a la fanfarria de Granaderos.<\/p>\n<p>* A las 22h, Show en vivo de LA T Y LA M.<\/p>\n","protected":false},"excerpt":{"rendered":"<p>Buenos Aires, 1 mayo (NA) \u2013 El Gobierno nacional declar\u00f3<\/p>\n","protected":false},"author":0,"featured_media":19521,"comment_status":"","ping_status":"","sticky":false,"template":"","format":"standard","meta":{"footnotes":""},"categories":[65],"tags":[],"class_list":["post-19520","post","type-post","status-publish","format-standard","has-post-thumbnail","hentry","category-pais"],"yoast_head":"<!-- This site is optimized with the Yoast SEO plugin v27.5 - https:\/\/yoast.com\/product\/yoast-seo-wordpress\/ -->\n<title>El Gobierno declar\u00f3 de inter\u00e9s tur\u00edstico el Gran Premio Rep\u00fablica Argentina 2026 - Cuarteto en la Web<\/title>\n<meta name=\"robots\" content=\"index, follow, max-snippet:-1, max-image-preview:large, max-video-preview:-1\" \/>\n<link rel=\"canonical\" href=\"https:\/\/cuartetoenlaweb.com.ar\/sitio\/el-gobierno-declaro-de-interes-turistico-el-gran-premio-republica-argentina-2026\/\" \/>\n<meta property=\"og:locale\" content=\"es_ES\" \/>\n<meta property=\"og:type\" content=\"article\" \/>\n<meta property=\"og:title\" content=\"El Gobierno declar\u00f3 de inter\u00e9s tur\u00edstico el Gran Premio Rep\u00fablica Argentina 2026 - Cuarteto en la Web\" \/>\n<meta property=\"og:description\" content=\"Buenos Aires, 1 mayo (NA) \u2013 El Gobierno nacional declar\u00f3\" \/>\n<meta property=\"og:url\" content=\"https:\/\/cuartetoenlaweb.com.ar\/sitio\/el-gobierno-declaro-de-interes-turistico-el-gran-premio-republica-argentina-2026\/\" \/>\n<meta property=\"og:site_name\" content=\"Cuarteto en la Web\" \/>\n<meta property=\"article:published_time\" content=\"2026-05-01T12:59:43+00:00\" \/>\n<meta name=\"twitter:card\" content=\"summary_large_image\" \/>\n<meta name=\"twitter:label1\" content=\"Tiempo de lectura\" \/>\n\t<meta name=\"twitter:data1\" content=\"2 minutos\" \/>\n<script type=\"application\/ld+json\" class=\"yoast-schema-graph\">{\"@context\":\"https:\\\/\\\/schema.org\",\"@graph\":[{\"@type\":\"Article\",\"@id\":\"https:\\\/\\\/cuartetoenlaweb.com.ar\\\/sitio\\\/el-gobierno-declaro-de-interes-turistico-el-gran-premio-republica-argentina-2026\\\/#article\",\"isPartOf\":{\"@id\":\"https:\\\/\\\/cuartetoenlaweb.com.ar\\\/sitio\\\/el-gobierno-declaro-de-interes-turistico-el-gran-premio-republica-argentina-2026\\\/\"},\"author\":{\"name\":\"\",\"@id\":\"\"},\"headline\":\"El Gobierno declar\u00f3 de inter\u00e9s tur\u00edstico el Gran Premio Rep\u00fablica Argentina 2026\",\"datePublished\":\"2026-05-01T12:59:43+00:00\",\"mainEntityOfPage\":{\"@id\":\"https:\\\/\\\/cuartetoenlaweb.com.ar\\\/sitio\\\/el-gobierno-declaro-de-interes-turistico-el-gran-premio-republica-argentina-2026\\\/\"},\"wordCount\":394,\"publisher\":{\"@id\":\"http:\\\/\\\/cuartetoenlaweb.com.ar\\\/sitio\\\/#organization\"},\"image\":{\"@id\":\"https:\\\/\\\/cuartetoenlaweb.com.ar\\\/sitio\\\/el-gobierno-declaro-de-interes-turistico-el-gran-premio-republica-argentina-2026\\\/#primaryimage\"},\"thumbnailUrl\":\"http:\\\/\\\/cuartetoenlaweb.com.ar\\\/sitio\\\/wp-content\\\/uploads\\\/2026\\\/05\\\/720-9.jpeg\",\"articleSection\":[\"PAIS\"],\"inLanguage\":\"es\"},{\"@type\":\"WebPage\",\"@id\":\"https:\\\/\\\/cuartetoenlaweb.com.ar\\\/sitio\\\/el-gobierno-declaro-de-interes-turistico-el-gran-premio-republica-argentina-2026\\\/\",\"url\":\"https:\\\/\\\/cuartetoenlaweb.com.ar\\\/sitio\\\/el-gobierno-declaro-de-interes-turistico-el-gran-premio-republica-argentina-2026\\\/\",\"name\":\"El Gobierno declar\u00f3 de inter\u00e9s tur\u00edstico el Gran Premio Rep\u00fablica Argentina 2026 - Cuarteto en la Web\",\"isPartOf\":{\"@id\":\"http:\\\/\\\/cuartetoenlaweb.com.ar\\\/sitio\\\/#website\"},\"primaryImageOfPage\":{\"@id\":\"https:\\\/\\\/cuartetoenlaweb.com.ar\\\/sitio\\\/el-gobierno-declaro-de-interes-turistico-el-gran-premio-republica-argentina-2026\\\/#primaryimage\"},\"image\":{\"@id\":\"https:\\\/\\\/cuartetoenlaweb.com.ar\\\/sitio\\\/el-gobierno-declaro-de-interes-turistico-el-gran-premio-republica-argentina-2026\\\/#primaryimage\"},\"thumbnailUrl\":\"http:\\\/\\\/cuartetoenlaweb.com.ar\\\/sitio\\\/wp-content\\\/uploads\\\/2026\\\/05\\\/720-9.jpeg\",\"datePublished\":\"2026-05-01T12:59:43+00:00\",\"breadcrumb\":{\"@id\":\"https:\\\/\\\/cuartetoenlaweb.com.ar\\\/sitio\\\/el-gobierno-declaro-de-interes-turistico-el-gran-premio-republica-argentina-2026\\\/#breadcrumb\"},\"inLanguage\":\"es\",\"potentialAction\":[{\"@type\":\"ReadAction\",\"target\":[\"https:\\\/\\\/cuartetoenlaweb.com.ar\\\/sitio\\\/el-gobierno-declaro-de-interes-turistico-el-gran-premio-republica-argentina-2026\\\/\"]}]},{\"@type\":\"ImageObject\",\"inLanguage\":\"es\",\"@id\":\"https:\\\/\\\/cuartetoenlaweb.com.ar\\\/sitio\\\/el-gobierno-declaro-de-interes-turistico-el-gran-premio-republica-argentina-2026\\\/#primaryimage\",\"url\":\"http:\\\/\\\/cuartetoenlaweb.com.ar\\\/sitio\\\/wp-content\\\/uploads\\\/2026\\\/05\\\/720-9.jpeg\",\"contentUrl\":\"http:\\\/\\\/cuartetoenlaweb.com.ar\\\/sitio\\\/wp-content\\\/uploads\\\/2026\\\/05\\\/720-9.jpeg\",\"width\":1280,\"height\":611},{\"@type\":\"BreadcrumbList\",\"@id\":\"https:\\\/\\\/cuartetoenlaweb.com.ar\\\/sitio\\\/el-gobierno-declaro-de-interes-turistico-el-gran-premio-republica-argentina-2026\\\/#breadcrumb\",\"itemListElement\":[{\"@type\":\"ListItem\",\"position\":1,\"name\":\"Portada\",\"item\":\"http:\\\/\\\/cuartetoenlaweb.com.ar\\\/sitio\\\/\"},{\"@type\":\"ListItem\",\"position\":2,\"name\":\"El Gobierno declar\u00f3 de inter\u00e9s tur\u00edstico el Gran Premio Rep\u00fablica Argentina 2026\"}]},{\"@type\":\"WebSite\",\"@id\":\"http:\\\/\\\/cuartetoenlaweb.com.ar\\\/sitio\\\/#website\",\"url\":\"http:\\\/\\\/cuartetoenlaweb.com.ar\\\/sitio\\\/\",\"name\":\"Cuarteto en la Web\",\"description\":\"\",\"publisher\":{\"@id\":\"http:\\\/\\\/cuartetoenlaweb.com.ar\\\/sitio\\\/#organization\"},\"potentialAction\":[{\"@type\":\"SearchAction\",\"target\":{\"@type\":\"EntryPoint\",\"urlTemplate\":\"http:\\\/\\\/cuartetoenlaweb.com.ar\\\/sitio\\\/?s={search_term_string}\"},\"query-input\":{\"@type\":\"PropertyValueSpecification\",\"valueRequired\":true,\"valueName\":\"search_term_string\"}}],\"inLanguage\":\"es\"},{\"@type\":\"Organization\",\"@id\":\"http:\\\/\\\/cuartetoenlaweb.com.ar\\\/sitio\\\/#organization\",\"name\":\"Cuarteto en la Web\",\"url\":\"http:\\\/\\\/cuartetoenlaweb.com.ar\\\/sitio\\\/\",\"logo\":{\"@type\":\"ImageObject\",\"inLanguage\":\"es\",\"@id\":\"http:\\\/\\\/cuartetoenlaweb.com.ar\\\/sitio\\\/#\\\/schema\\\/logo\\\/image\\\/\",\"url\":\"http:\\\/\\\/cuartetoenlaweb.com.ar\\\/sitio\\\/wp-content\\\/uploads\\\/2025\\\/07\\\/cropped-cropped-logitoweb21.png\",\"contentUrl\":\"http:\\\/\\\/cuartetoenlaweb.com.ar\\\/sitio\\\/wp-content\\\/uploads\\\/2025\\\/07\\\/cropped-cropped-logitoweb21.png\",\"width\":199,\"height\":199,\"caption\":\"Cuarteto en la Web\"},\"image\":{\"@id\":\"http:\\\/\\\/cuartetoenlaweb.com.ar\\\/sitio\\\/#\\\/schema\\\/logo\\\/image\\\/\"}}]}<\/script>\n<!-- \/ Yoast SEO plugin. -->","yoast_head_json":{"title":"El Gobierno declar\u00f3 de inter\u00e9s tur\u00edstico el Gran Premio Rep\u00fablica Argentina 2026 - Cuarteto en la Web","robots":{"index":"index","follow":"follow","max-snippet":"max-snippet:-1","max-image-preview":"max-image-preview:large","max-video-preview":"max-video-preview:-1"},"canonical":"https:\/\/cuartetoenlaweb.com.ar\/sitio\/el-gobierno-declaro-de-interes-turistico-el-gran-premio-republica-argentina-2026\/","og_locale":"es_ES","og_type":"article","og_title":"El Gobierno declar\u00f3 de inter\u00e9s tur\u00edstico el Gran Premio Rep\u00fablica Argentina 2026 - Cuarteto en la Web","og_description":"Buenos Aires, 1 mayo (NA) \u2013 El Gobierno nacional declar\u00f3","og_url":"https:\/\/cuartetoenlaweb.com.ar\/sitio\/el-gobierno-declaro-de-interes-turistico-el-gran-premio-republica-argentina-2026\/","og_site_name":"Cuarteto en la Web","article_published_time":"2026-05-01T12:59:43+00:00","twitter_card":"summary_large_image","twitter_misc":{"Tiempo de lectura":"2 minutos"},"schema":{"@context":"https:\/\/schema.org","@graph":[{"@type":"Article","@id":"https:\/\/cuartetoenlaweb.com.ar\/sitio\/el-gobierno-declaro-de-interes-turistico-el-gran-premio-republica-argentina-2026\/#article","isPartOf":{"@id":"https:\/\/cuartetoenlaweb.com.ar\/sitio\/el-gobierno-declaro-de-interes-turistico-el-gran-premio-republica-argentina-2026\/"},"author":{"name":"","@id":""},"headline":"El Gobierno declar\u00f3 de inter\u00e9s tur\u00edstico el Gran Premio Rep\u00fablica Argentina 2026","datePublished":"2026-05-01T12:59:43+00:00","mainEntityOfPage":{"@id":"https:\/\/cuartetoenlaweb.com.ar\/sitio\/el-gobierno-declaro-de-interes-turistico-el-gran-premio-republica-argentina-2026\/"},"wordCount":394,"publisher":{"@id":"http:\/\/cuartetoenlaweb.com.ar\/sitio\/#organization"},"image":{"@id":"https:\/\/cuartetoenlaweb.com.ar\/sitio\/el-gobierno-declaro-de-interes-turistico-el-gran-premio-republica-argentina-2026\/#primaryimage"},"thumbnailUrl":"http:\/\/cuartetoenlaweb.com.ar\/sitio\/wp-content\/uploads\/2026\/05\/720-9.jpeg","articleSection":["PAIS"],"inLanguage":"es"},{"@type":"WebPage","@id":"https:\/\/cuartetoenlaweb.com.ar\/sitio\/el-gobierno-declaro-de-interes-turistico-el-gran-premio-republica-argentina-2026\/","url":"https:\/\/cuartetoenlaweb.com.ar\/sitio\/el-gobierno-declaro-de-interes-turistico-el-gran-premio-republica-argentina-2026\/","name":"El Gobierno declar\u00f3 de inter\u00e9s tur\u00edstico el Gran Premio Rep\u00fablica Argentina 2026 - Cuarteto en la Web","isPartOf":{"@id":"http:\/\/cuartetoenlaweb.com.ar\/sitio\/#website"},"primaryImageOfPage":{"@id":"https:\/\/cuartetoenlaweb.com.ar\/sitio\/el-gobierno-declaro-de-interes-turistico-el-gran-premio-republica-argentina-2026\/#primaryimage"},"image":{"@id":"https:\/\/cuartetoenlaweb.com.ar\/sitio\/el-gobierno-declaro-de-interes-turistico-el-gran-premio-republica-argentina-2026\/#primaryimage"},"thumbnailUrl":"http:\/\/cuartetoenlaweb.com.ar\/sitio\/wp-content\/uploads\/2026\/05\/720-9.jpeg","datePublished":"2026-05-01T12:59:43+00:00","breadcrumb":{"@id":"https:\/\/cuartetoenlaweb.com.ar\/sitio\/el-gobierno-declaro-de-interes-turistico-el-gran-premio-republica-argentina-2026\/#breadcrumb"},"inLanguage":"es","potentialAction":[{"@type":"ReadAction","target":["https:\/\/cuartetoenlaweb.com.ar\/sitio\/el-gobierno-declaro-de-interes-turistico-el-gran-premio-republica-argentina-2026\/"]}]},{"@type":"ImageObject","inLanguage":"es","@id":"https:\/\/cuartetoenlaweb.com.ar\/sitio\/el-gobierno-declaro-de-interes-turistico-el-gran-premio-republica-argentina-2026\/#primaryimage","url":"http:\/\/cuartetoenlaweb.com.ar\/sitio\/wp-content\/uploads\/2026\/05\/720-9.jpeg","contentUrl":"http:\/\/cuartetoenlaweb.com.ar\/sitio\/wp-content\/uploads\/2026\/05\/720-9.jpeg","width":1280,"height":611},{"@type":"BreadcrumbList","@id":"https:\/\/cuartetoenlaweb.com.ar\/sitio\/el-gobierno-declaro-de-interes-turistico-el-gran-premio-republica-argentina-2026\/#breadcrumb","itemListElement":[{"@type":"ListItem","position":1,"name":"Portada","item":"http:\/\/cuartetoenlaweb.com.ar\/sitio\/"},{"@type":"ListItem","position":2,"name":"El Gobierno declar\u00f3 de inter\u00e9s tur\u00edstico el Gran Premio Rep\u00fablica Argentina 2026"}]},{"@type":"WebSite","@id":"http:\/\/cuartetoenlaweb.com.ar\/sitio\/#website","url":"http:\/\/cuartetoenlaweb.com.ar\/sitio\/","name":"Cuarteto en la Web","description":"","publisher":{"@id":"http:\/\/cuartetoenlaweb.com.ar\/sitio\/#organization"},"potentialAction":[{"@type":"SearchAction","target":{"@type":"EntryPoint","urlTemplate":"http:\/\/cuartetoenlaweb.com.ar\/sitio\/?s={search_term_string}"},"query-input":{"@type":"PropertyValueSpecification","valueRequired":true,"valueName":"search_term_string"}}],"inLanguage":"es"},{"@type":"Organization","@id":"http:\/\/cuartetoenlaweb.com.ar\/sitio\/#organization","name":"Cuarteto en la Web","url":"http:\/\/cuartetoenlaweb.com.ar\/sitio\/","logo":{"@type":"ImageObject","inLanguage":"es","@id":"http:\/\/cuartetoenlaweb.com.ar\/sitio\/#\/schema\/logo\/image\/","url":"http:\/\/cuartetoenlaweb.com.ar\/sitio\/wp-content\/uploads\/2025\/07\/cropped-cropped-logitoweb21.png","contentUrl":"http:\/\/cuartetoenlaweb.com.ar\/sitio\/wp-content\/uploads\/2025\/07\/cropped-cropped-logitoweb21.png","width":199,"height":199,"caption":"Cuarteto en la Web"},"image":{"@id":"http:\/\/cuartetoenlaweb.com.ar\/sitio\/#\/schema\/logo\/image\/"}}]}},"_links":{"self":[{"href":"http:\/\/cuartetoenlaweb.com.ar\/sitio\/wp-json\/wp\/v2\/posts\/19520","targetHints":{"allow":["GET"]}}],"collection":[{"href":"http:\/\/cuartetoenlaweb.com.ar\/sitio\/wp-json\/wp\/v2\/posts"}],"about":[{"href":"http:\/\/cuartetoenlaweb.com.ar\/sitio\/wp-json\/wp\/v2\/types\/post"}],"replies":[{"embeddable":true,"href":"http:\/\/cuartetoenlaweb.com.ar\/sitio\/wp-json\/wp\/v2\/comments?post=19520"}],"version-history":[{"count":0,"href":"http:\/\/cuartetoenlaweb.com.ar\/sitio\/wp-json\/wp\/v2\/posts\/19520\/revisions"}],"wp:featuredmedia":[{"embeddable":true,"href":"http:\/\/cuartetoenlaweb.com.ar\/sitio\/wp-json\/wp\/v2\/media\/19521"}],"wp:attachment":[{"href":"http:\/\/cuartetoenlaweb.com.ar\/sitio\/wp-json\/wp\/v2\/media?parent=19520"}],"wp:term":[{"taxonomy":"category","embeddable":true,"href":"http:\/\/cuartetoenlaweb.com.ar\/sitio\/wp-json\/wp\/v2\/categories?post=19520"},{"taxonomy":"post_tag","embeddable":true,"href":"http:\/\/cuartetoenlaweb.com.ar\/sitio\/wp-json\/wp\/v2\/tags?post=19520"}],"curies":[{"name":"wp","href":"https:\/\/api.w.org\/{rel}","templated":true}]}}