
{"id":19518,"date":"2026-05-01T09:59:42","date_gmt":"2026-05-01T12:59:42","guid":{"rendered":"https:\/\/cuartetoenlaweb.com.ar\/sitio\/crimen-en-la-plata-un-joven-murio-apunalado-tras-una-discusion\/"},"modified":"2026-05-01T09:59:42","modified_gmt":"2026-05-01T12:59:42","slug":"crimen-en-la-plata-un-joven-murio-apunalado-tras-una-discusion","status":"publish","type":"post","link":"http:\/\/cuartetoenlaweb.com.ar\/sitio\/crimen-en-la-plata-un-joven-murio-apunalado-tras-una-discusion\/","title":{"rendered":"Crimen en La Plata: un joven muri\u00f3 apu\u00f1alado tras una discusi\u00f3n"},"content":{"rendered":"<p>Buenos Aires, 1\u00b0 mayo (NA) \u2013 Un joven muri\u00f3 apu\u00f1alado en la madrugada de este viernes en la ciudad de La Plata y fuentes del caso le confirmaron a la Agencia Noticias Argentinas que se trat\u00f3 de \u201cuna pelea de borrachos\u201d.<\/p>\n<p>El episodio ocurri\u00f3 alrededor de las 4:15 en 72 bis entre 142 bis y 143, a metros de la megatoma, en el barrio de Los Hornos, cuando Luis Alberto Cardozo Cubilla, de 31 a\u00f1os, fue asesinado de una pu\u00f1alada tras una discusi\u00f3n en plena calle.<\/p>\n<p>De acuerdo a las primeras averiguaciones y testimonios recabados en el lugar, tanto la v\u00edctima como el agresor se encontraban consumiendo bebidas alcoh\u00f3licas en la vereda junto a otras personas, cuando se desat\u00f3 una discusi\u00f3n que termin\u00f3 de manera fatal.<\/p>\n<p>Pese al r\u00e1pido accionar, se supo que Cubilla ingres\u00f3 sin vida a la Unidad de Pronta Atenci\u00f3n de Los Hornos con una herida de arma blanca en el abdomen.<\/p>\n<p>El autor del ataque fue identificado como Pablo Alexis Ayala, de 22 a\u00f1os, quien tras apu\u00f1alar a la v\u00edctima se dio a la fuga. Sin embargo, fue r\u00e1pidamente localizado y detenido por la Polic\u00eda, siendo trasladado a la Comisar\u00eda Tercera.<\/p>\n<p>Fuentes del caso indicaron a este medio que entre Cubilla y Ayala no exist\u00eda ning\u00fan v\u00ednculo familiar.<\/p>\n<p>La causa qued\u00f3 en manos de la UFI N\u00b08 de La Plata, a cargo del fiscal Mart\u00edn Almir\u00f3n, quien dispuso la realizaci\u00f3n de pericias, la incautaci\u00f3n del arma blanca \u2014que hasta el momento no fue hallada\u2014 y la presentaci\u00f3n del detenido en sede judicial durante la ma\u00f1ana para su indagatoria. En las primeras horas de este viernes, peritos de Cient\u00edfica trabajaban en el lugar. #AgenciaNA<\/p>\n","protected":false},"excerpt":{"rendered":"<p>Buenos Aires, 1\u00b0 mayo (NA) \u2013 Un joven muri\u00f3 apu\u00f1alado<\/p>\n","protected":false},"author":0,"featured_media":19519,"comment_status":"","ping_status":"","sticky":false,"template":"","format":"standard","meta":{"footnotes":""},"categories":[65],"tags":[],"class_list":["post-19518","post","type-post","status-publish","format-standard","has-post-thumbnail","hentry","category-pais"],"yoast_head":"<!-- This site is optimized with the Yoast SEO plugin v27.5 - https:\/\/yoast.com\/product\/yoast-seo-wordpress\/ -->\n<title>Crimen en La Plata: un joven muri\u00f3 apu\u00f1alado tras una discusi\u00f3n - Cuarteto en la Web<\/title>\n<meta name=\"robots\" content=\"index, follow, max-snippet:-1, max-image-preview:large, max-video-preview:-1\" \/>\n<link rel=\"canonical\" href=\"https:\/\/cuartetoenlaweb.com.ar\/sitio\/crimen-en-la-plata-un-joven-murio-apunalado-tras-una-discusion\/\" \/>\n<meta property=\"og:locale\" content=\"es_ES\" \/>\n<meta property=\"og:type\" content=\"article\" \/>\n<meta property=\"og:title\" content=\"Crimen en La Plata: un joven muri\u00f3 apu\u00f1alado tras una discusi\u00f3n - Cuarteto en la Web\" \/>\n<meta property=\"og:description\" content=\"Buenos Aires, 1\u00b0 mayo (NA) \u2013 Un joven muri\u00f3 apu\u00f1alado\" \/>\n<meta property=\"og:url\" content=\"https:\/\/cuartetoenlaweb.com.ar\/sitio\/crimen-en-la-plata-un-joven-murio-apunalado-tras-una-discusion\/\" \/>\n<meta property=\"og:site_name\" content=\"Cuarteto en la Web\" \/>\n<meta property=\"article:published_time\" content=\"2026-05-01T12:59:42+00:00\" \/>\n<meta name=\"twitter:card\" content=\"summary_large_image\" \/>\n<meta name=\"twitter:label1\" content=\"Tiempo de lectura\" \/>\n\t<meta name=\"twitter:data1\" content=\"1 minuto\" \/>\n<script type=\"application\/ld+json\" class=\"yoast-schema-graph\">{\"@context\":\"https:\\\/\\\/schema.org\",\"@graph\":[{\"@type\":\"Article\",\"@id\":\"https:\\\/\\\/cuartetoenlaweb.com.ar\\\/sitio\\\/crimen-en-la-plata-un-joven-murio-apunalado-tras-una-discusion\\\/#article\",\"isPartOf\":{\"@id\":\"https:\\\/\\\/cuartetoenlaweb.com.ar\\\/sitio\\\/crimen-en-la-plata-un-joven-murio-apunalado-tras-una-discusion\\\/\"},\"author\":{\"name\":\"\",\"@id\":\"\"},\"headline\":\"Crimen en La Plata: un joven muri\u00f3 apu\u00f1alado tras una discusi\u00f3n\",\"datePublished\":\"2026-05-01T12:59:42+00:00\",\"mainEntityOfPage\":{\"@id\":\"https:\\\/\\\/cuartetoenlaweb.com.ar\\\/sitio\\\/crimen-en-la-plata-un-joven-murio-apunalado-tras-una-discusion\\\/\"},\"wordCount\":307,\"publisher\":{\"@id\":\"http:\\\/\\\/cuartetoenlaweb.com.ar\\\/sitio\\\/#organization\"},\"image\":{\"@id\":\"https:\\\/\\\/cuartetoenlaweb.com.ar\\\/sitio\\\/crimen-en-la-plata-un-joven-murio-apunalado-tras-una-discusion\\\/#primaryimage\"},\"thumbnailUrl\":\"http:\\\/\\\/cuartetoenlaweb.com.ar\\\/sitio\\\/wp-content\\\/uploads\\\/2026\\\/05\\\/720-8.jpeg\",\"articleSection\":[\"PAIS\"],\"inLanguage\":\"es\"},{\"@type\":\"WebPage\",\"@id\":\"https:\\\/\\\/cuartetoenlaweb.com.ar\\\/sitio\\\/crimen-en-la-plata-un-joven-murio-apunalado-tras-una-discusion\\\/\",\"url\":\"https:\\\/\\\/cuartetoenlaweb.com.ar\\\/sitio\\\/crimen-en-la-plata-un-joven-murio-apunalado-tras-una-discusion\\\/\",\"name\":\"Crimen en La Plata: un joven muri\u00f3 apu\u00f1alado tras una discusi\u00f3n - Cuarteto en la Web\",\"isPartOf\":{\"@id\":\"http:\\\/\\\/cuartetoenlaweb.com.ar\\\/sitio\\\/#website\"},\"primaryImageOfPage\":{\"@id\":\"https:\\\/\\\/cuartetoenlaweb.com.ar\\\/sitio\\\/crimen-en-la-plata-un-joven-murio-apunalado-tras-una-discusion\\\/#primaryimage\"},\"image\":{\"@id\":\"https:\\\/\\\/cuartetoenlaweb.com.ar\\\/sitio\\\/crimen-en-la-plata-un-joven-murio-apunalado-tras-una-discusion\\\/#primaryimage\"},\"thumbnailUrl\":\"http:\\\/\\\/cuartetoenlaweb.com.ar\\\/sitio\\\/wp-content\\\/uploads\\\/2026\\\/05\\\/720-8.jpeg\",\"datePublished\":\"2026-05-01T12:59:42+00:00\",\"breadcrumb\":{\"@id\":\"https:\\\/\\\/cuartetoenlaweb.com.ar\\\/sitio\\\/crimen-en-la-plata-un-joven-murio-apunalado-tras-una-discusion\\\/#breadcrumb\"},\"inLanguage\":\"es\",\"potentialAction\":[{\"@type\":\"ReadAction\",\"target\":[\"https:\\\/\\\/cuartetoenlaweb.com.ar\\\/sitio\\\/crimen-en-la-plata-un-joven-murio-apunalado-tras-una-discusion\\\/\"]}]},{\"@type\":\"ImageObject\",\"inLanguage\":\"es\",\"@id\":\"https:\\\/\\\/cuartetoenlaweb.com.ar\\\/sitio\\\/crimen-en-la-plata-un-joven-murio-apunalado-tras-una-discusion\\\/#primaryimage\",\"url\":\"http:\\\/\\\/cuartetoenlaweb.com.ar\\\/sitio\\\/wp-content\\\/uploads\\\/2026\\\/05\\\/720-8.jpeg\",\"contentUrl\":\"http:\\\/\\\/cuartetoenlaweb.com.ar\\\/sitio\\\/wp-content\\\/uploads\\\/2026\\\/05\\\/720-8.jpeg\",\"width\":332,\"height\":720},{\"@type\":\"BreadcrumbList\",\"@id\":\"https:\\\/\\\/cuartetoenlaweb.com.ar\\\/sitio\\\/crimen-en-la-plata-un-joven-murio-apunalado-tras-una-discusion\\\/#breadcrumb\",\"itemListElement\":[{\"@type\":\"ListItem\",\"position\":1,\"name\":\"Portada\",\"item\":\"http:\\\/\\\/cuartetoenlaweb.com.ar\\\/sitio\\\/\"},{\"@type\":\"ListItem\",\"position\":2,\"name\":\"Crimen en La Plata: un joven muri\u00f3 apu\u00f1alado tras una discusi\u00f3n\"}]},{\"@type\":\"WebSite\",\"@id\":\"http:\\\/\\\/cuartetoenlaweb.com.ar\\\/sitio\\\/#website\",\"url\":\"http:\\\/\\\/cuartetoenlaweb.com.ar\\\/sitio\\\/\",\"name\":\"Cuarteto en la Web\",\"description\":\"\",\"publisher\":{\"@id\":\"http:\\\/\\\/cuartetoenlaweb.com.ar\\\/sitio\\\/#organization\"},\"potentialAction\":[{\"@type\":\"SearchAction\",\"target\":{\"@type\":\"EntryPoint\",\"urlTemplate\":\"http:\\\/\\\/cuartetoenlaweb.com.ar\\\/sitio\\\/?s={search_term_string}\"},\"query-input\":{\"@type\":\"PropertyValueSpecification\",\"valueRequired\":true,\"valueName\":\"search_term_string\"}}],\"inLanguage\":\"es\"},{\"@type\":\"Organization\",\"@id\":\"http:\\\/\\\/cuartetoenlaweb.com.ar\\\/sitio\\\/#organization\",\"name\":\"Cuarteto en la Web\",\"url\":\"http:\\\/\\\/cuartetoenlaweb.com.ar\\\/sitio\\\/\",\"logo\":{\"@type\":\"ImageObject\",\"inLanguage\":\"es\",\"@id\":\"http:\\\/\\\/cuartetoenlaweb.com.ar\\\/sitio\\\/#\\\/schema\\\/logo\\\/image\\\/\",\"url\":\"http:\\\/\\\/cuartetoenlaweb.com.ar\\\/sitio\\\/wp-content\\\/uploads\\\/2025\\\/07\\\/cropped-cropped-logitoweb21.png\",\"contentUrl\":\"http:\\\/\\\/cuartetoenlaweb.com.ar\\\/sitio\\\/wp-content\\\/uploads\\\/2025\\\/07\\\/cropped-cropped-logitoweb21.png\",\"width\":199,\"height\":199,\"caption\":\"Cuarteto en la Web\"},\"image\":{\"@id\":\"http:\\\/\\\/cuartetoenlaweb.com.ar\\\/sitio\\\/#\\\/schema\\\/logo\\\/image\\\/\"}}]}<\/script>\n<!-- \/ Yoast SEO plugin. -->","yoast_head_json":{"title":"Crimen en La Plata: un joven muri\u00f3 apu\u00f1alado tras una discusi\u00f3n - Cuarteto en la Web","robots":{"index":"index","follow":"follow","max-snippet":"max-snippet:-1","max-image-preview":"max-image-preview:large","max-video-preview":"max-video-preview:-1"},"canonical":"https:\/\/cuartetoenlaweb.com.ar\/sitio\/crimen-en-la-plata-un-joven-murio-apunalado-tras-una-discusion\/","og_locale":"es_ES","og_type":"article","og_title":"Crimen en La Plata: un joven muri\u00f3 apu\u00f1alado tras una discusi\u00f3n - Cuarteto en la Web","og_description":"Buenos Aires, 1\u00b0 mayo (NA) \u2013 Un joven muri\u00f3 apu\u00f1alado","og_url":"https:\/\/cuartetoenlaweb.com.ar\/sitio\/crimen-en-la-plata-un-joven-murio-apunalado-tras-una-discusion\/","og_site_name":"Cuarteto en la Web","article_published_time":"2026-05-01T12:59:42+00:00","twitter_card":"summary_large_image","twitter_misc":{"Tiempo de lectura":"1 minuto"},"schema":{"@context":"https:\/\/schema.org","@graph":[{"@type":"Article","@id":"https:\/\/cuartetoenlaweb.com.ar\/sitio\/crimen-en-la-plata-un-joven-murio-apunalado-tras-una-discusion\/#article","isPartOf":{"@id":"https:\/\/cuartetoenlaweb.com.ar\/sitio\/crimen-en-la-plata-un-joven-murio-apunalado-tras-una-discusion\/"},"author":{"name":"","@id":""},"headline":"Crimen en La Plata: un joven muri\u00f3 apu\u00f1alado tras una discusi\u00f3n","datePublished":"2026-05-01T12:59:42+00:00","mainEntityOfPage":{"@id":"https:\/\/cuartetoenlaweb.com.ar\/sitio\/crimen-en-la-plata-un-joven-murio-apunalado-tras-una-discusion\/"},"wordCount":307,"publisher":{"@id":"http:\/\/cuartetoenlaweb.com.ar\/sitio\/#organization"},"image":{"@id":"https:\/\/cuartetoenlaweb.com.ar\/sitio\/crimen-en-la-plata-un-joven-murio-apunalado-tras-una-discusion\/#primaryimage"},"thumbnailUrl":"http:\/\/cuartetoenlaweb.com.ar\/sitio\/wp-content\/uploads\/2026\/05\/720-8.jpeg","articleSection":["PAIS"],"inLanguage":"es"},{"@type":"WebPage","@id":"https:\/\/cuartetoenlaweb.com.ar\/sitio\/crimen-en-la-plata-un-joven-murio-apunalado-tras-una-discusion\/","url":"https:\/\/cuartetoenlaweb.com.ar\/sitio\/crimen-en-la-plata-un-joven-murio-apunalado-tras-una-discusion\/","name":"Crimen en La Plata: un joven muri\u00f3 apu\u00f1alado tras una discusi\u00f3n - Cuarteto en la Web","isPartOf":{"@id":"http:\/\/cuartetoenlaweb.com.ar\/sitio\/#website"},"primaryImageOfPage":{"@id":"https:\/\/cuartetoenlaweb.com.ar\/sitio\/crimen-en-la-plata-un-joven-murio-apunalado-tras-una-discusion\/#primaryimage"},"image":{"@id":"https:\/\/cuartetoenlaweb.com.ar\/sitio\/crimen-en-la-plata-un-joven-murio-apunalado-tras-una-discusion\/#primaryimage"},"thumbnailUrl":"http:\/\/cuartetoenlaweb.com.ar\/sitio\/wp-content\/uploads\/2026\/05\/720-8.jpeg","datePublished":"2026-05-01T12:59:42+00:00","breadcrumb":{"@id":"https:\/\/cuartetoenlaweb.com.ar\/sitio\/crimen-en-la-plata-un-joven-murio-apunalado-tras-una-discusion\/#breadcrumb"},"inLanguage":"es","potentialAction":[{"@type":"ReadAction","target":["https:\/\/cuartetoenlaweb.com.ar\/sitio\/crimen-en-la-plata-un-joven-murio-apunalado-tras-una-discusion\/"]}]},{"@type":"ImageObject","inLanguage":"es","@id":"https:\/\/cuartetoenlaweb.com.ar\/sitio\/crimen-en-la-plata-un-joven-murio-apunalado-tras-una-discusion\/#primaryimage","url":"http:\/\/cuartetoenlaweb.com.ar\/sitio\/wp-content\/uploads\/2026\/05\/720-8.jpeg","contentUrl":"http:\/\/cuartetoenlaweb.com.ar\/sitio\/wp-content\/uploads\/2026\/05\/720-8.jpeg","width":332,"height":720},{"@type":"BreadcrumbList","@id":"https:\/\/cuartetoenlaweb.com.ar\/sitio\/crimen-en-la-plata-un-joven-murio-apunalado-tras-una-discusion\/#breadcrumb","itemListElement":[{"@type":"ListItem","position":1,"name":"Portada","item":"http:\/\/cuartetoenlaweb.com.ar\/sitio\/"},{"@type":"ListItem","position":2,"name":"Crimen en La Plata: un joven muri\u00f3 apu\u00f1alado tras una discusi\u00f3n"}]},{"@type":"WebSite","@id":"http:\/\/cuartetoenlaweb.com.ar\/sitio\/#website","url":"http:\/\/cuartetoenlaweb.com.ar\/sitio\/","name":"Cuarteto en la Web","description":"","publisher":{"@id":"http:\/\/cuartetoenlaweb.com.ar\/sitio\/#organization"},"potentialAction":[{"@type":"SearchAction","target":{"@type":"EntryPoint","urlTemplate":"http:\/\/cuartetoenlaweb.com.ar\/sitio\/?s={search_term_string}"},"query-input":{"@type":"PropertyValueSpecification","valueRequired":true,"valueName":"search_term_string"}}],"inLanguage":"es"},{"@type":"Organization","@id":"http:\/\/cuartetoenlaweb.com.ar\/sitio\/#organization","name":"Cuarteto en la Web","url":"http:\/\/cuartetoenlaweb.com.ar\/sitio\/","logo":{"@type":"ImageObject","inLanguage":"es","@id":"http:\/\/cuartetoenlaweb.com.ar\/sitio\/#\/schema\/logo\/image\/","url":"http:\/\/cuartetoenlaweb.com.ar\/sitio\/wp-content\/uploads\/2025\/07\/cropped-cropped-logitoweb21.png","contentUrl":"http:\/\/cuartetoenlaweb.com.ar\/sitio\/wp-content\/uploads\/2025\/07\/cropped-cropped-logitoweb21.png","width":199,"height":199,"caption":"Cuarteto en la Web"},"image":{"@id":"http:\/\/cuartetoenlaweb.com.ar\/sitio\/#\/schema\/logo\/image\/"}}]}},"_links":{"self":[{"href":"http:\/\/cuartetoenlaweb.com.ar\/sitio\/wp-json\/wp\/v2\/posts\/19518","targetHints":{"allow":["GET"]}}],"collection":[{"href":"http:\/\/cuartetoenlaweb.com.ar\/sitio\/wp-json\/wp\/v2\/posts"}],"about":[{"href":"http:\/\/cuartetoenlaweb.com.ar\/sitio\/wp-json\/wp\/v2\/types\/post"}],"replies":[{"embeddable":true,"href":"http:\/\/cuartetoenlaweb.com.ar\/sitio\/wp-json\/wp\/v2\/comments?post=19518"}],"version-history":[{"count":0,"href":"http:\/\/cuartetoenlaweb.com.ar\/sitio\/wp-json\/wp\/v2\/posts\/19518\/revisions"}],"wp:featuredmedia":[{"embeddable":true,"href":"http:\/\/cuartetoenlaweb.com.ar\/sitio\/wp-json\/wp\/v2\/media\/19519"}],"wp:attachment":[{"href":"http:\/\/cuartetoenlaweb.com.ar\/sitio\/wp-json\/wp\/v2\/media?parent=19518"}],"wp:term":[{"taxonomy":"category","embeddable":true,"href":"http:\/\/cuartetoenlaweb.com.ar\/sitio\/wp-json\/wp\/v2\/categories?post=19518"},{"taxonomy":"post_tag","embeddable":true,"href":"http:\/\/cuartetoenlaweb.com.ar\/sitio\/wp-json\/wp\/v2\/tags?post=19518"}],"curies":[{"name":"wp","href":"https:\/\/api.w.org\/{rel}","templated":true}]}}