
{"id":19484,"date":"2026-05-01T05:00:30","date_gmt":"2026-05-01T08:00:30","guid":{"rendered":"https:\/\/cuartetoenlaweb.com.ar\/sitio\/otra-denuncia-para-adorni-su-esposa-uso-la-custodia-presidencial-para-salidas-nocturnas\/"},"modified":"2026-05-01T05:00:30","modified_gmt":"2026-05-01T08:00:30","slug":"otra-denuncia-para-adorni-su-esposa-uso-la-custodia-presidencial-para-salidas-nocturnas","status":"publish","type":"post","link":"http:\/\/cuartetoenlaweb.com.ar\/sitio\/otra-denuncia-para-adorni-su-esposa-uso-la-custodia-presidencial-para-salidas-nocturnas\/","title":{"rendered":"Otra denuncia para Adorni: su esposa us\u00f3 la custodia presidencial para salidas nocturnas"},"content":{"rendered":"<p>Cuando parec\u00eda que Manuel Adorni no pod\u00eda sumar ning\u00fan esc\u00e1ndalo, lleg\u00f3 otro: su familia estar\u00eda utilizando de manera abusiva la custodia asignada por el Poder Ejecutivo. <\/p>\n<p>\u00bfC\u00f3mo? Seg\u00fan public\u00f3 La Pol\u00edtica Online, el jefe de Gabinete y su esposa, Bettina Angeletti, usaron los choferes de la custodia presidencial para tareas triviales y ajenas a la seguridad de Estado. <\/p>\n<p>El portal public\u00f3 que los custodios fuerron obligados a realizar tareas de remiser\u00eda para Bettina Angeletti y su entorno. As\u00ed, el personal debe llevar y traer a la empleada dom\u00e9stica para hacer las compras del hogar, ir a buscar a los hijos de la pareja a la escuela para trasladarlos al club, y esperar largos per\u00edodos a que Angeletti salga de turnos de manicura. <\/p>\n<p>Incluso, y esto lo abord\u00f3 Pablo Duggan en Radio 10, la denuncia detalla que los efectivos son utilizados como choferes para las amigas de Angeletti. \u201cConvirtieron en Uber al personal policial que les puso Karina\u201d, resumi\u00f3 una de las fuentes consultadas. <\/p>\n<p>Adem\u00e1s, asegura que los custodios suelen trasladar a la esposa del funcionario y a sus amistades a La Ferneter\u00eda, un bar en Palermo Soho, donde deben esperarlas hasta la madrugada y, posteriormente, llevar a cada una de las amigas hasta la puerta de sus respectivos domicilios. <\/p>\n<p>DESDE CU\u00c1NDO TIENE CUSTODIA ADORNI<\/p>\n<p>Cuando Adorni comenz\u00f3 a ser vocero con rango de secretario, y aunque no le correspond\u00eda legalmente, se la asign\u00f3 la secretaria general de la Presidencia, Karina Milei. <\/p>\n<p>Esto sali\u00f3 a la luz por el malestar en el entorno de la seguridad presidencial en la Casa Rosada va en aumento y tiene como destinatarios principales al jefe de Gabinete, Manuel Adorni, y a su esposa, Bettina Angeletti.<\/p>\n","protected":false},"excerpt":{"rendered":"<p>Cuando parec\u00eda que Manuel Adorni no pod\u00eda sumar ning\u00fan esc\u00e1ndalo,<\/p>\n","protected":false},"author":0,"featured_media":19485,"comment_status":"","ping_status":"","sticky":false,"template":"","format":"standard","meta":{"footnotes":""},"categories":[65],"tags":[],"class_list":["post-19484","post","type-post","status-publish","format-standard","has-post-thumbnail","hentry","category-pais"],"yoast_head":"<!-- This site is optimized with the Yoast SEO plugin v27.5 - https:\/\/yoast.com\/product\/yoast-seo-wordpress\/ -->\n<title>Otra denuncia para Adorni: su esposa us\u00f3 la custodia presidencial para salidas nocturnas - Cuarteto en la Web<\/title>\n<meta name=\"robots\" content=\"index, follow, max-snippet:-1, max-image-preview:large, max-video-preview:-1\" \/>\n<link rel=\"canonical\" href=\"http:\/\/cuartetoenlaweb.com.ar\/sitio\/otra-denuncia-para-adorni-su-esposa-uso-la-custodia-presidencial-para-salidas-nocturnas\/\" \/>\n<meta property=\"og:locale\" content=\"es_ES\" \/>\n<meta property=\"og:type\" content=\"article\" \/>\n<meta property=\"og:title\" content=\"Otra denuncia para Adorni: su esposa us\u00f3 la custodia presidencial para salidas nocturnas - Cuarteto en la Web\" \/>\n<meta property=\"og:description\" content=\"Cuando parec\u00eda que Manuel Adorni no pod\u00eda sumar ning\u00fan esc\u00e1ndalo,\" \/>\n<meta property=\"og:url\" content=\"http:\/\/cuartetoenlaweb.com.ar\/sitio\/otra-denuncia-para-adorni-su-esposa-uso-la-custodia-presidencial-para-salidas-nocturnas\/\" \/>\n<meta property=\"og:site_name\" content=\"Cuarteto en la Web\" \/>\n<meta property=\"article:published_time\" content=\"2026-05-01T08:00:30+00:00\" \/>\n<meta property=\"og:image\" content=\"http:\/\/cuartetoenlaweb.com.ar\/sitio\/wp-content\/uploads\/2026\/05\/720-2.jpeg\" \/>\n\t<meta property=\"og:image:width\" content=\"1080\" \/>\n\t<meta property=\"og:image:height\" content=\"720\" \/>\n\t<meta property=\"og:image:type\" content=\"image\/jpeg\" \/>\n<meta name=\"twitter:card\" content=\"summary_large_image\" \/>\n<meta name=\"twitter:label1\" content=\"Tiempo de lectura\" \/>\n\t<meta name=\"twitter:data1\" content=\"1 minuto\" \/>\n<script type=\"application\/ld+json\" class=\"yoast-schema-graph\">{\"@context\":\"https:\\\/\\\/schema.org\",\"@graph\":[{\"@type\":\"Article\",\"@id\":\"http:\\\/\\\/cuartetoenlaweb.com.ar\\\/sitio\\\/otra-denuncia-para-adorni-su-esposa-uso-la-custodia-presidencial-para-salidas-nocturnas\\\/#article\",\"isPartOf\":{\"@id\":\"http:\\\/\\\/cuartetoenlaweb.com.ar\\\/sitio\\\/otra-denuncia-para-adorni-su-esposa-uso-la-custodia-presidencial-para-salidas-nocturnas\\\/\"},\"author\":{\"name\":\"\",\"@id\":\"\"},\"headline\":\"Otra denuncia para Adorni: su esposa us\u00f3 la custodia presidencial para salidas nocturnas\",\"datePublished\":\"2026-05-01T08:00:30+00:00\",\"mainEntityOfPage\":{\"@id\":\"http:\\\/\\\/cuartetoenlaweb.com.ar\\\/sitio\\\/otra-denuncia-para-adorni-su-esposa-uso-la-custodia-presidencial-para-salidas-nocturnas\\\/\"},\"wordCount\":307,\"publisher\":{\"@id\":\"http:\\\/\\\/cuartetoenlaweb.com.ar\\\/sitio\\\/#organization\"},\"image\":{\"@id\":\"http:\\\/\\\/cuartetoenlaweb.com.ar\\\/sitio\\\/otra-denuncia-para-adorni-su-esposa-uso-la-custodia-presidencial-para-salidas-nocturnas\\\/#primaryimage\"},\"thumbnailUrl\":\"http:\\\/\\\/cuartetoenlaweb.com.ar\\\/sitio\\\/wp-content\\\/uploads\\\/2026\\\/05\\\/720-2.jpeg\",\"articleSection\":[\"PAIS\"],\"inLanguage\":\"es\"},{\"@type\":\"WebPage\",\"@id\":\"http:\\\/\\\/cuartetoenlaweb.com.ar\\\/sitio\\\/otra-denuncia-para-adorni-su-esposa-uso-la-custodia-presidencial-para-salidas-nocturnas\\\/\",\"url\":\"http:\\\/\\\/cuartetoenlaweb.com.ar\\\/sitio\\\/otra-denuncia-para-adorni-su-esposa-uso-la-custodia-presidencial-para-salidas-nocturnas\\\/\",\"name\":\"Otra denuncia para Adorni: su esposa us\u00f3 la custodia presidencial para salidas nocturnas - Cuarteto en la Web\",\"isPartOf\":{\"@id\":\"http:\\\/\\\/cuartetoenlaweb.com.ar\\\/sitio\\\/#website\"},\"primaryImageOfPage\":{\"@id\":\"http:\\\/\\\/cuartetoenlaweb.com.ar\\\/sitio\\\/otra-denuncia-para-adorni-su-esposa-uso-la-custodia-presidencial-para-salidas-nocturnas\\\/#primaryimage\"},\"image\":{\"@id\":\"http:\\\/\\\/cuartetoenlaweb.com.ar\\\/sitio\\\/otra-denuncia-para-adorni-su-esposa-uso-la-custodia-presidencial-para-salidas-nocturnas\\\/#primaryimage\"},\"thumbnailUrl\":\"http:\\\/\\\/cuartetoenlaweb.com.ar\\\/sitio\\\/wp-content\\\/uploads\\\/2026\\\/05\\\/720-2.jpeg\",\"datePublished\":\"2026-05-01T08:00:30+00:00\",\"breadcrumb\":{\"@id\":\"http:\\\/\\\/cuartetoenlaweb.com.ar\\\/sitio\\\/otra-denuncia-para-adorni-su-esposa-uso-la-custodia-presidencial-para-salidas-nocturnas\\\/#breadcrumb\"},\"inLanguage\":\"es\",\"potentialAction\":[{\"@type\":\"ReadAction\",\"target\":[\"http:\\\/\\\/cuartetoenlaweb.com.ar\\\/sitio\\\/otra-denuncia-para-adorni-su-esposa-uso-la-custodia-presidencial-para-salidas-nocturnas\\\/\"]}]},{\"@type\":\"ImageObject\",\"inLanguage\":\"es\",\"@id\":\"http:\\\/\\\/cuartetoenlaweb.com.ar\\\/sitio\\\/otra-denuncia-para-adorni-su-esposa-uso-la-custodia-presidencial-para-salidas-nocturnas\\\/#primaryimage\",\"url\":\"http:\\\/\\\/cuartetoenlaweb.com.ar\\\/sitio\\\/wp-content\\\/uploads\\\/2026\\\/05\\\/720-2.jpeg\",\"contentUrl\":\"http:\\\/\\\/cuartetoenlaweb.com.ar\\\/sitio\\\/wp-content\\\/uploads\\\/2026\\\/05\\\/720-2.jpeg\",\"width\":1080,\"height\":720},{\"@type\":\"BreadcrumbList\",\"@id\":\"http:\\\/\\\/cuartetoenlaweb.com.ar\\\/sitio\\\/otra-denuncia-para-adorni-su-esposa-uso-la-custodia-presidencial-para-salidas-nocturnas\\\/#breadcrumb\",\"itemListElement\":[{\"@type\":\"ListItem\",\"position\":1,\"name\":\"Portada\",\"item\":\"http:\\\/\\\/cuartetoenlaweb.com.ar\\\/sitio\\\/\"},{\"@type\":\"ListItem\",\"position\":2,\"name\":\"Otra denuncia para Adorni: su esposa us\u00f3 la custodia presidencial para salidas nocturnas\"}]},{\"@type\":\"WebSite\",\"@id\":\"http:\\\/\\\/cuartetoenlaweb.com.ar\\\/sitio\\\/#website\",\"url\":\"http:\\\/\\\/cuartetoenlaweb.com.ar\\\/sitio\\\/\",\"name\":\"Cuarteto en la Web\",\"description\":\"\",\"publisher\":{\"@id\":\"http:\\\/\\\/cuartetoenlaweb.com.ar\\\/sitio\\\/#organization\"},\"potentialAction\":[{\"@type\":\"SearchAction\",\"target\":{\"@type\":\"EntryPoint\",\"urlTemplate\":\"http:\\\/\\\/cuartetoenlaweb.com.ar\\\/sitio\\\/?s={search_term_string}\"},\"query-input\":{\"@type\":\"PropertyValueSpecification\",\"valueRequired\":true,\"valueName\":\"search_term_string\"}}],\"inLanguage\":\"es\"},{\"@type\":\"Organization\",\"@id\":\"http:\\\/\\\/cuartetoenlaweb.com.ar\\\/sitio\\\/#organization\",\"name\":\"Cuarteto en la Web\",\"url\":\"http:\\\/\\\/cuartetoenlaweb.com.ar\\\/sitio\\\/\",\"logo\":{\"@type\":\"ImageObject\",\"inLanguage\":\"es\",\"@id\":\"http:\\\/\\\/cuartetoenlaweb.com.ar\\\/sitio\\\/#\\\/schema\\\/logo\\\/image\\\/\",\"url\":\"http:\\\/\\\/cuartetoenlaweb.com.ar\\\/sitio\\\/wp-content\\\/uploads\\\/2025\\\/07\\\/cropped-cropped-logitoweb21.png\",\"contentUrl\":\"http:\\\/\\\/cuartetoenlaweb.com.ar\\\/sitio\\\/wp-content\\\/uploads\\\/2025\\\/07\\\/cropped-cropped-logitoweb21.png\",\"width\":199,\"height\":199,\"caption\":\"Cuarteto en la Web\"},\"image\":{\"@id\":\"http:\\\/\\\/cuartetoenlaweb.com.ar\\\/sitio\\\/#\\\/schema\\\/logo\\\/image\\\/\"}}]}<\/script>\n<!-- \/ Yoast SEO plugin. -->","yoast_head_json":{"title":"Otra denuncia para Adorni: su esposa us\u00f3 la custodia presidencial para salidas nocturnas - Cuarteto en la Web","robots":{"index":"index","follow":"follow","max-snippet":"max-snippet:-1","max-image-preview":"max-image-preview:large","max-video-preview":"max-video-preview:-1"},"canonical":"http:\/\/cuartetoenlaweb.com.ar\/sitio\/otra-denuncia-para-adorni-su-esposa-uso-la-custodia-presidencial-para-salidas-nocturnas\/","og_locale":"es_ES","og_type":"article","og_title":"Otra denuncia para Adorni: su esposa us\u00f3 la custodia presidencial para salidas nocturnas - Cuarteto en la Web","og_description":"Cuando parec\u00eda que Manuel Adorni no pod\u00eda sumar ning\u00fan esc\u00e1ndalo,","og_url":"http:\/\/cuartetoenlaweb.com.ar\/sitio\/otra-denuncia-para-adorni-su-esposa-uso-la-custodia-presidencial-para-salidas-nocturnas\/","og_site_name":"Cuarteto en la Web","article_published_time":"2026-05-01T08:00:30+00:00","og_image":[{"width":1080,"height":720,"url":"http:\/\/cuartetoenlaweb.com.ar\/sitio\/wp-content\/uploads\/2026\/05\/720-2.jpeg","type":"image\/jpeg"}],"twitter_card":"summary_large_image","twitter_misc":{"Tiempo de lectura":"1 minuto"},"schema":{"@context":"https:\/\/schema.org","@graph":[{"@type":"Article","@id":"http:\/\/cuartetoenlaweb.com.ar\/sitio\/otra-denuncia-para-adorni-su-esposa-uso-la-custodia-presidencial-para-salidas-nocturnas\/#article","isPartOf":{"@id":"http:\/\/cuartetoenlaweb.com.ar\/sitio\/otra-denuncia-para-adorni-su-esposa-uso-la-custodia-presidencial-para-salidas-nocturnas\/"},"author":{"name":"","@id":""},"headline":"Otra denuncia para Adorni: su esposa us\u00f3 la custodia presidencial para salidas nocturnas","datePublished":"2026-05-01T08:00:30+00:00","mainEntityOfPage":{"@id":"http:\/\/cuartetoenlaweb.com.ar\/sitio\/otra-denuncia-para-adorni-su-esposa-uso-la-custodia-presidencial-para-salidas-nocturnas\/"},"wordCount":307,"publisher":{"@id":"http:\/\/cuartetoenlaweb.com.ar\/sitio\/#organization"},"image":{"@id":"http:\/\/cuartetoenlaweb.com.ar\/sitio\/otra-denuncia-para-adorni-su-esposa-uso-la-custodia-presidencial-para-salidas-nocturnas\/#primaryimage"},"thumbnailUrl":"http:\/\/cuartetoenlaweb.com.ar\/sitio\/wp-content\/uploads\/2026\/05\/720-2.jpeg","articleSection":["PAIS"],"inLanguage":"es"},{"@type":"WebPage","@id":"http:\/\/cuartetoenlaweb.com.ar\/sitio\/otra-denuncia-para-adorni-su-esposa-uso-la-custodia-presidencial-para-salidas-nocturnas\/","url":"http:\/\/cuartetoenlaweb.com.ar\/sitio\/otra-denuncia-para-adorni-su-esposa-uso-la-custodia-presidencial-para-salidas-nocturnas\/","name":"Otra denuncia para Adorni: su esposa us\u00f3 la custodia presidencial para salidas nocturnas - Cuarteto en la Web","isPartOf":{"@id":"http:\/\/cuartetoenlaweb.com.ar\/sitio\/#website"},"primaryImageOfPage":{"@id":"http:\/\/cuartetoenlaweb.com.ar\/sitio\/otra-denuncia-para-adorni-su-esposa-uso-la-custodia-presidencial-para-salidas-nocturnas\/#primaryimage"},"image":{"@id":"http:\/\/cuartetoenlaweb.com.ar\/sitio\/otra-denuncia-para-adorni-su-esposa-uso-la-custodia-presidencial-para-salidas-nocturnas\/#primaryimage"},"thumbnailUrl":"http:\/\/cuartetoenlaweb.com.ar\/sitio\/wp-content\/uploads\/2026\/05\/720-2.jpeg","datePublished":"2026-05-01T08:00:30+00:00","breadcrumb":{"@id":"http:\/\/cuartetoenlaweb.com.ar\/sitio\/otra-denuncia-para-adorni-su-esposa-uso-la-custodia-presidencial-para-salidas-nocturnas\/#breadcrumb"},"inLanguage":"es","potentialAction":[{"@type":"ReadAction","target":["http:\/\/cuartetoenlaweb.com.ar\/sitio\/otra-denuncia-para-adorni-su-esposa-uso-la-custodia-presidencial-para-salidas-nocturnas\/"]}]},{"@type":"ImageObject","inLanguage":"es","@id":"http:\/\/cuartetoenlaweb.com.ar\/sitio\/otra-denuncia-para-adorni-su-esposa-uso-la-custodia-presidencial-para-salidas-nocturnas\/#primaryimage","url":"http:\/\/cuartetoenlaweb.com.ar\/sitio\/wp-content\/uploads\/2026\/05\/720-2.jpeg","contentUrl":"http:\/\/cuartetoenlaweb.com.ar\/sitio\/wp-content\/uploads\/2026\/05\/720-2.jpeg","width":1080,"height":720},{"@type":"BreadcrumbList","@id":"http:\/\/cuartetoenlaweb.com.ar\/sitio\/otra-denuncia-para-adorni-su-esposa-uso-la-custodia-presidencial-para-salidas-nocturnas\/#breadcrumb","itemListElement":[{"@type":"ListItem","position":1,"name":"Portada","item":"http:\/\/cuartetoenlaweb.com.ar\/sitio\/"},{"@type":"ListItem","position":2,"name":"Otra denuncia para Adorni: su esposa us\u00f3 la custodia presidencial para salidas nocturnas"}]},{"@type":"WebSite","@id":"http:\/\/cuartetoenlaweb.com.ar\/sitio\/#website","url":"http:\/\/cuartetoenlaweb.com.ar\/sitio\/","name":"Cuarteto en la Web","description":"","publisher":{"@id":"http:\/\/cuartetoenlaweb.com.ar\/sitio\/#organization"},"potentialAction":[{"@type":"SearchAction","target":{"@type":"EntryPoint","urlTemplate":"http:\/\/cuartetoenlaweb.com.ar\/sitio\/?s={search_term_string}"},"query-input":{"@type":"PropertyValueSpecification","valueRequired":true,"valueName":"search_term_string"}}],"inLanguage":"es"},{"@type":"Organization","@id":"http:\/\/cuartetoenlaweb.com.ar\/sitio\/#organization","name":"Cuarteto en la Web","url":"http:\/\/cuartetoenlaweb.com.ar\/sitio\/","logo":{"@type":"ImageObject","inLanguage":"es","@id":"http:\/\/cuartetoenlaweb.com.ar\/sitio\/#\/schema\/logo\/image\/","url":"http:\/\/cuartetoenlaweb.com.ar\/sitio\/wp-content\/uploads\/2025\/07\/cropped-cropped-logitoweb21.png","contentUrl":"http:\/\/cuartetoenlaweb.com.ar\/sitio\/wp-content\/uploads\/2025\/07\/cropped-cropped-logitoweb21.png","width":199,"height":199,"caption":"Cuarteto en la Web"},"image":{"@id":"http:\/\/cuartetoenlaweb.com.ar\/sitio\/#\/schema\/logo\/image\/"}}]}},"_links":{"self":[{"href":"http:\/\/cuartetoenlaweb.com.ar\/sitio\/wp-json\/wp\/v2\/posts\/19484","targetHints":{"allow":["GET"]}}],"collection":[{"href":"http:\/\/cuartetoenlaweb.com.ar\/sitio\/wp-json\/wp\/v2\/posts"}],"about":[{"href":"http:\/\/cuartetoenlaweb.com.ar\/sitio\/wp-json\/wp\/v2\/types\/post"}],"replies":[{"embeddable":true,"href":"http:\/\/cuartetoenlaweb.com.ar\/sitio\/wp-json\/wp\/v2\/comments?post=19484"}],"version-history":[{"count":0,"href":"http:\/\/cuartetoenlaweb.com.ar\/sitio\/wp-json\/wp\/v2\/posts\/19484\/revisions"}],"wp:featuredmedia":[{"embeddable":true,"href":"http:\/\/cuartetoenlaweb.com.ar\/sitio\/wp-json\/wp\/v2\/media\/19485"}],"wp:attachment":[{"href":"http:\/\/cuartetoenlaweb.com.ar\/sitio\/wp-json\/wp\/v2\/media?parent=19484"}],"wp:term":[{"taxonomy":"category","embeddable":true,"href":"http:\/\/cuartetoenlaweb.com.ar\/sitio\/wp-json\/wp\/v2\/categories?post=19484"},{"taxonomy":"post_tag","embeddable":true,"href":"http:\/\/cuartetoenlaweb.com.ar\/sitio\/wp-json\/wp\/v2\/tags?post=19484"}],"curies":[{"name":"wp","href":"https:\/\/api.w.org\/{rel}","templated":true}]}}