
{"id":19482,"date":"2026-05-01T05:00:27","date_gmt":"2026-05-01T08:00:27","guid":{"rendered":"https:\/\/cuartetoenlaweb.com.ar\/sitio\/la-blunda-ubico-a-un-libertario-que-pregunto-por-que-la-cgt-marcho-hoy-y-sugirio-vayan-a-trabajar\/"},"modified":"2026-05-01T05:00:27","modified_gmt":"2026-05-01T08:00:27","slug":"la-blunda-ubico-a-un-libertario-que-pregunto-por-que-la-cgt-marcho-hoy-y-sugirio-vayan-a-trabajar","status":"publish","type":"post","link":"http:\/\/cuartetoenlaweb.com.ar\/sitio\/la-blunda-ubico-a-un-libertario-que-pregunto-por-que-la-cgt-marcho-hoy-y-sugirio-vayan-a-trabajar\/","title":{"rendered":"La Blunda ubic\u00f3 a un libertario que pregunt\u00f3 por qu\u00e9 la CGT march\u00f3 hoy y sugiri\u00f3 \u201cvayan a trabajar&quot;"},"content":{"rendered":"<p>Este jueves la CGT march\u00f3 a Plaza de Mayo en rechazo a la Reforma Laboral que a toda costa pretende imponer el Gobierno Nacional. <\/p>\n<p>\u00ab\u00bfPor qu\u00e9 marchan hoy si el 1 de mayo es ma\u00f1ana? Vayan a trabajar y sean productivos\u00bb, dijo este libertario que en Cr\u00f3nica TV solo llamara Frata. <\/p>\n<p>Y Andr\u00e9s La Blunda, legislador porte\u00f1o de Fuerza por Buenos Aires le respondi\u00f3 con altura: \u201cMarchan hoy porque Milei destruy\u00f3 300.000 puestos de trabajo registrados y porque con un salario m\u00ednimo te compr\u00e1s solo18 kg de asado\u201d. <\/p>\n<p>M\u00c1S DEL DEBATE PICANTE <\/p>\n<p>EL DOCUMENTO DE LA CGT <\/p>\n<p>El texto completo que ley\u00f3 la CGT en la Plaza de Mayo <\/p>\n<p>EL TRABAJO ES CON DERECHOS O ES ESCLAVO Este 1\u00ba de mayo, celebramos una nueva jornada en conmemoraci\u00f3n del d\u00eda de las y los trabajadores, con un homenaje al Papa Francisco, honrando su legado como gu\u00eda, como inspiraci\u00f3n y como compromiso por una comunidad constituida sobre la base del bien com\u00fan. Y nos movilizamos, transitando este momento que se est\u00e1 viviendo en nuestro pa\u00eds con preocupaci\u00f3n y alarma. <\/p>\n<p>Hoy se discute judicialmente una Ley de \u201creforma Laboral\u201d promovida por el gobierno nacional, que despoja de derechos colectivos e individuales a trabajadoras y trabajadores. La CGT seguir\u00e1 todas las instancias judiciales para defender los derechos garantizados por la constituci\u00f3n nacional. <\/p>\n<p>Cada derecho laboral cost\u00f3 organizaci\u00f3n y lucha. la mayor\u00eda de los indicadores laborales, econ\u00f3micos y sociales reflejan un retroceso en la calidad de vida del pueblo argentino: La actividad econ\u00f3mica y el consumo muestran ca\u00eddas pronunciadas, fundamentalmente las vinculadas a la Industria, Construcci\u00f3n y Comercio. No hay incentivos orientados al crecimiento de la matriz productiva, que permitan alcanzar la trilog\u00eda virtuosa de desarrollo, producci\u00f3n y trabajo. Solo se privilegian los beneficios de un selecto grupo de actores vinculados a la actividad financiera y especulativa. Un modelo de desarrollo requiere necesariamente de la inclusi\u00f3n y de la inversi\u00f3n p\u00fablica como pilar de una estrategia para alcanzarlo. <\/p>\n<p>La efectiva desaparici\u00f3n de la obra p\u00fablica, motor de la infraestructura que nuestro pa\u00eds necesita y dinamizadora de la actividad econ\u00f3mica; condiciona las oportunidades productivas y limita la integraci\u00f3n regional. Un gobierno nacional encerrado en sus teor\u00edas, que contin\u00faa comprometiendo a las generaciones futuras con pol\u00edticas de ajuste indiscriminadas condena a la sociedad argentina a un presente de vulnerabilidad econ\u00f3mica, laboral y social sin precedentes. <\/p>\n<p>Se silencia del debate p\u00fablico los compromisos tomados con el FMI mientras contrae una deuda con diversos organismos y acreedores internacionales que representa, para la administraci\u00f3n nacional, un perfil de vencimientos de capital e intereses que el Estado argentino no est\u00e1 en condiciones de pagar. <\/p>\n<p>A pesar del discurso oficial, la inflaci\u00f3n sigue impactando en el poder adquisitivo de los salarios, agravado por los topes a las paritarias, que impacta en el poder adquisitivo de los salarios La realidad indica que hoy hay cierre masivo de empresas (de dic. 2023 a marzo 2026 cerraron 24.180 establecimientos, seg\u00fan datos de la Secretar\u00eda de Trabajo), con una escalada creciente del flagelo de la desocupaci\u00f3n y de la informalidad laboral. Se privilegia el desarrollo de sectores primarios de la econom\u00eda que, si bien son importantes para la generaci\u00f3n de divisas, no compensan en el deterioro del el empleo y del trabajo de calidad, lo que se refleja en la fuerte ca\u00edda de la actividad industrial y del comercio Otra de las consecuencias lamentables son el alto endeudamiento masivo de las personas, de las familias y de las empresas. 6 de cada 10 hogares tienen deudas, bancarias o informales, que muestran una morosidad creciente y apremiante. <\/p>\n<p>El sistema de salud est\u00e1 en emergencia nacional, con desfinanciamiento de las Obras Sociales sindicales, recorte sobre la obra social PAMI de jubilados y pensionados que, adem\u00e1s de percibir montos de haberes paup\u00e9rrimos, les agrava las condiciones de atenci\u00f3n, con falta de m\u00e9dicos, demoras en turnos, problemas de cobertura en medicamentos y un funcionamiento cr\u00edtico del sistema, saturando los hospitales p\u00fablicos. Adem\u00e1s, se destruyen las prestaciones para las personas con Discapacidad, dejando sin acceso a las condiciones b\u00e1sicas en la asistencia y negando la aplicaci\u00f3n de la Ley de Emergencia en Discapacidad. <\/p>\n<p>Un Estado desertor en materia de salud p\u00fablica facilita el aumento de las adicciones y la crisis de la salud mental, reflejada en el aumento de las enfermedades psicosociales y de los consumos problem\u00e1ticos. Un gobierno que, en lugar de tender puentes de uni\u00f3n y reconocimiento, divide al pueblo, promueve el enfrentamiento, la descalificaci\u00f3n, el odio y el resentimiento, pone en riesgo la paz social. Debemos recuperar una cultura del encuentro y del trabajo, como ense\u00f1aba Francisco: \u201cAbrirse a so\u00f1ar cosas grandes, aunque parezcan imposibles. A que el mundo con vos puede ser distinto\u2026\u201d. <\/p>\n<p>Crear, construir, caminos y herramientas que nos permitan superar todas estas heridas. Nuestro horizonte es transitar hacia un pa\u00eds, socialmente justo, econ\u00f3micamente libre y pol\u00edticamente soberano.<\/p>\n","protected":false},"excerpt":{"rendered":"<p>Este jueves la CGT march\u00f3 a Plaza de Mayo en<\/p>\n","protected":false},"author":0,"featured_media":19483,"comment_status":"","ping_status":"","sticky":false,"template":"","format":"standard","meta":{"footnotes":""},"categories":[65],"tags":[],"class_list":["post-19482","post","type-post","status-publish","format-standard","has-post-thumbnail","hentry","category-pais"],"yoast_head":"<!-- This site is optimized with the Yoast SEO plugin v27.5 - https:\/\/yoast.com\/product\/yoast-seo-wordpress\/ -->\n<title>La Blunda ubic\u00f3 a un libertario que pregunt\u00f3 por qu\u00e9 la CGT march\u00f3 hoy y sugiri\u00f3 \u201cvayan a trabajar&quot; - Cuarteto en la Web<\/title>\n<meta name=\"robots\" content=\"index, follow, max-snippet:-1, max-image-preview:large, max-video-preview:-1\" \/>\n<link rel=\"canonical\" href=\"http:\/\/cuartetoenlaweb.com.ar\/sitio\/la-blunda-ubico-a-un-libertario-que-pregunto-por-que-la-cgt-marcho-hoy-y-sugirio-vayan-a-trabajar\/\" \/>\n<meta property=\"og:locale\" content=\"es_ES\" \/>\n<meta property=\"og:type\" content=\"article\" \/>\n<meta property=\"og:title\" content=\"La Blunda ubic\u00f3 a un libertario que pregunt\u00f3 por qu\u00e9 la CGT march\u00f3 hoy y sugiri\u00f3 \u201cvayan a trabajar&quot; - Cuarteto en la Web\" \/>\n<meta property=\"og:description\" content=\"Este jueves la CGT march\u00f3 a Plaza de Mayo en\" \/>\n<meta property=\"og:url\" content=\"http:\/\/cuartetoenlaweb.com.ar\/sitio\/la-blunda-ubico-a-un-libertario-que-pregunto-por-que-la-cgt-marcho-hoy-y-sugirio-vayan-a-trabajar\/\" \/>\n<meta property=\"og:site_name\" content=\"Cuarteto en la Web\" \/>\n<meta property=\"article:published_time\" content=\"2026-05-01T08:00:27+00:00\" \/>\n<meta property=\"og:image\" content=\"http:\/\/cuartetoenlaweb.com.ar\/sitio\/wp-content\/uploads\/2026\/05\/720-1.jpeg\" \/>\n\t<meta property=\"og:image:width\" content=\"1280\" \/>\n\t<meta property=\"og:image:height\" content=\"629\" \/>\n\t<meta property=\"og:image:type\" content=\"image\/jpeg\" \/>\n<meta name=\"twitter:card\" content=\"summary_large_image\" \/>\n<meta name=\"twitter:label1\" content=\"Tiempo de lectura\" \/>\n\t<meta name=\"twitter:data1\" content=\"4 minutos\" \/>\n<script type=\"application\/ld+json\" class=\"yoast-schema-graph\">{\"@context\":\"https:\\\/\\\/schema.org\",\"@graph\":[{\"@type\":\"Article\",\"@id\":\"http:\\\/\\\/cuartetoenlaweb.com.ar\\\/sitio\\\/la-blunda-ubico-a-un-libertario-que-pregunto-por-que-la-cgt-marcho-hoy-y-sugirio-vayan-a-trabajar\\\/#article\",\"isPartOf\":{\"@id\":\"http:\\\/\\\/cuartetoenlaweb.com.ar\\\/sitio\\\/la-blunda-ubico-a-un-libertario-que-pregunto-por-que-la-cgt-marcho-hoy-y-sugirio-vayan-a-trabajar\\\/\"},\"author\":{\"name\":\"\",\"@id\":\"\"},\"headline\":\"La Blunda ubic\u00f3 a un libertario que pregunt\u00f3 por qu\u00e9 la CGT march\u00f3 hoy y sugiri\u00f3 \u201cvayan a trabajar&quot;\",\"datePublished\":\"2026-05-01T08:00:27+00:00\",\"mainEntityOfPage\":{\"@id\":\"http:\\\/\\\/cuartetoenlaweb.com.ar\\\/sitio\\\/la-blunda-ubico-a-un-libertario-que-pregunto-por-que-la-cgt-marcho-hoy-y-sugirio-vayan-a-trabajar\\\/\"},\"wordCount\":876,\"publisher\":{\"@id\":\"http:\\\/\\\/cuartetoenlaweb.com.ar\\\/sitio\\\/#organization\"},\"image\":{\"@id\":\"http:\\\/\\\/cuartetoenlaweb.com.ar\\\/sitio\\\/la-blunda-ubico-a-un-libertario-que-pregunto-por-que-la-cgt-marcho-hoy-y-sugirio-vayan-a-trabajar\\\/#primaryimage\"},\"thumbnailUrl\":\"http:\\\/\\\/cuartetoenlaweb.com.ar\\\/sitio\\\/wp-content\\\/uploads\\\/2026\\\/05\\\/720-1.jpeg\",\"articleSection\":[\"PAIS\"],\"inLanguage\":\"es\"},{\"@type\":\"WebPage\",\"@id\":\"http:\\\/\\\/cuartetoenlaweb.com.ar\\\/sitio\\\/la-blunda-ubico-a-un-libertario-que-pregunto-por-que-la-cgt-marcho-hoy-y-sugirio-vayan-a-trabajar\\\/\",\"url\":\"http:\\\/\\\/cuartetoenlaweb.com.ar\\\/sitio\\\/la-blunda-ubico-a-un-libertario-que-pregunto-por-que-la-cgt-marcho-hoy-y-sugirio-vayan-a-trabajar\\\/\",\"name\":\"La Blunda ubic\u00f3 a un libertario que pregunt\u00f3 por qu\u00e9 la CGT march\u00f3 hoy y sugiri\u00f3 \u201cvayan a trabajar&quot; - Cuarteto en la Web\",\"isPartOf\":{\"@id\":\"http:\\\/\\\/cuartetoenlaweb.com.ar\\\/sitio\\\/#website\"},\"primaryImageOfPage\":{\"@id\":\"http:\\\/\\\/cuartetoenlaweb.com.ar\\\/sitio\\\/la-blunda-ubico-a-un-libertario-que-pregunto-por-que-la-cgt-marcho-hoy-y-sugirio-vayan-a-trabajar\\\/#primaryimage\"},\"image\":{\"@id\":\"http:\\\/\\\/cuartetoenlaweb.com.ar\\\/sitio\\\/la-blunda-ubico-a-un-libertario-que-pregunto-por-que-la-cgt-marcho-hoy-y-sugirio-vayan-a-trabajar\\\/#primaryimage\"},\"thumbnailUrl\":\"http:\\\/\\\/cuartetoenlaweb.com.ar\\\/sitio\\\/wp-content\\\/uploads\\\/2026\\\/05\\\/720-1.jpeg\",\"datePublished\":\"2026-05-01T08:00:27+00:00\",\"breadcrumb\":{\"@id\":\"http:\\\/\\\/cuartetoenlaweb.com.ar\\\/sitio\\\/la-blunda-ubico-a-un-libertario-que-pregunto-por-que-la-cgt-marcho-hoy-y-sugirio-vayan-a-trabajar\\\/#breadcrumb\"},\"inLanguage\":\"es\",\"potentialAction\":[{\"@type\":\"ReadAction\",\"target\":[\"http:\\\/\\\/cuartetoenlaweb.com.ar\\\/sitio\\\/la-blunda-ubico-a-un-libertario-que-pregunto-por-que-la-cgt-marcho-hoy-y-sugirio-vayan-a-trabajar\\\/\"]}]},{\"@type\":\"ImageObject\",\"inLanguage\":\"es\",\"@id\":\"http:\\\/\\\/cuartetoenlaweb.com.ar\\\/sitio\\\/la-blunda-ubico-a-un-libertario-que-pregunto-por-que-la-cgt-marcho-hoy-y-sugirio-vayan-a-trabajar\\\/#primaryimage\",\"url\":\"http:\\\/\\\/cuartetoenlaweb.com.ar\\\/sitio\\\/wp-content\\\/uploads\\\/2026\\\/05\\\/720-1.jpeg\",\"contentUrl\":\"http:\\\/\\\/cuartetoenlaweb.com.ar\\\/sitio\\\/wp-content\\\/uploads\\\/2026\\\/05\\\/720-1.jpeg\",\"width\":1280,\"height\":629},{\"@type\":\"BreadcrumbList\",\"@id\":\"http:\\\/\\\/cuartetoenlaweb.com.ar\\\/sitio\\\/la-blunda-ubico-a-un-libertario-que-pregunto-por-que-la-cgt-marcho-hoy-y-sugirio-vayan-a-trabajar\\\/#breadcrumb\",\"itemListElement\":[{\"@type\":\"ListItem\",\"position\":1,\"name\":\"Portada\",\"item\":\"http:\\\/\\\/cuartetoenlaweb.com.ar\\\/sitio\\\/\"},{\"@type\":\"ListItem\",\"position\":2,\"name\":\"La Blunda ubic\u00f3 a un libertario que pregunt\u00f3 por qu\u00e9 la CGT march\u00f3 hoy y sugiri\u00f3 \u201cvayan a trabajar&quot;\"}]},{\"@type\":\"WebSite\",\"@id\":\"http:\\\/\\\/cuartetoenlaweb.com.ar\\\/sitio\\\/#website\",\"url\":\"http:\\\/\\\/cuartetoenlaweb.com.ar\\\/sitio\\\/\",\"name\":\"Cuarteto en la Web\",\"description\":\"\",\"publisher\":{\"@id\":\"http:\\\/\\\/cuartetoenlaweb.com.ar\\\/sitio\\\/#organization\"},\"potentialAction\":[{\"@type\":\"SearchAction\",\"target\":{\"@type\":\"EntryPoint\",\"urlTemplate\":\"http:\\\/\\\/cuartetoenlaweb.com.ar\\\/sitio\\\/?s={search_term_string}\"},\"query-input\":{\"@type\":\"PropertyValueSpecification\",\"valueRequired\":true,\"valueName\":\"search_term_string\"}}],\"inLanguage\":\"es\"},{\"@type\":\"Organization\",\"@id\":\"http:\\\/\\\/cuartetoenlaweb.com.ar\\\/sitio\\\/#organization\",\"name\":\"Cuarteto en la Web\",\"url\":\"http:\\\/\\\/cuartetoenlaweb.com.ar\\\/sitio\\\/\",\"logo\":{\"@type\":\"ImageObject\",\"inLanguage\":\"es\",\"@id\":\"http:\\\/\\\/cuartetoenlaweb.com.ar\\\/sitio\\\/#\\\/schema\\\/logo\\\/image\\\/\",\"url\":\"http:\\\/\\\/cuartetoenlaweb.com.ar\\\/sitio\\\/wp-content\\\/uploads\\\/2025\\\/07\\\/cropped-cropped-logitoweb21.png\",\"contentUrl\":\"http:\\\/\\\/cuartetoenlaweb.com.ar\\\/sitio\\\/wp-content\\\/uploads\\\/2025\\\/07\\\/cropped-cropped-logitoweb21.png\",\"width\":199,\"height\":199,\"caption\":\"Cuarteto en la Web\"},\"image\":{\"@id\":\"http:\\\/\\\/cuartetoenlaweb.com.ar\\\/sitio\\\/#\\\/schema\\\/logo\\\/image\\\/\"}}]}<\/script>\n<!-- \/ Yoast SEO plugin. -->","yoast_head_json":{"title":"La Blunda ubic\u00f3 a un libertario que pregunt\u00f3 por qu\u00e9 la CGT march\u00f3 hoy y sugiri\u00f3 \u201cvayan a trabajar&quot; - Cuarteto en la Web","robots":{"index":"index","follow":"follow","max-snippet":"max-snippet:-1","max-image-preview":"max-image-preview:large","max-video-preview":"max-video-preview:-1"},"canonical":"http:\/\/cuartetoenlaweb.com.ar\/sitio\/la-blunda-ubico-a-un-libertario-que-pregunto-por-que-la-cgt-marcho-hoy-y-sugirio-vayan-a-trabajar\/","og_locale":"es_ES","og_type":"article","og_title":"La Blunda ubic\u00f3 a un libertario que pregunt\u00f3 por qu\u00e9 la CGT march\u00f3 hoy y sugiri\u00f3 \u201cvayan a trabajar&quot; - Cuarteto en la Web","og_description":"Este jueves la CGT march\u00f3 a Plaza de Mayo en","og_url":"http:\/\/cuartetoenlaweb.com.ar\/sitio\/la-blunda-ubico-a-un-libertario-que-pregunto-por-que-la-cgt-marcho-hoy-y-sugirio-vayan-a-trabajar\/","og_site_name":"Cuarteto en la Web","article_published_time":"2026-05-01T08:00:27+00:00","og_image":[{"width":1280,"height":629,"url":"http:\/\/cuartetoenlaweb.com.ar\/sitio\/wp-content\/uploads\/2026\/05\/720-1.jpeg","type":"image\/jpeg"}],"twitter_card":"summary_large_image","twitter_misc":{"Tiempo de lectura":"4 minutos"},"schema":{"@context":"https:\/\/schema.org","@graph":[{"@type":"Article","@id":"http:\/\/cuartetoenlaweb.com.ar\/sitio\/la-blunda-ubico-a-un-libertario-que-pregunto-por-que-la-cgt-marcho-hoy-y-sugirio-vayan-a-trabajar\/#article","isPartOf":{"@id":"http:\/\/cuartetoenlaweb.com.ar\/sitio\/la-blunda-ubico-a-un-libertario-que-pregunto-por-que-la-cgt-marcho-hoy-y-sugirio-vayan-a-trabajar\/"},"author":{"name":"","@id":""},"headline":"La Blunda ubic\u00f3 a un libertario que pregunt\u00f3 por qu\u00e9 la CGT march\u00f3 hoy y sugiri\u00f3 \u201cvayan a trabajar&quot;","datePublished":"2026-05-01T08:00:27+00:00","mainEntityOfPage":{"@id":"http:\/\/cuartetoenlaweb.com.ar\/sitio\/la-blunda-ubico-a-un-libertario-que-pregunto-por-que-la-cgt-marcho-hoy-y-sugirio-vayan-a-trabajar\/"},"wordCount":876,"publisher":{"@id":"http:\/\/cuartetoenlaweb.com.ar\/sitio\/#organization"},"image":{"@id":"http:\/\/cuartetoenlaweb.com.ar\/sitio\/la-blunda-ubico-a-un-libertario-que-pregunto-por-que-la-cgt-marcho-hoy-y-sugirio-vayan-a-trabajar\/#primaryimage"},"thumbnailUrl":"http:\/\/cuartetoenlaweb.com.ar\/sitio\/wp-content\/uploads\/2026\/05\/720-1.jpeg","articleSection":["PAIS"],"inLanguage":"es"},{"@type":"WebPage","@id":"http:\/\/cuartetoenlaweb.com.ar\/sitio\/la-blunda-ubico-a-un-libertario-que-pregunto-por-que-la-cgt-marcho-hoy-y-sugirio-vayan-a-trabajar\/","url":"http:\/\/cuartetoenlaweb.com.ar\/sitio\/la-blunda-ubico-a-un-libertario-que-pregunto-por-que-la-cgt-marcho-hoy-y-sugirio-vayan-a-trabajar\/","name":"La Blunda ubic\u00f3 a un libertario que pregunt\u00f3 por qu\u00e9 la CGT march\u00f3 hoy y sugiri\u00f3 \u201cvayan a trabajar&quot; - Cuarteto en la Web","isPartOf":{"@id":"http:\/\/cuartetoenlaweb.com.ar\/sitio\/#website"},"primaryImageOfPage":{"@id":"http:\/\/cuartetoenlaweb.com.ar\/sitio\/la-blunda-ubico-a-un-libertario-que-pregunto-por-que-la-cgt-marcho-hoy-y-sugirio-vayan-a-trabajar\/#primaryimage"},"image":{"@id":"http:\/\/cuartetoenlaweb.com.ar\/sitio\/la-blunda-ubico-a-un-libertario-que-pregunto-por-que-la-cgt-marcho-hoy-y-sugirio-vayan-a-trabajar\/#primaryimage"},"thumbnailUrl":"http:\/\/cuartetoenlaweb.com.ar\/sitio\/wp-content\/uploads\/2026\/05\/720-1.jpeg","datePublished":"2026-05-01T08:00:27+00:00","breadcrumb":{"@id":"http:\/\/cuartetoenlaweb.com.ar\/sitio\/la-blunda-ubico-a-un-libertario-que-pregunto-por-que-la-cgt-marcho-hoy-y-sugirio-vayan-a-trabajar\/#breadcrumb"},"inLanguage":"es","potentialAction":[{"@type":"ReadAction","target":["http:\/\/cuartetoenlaweb.com.ar\/sitio\/la-blunda-ubico-a-un-libertario-que-pregunto-por-que-la-cgt-marcho-hoy-y-sugirio-vayan-a-trabajar\/"]}]},{"@type":"ImageObject","inLanguage":"es","@id":"http:\/\/cuartetoenlaweb.com.ar\/sitio\/la-blunda-ubico-a-un-libertario-que-pregunto-por-que-la-cgt-marcho-hoy-y-sugirio-vayan-a-trabajar\/#primaryimage","url":"http:\/\/cuartetoenlaweb.com.ar\/sitio\/wp-content\/uploads\/2026\/05\/720-1.jpeg","contentUrl":"http:\/\/cuartetoenlaweb.com.ar\/sitio\/wp-content\/uploads\/2026\/05\/720-1.jpeg","width":1280,"height":629},{"@type":"BreadcrumbList","@id":"http:\/\/cuartetoenlaweb.com.ar\/sitio\/la-blunda-ubico-a-un-libertario-que-pregunto-por-que-la-cgt-marcho-hoy-y-sugirio-vayan-a-trabajar\/#breadcrumb","itemListElement":[{"@type":"ListItem","position":1,"name":"Portada","item":"http:\/\/cuartetoenlaweb.com.ar\/sitio\/"},{"@type":"ListItem","position":2,"name":"La Blunda ubic\u00f3 a un libertario que pregunt\u00f3 por qu\u00e9 la CGT march\u00f3 hoy y sugiri\u00f3 \u201cvayan a trabajar&quot;"}]},{"@type":"WebSite","@id":"http:\/\/cuartetoenlaweb.com.ar\/sitio\/#website","url":"http:\/\/cuartetoenlaweb.com.ar\/sitio\/","name":"Cuarteto en la Web","description":"","publisher":{"@id":"http:\/\/cuartetoenlaweb.com.ar\/sitio\/#organization"},"potentialAction":[{"@type":"SearchAction","target":{"@type":"EntryPoint","urlTemplate":"http:\/\/cuartetoenlaweb.com.ar\/sitio\/?s={search_term_string}"},"query-input":{"@type":"PropertyValueSpecification","valueRequired":true,"valueName":"search_term_string"}}],"inLanguage":"es"},{"@type":"Organization","@id":"http:\/\/cuartetoenlaweb.com.ar\/sitio\/#organization","name":"Cuarteto en la Web","url":"http:\/\/cuartetoenlaweb.com.ar\/sitio\/","logo":{"@type":"ImageObject","inLanguage":"es","@id":"http:\/\/cuartetoenlaweb.com.ar\/sitio\/#\/schema\/logo\/image\/","url":"http:\/\/cuartetoenlaweb.com.ar\/sitio\/wp-content\/uploads\/2025\/07\/cropped-cropped-logitoweb21.png","contentUrl":"http:\/\/cuartetoenlaweb.com.ar\/sitio\/wp-content\/uploads\/2025\/07\/cropped-cropped-logitoweb21.png","width":199,"height":199,"caption":"Cuarteto en la Web"},"image":{"@id":"http:\/\/cuartetoenlaweb.com.ar\/sitio\/#\/schema\/logo\/image\/"}}]}},"_links":{"self":[{"href":"http:\/\/cuartetoenlaweb.com.ar\/sitio\/wp-json\/wp\/v2\/posts\/19482","targetHints":{"allow":["GET"]}}],"collection":[{"href":"http:\/\/cuartetoenlaweb.com.ar\/sitio\/wp-json\/wp\/v2\/posts"}],"about":[{"href":"http:\/\/cuartetoenlaweb.com.ar\/sitio\/wp-json\/wp\/v2\/types\/post"}],"replies":[{"embeddable":true,"href":"http:\/\/cuartetoenlaweb.com.ar\/sitio\/wp-json\/wp\/v2\/comments?post=19482"}],"version-history":[{"count":0,"href":"http:\/\/cuartetoenlaweb.com.ar\/sitio\/wp-json\/wp\/v2\/posts\/19482\/revisions"}],"wp:featuredmedia":[{"embeddable":true,"href":"http:\/\/cuartetoenlaweb.com.ar\/sitio\/wp-json\/wp\/v2\/media\/19483"}],"wp:attachment":[{"href":"http:\/\/cuartetoenlaweb.com.ar\/sitio\/wp-json\/wp\/v2\/media?parent=19482"}],"wp:term":[{"taxonomy":"category","embeddable":true,"href":"http:\/\/cuartetoenlaweb.com.ar\/sitio\/wp-json\/wp\/v2\/categories?post=19482"},{"taxonomy":"post_tag","embeddable":true,"href":"http:\/\/cuartetoenlaweb.com.ar\/sitio\/wp-json\/wp\/v2\/tags?post=19482"}],"curies":[{"name":"wp","href":"https:\/\/api.w.org\/{rel}","templated":true}]}}