
{"id":19476,"date":"2026-05-01T05:00:11","date_gmt":"2026-05-01T08:00:11","guid":{"rendered":"https:\/\/cuartetoenlaweb.com.ar\/sitio\/el-desopilante-audio-de-susana-gimenez-confirmando-que-no-va-a-los-martin-fierro-estoy-cansada-de\/"},"modified":"2026-05-01T05:00:11","modified_gmt":"2026-05-01T08:00:11","slug":"el-desopilante-audio-de-susana-gimenez-confirmando-que-no-va-a-los-martin-fierro-estoy-cansada-de","status":"publish","type":"post","link":"http:\/\/cuartetoenlaweb.com.ar\/sitio\/el-desopilante-audio-de-susana-gimenez-confirmando-que-no-va-a-los-martin-fierro-estoy-cansada-de\/","title":{"rendered":"El desopilante audio de Susana Gim\u00e9nez confirmando que no va a los Mart\u00edn Fierro: \u201cEstoy cansada de\u2026\u201d"},"content":{"rendered":"<p>Se avecina otra noche m\u00e1s de esos premios, que en los \u00faltimos a\u00f1os se reprodujeron a la velocidad de la luz con una gama infinita de versiones y especialidades. Los <strong>Mart\u00edn Fierro<\/strong> volver\u00e1n a la palestra con su tradicional galard\u00f3n, el m\u00e1s hist\u00f3rico: a la televisi\u00f3n.<\/p>\n<p>Luego de la reciente noche de la moda, el evento de APTRA se alista para galardonar a todos los actores de la industria de la pantalla chica y las nominaciones ya causaron enormes pol\u00e9micas, por las ausencias y tambi\u00e9n por las designaciones en ternas muy particulares.<\/p>\n<p>En todo ese ruido medi\u00e1tico, <strong><a href=\"https:\/\/www.paparazzi.com.ar\/teve\/angel-de-brito-revelo-la-verdad-de-la-turbia-expulsion-de-sol-abraham-de-gran-hermano\/\">\u00c1ngel de Brito<\/a><\/strong> encendi\u00f3 la cerilla de una bomba, dado que confirm\u00f3 que <strong>Susana Gim\u00e9nez<\/strong>, un icono de la televisi\u00f3n, decidi\u00f3 bajarse y no formar\u00e1 parte de esa velada. Toda una rareza, una verdadera excepci\u00f3n, que desat\u00f3 intriga.<\/p>\n<div class=\"mt-box \">\n<h4 class=\"mt-heading\">Mir\u00e1 Tambi\u00e9n<\/h4>\n<p><a href=\"https:\/\/www.paparazzi.com.ar\/romances\/filtran-la-crisis-tremenda-de-benjamin-vicuna-con-su-novia-anita-espasandin-se-pelean-mucho\/\"><\/p>\n<div class=\"mt-content\">\n<div class=\"mt-image-container\"><img decoding=\"async\" src=\"https:\/\/www.paparazzi.com.ar\/wp-content\/uploads\/2026\/04\/Anita-Espasandin-Benjamin-Vicuna-359x226.jpg\" alt=\"Filtran la crisis tremenda de Benjam\u00edn Vicu\u00f1a con su novia, Anita Espasand\u00edn: \u201cSe pelean mucho\u201d\" class=\"mt-image\" loading=\"lazy\" \/><\/div>\n<h5 class=\"mt-title\">Filtran la crisis tremenda de Benjam\u00edn Vicu\u00f1a con su novia, Anita Espasand\u00edn: \u201cSe pelean mucho\u201d<\/h5>\n<\/div>\n<p><\/a><\/div>\n<p>El genial conductor de LAM aceler\u00f3 a fondo y mostr\u00f3 un testimonio impresionante, porque la diva le envi\u00f3 un mensaje de voz privado, en el que desarrolla las razones que tallan en su consideraci\u00f3n para rechazar la invitaci\u00f3n a los Mart\u00edn Fierro.<\/p>\n<p>Susana arranc\u00f3 su explicaci\u00f3n y narr\u00f3: \u00a0\u00abMe voy a Punta del Este, no trabaj\u00e9 en este a\u00f1o, no estoy nominada, \u00bfpara que voy a ir?\u00bb. Y luego solt\u00f3 una monta\u00f1a de sensaciones \u00edntimas: \u00abNo tengo ganas, estoy cansada. No quiero ir sinceramente, adem\u00e1s no tengo por qu\u00e9 si no estoy nominada\u00bb.<\/p>\n<p>Conocedora de la selva del mundo del espect\u00e1culo, Gim\u00e9nez reconoci\u00f3 que le generar\u00e1 cr\u00edticas y que muchos actores de la industria se enojar\u00e1n con su determinaci\u00f3n. Por eso cont\u00f3:  \u00abSe que me van a torturar, pero me estoy yendo a Punta. Voy a tratar de no venir\u00bb.<\/p>\n<div class=\"mt-box \">\n<h4 class=\"mt-heading\">Mir\u00e1 Tambi\u00e9n<\/h4>\n<p><a href=\"https:\/\/www.paparazzi.com.ar\/teve\/angel-de-brito-revelo-la-verdad-de-la-turbia-expulsion-de-sol-abraham-de-gran-hermano\/\"><\/p>\n<div class=\"mt-content\">\n<div class=\"mt-image-container\"><img decoding=\"async\" src=\"https:\/\/www.paparazzi.com.ar\/wp-content\/uploads\/2026\/02\/\u00bfEl-primer-romance-en-Gran-Hermano-El-video-de-Solange-Abraham-que-la-dejo-al-descubierto-con-un-companero-359x226.jpg\" alt=\"\u00c1ngel de Brito revel\u00f3 la verdad de la turbia expulsi\u00f3n de Sol Abraham de Gran Hermano\" class=\"mt-image\" loading=\"lazy\" \/><\/div>\n<h5 class=\"mt-title\">\u00c1ngel de Brito revel\u00f3 la verdad de la turbia expulsi\u00f3n de Sol Abraham de Gran Hermano<\/h5>\n<\/div>\n<p><\/a><\/div>\n<div class=\"mt-box \">\n<h4 class=\"mt-heading\">Mir\u00e1 Tambi\u00e9n<\/h4>\n<p><a href=\"https:\/\/www.paparazzi.com.ar\/romances\/se-separaron-gonzalo-heredia-y-brenda-gandini-tras-16-anos-angel-de-brito-conto-los-polemicos-motivos\/\"><\/p>\n<div class=\"mt-content\">\n<div class=\"mt-image-container\"><img decoding=\"async\" src=\"https:\/\/www.paparazzi.com.ar\/wp-content\/uploads\/2024\/10\/La-fuerte-revelacion-de-Gonzalo-Heredia-a-sus-42-anos-22Estoy-muy-obsesionado-con.22.jpg-359x226.webp\" alt=\"Se separaron Gonzalo Heredia y Brenda Gandini tras 16 a\u00f1os: los pol\u00e9micos motivos\" class=\"mt-image\" loading=\"lazy\" \/><\/div>\n<h5 class=\"mt-title\">Se separaron Gonzalo Heredia y Brenda Gandini tras 16 a\u00f1os: los pol\u00e9micos motivos<\/h5>\n<\/div>\n<p><\/a><\/div>\n<p>The post <a href=\"https:\/\/www.paparazzi.com.ar\/teve\/el-desopilante-audio-de-susana-gimenez-confirmando-que-no-va-a-los-martin-fierro-estoy-cansada-de\/\">El desopilante audio de Susana Gim\u00e9nez confirmando que no va a los Mart\u00edn Fierro: \u201cEstoy cansada de\u2026\u201d<\/a> appeared first on <a href=\"https:\/\/www.paparazzi.com.ar\">Revista Paparazzi<\/a>.<\/p>\n","protected":false},"excerpt":{"rendered":"<p>Se avecina otra noche m\u00e1s de esos premios, que en<\/p>\n","protected":false},"author":0,"featured_media":19477,"comment_status":"","ping_status":"","sticky":false,"template":"","format":"standard","meta":{"footnotes":""},"categories":[12],"tags":[],"class_list":["post-19476","post","type-post","status-publish","format-standard","has-post-thumbnail","hentry","category-espectaculo"],"yoast_head":"<!-- This site is optimized with the Yoast SEO plugin v27.5 - https:\/\/yoast.com\/product\/yoast-seo-wordpress\/ -->\n<title>El desopilante audio de Susana Gim\u00e9nez confirmando que no va a los Mart\u00edn Fierro: \u201cEstoy cansada de\u2026\u201d - Cuarteto en la Web<\/title>\n<meta name=\"robots\" content=\"index, follow, max-snippet:-1, max-image-preview:large, max-video-preview:-1\" \/>\n<link rel=\"canonical\" href=\"http:\/\/cuartetoenlaweb.com.ar\/sitio\/el-desopilante-audio-de-susana-gimenez-confirmando-que-no-va-a-los-martin-fierro-estoy-cansada-de\/\" \/>\n<meta property=\"og:locale\" content=\"es_ES\" \/>\n<meta property=\"og:type\" content=\"article\" \/>\n<meta property=\"og:title\" content=\"El desopilante audio de Susana Gim\u00e9nez confirmando que no va a los Mart\u00edn Fierro: \u201cEstoy cansada de\u2026\u201d - Cuarteto en la Web\" \/>\n<meta property=\"og:description\" content=\"Se avecina otra noche m\u00e1s de esos premios, que en\" \/>\n<meta property=\"og:url\" content=\"http:\/\/cuartetoenlaweb.com.ar\/sitio\/el-desopilante-audio-de-susana-gimenez-confirmando-que-no-va-a-los-martin-fierro-estoy-cansada-de\/\" \/>\n<meta property=\"og:site_name\" content=\"Cuarteto en la Web\" \/>\n<meta property=\"article:published_time\" content=\"2026-05-01T08:00:11+00:00\" \/>\n<meta property=\"og:image\" content=\"http:\/\/cuartetoenlaweb.com.ar\/sitio\/wp-content\/uploads\/2026\/05\/Anita-Espasandin-Benjamin-Vicuna-359x226-1.jpg\" \/>\n\t<meta property=\"og:image:width\" content=\"359\" \/>\n\t<meta property=\"og:image:height\" content=\"226\" \/>\n\t<meta property=\"og:image:type\" content=\"image\/jpeg\" \/>\n<meta name=\"twitter:card\" content=\"summary_large_image\" \/>\n<meta name=\"twitter:label1\" content=\"Tiempo de lectura\" \/>\n\t<meta name=\"twitter:data1\" content=\"2 minutos\" \/>\n<script type=\"application\/ld+json\" class=\"yoast-schema-graph\">{\"@context\":\"https:\\\/\\\/schema.org\",\"@graph\":[{\"@type\":\"Article\",\"@id\":\"http:\\\/\\\/cuartetoenlaweb.com.ar\\\/sitio\\\/el-desopilante-audio-de-susana-gimenez-confirmando-que-no-va-a-los-martin-fierro-estoy-cansada-de\\\/#article\",\"isPartOf\":{\"@id\":\"http:\\\/\\\/cuartetoenlaweb.com.ar\\\/sitio\\\/el-desopilante-audio-de-susana-gimenez-confirmando-que-no-va-a-los-martin-fierro-estoy-cansada-de\\\/\"},\"author\":{\"name\":\"\",\"@id\":\"\"},\"headline\":\"El desopilante audio de Susana Gim\u00e9nez confirmando que no va a los Mart\u00edn Fierro: \u201cEstoy cansada de\u2026\u201d\",\"datePublished\":\"2026-05-01T08:00:11+00:00\",\"mainEntityOfPage\":{\"@id\":\"http:\\\/\\\/cuartetoenlaweb.com.ar\\\/sitio\\\/el-desopilante-audio-de-susana-gimenez-confirmando-que-no-va-a-los-martin-fierro-estoy-cansada-de\\\/\"},\"wordCount\":404,\"publisher\":{\"@id\":\"http:\\\/\\\/cuartetoenlaweb.com.ar\\\/sitio\\\/#organization\"},\"image\":{\"@id\":\"http:\\\/\\\/cuartetoenlaweb.com.ar\\\/sitio\\\/el-desopilante-audio-de-susana-gimenez-confirmando-que-no-va-a-los-martin-fierro-estoy-cansada-de\\\/#primaryimage\"},\"thumbnailUrl\":\"http:\\\/\\\/cuartetoenlaweb.com.ar\\\/sitio\\\/wp-content\\\/uploads\\\/2026\\\/05\\\/Anita-Espasandin-Benjamin-Vicuna-359x226-1.jpg\",\"articleSection\":[\"ESPECT\u00c1CULO\"],\"inLanguage\":\"es\"},{\"@type\":\"WebPage\",\"@id\":\"http:\\\/\\\/cuartetoenlaweb.com.ar\\\/sitio\\\/el-desopilante-audio-de-susana-gimenez-confirmando-que-no-va-a-los-martin-fierro-estoy-cansada-de\\\/\",\"url\":\"http:\\\/\\\/cuartetoenlaweb.com.ar\\\/sitio\\\/el-desopilante-audio-de-susana-gimenez-confirmando-que-no-va-a-los-martin-fierro-estoy-cansada-de\\\/\",\"name\":\"El desopilante audio de Susana Gim\u00e9nez confirmando que no va a los Mart\u00edn Fierro: \u201cEstoy cansada de\u2026\u201d - Cuarteto en la Web\",\"isPartOf\":{\"@id\":\"http:\\\/\\\/cuartetoenlaweb.com.ar\\\/sitio\\\/#website\"},\"primaryImageOfPage\":{\"@id\":\"http:\\\/\\\/cuartetoenlaweb.com.ar\\\/sitio\\\/el-desopilante-audio-de-susana-gimenez-confirmando-que-no-va-a-los-martin-fierro-estoy-cansada-de\\\/#primaryimage\"},\"image\":{\"@id\":\"http:\\\/\\\/cuartetoenlaweb.com.ar\\\/sitio\\\/el-desopilante-audio-de-susana-gimenez-confirmando-que-no-va-a-los-martin-fierro-estoy-cansada-de\\\/#primaryimage\"},\"thumbnailUrl\":\"http:\\\/\\\/cuartetoenlaweb.com.ar\\\/sitio\\\/wp-content\\\/uploads\\\/2026\\\/05\\\/Anita-Espasandin-Benjamin-Vicuna-359x226-1.jpg\",\"datePublished\":\"2026-05-01T08:00:11+00:00\",\"breadcrumb\":{\"@id\":\"http:\\\/\\\/cuartetoenlaweb.com.ar\\\/sitio\\\/el-desopilante-audio-de-susana-gimenez-confirmando-que-no-va-a-los-martin-fierro-estoy-cansada-de\\\/#breadcrumb\"},\"inLanguage\":\"es\",\"potentialAction\":[{\"@type\":\"ReadAction\",\"target\":[\"http:\\\/\\\/cuartetoenlaweb.com.ar\\\/sitio\\\/el-desopilante-audio-de-susana-gimenez-confirmando-que-no-va-a-los-martin-fierro-estoy-cansada-de\\\/\"]}]},{\"@type\":\"ImageObject\",\"inLanguage\":\"es\",\"@id\":\"http:\\\/\\\/cuartetoenlaweb.com.ar\\\/sitio\\\/el-desopilante-audio-de-susana-gimenez-confirmando-que-no-va-a-los-martin-fierro-estoy-cansada-de\\\/#primaryimage\",\"url\":\"http:\\\/\\\/cuartetoenlaweb.com.ar\\\/sitio\\\/wp-content\\\/uploads\\\/2026\\\/05\\\/Anita-Espasandin-Benjamin-Vicuna-359x226-1.jpg\",\"contentUrl\":\"http:\\\/\\\/cuartetoenlaweb.com.ar\\\/sitio\\\/wp-content\\\/uploads\\\/2026\\\/05\\\/Anita-Espasandin-Benjamin-Vicuna-359x226-1.jpg\",\"width\":359,\"height\":226},{\"@type\":\"BreadcrumbList\",\"@id\":\"http:\\\/\\\/cuartetoenlaweb.com.ar\\\/sitio\\\/el-desopilante-audio-de-susana-gimenez-confirmando-que-no-va-a-los-martin-fierro-estoy-cansada-de\\\/#breadcrumb\",\"itemListElement\":[{\"@type\":\"ListItem\",\"position\":1,\"name\":\"Portada\",\"item\":\"http:\\\/\\\/cuartetoenlaweb.com.ar\\\/sitio\\\/\"},{\"@type\":\"ListItem\",\"position\":2,\"name\":\"El desopilante audio de Susana Gim\u00e9nez confirmando que no va a los Mart\u00edn Fierro: \u201cEstoy cansada de\u2026\u201d\"}]},{\"@type\":\"WebSite\",\"@id\":\"http:\\\/\\\/cuartetoenlaweb.com.ar\\\/sitio\\\/#website\",\"url\":\"http:\\\/\\\/cuartetoenlaweb.com.ar\\\/sitio\\\/\",\"name\":\"Cuarteto en la Web\",\"description\":\"\",\"publisher\":{\"@id\":\"http:\\\/\\\/cuartetoenlaweb.com.ar\\\/sitio\\\/#organization\"},\"potentialAction\":[{\"@type\":\"SearchAction\",\"target\":{\"@type\":\"EntryPoint\",\"urlTemplate\":\"http:\\\/\\\/cuartetoenlaweb.com.ar\\\/sitio\\\/?s={search_term_string}\"},\"query-input\":{\"@type\":\"PropertyValueSpecification\",\"valueRequired\":true,\"valueName\":\"search_term_string\"}}],\"inLanguage\":\"es\"},{\"@type\":\"Organization\",\"@id\":\"http:\\\/\\\/cuartetoenlaweb.com.ar\\\/sitio\\\/#organization\",\"name\":\"Cuarteto en la Web\",\"url\":\"http:\\\/\\\/cuartetoenlaweb.com.ar\\\/sitio\\\/\",\"logo\":{\"@type\":\"ImageObject\",\"inLanguage\":\"es\",\"@id\":\"http:\\\/\\\/cuartetoenlaweb.com.ar\\\/sitio\\\/#\\\/schema\\\/logo\\\/image\\\/\",\"url\":\"http:\\\/\\\/cuartetoenlaweb.com.ar\\\/sitio\\\/wp-content\\\/uploads\\\/2025\\\/07\\\/cropped-cropped-logitoweb21.png\",\"contentUrl\":\"http:\\\/\\\/cuartetoenlaweb.com.ar\\\/sitio\\\/wp-content\\\/uploads\\\/2025\\\/07\\\/cropped-cropped-logitoweb21.png\",\"width\":199,\"height\":199,\"caption\":\"Cuarteto en la Web\"},\"image\":{\"@id\":\"http:\\\/\\\/cuartetoenlaweb.com.ar\\\/sitio\\\/#\\\/schema\\\/logo\\\/image\\\/\"}}]}<\/script>\n<!-- \/ Yoast SEO plugin. -->","yoast_head_json":{"title":"El desopilante audio de Susana Gim\u00e9nez confirmando que no va a los Mart\u00edn Fierro: \u201cEstoy cansada de\u2026\u201d - Cuarteto en la Web","robots":{"index":"index","follow":"follow","max-snippet":"max-snippet:-1","max-image-preview":"max-image-preview:large","max-video-preview":"max-video-preview:-1"},"canonical":"http:\/\/cuartetoenlaweb.com.ar\/sitio\/el-desopilante-audio-de-susana-gimenez-confirmando-que-no-va-a-los-martin-fierro-estoy-cansada-de\/","og_locale":"es_ES","og_type":"article","og_title":"El desopilante audio de Susana Gim\u00e9nez confirmando que no va a los Mart\u00edn Fierro: \u201cEstoy cansada de\u2026\u201d - Cuarteto en la Web","og_description":"Se avecina otra noche m\u00e1s de esos premios, que en","og_url":"http:\/\/cuartetoenlaweb.com.ar\/sitio\/el-desopilante-audio-de-susana-gimenez-confirmando-que-no-va-a-los-martin-fierro-estoy-cansada-de\/","og_site_name":"Cuarteto en la Web","article_published_time":"2026-05-01T08:00:11+00:00","og_image":[{"width":359,"height":226,"url":"http:\/\/cuartetoenlaweb.com.ar\/sitio\/wp-content\/uploads\/2026\/05\/Anita-Espasandin-Benjamin-Vicuna-359x226-1.jpg","type":"image\/jpeg"}],"twitter_card":"summary_large_image","twitter_misc":{"Tiempo de lectura":"2 minutos"},"schema":{"@context":"https:\/\/schema.org","@graph":[{"@type":"Article","@id":"http:\/\/cuartetoenlaweb.com.ar\/sitio\/el-desopilante-audio-de-susana-gimenez-confirmando-que-no-va-a-los-martin-fierro-estoy-cansada-de\/#article","isPartOf":{"@id":"http:\/\/cuartetoenlaweb.com.ar\/sitio\/el-desopilante-audio-de-susana-gimenez-confirmando-que-no-va-a-los-martin-fierro-estoy-cansada-de\/"},"author":{"name":"","@id":""},"headline":"El desopilante audio de Susana Gim\u00e9nez confirmando que no va a los Mart\u00edn Fierro: \u201cEstoy cansada de\u2026\u201d","datePublished":"2026-05-01T08:00:11+00:00","mainEntityOfPage":{"@id":"http:\/\/cuartetoenlaweb.com.ar\/sitio\/el-desopilante-audio-de-susana-gimenez-confirmando-que-no-va-a-los-martin-fierro-estoy-cansada-de\/"},"wordCount":404,"publisher":{"@id":"http:\/\/cuartetoenlaweb.com.ar\/sitio\/#organization"},"image":{"@id":"http:\/\/cuartetoenlaweb.com.ar\/sitio\/el-desopilante-audio-de-susana-gimenez-confirmando-que-no-va-a-los-martin-fierro-estoy-cansada-de\/#primaryimage"},"thumbnailUrl":"http:\/\/cuartetoenlaweb.com.ar\/sitio\/wp-content\/uploads\/2026\/05\/Anita-Espasandin-Benjamin-Vicuna-359x226-1.jpg","articleSection":["ESPECT\u00c1CULO"],"inLanguage":"es"},{"@type":"WebPage","@id":"http:\/\/cuartetoenlaweb.com.ar\/sitio\/el-desopilante-audio-de-susana-gimenez-confirmando-que-no-va-a-los-martin-fierro-estoy-cansada-de\/","url":"http:\/\/cuartetoenlaweb.com.ar\/sitio\/el-desopilante-audio-de-susana-gimenez-confirmando-que-no-va-a-los-martin-fierro-estoy-cansada-de\/","name":"El desopilante audio de Susana Gim\u00e9nez confirmando que no va a los Mart\u00edn Fierro: \u201cEstoy cansada de\u2026\u201d - Cuarteto en la Web","isPartOf":{"@id":"http:\/\/cuartetoenlaweb.com.ar\/sitio\/#website"},"primaryImageOfPage":{"@id":"http:\/\/cuartetoenlaweb.com.ar\/sitio\/el-desopilante-audio-de-susana-gimenez-confirmando-que-no-va-a-los-martin-fierro-estoy-cansada-de\/#primaryimage"},"image":{"@id":"http:\/\/cuartetoenlaweb.com.ar\/sitio\/el-desopilante-audio-de-susana-gimenez-confirmando-que-no-va-a-los-martin-fierro-estoy-cansada-de\/#primaryimage"},"thumbnailUrl":"http:\/\/cuartetoenlaweb.com.ar\/sitio\/wp-content\/uploads\/2026\/05\/Anita-Espasandin-Benjamin-Vicuna-359x226-1.jpg","datePublished":"2026-05-01T08:00:11+00:00","breadcrumb":{"@id":"http:\/\/cuartetoenlaweb.com.ar\/sitio\/el-desopilante-audio-de-susana-gimenez-confirmando-que-no-va-a-los-martin-fierro-estoy-cansada-de\/#breadcrumb"},"inLanguage":"es","potentialAction":[{"@type":"ReadAction","target":["http:\/\/cuartetoenlaweb.com.ar\/sitio\/el-desopilante-audio-de-susana-gimenez-confirmando-que-no-va-a-los-martin-fierro-estoy-cansada-de\/"]}]},{"@type":"ImageObject","inLanguage":"es","@id":"http:\/\/cuartetoenlaweb.com.ar\/sitio\/el-desopilante-audio-de-susana-gimenez-confirmando-que-no-va-a-los-martin-fierro-estoy-cansada-de\/#primaryimage","url":"http:\/\/cuartetoenlaweb.com.ar\/sitio\/wp-content\/uploads\/2026\/05\/Anita-Espasandin-Benjamin-Vicuna-359x226-1.jpg","contentUrl":"http:\/\/cuartetoenlaweb.com.ar\/sitio\/wp-content\/uploads\/2026\/05\/Anita-Espasandin-Benjamin-Vicuna-359x226-1.jpg","width":359,"height":226},{"@type":"BreadcrumbList","@id":"http:\/\/cuartetoenlaweb.com.ar\/sitio\/el-desopilante-audio-de-susana-gimenez-confirmando-que-no-va-a-los-martin-fierro-estoy-cansada-de\/#breadcrumb","itemListElement":[{"@type":"ListItem","position":1,"name":"Portada","item":"http:\/\/cuartetoenlaweb.com.ar\/sitio\/"},{"@type":"ListItem","position":2,"name":"El desopilante audio de Susana Gim\u00e9nez confirmando que no va a los Mart\u00edn Fierro: \u201cEstoy cansada de\u2026\u201d"}]},{"@type":"WebSite","@id":"http:\/\/cuartetoenlaweb.com.ar\/sitio\/#website","url":"http:\/\/cuartetoenlaweb.com.ar\/sitio\/","name":"Cuarteto en la Web","description":"","publisher":{"@id":"http:\/\/cuartetoenlaweb.com.ar\/sitio\/#organization"},"potentialAction":[{"@type":"SearchAction","target":{"@type":"EntryPoint","urlTemplate":"http:\/\/cuartetoenlaweb.com.ar\/sitio\/?s={search_term_string}"},"query-input":{"@type":"PropertyValueSpecification","valueRequired":true,"valueName":"search_term_string"}}],"inLanguage":"es"},{"@type":"Organization","@id":"http:\/\/cuartetoenlaweb.com.ar\/sitio\/#organization","name":"Cuarteto en la Web","url":"http:\/\/cuartetoenlaweb.com.ar\/sitio\/","logo":{"@type":"ImageObject","inLanguage":"es","@id":"http:\/\/cuartetoenlaweb.com.ar\/sitio\/#\/schema\/logo\/image\/","url":"http:\/\/cuartetoenlaweb.com.ar\/sitio\/wp-content\/uploads\/2025\/07\/cropped-cropped-logitoweb21.png","contentUrl":"http:\/\/cuartetoenlaweb.com.ar\/sitio\/wp-content\/uploads\/2025\/07\/cropped-cropped-logitoweb21.png","width":199,"height":199,"caption":"Cuarteto en la Web"},"image":{"@id":"http:\/\/cuartetoenlaweb.com.ar\/sitio\/#\/schema\/logo\/image\/"}}]}},"_links":{"self":[{"href":"http:\/\/cuartetoenlaweb.com.ar\/sitio\/wp-json\/wp\/v2\/posts\/19476","targetHints":{"allow":["GET"]}}],"collection":[{"href":"http:\/\/cuartetoenlaweb.com.ar\/sitio\/wp-json\/wp\/v2\/posts"}],"about":[{"href":"http:\/\/cuartetoenlaweb.com.ar\/sitio\/wp-json\/wp\/v2\/types\/post"}],"replies":[{"embeddable":true,"href":"http:\/\/cuartetoenlaweb.com.ar\/sitio\/wp-json\/wp\/v2\/comments?post=19476"}],"version-history":[{"count":0,"href":"http:\/\/cuartetoenlaweb.com.ar\/sitio\/wp-json\/wp\/v2\/posts\/19476\/revisions"}],"wp:featuredmedia":[{"embeddable":true,"href":"http:\/\/cuartetoenlaweb.com.ar\/sitio\/wp-json\/wp\/v2\/media\/19477"}],"wp:attachment":[{"href":"http:\/\/cuartetoenlaweb.com.ar\/sitio\/wp-json\/wp\/v2\/media?parent=19476"}],"wp:term":[{"taxonomy":"category","embeddable":true,"href":"http:\/\/cuartetoenlaweb.com.ar\/sitio\/wp-json\/wp\/v2\/categories?post=19476"},{"taxonomy":"post_tag","embeddable":true,"href":"http:\/\/cuartetoenlaweb.com.ar\/sitio\/wp-json\/wp\/v2\/tags?post=19476"}],"curies":[{"name":"wp","href":"https:\/\/api.w.org\/{rel}","templated":true}]}}