
{"id":19472,"date":"2026-05-01T05:00:08","date_gmt":"2026-05-01T08:00:08","guid":{"rendered":"https:\/\/cuartetoenlaweb.com.ar\/sitio\/brenda-gandini-salio-a-contar-toda-la-verdad-de-la-separacion-de-gonzalo-heredia\/"},"modified":"2026-05-01T05:00:08","modified_gmt":"2026-05-01T08:00:08","slug":"brenda-gandini-salio-a-contar-toda-la-verdad-de-la-separacion-de-gonzalo-heredia","status":"publish","type":"post","link":"http:\/\/cuartetoenlaweb.com.ar\/sitio\/brenda-gandini-salio-a-contar-toda-la-verdad-de-la-separacion-de-gonzalo-heredia\/","title":{"rendered":"Brenda Gandini sali\u00f3 a contar toda la verdad de la separaci\u00f3n de Gonzalo Heredia"},"content":{"rendered":"<p><strong>Brenda Gandini y Gonzalo Heredia<\/strong> quedaron en el centro de versiones de separaci\u00f3n, de un desenlace negativo de su matrimonio, ese que consumaron y con el que construyeron una familia con dos hermosos hijos. El r\u00edo lleva mucho ruido en torno a la pareja.<\/p>\n<p>Todo estall\u00f3 despu\u00e9s de un d\u00eda cargado de especulaciones, porque en <strong>LAM<\/strong> aseveraron que los famosos llegaron al puerto del final de su historia de amor. En ese ciclo, <strong>Pepe Ochoa<\/strong> se anim\u00f3 a afirmar que dispon\u00eda de fuentes fidedignas que le permit\u00edan informar del quiebre de la relaci\u00f3n.<\/p>\n<p>Tras una primera aparici\u00f3n de Heredia, para desmentir, <a href=\"https:\/\/www.paparazzi.com.ar\/romances\/se-separaron-gonzalo-heredia-y-brenda-gandini-tras-16-anos-angel-de-brito-conto-los-polemicos-motivos\/\">Gandini<\/a> decidi\u00f3 salir a ponerle un freno a la trama. Sin rodeos y con cierto cansancio acumulado, la actriz habl\u00f3 y fue clara. \u201cNo, no es verdad. Ya nos separaron tantas veces que no queda otra que tom\u00e1rsela con humor\u201d, asegur\u00f3 en di\u00e1logo con <em>Teleshow<\/em>.<\/p>\n<div class=\"mt-box \">\n<h4 class=\"mt-heading\">Mir\u00e1 Tambi\u00e9n<\/h4>\n<p><a href=\"https:\/\/www.paparazzi.com.ar\/romances\/se-separaron-gonzalo-heredia-y-brenda-gandini-tras-16-anos-angel-de-brito-conto-los-polemicos-motivos\/\"><\/p>\n<div class=\"mt-content\">\n<div class=\"mt-image-container\"><img decoding=\"async\" src=\"https:\/\/www.paparazzi.com.ar\/wp-content\/uploads\/2024\/10\/La-fuerte-revelacion-de-Gonzalo-Heredia-a-sus-42-anos-22Estoy-muy-obsesionado-con.22.jpg-359x226.webp\" alt=\"Se separaron Gonzalo Heredia y Brenda Gandini tras 16 a\u00f1os: los pol\u00e9micos motivos\" class=\"mt-image\" loading=\"lazy\" \/><\/div>\n<h5 class=\"mt-title\">Se separaron Gonzalo Heredia y Brenda Gandini tras 16 a\u00f1os: los pol\u00e9micos motivos<\/h5>\n<\/div>\n<p><\/a><\/div>\n<p>Aunque intent\u00f3 desdramatizar, tambi\u00e9n dej\u00f3 en evidencia que la situaci\u00f3n ya no le resulta indiferente. \u201cPero ya agota un poco el tema, sobre todo porque tenemos hijos a los cuales les llega todo, familia que se preocupa y no est\u00e1 bueno: te mando un abrazo\u201d, agreg\u00f3, marcando el impacto real que estos rumores tienen puertas adentro.<\/p>\n<h2 class=\"wp-block-heading\">GANDINI CONT\u00d3 SU VERDAD DE LOS RUMORES DE SEPARACI\u00d3N<\/h2>\n<p>Horas antes, Heredia tambi\u00e9n hab\u00eda salido a aclarar el panorama, sorprendido por la repercusi\u00f3n que tom\u00f3 la versi\u00f3n. Y fue igual de contundente: \u201cNo, no, no estamos separados, nada m\u00e1s alejado de la verdad. Me escribi\u00f3 mi pap\u00e1 hoy a la ma\u00f1ana pregunt\u00e1ndome si era cierto o no\u201d, cont\u00f3, dejando en claro que el ruido medi\u00e1tico tambi\u00e9n golpea en su c\u00edrculo m\u00e1s \u00edntimo.<\/p>\n<p>No es la primera vez que la pareja enfrenta este tipo de versiones, pero esta vez el desgaste parece haber sido mayor. Entre el humor y el fastidio, ambos eligieron hablar y bajar la espuma antes de que el tema creciera a\u00fan m\u00e1s.<\/p>\n<div class=\"mt-box \">\n<h4 class=\"mt-heading\">Mir\u00e1 Tambi\u00e9n<\/h4>\n<p><a href=\"https:\/\/www.paparazzi.com.ar\/teve\/el-desopilante-audio-de-susana-gimenez-confirmando-que-no-va-a-los-martin-fierro-estoy-cansada-de\/\"><\/p>\n<div class=\"mt-content\">\n<div class=\"mt-image-container\"><img decoding=\"async\" src=\"https:\/\/www.paparazzi.com.ar\/wp-content\/uploads\/2026\/04\/Susana-Gimenez-1-359x226.jpg\" alt=\"El desopilante audio de Susana Gim\u00e9nez confirmando que no va a los Mart\u00edn Fierro: \u201cEstoy cansada de\u2026\u201d\" class=\"mt-image\" loading=\"lazy\" \/><\/div>\n<h5 class=\"mt-title\">El desopilante audio de Susana Gim\u00e9nez confirmando que no va a los Mart\u00edn Fierro: \u201cEstoy cansada de\u2026\u201d<\/h5>\n<\/div>\n<p><\/a><\/div>\n<div class=\"mt-box \">\n<h4 class=\"mt-heading\">Mir\u00e1 Tambi\u00e9n<\/h4>\n<p><a href=\"https:\/\/www.paparazzi.com.ar\/teve\/engancharon-a-jesica-cirio-haciendo-una-compra-compulsiva-en-madrid-cuantos-miles-de-euros-gasto-en-ropa\/\"><\/p>\n<div class=\"mt-content\">\n<div class=\"mt-image-container\"><img decoding=\"async\" src=\"https:\/\/www.paparazzi.com.ar\/wp-content\/uploads\/2025\/07\/Jesica-Cirio.jpg-359x226.webp\" alt=\"Engancharon a J\u00e9sica Cirio haciendo una compra compulsiva en Madrid: cu\u00e1ntos miles de euros gast\u00f3 en ropa\" class=\"mt-image\" loading=\"lazy\" \/><\/div>\n<h5 class=\"mt-title\">Engancharon a J\u00e9sica Cirio haciendo una compra compulsiva en Madrid: cu\u00e1ntos miles de euros gast\u00f3 en ropa<\/h5>\n<\/div>\n<p><\/a><\/div>\n<p>The post <a href=\"https:\/\/www.paparazzi.com.ar\/romances\/brenda-gandini-salio-a-contar-toda-la-verdad-de-la-separacion-de-gonzalo-heredia\/\">Brenda Gandini sali\u00f3 a contar toda la verdad de la separaci\u00f3n de Gonzalo Heredia<\/a> appeared first on <a href=\"https:\/\/www.paparazzi.com.ar\">Revista Paparazzi<\/a>.<\/p>\n","protected":false},"excerpt":{"rendered":"<p>Brenda Gandini y Gonzalo Heredia quedaron en el centro de<\/p>\n","protected":false},"author":0,"featured_media":19473,"comment_status":"","ping_status":"","sticky":false,"template":"","format":"standard","meta":{"footnotes":""},"categories":[12],"tags":[],"class_list":["post-19472","post","type-post","status-publish","format-standard","has-post-thumbnail","hentry","category-espectaculo"],"yoast_head":"<!-- This site is optimized with the Yoast SEO plugin v27.5 - https:\/\/yoast.com\/product\/yoast-seo-wordpress\/ -->\n<title>Brenda Gandini sali\u00f3 a contar toda la verdad de la separaci\u00f3n de Gonzalo Heredia - Cuarteto en la Web<\/title>\n<meta name=\"robots\" content=\"index, follow, max-snippet:-1, max-image-preview:large, max-video-preview:-1\" \/>\n<link rel=\"canonical\" href=\"https:\/\/cuartetoenlaweb.com.ar\/sitio\/brenda-gandini-salio-a-contar-toda-la-verdad-de-la-separacion-de-gonzalo-heredia\/\" \/>\n<meta property=\"og:locale\" content=\"es_ES\" \/>\n<meta property=\"og:type\" content=\"article\" \/>\n<meta property=\"og:title\" content=\"Brenda Gandini sali\u00f3 a contar toda la verdad de la separaci\u00f3n de Gonzalo Heredia - Cuarteto en la Web\" \/>\n<meta property=\"og:description\" content=\"Brenda Gandini y Gonzalo Heredia quedaron en el centro de\" \/>\n<meta property=\"og:url\" content=\"https:\/\/cuartetoenlaweb.com.ar\/sitio\/brenda-gandini-salio-a-contar-toda-la-verdad-de-la-separacion-de-gonzalo-heredia\/\" \/>\n<meta property=\"og:site_name\" content=\"Cuarteto en la Web\" \/>\n<meta property=\"article:published_time\" content=\"2026-05-01T08:00:08+00:00\" \/>\n<meta property=\"og:image\" content=\"https:\/\/cuartetoenlaweb.com.ar\/sitio\/wp-content\/uploads\/2026\/05\/La-fuerte-revelacion-de-Gonzalo-Heredia-a-sus-42-anos-22Estoy-muy-obsesionado-con.22.jpg-359x226-1.webp\" \/>\n\t<meta property=\"og:image:width\" content=\"359\" \/>\n\t<meta property=\"og:image:height\" content=\"226\" \/>\n\t<meta property=\"og:image:type\" content=\"image\/webp\" \/>\n<meta name=\"twitter:card\" content=\"summary_large_image\" \/>\n<meta name=\"twitter:label1\" content=\"Tiempo de lectura\" \/>\n\t<meta name=\"twitter:data1\" content=\"2 minutos\" \/>\n<script type=\"application\/ld+json\" class=\"yoast-schema-graph\">{\"@context\":\"https:\\\/\\\/schema.org\",\"@graph\":[{\"@type\":\"Article\",\"@id\":\"https:\\\/\\\/cuartetoenlaweb.com.ar\\\/sitio\\\/brenda-gandini-salio-a-contar-toda-la-verdad-de-la-separacion-de-gonzalo-heredia\\\/#article\",\"isPartOf\":{\"@id\":\"https:\\\/\\\/cuartetoenlaweb.com.ar\\\/sitio\\\/brenda-gandini-salio-a-contar-toda-la-verdad-de-la-separacion-de-gonzalo-heredia\\\/\"},\"author\":{\"name\":\"\",\"@id\":\"\"},\"headline\":\"Brenda Gandini sali\u00f3 a contar toda la verdad de la separaci\u00f3n de Gonzalo Heredia\",\"datePublished\":\"2026-05-01T08:00:08+00:00\",\"mainEntityOfPage\":{\"@id\":\"https:\\\/\\\/cuartetoenlaweb.com.ar\\\/sitio\\\/brenda-gandini-salio-a-contar-toda-la-verdad-de-la-separacion-de-gonzalo-heredia\\\/\"},\"wordCount\":441,\"publisher\":{\"@id\":\"http:\\\/\\\/cuartetoenlaweb.com.ar\\\/sitio\\\/#organization\"},\"image\":{\"@id\":\"https:\\\/\\\/cuartetoenlaweb.com.ar\\\/sitio\\\/brenda-gandini-salio-a-contar-toda-la-verdad-de-la-separacion-de-gonzalo-heredia\\\/#primaryimage\"},\"thumbnailUrl\":\"http:\\\/\\\/cuartetoenlaweb.com.ar\\\/sitio\\\/wp-content\\\/uploads\\\/2026\\\/05\\\/La-fuerte-revelacion-de-Gonzalo-Heredia-a-sus-42-anos-22Estoy-muy-obsesionado-con.22.jpg-359x226-1.webp\",\"articleSection\":[\"ESPECT\u00c1CULO\"],\"inLanguage\":\"es\"},{\"@type\":\"WebPage\",\"@id\":\"https:\\\/\\\/cuartetoenlaweb.com.ar\\\/sitio\\\/brenda-gandini-salio-a-contar-toda-la-verdad-de-la-separacion-de-gonzalo-heredia\\\/\",\"url\":\"https:\\\/\\\/cuartetoenlaweb.com.ar\\\/sitio\\\/brenda-gandini-salio-a-contar-toda-la-verdad-de-la-separacion-de-gonzalo-heredia\\\/\",\"name\":\"Brenda Gandini sali\u00f3 a contar toda la verdad de la separaci\u00f3n de Gonzalo Heredia - Cuarteto en la Web\",\"isPartOf\":{\"@id\":\"http:\\\/\\\/cuartetoenlaweb.com.ar\\\/sitio\\\/#website\"},\"primaryImageOfPage\":{\"@id\":\"https:\\\/\\\/cuartetoenlaweb.com.ar\\\/sitio\\\/brenda-gandini-salio-a-contar-toda-la-verdad-de-la-separacion-de-gonzalo-heredia\\\/#primaryimage\"},\"image\":{\"@id\":\"https:\\\/\\\/cuartetoenlaweb.com.ar\\\/sitio\\\/brenda-gandini-salio-a-contar-toda-la-verdad-de-la-separacion-de-gonzalo-heredia\\\/#primaryimage\"},\"thumbnailUrl\":\"http:\\\/\\\/cuartetoenlaweb.com.ar\\\/sitio\\\/wp-content\\\/uploads\\\/2026\\\/05\\\/La-fuerte-revelacion-de-Gonzalo-Heredia-a-sus-42-anos-22Estoy-muy-obsesionado-con.22.jpg-359x226-1.webp\",\"datePublished\":\"2026-05-01T08:00:08+00:00\",\"breadcrumb\":{\"@id\":\"https:\\\/\\\/cuartetoenlaweb.com.ar\\\/sitio\\\/brenda-gandini-salio-a-contar-toda-la-verdad-de-la-separacion-de-gonzalo-heredia\\\/#breadcrumb\"},\"inLanguage\":\"es\",\"potentialAction\":[{\"@type\":\"ReadAction\",\"target\":[\"https:\\\/\\\/cuartetoenlaweb.com.ar\\\/sitio\\\/brenda-gandini-salio-a-contar-toda-la-verdad-de-la-separacion-de-gonzalo-heredia\\\/\"]}]},{\"@type\":\"ImageObject\",\"inLanguage\":\"es\",\"@id\":\"https:\\\/\\\/cuartetoenlaweb.com.ar\\\/sitio\\\/brenda-gandini-salio-a-contar-toda-la-verdad-de-la-separacion-de-gonzalo-heredia\\\/#primaryimage\",\"url\":\"http:\\\/\\\/cuartetoenlaweb.com.ar\\\/sitio\\\/wp-content\\\/uploads\\\/2026\\\/05\\\/La-fuerte-revelacion-de-Gonzalo-Heredia-a-sus-42-anos-22Estoy-muy-obsesionado-con.22.jpg-359x226-1.webp\",\"contentUrl\":\"http:\\\/\\\/cuartetoenlaweb.com.ar\\\/sitio\\\/wp-content\\\/uploads\\\/2026\\\/05\\\/La-fuerte-revelacion-de-Gonzalo-Heredia-a-sus-42-anos-22Estoy-muy-obsesionado-con.22.jpg-359x226-1.webp\",\"width\":359,\"height\":226},{\"@type\":\"BreadcrumbList\",\"@id\":\"https:\\\/\\\/cuartetoenlaweb.com.ar\\\/sitio\\\/brenda-gandini-salio-a-contar-toda-la-verdad-de-la-separacion-de-gonzalo-heredia\\\/#breadcrumb\",\"itemListElement\":[{\"@type\":\"ListItem\",\"position\":1,\"name\":\"Portada\",\"item\":\"http:\\\/\\\/cuartetoenlaweb.com.ar\\\/sitio\\\/\"},{\"@type\":\"ListItem\",\"position\":2,\"name\":\"Brenda Gandini sali\u00f3 a contar toda la verdad de la separaci\u00f3n de Gonzalo Heredia\"}]},{\"@type\":\"WebSite\",\"@id\":\"http:\\\/\\\/cuartetoenlaweb.com.ar\\\/sitio\\\/#website\",\"url\":\"http:\\\/\\\/cuartetoenlaweb.com.ar\\\/sitio\\\/\",\"name\":\"Cuarteto en la Web\",\"description\":\"\",\"publisher\":{\"@id\":\"http:\\\/\\\/cuartetoenlaweb.com.ar\\\/sitio\\\/#organization\"},\"potentialAction\":[{\"@type\":\"SearchAction\",\"target\":{\"@type\":\"EntryPoint\",\"urlTemplate\":\"http:\\\/\\\/cuartetoenlaweb.com.ar\\\/sitio\\\/?s={search_term_string}\"},\"query-input\":{\"@type\":\"PropertyValueSpecification\",\"valueRequired\":true,\"valueName\":\"search_term_string\"}}],\"inLanguage\":\"es\"},{\"@type\":\"Organization\",\"@id\":\"http:\\\/\\\/cuartetoenlaweb.com.ar\\\/sitio\\\/#organization\",\"name\":\"Cuarteto en la Web\",\"url\":\"http:\\\/\\\/cuartetoenlaweb.com.ar\\\/sitio\\\/\",\"logo\":{\"@type\":\"ImageObject\",\"inLanguage\":\"es\",\"@id\":\"http:\\\/\\\/cuartetoenlaweb.com.ar\\\/sitio\\\/#\\\/schema\\\/logo\\\/image\\\/\",\"url\":\"http:\\\/\\\/cuartetoenlaweb.com.ar\\\/sitio\\\/wp-content\\\/uploads\\\/2025\\\/07\\\/cropped-cropped-logitoweb21.png\",\"contentUrl\":\"http:\\\/\\\/cuartetoenlaweb.com.ar\\\/sitio\\\/wp-content\\\/uploads\\\/2025\\\/07\\\/cropped-cropped-logitoweb21.png\",\"width\":199,\"height\":199,\"caption\":\"Cuarteto en la Web\"},\"image\":{\"@id\":\"http:\\\/\\\/cuartetoenlaweb.com.ar\\\/sitio\\\/#\\\/schema\\\/logo\\\/image\\\/\"}}]}<\/script>\n<!-- \/ Yoast SEO plugin. -->","yoast_head_json":{"title":"Brenda Gandini sali\u00f3 a contar toda la verdad de la separaci\u00f3n de Gonzalo Heredia - Cuarteto en la Web","robots":{"index":"index","follow":"follow","max-snippet":"max-snippet:-1","max-image-preview":"max-image-preview:large","max-video-preview":"max-video-preview:-1"},"canonical":"https:\/\/cuartetoenlaweb.com.ar\/sitio\/brenda-gandini-salio-a-contar-toda-la-verdad-de-la-separacion-de-gonzalo-heredia\/","og_locale":"es_ES","og_type":"article","og_title":"Brenda Gandini sali\u00f3 a contar toda la verdad de la separaci\u00f3n de Gonzalo Heredia - Cuarteto en la Web","og_description":"Brenda Gandini y Gonzalo Heredia quedaron en el centro de","og_url":"https:\/\/cuartetoenlaweb.com.ar\/sitio\/brenda-gandini-salio-a-contar-toda-la-verdad-de-la-separacion-de-gonzalo-heredia\/","og_site_name":"Cuarteto en la Web","article_published_time":"2026-05-01T08:00:08+00:00","og_image":[{"width":359,"height":226,"url":"https:\/\/cuartetoenlaweb.com.ar\/sitio\/wp-content\/uploads\/2026\/05\/La-fuerte-revelacion-de-Gonzalo-Heredia-a-sus-42-anos-22Estoy-muy-obsesionado-con.22.jpg-359x226-1.webp","type":"image\/webp"}],"twitter_card":"summary_large_image","twitter_misc":{"Tiempo de lectura":"2 minutos"},"schema":{"@context":"https:\/\/schema.org","@graph":[{"@type":"Article","@id":"https:\/\/cuartetoenlaweb.com.ar\/sitio\/brenda-gandini-salio-a-contar-toda-la-verdad-de-la-separacion-de-gonzalo-heredia\/#article","isPartOf":{"@id":"https:\/\/cuartetoenlaweb.com.ar\/sitio\/brenda-gandini-salio-a-contar-toda-la-verdad-de-la-separacion-de-gonzalo-heredia\/"},"author":{"name":"","@id":""},"headline":"Brenda Gandini sali\u00f3 a contar toda la verdad de la separaci\u00f3n de Gonzalo Heredia","datePublished":"2026-05-01T08:00:08+00:00","mainEntityOfPage":{"@id":"https:\/\/cuartetoenlaweb.com.ar\/sitio\/brenda-gandini-salio-a-contar-toda-la-verdad-de-la-separacion-de-gonzalo-heredia\/"},"wordCount":441,"publisher":{"@id":"http:\/\/cuartetoenlaweb.com.ar\/sitio\/#organization"},"image":{"@id":"https:\/\/cuartetoenlaweb.com.ar\/sitio\/brenda-gandini-salio-a-contar-toda-la-verdad-de-la-separacion-de-gonzalo-heredia\/#primaryimage"},"thumbnailUrl":"http:\/\/cuartetoenlaweb.com.ar\/sitio\/wp-content\/uploads\/2026\/05\/La-fuerte-revelacion-de-Gonzalo-Heredia-a-sus-42-anos-22Estoy-muy-obsesionado-con.22.jpg-359x226-1.webp","articleSection":["ESPECT\u00c1CULO"],"inLanguage":"es"},{"@type":"WebPage","@id":"https:\/\/cuartetoenlaweb.com.ar\/sitio\/brenda-gandini-salio-a-contar-toda-la-verdad-de-la-separacion-de-gonzalo-heredia\/","url":"https:\/\/cuartetoenlaweb.com.ar\/sitio\/brenda-gandini-salio-a-contar-toda-la-verdad-de-la-separacion-de-gonzalo-heredia\/","name":"Brenda Gandini sali\u00f3 a contar toda la verdad de la separaci\u00f3n de Gonzalo Heredia - Cuarteto en la Web","isPartOf":{"@id":"http:\/\/cuartetoenlaweb.com.ar\/sitio\/#website"},"primaryImageOfPage":{"@id":"https:\/\/cuartetoenlaweb.com.ar\/sitio\/brenda-gandini-salio-a-contar-toda-la-verdad-de-la-separacion-de-gonzalo-heredia\/#primaryimage"},"image":{"@id":"https:\/\/cuartetoenlaweb.com.ar\/sitio\/brenda-gandini-salio-a-contar-toda-la-verdad-de-la-separacion-de-gonzalo-heredia\/#primaryimage"},"thumbnailUrl":"http:\/\/cuartetoenlaweb.com.ar\/sitio\/wp-content\/uploads\/2026\/05\/La-fuerte-revelacion-de-Gonzalo-Heredia-a-sus-42-anos-22Estoy-muy-obsesionado-con.22.jpg-359x226-1.webp","datePublished":"2026-05-01T08:00:08+00:00","breadcrumb":{"@id":"https:\/\/cuartetoenlaweb.com.ar\/sitio\/brenda-gandini-salio-a-contar-toda-la-verdad-de-la-separacion-de-gonzalo-heredia\/#breadcrumb"},"inLanguage":"es","potentialAction":[{"@type":"ReadAction","target":["https:\/\/cuartetoenlaweb.com.ar\/sitio\/brenda-gandini-salio-a-contar-toda-la-verdad-de-la-separacion-de-gonzalo-heredia\/"]}]},{"@type":"ImageObject","inLanguage":"es","@id":"https:\/\/cuartetoenlaweb.com.ar\/sitio\/brenda-gandini-salio-a-contar-toda-la-verdad-de-la-separacion-de-gonzalo-heredia\/#primaryimage","url":"http:\/\/cuartetoenlaweb.com.ar\/sitio\/wp-content\/uploads\/2026\/05\/La-fuerte-revelacion-de-Gonzalo-Heredia-a-sus-42-anos-22Estoy-muy-obsesionado-con.22.jpg-359x226-1.webp","contentUrl":"http:\/\/cuartetoenlaweb.com.ar\/sitio\/wp-content\/uploads\/2026\/05\/La-fuerte-revelacion-de-Gonzalo-Heredia-a-sus-42-anos-22Estoy-muy-obsesionado-con.22.jpg-359x226-1.webp","width":359,"height":226},{"@type":"BreadcrumbList","@id":"https:\/\/cuartetoenlaweb.com.ar\/sitio\/brenda-gandini-salio-a-contar-toda-la-verdad-de-la-separacion-de-gonzalo-heredia\/#breadcrumb","itemListElement":[{"@type":"ListItem","position":1,"name":"Portada","item":"http:\/\/cuartetoenlaweb.com.ar\/sitio\/"},{"@type":"ListItem","position":2,"name":"Brenda Gandini sali\u00f3 a contar toda la verdad de la separaci\u00f3n de Gonzalo Heredia"}]},{"@type":"WebSite","@id":"http:\/\/cuartetoenlaweb.com.ar\/sitio\/#website","url":"http:\/\/cuartetoenlaweb.com.ar\/sitio\/","name":"Cuarteto en la Web","description":"","publisher":{"@id":"http:\/\/cuartetoenlaweb.com.ar\/sitio\/#organization"},"potentialAction":[{"@type":"SearchAction","target":{"@type":"EntryPoint","urlTemplate":"http:\/\/cuartetoenlaweb.com.ar\/sitio\/?s={search_term_string}"},"query-input":{"@type":"PropertyValueSpecification","valueRequired":true,"valueName":"search_term_string"}}],"inLanguage":"es"},{"@type":"Organization","@id":"http:\/\/cuartetoenlaweb.com.ar\/sitio\/#organization","name":"Cuarteto en la Web","url":"http:\/\/cuartetoenlaweb.com.ar\/sitio\/","logo":{"@type":"ImageObject","inLanguage":"es","@id":"http:\/\/cuartetoenlaweb.com.ar\/sitio\/#\/schema\/logo\/image\/","url":"http:\/\/cuartetoenlaweb.com.ar\/sitio\/wp-content\/uploads\/2025\/07\/cropped-cropped-logitoweb21.png","contentUrl":"http:\/\/cuartetoenlaweb.com.ar\/sitio\/wp-content\/uploads\/2025\/07\/cropped-cropped-logitoweb21.png","width":199,"height":199,"caption":"Cuarteto en la Web"},"image":{"@id":"http:\/\/cuartetoenlaweb.com.ar\/sitio\/#\/schema\/logo\/image\/"}}]}},"_links":{"self":[{"href":"http:\/\/cuartetoenlaweb.com.ar\/sitio\/wp-json\/wp\/v2\/posts\/19472","targetHints":{"allow":["GET"]}}],"collection":[{"href":"http:\/\/cuartetoenlaweb.com.ar\/sitio\/wp-json\/wp\/v2\/posts"}],"about":[{"href":"http:\/\/cuartetoenlaweb.com.ar\/sitio\/wp-json\/wp\/v2\/types\/post"}],"replies":[{"embeddable":true,"href":"http:\/\/cuartetoenlaweb.com.ar\/sitio\/wp-json\/wp\/v2\/comments?post=19472"}],"version-history":[{"count":0,"href":"http:\/\/cuartetoenlaweb.com.ar\/sitio\/wp-json\/wp\/v2\/posts\/19472\/revisions"}],"wp:featuredmedia":[{"embeddable":true,"href":"http:\/\/cuartetoenlaweb.com.ar\/sitio\/wp-json\/wp\/v2\/media\/19473"}],"wp:attachment":[{"href":"http:\/\/cuartetoenlaweb.com.ar\/sitio\/wp-json\/wp\/v2\/media?parent=19472"}],"wp:term":[{"taxonomy":"category","embeddable":true,"href":"http:\/\/cuartetoenlaweb.com.ar\/sitio\/wp-json\/wp\/v2\/categories?post=19472"},{"taxonomy":"post_tag","embeddable":true,"href":"http:\/\/cuartetoenlaweb.com.ar\/sitio\/wp-json\/wp\/v2\/tags?post=19472"}],"curies":[{"name":"wp","href":"https:\/\/api.w.org\/{rel}","templated":true}]}}