
{"id":19385,"date":"2026-04-30T04:00:39","date_gmt":"2026-04-30T07:00:39","guid":{"rendered":"https:\/\/cuartetoenlaweb.com.ar\/sitio\/reabren-comedores-estudiantiles-en-escuelas-tecnicas-de-guemes\/"},"modified":"2026-04-30T04:00:39","modified_gmt":"2026-04-30T07:00:39","slug":"reabren-comedores-estudiantiles-en-escuelas-tecnicas-de-guemes","status":"publish","type":"post","link":"http:\/\/cuartetoenlaweb.com.ar\/sitio\/reabren-comedores-estudiantiles-en-escuelas-tecnicas-de-guemes\/","title":{"rendered":"Reabren comedores estudiantiles en escuelas t\u00e9cnicas de G\u00fcemes"},"content":{"rendered":"<p>Durante la jornada del pasado lunes 27, los comedores estudiantiles de las escuelas t\u00e9cnicas Juana Azurduy y Nikola Tesla, pertenecientes a ciudad de Gral. G\u00fcemes, reabrieron sus puertas, para brindar una asistencia alimentaria a unas 200 personas entre alumnos, docentes y personal de maestranza. Ambos comedores, estar\u00e1n disponibles de lunes a viernes, incrementando la cantidad de d\u00edas con respecto al a\u00f1o anterior.<\/p>\n<p>Estos comedores o Centro de Contenci\u00f3n, surgen de un proyecto elaborado entre los centros de estudiantes y la municipalidad, en colaboraci\u00f3n con empresas del medio, destinados para alumnos que deben asistir a las clases de taller en horas de la tarde, que por razones de distancia, no tienen el tiempo suficiente para volver a sus hogares, almorzar y estar a horario para el ingreso a las clases pr\u00e1cticas.<\/p>\n<p>Muchos adolescentes, optaban por quedarse en las cercan\u00edas de los establecimientos educativos, evitando adem\u00e1s un gasto por el pago de un medio de transporte, hasta el horario de ingreso, permaneciendo con el est\u00f3mago vac\u00edo, lo cual es contraproducente tanto para la salud, como para la asimilaci\u00f3n de nuevos conocimientos.<\/p>\n<p>\u00abEste es un esfuerzo entre el municipio, municipios cercanos como Aguas Calientes, que peri\u00f3dicamente nos donan verduras y hortalizas frescas de estaci\u00f3n, el aporte de empresas instaladas en nuestro municipio, adem\u00e1s de la invalorable colaboraci\u00f3n de personal municipal, no solo en la elaboraci\u00f3n de los alimentos, sino adem\u00e1s, en servir cada plato en la mesa de los chicos\u00bb expres\u00f3 el intendente Carlos Rosso, quien junto a la Secretaria de Desarrollo Social, Clara Flores, realizaron la primera compra a gran escala, en mercados y supermercados mayoristas de la ciudad de Salta.<\/p>\n<p>Paso a paso<\/p>\n<p>La comida se elabora en un Centro Integrador Comunitario, a cargo de un chef que cuenta con un equipo de trabajo. La comida ya elaborada, se transporta hacia las escuelas t\u00e9cnicas, para ser servida por personal de la Secretar\u00eda de Desarrollo Social en plato de vidrio, a los alumnos, docentes y personal de maestranza que deben quedarse por doble turno.<\/p>\n<p>Los alumnos que reciben el beneficio de un plato de comida, fueron seleccionados, por medio de un relevamiento previo, entre aquellos que residen en barrios alejados como 1\u00b0 de Mayo, Nueva Esperanza II, Santa Rosa de Lima, La Martina, El Bordo, Campo Santo, Aguas Calientes (Jujuy), entre otros.<\/p><\/p>\n","protected":false},"excerpt":{"rendered":"<p>Durante la jornada del pasado lunes 27, los comedores estudiantiles<\/p>\n","protected":false},"author":0,"featured_media":19386,"comment_status":"","ping_status":"","sticky":false,"template":"","format":"standard","meta":{"footnotes":""},"categories":[65],"tags":[],"class_list":["post-19385","post","type-post","status-publish","format-standard","has-post-thumbnail","hentry","category-pais"],"yoast_head":"<!-- This site is optimized with the Yoast SEO plugin v27.5 - https:\/\/yoast.com\/product\/yoast-seo-wordpress\/ -->\n<title>Reabren comedores estudiantiles en escuelas t\u00e9cnicas de G\u00fcemes - Cuarteto en la Web<\/title>\n<meta name=\"robots\" content=\"index, follow, max-snippet:-1, max-image-preview:large, max-video-preview:-1\" \/>\n<link rel=\"canonical\" href=\"https:\/\/cuartetoenlaweb.com.ar\/sitio\/reabren-comedores-estudiantiles-en-escuelas-tecnicas-de-guemes\/\" \/>\n<meta property=\"og:locale\" content=\"es_ES\" \/>\n<meta property=\"og:type\" content=\"article\" \/>\n<meta property=\"og:title\" content=\"Reabren comedores estudiantiles en escuelas t\u00e9cnicas de G\u00fcemes - Cuarteto en la Web\" \/>\n<meta property=\"og:description\" content=\"Durante la jornada del pasado lunes 27, los comedores estudiantiles\" \/>\n<meta property=\"og:url\" content=\"https:\/\/cuartetoenlaweb.com.ar\/sitio\/reabren-comedores-estudiantiles-en-escuelas-tecnicas-de-guemes\/\" \/>\n<meta property=\"og:site_name\" content=\"Cuarteto en la Web\" \/>\n<meta property=\"article:published_time\" content=\"2026-04-30T07:00:39+00:00\" \/>\n<meta name=\"twitter:card\" content=\"summary_large_image\" \/>\n<meta name=\"twitter:label1\" content=\"Tiempo de lectura\" \/>\n\t<meta name=\"twitter:data1\" content=\"2 minutos\" \/>\n<script type=\"application\/ld+json\" class=\"yoast-schema-graph\">{\"@context\":\"https:\\\/\\\/schema.org\",\"@graph\":[{\"@type\":\"Article\",\"@id\":\"https:\\\/\\\/cuartetoenlaweb.com.ar\\\/sitio\\\/reabren-comedores-estudiantiles-en-escuelas-tecnicas-de-guemes\\\/#article\",\"isPartOf\":{\"@id\":\"https:\\\/\\\/cuartetoenlaweb.com.ar\\\/sitio\\\/reabren-comedores-estudiantiles-en-escuelas-tecnicas-de-guemes\\\/\"},\"author\":{\"name\":\"\",\"@id\":\"\"},\"headline\":\"Reabren comedores estudiantiles en escuelas t\u00e9cnicas de G\u00fcemes\",\"datePublished\":\"2026-04-30T07:00:39+00:00\",\"mainEntityOfPage\":{\"@id\":\"https:\\\/\\\/cuartetoenlaweb.com.ar\\\/sitio\\\/reabren-comedores-estudiantiles-en-escuelas-tecnicas-de-guemes\\\/\"},\"wordCount\":407,\"publisher\":{\"@id\":\"http:\\\/\\\/cuartetoenlaweb.com.ar\\\/sitio\\\/#organization\"},\"image\":{\"@id\":\"https:\\\/\\\/cuartetoenlaweb.com.ar\\\/sitio\\\/reabren-comedores-estudiantiles-en-escuelas-tecnicas-de-guemes\\\/#primaryimage\"},\"thumbnailUrl\":\"http:\\\/\\\/cuartetoenlaweb.com.ar\\\/sitio\\\/wp-content\\\/uploads\\\/2026\\\/04\\\/portadax-215.png\",\"articleSection\":[\"PAIS\"],\"inLanguage\":\"es\"},{\"@type\":\"WebPage\",\"@id\":\"https:\\\/\\\/cuartetoenlaweb.com.ar\\\/sitio\\\/reabren-comedores-estudiantiles-en-escuelas-tecnicas-de-guemes\\\/\",\"url\":\"https:\\\/\\\/cuartetoenlaweb.com.ar\\\/sitio\\\/reabren-comedores-estudiantiles-en-escuelas-tecnicas-de-guemes\\\/\",\"name\":\"Reabren comedores estudiantiles en escuelas t\u00e9cnicas de G\u00fcemes - Cuarteto en la Web\",\"isPartOf\":{\"@id\":\"http:\\\/\\\/cuartetoenlaweb.com.ar\\\/sitio\\\/#website\"},\"primaryImageOfPage\":{\"@id\":\"https:\\\/\\\/cuartetoenlaweb.com.ar\\\/sitio\\\/reabren-comedores-estudiantiles-en-escuelas-tecnicas-de-guemes\\\/#primaryimage\"},\"image\":{\"@id\":\"https:\\\/\\\/cuartetoenlaweb.com.ar\\\/sitio\\\/reabren-comedores-estudiantiles-en-escuelas-tecnicas-de-guemes\\\/#primaryimage\"},\"thumbnailUrl\":\"http:\\\/\\\/cuartetoenlaweb.com.ar\\\/sitio\\\/wp-content\\\/uploads\\\/2026\\\/04\\\/portadax-215.png\",\"datePublished\":\"2026-04-30T07:00:39+00:00\",\"breadcrumb\":{\"@id\":\"https:\\\/\\\/cuartetoenlaweb.com.ar\\\/sitio\\\/reabren-comedores-estudiantiles-en-escuelas-tecnicas-de-guemes\\\/#breadcrumb\"},\"inLanguage\":\"es\",\"potentialAction\":[{\"@type\":\"ReadAction\",\"target\":[\"https:\\\/\\\/cuartetoenlaweb.com.ar\\\/sitio\\\/reabren-comedores-estudiantiles-en-escuelas-tecnicas-de-guemes\\\/\"]}]},{\"@type\":\"ImageObject\",\"inLanguage\":\"es\",\"@id\":\"https:\\\/\\\/cuartetoenlaweb.com.ar\\\/sitio\\\/reabren-comedores-estudiantiles-en-escuelas-tecnicas-de-guemes\\\/#primaryimage\",\"url\":\"http:\\\/\\\/cuartetoenlaweb.com.ar\\\/sitio\\\/wp-content\\\/uploads\\\/2026\\\/04\\\/portadax-215.png\",\"contentUrl\":\"http:\\\/\\\/cuartetoenlaweb.com.ar\\\/sitio\\\/wp-content\\\/uploads\\\/2026\\\/04\\\/portadax-215.png\",\"width\":1366,\"height\":768},{\"@type\":\"BreadcrumbList\",\"@id\":\"https:\\\/\\\/cuartetoenlaweb.com.ar\\\/sitio\\\/reabren-comedores-estudiantiles-en-escuelas-tecnicas-de-guemes\\\/#breadcrumb\",\"itemListElement\":[{\"@type\":\"ListItem\",\"position\":1,\"name\":\"Portada\",\"item\":\"http:\\\/\\\/cuartetoenlaweb.com.ar\\\/sitio\\\/\"},{\"@type\":\"ListItem\",\"position\":2,\"name\":\"Reabren comedores estudiantiles en escuelas t\u00e9cnicas de G\u00fcemes\"}]},{\"@type\":\"WebSite\",\"@id\":\"http:\\\/\\\/cuartetoenlaweb.com.ar\\\/sitio\\\/#website\",\"url\":\"http:\\\/\\\/cuartetoenlaweb.com.ar\\\/sitio\\\/\",\"name\":\"Cuarteto en la Web\",\"description\":\"\",\"publisher\":{\"@id\":\"http:\\\/\\\/cuartetoenlaweb.com.ar\\\/sitio\\\/#organization\"},\"potentialAction\":[{\"@type\":\"SearchAction\",\"target\":{\"@type\":\"EntryPoint\",\"urlTemplate\":\"http:\\\/\\\/cuartetoenlaweb.com.ar\\\/sitio\\\/?s={search_term_string}\"},\"query-input\":{\"@type\":\"PropertyValueSpecification\",\"valueRequired\":true,\"valueName\":\"search_term_string\"}}],\"inLanguage\":\"es\"},{\"@type\":\"Organization\",\"@id\":\"http:\\\/\\\/cuartetoenlaweb.com.ar\\\/sitio\\\/#organization\",\"name\":\"Cuarteto en la Web\",\"url\":\"http:\\\/\\\/cuartetoenlaweb.com.ar\\\/sitio\\\/\",\"logo\":{\"@type\":\"ImageObject\",\"inLanguage\":\"es\",\"@id\":\"http:\\\/\\\/cuartetoenlaweb.com.ar\\\/sitio\\\/#\\\/schema\\\/logo\\\/image\\\/\",\"url\":\"http:\\\/\\\/cuartetoenlaweb.com.ar\\\/sitio\\\/wp-content\\\/uploads\\\/2025\\\/07\\\/cropped-cropped-logitoweb21.png\",\"contentUrl\":\"http:\\\/\\\/cuartetoenlaweb.com.ar\\\/sitio\\\/wp-content\\\/uploads\\\/2025\\\/07\\\/cropped-cropped-logitoweb21.png\",\"width\":199,\"height\":199,\"caption\":\"Cuarteto en la Web\"},\"image\":{\"@id\":\"http:\\\/\\\/cuartetoenlaweb.com.ar\\\/sitio\\\/#\\\/schema\\\/logo\\\/image\\\/\"}}]}<\/script>\n<!-- \/ Yoast SEO plugin. -->","yoast_head_json":{"title":"Reabren comedores estudiantiles en escuelas t\u00e9cnicas de G\u00fcemes - Cuarteto en la Web","robots":{"index":"index","follow":"follow","max-snippet":"max-snippet:-1","max-image-preview":"max-image-preview:large","max-video-preview":"max-video-preview:-1"},"canonical":"https:\/\/cuartetoenlaweb.com.ar\/sitio\/reabren-comedores-estudiantiles-en-escuelas-tecnicas-de-guemes\/","og_locale":"es_ES","og_type":"article","og_title":"Reabren comedores estudiantiles en escuelas t\u00e9cnicas de G\u00fcemes - Cuarteto en la Web","og_description":"Durante la jornada del pasado lunes 27, los comedores estudiantiles","og_url":"https:\/\/cuartetoenlaweb.com.ar\/sitio\/reabren-comedores-estudiantiles-en-escuelas-tecnicas-de-guemes\/","og_site_name":"Cuarteto en la Web","article_published_time":"2026-04-30T07:00:39+00:00","twitter_card":"summary_large_image","twitter_misc":{"Tiempo de lectura":"2 minutos"},"schema":{"@context":"https:\/\/schema.org","@graph":[{"@type":"Article","@id":"https:\/\/cuartetoenlaweb.com.ar\/sitio\/reabren-comedores-estudiantiles-en-escuelas-tecnicas-de-guemes\/#article","isPartOf":{"@id":"https:\/\/cuartetoenlaweb.com.ar\/sitio\/reabren-comedores-estudiantiles-en-escuelas-tecnicas-de-guemes\/"},"author":{"name":"","@id":""},"headline":"Reabren comedores estudiantiles en escuelas t\u00e9cnicas de G\u00fcemes","datePublished":"2026-04-30T07:00:39+00:00","mainEntityOfPage":{"@id":"https:\/\/cuartetoenlaweb.com.ar\/sitio\/reabren-comedores-estudiantiles-en-escuelas-tecnicas-de-guemes\/"},"wordCount":407,"publisher":{"@id":"http:\/\/cuartetoenlaweb.com.ar\/sitio\/#organization"},"image":{"@id":"https:\/\/cuartetoenlaweb.com.ar\/sitio\/reabren-comedores-estudiantiles-en-escuelas-tecnicas-de-guemes\/#primaryimage"},"thumbnailUrl":"http:\/\/cuartetoenlaweb.com.ar\/sitio\/wp-content\/uploads\/2026\/04\/portadax-215.png","articleSection":["PAIS"],"inLanguage":"es"},{"@type":"WebPage","@id":"https:\/\/cuartetoenlaweb.com.ar\/sitio\/reabren-comedores-estudiantiles-en-escuelas-tecnicas-de-guemes\/","url":"https:\/\/cuartetoenlaweb.com.ar\/sitio\/reabren-comedores-estudiantiles-en-escuelas-tecnicas-de-guemes\/","name":"Reabren comedores estudiantiles en escuelas t\u00e9cnicas de G\u00fcemes - Cuarteto en la Web","isPartOf":{"@id":"http:\/\/cuartetoenlaweb.com.ar\/sitio\/#website"},"primaryImageOfPage":{"@id":"https:\/\/cuartetoenlaweb.com.ar\/sitio\/reabren-comedores-estudiantiles-en-escuelas-tecnicas-de-guemes\/#primaryimage"},"image":{"@id":"https:\/\/cuartetoenlaweb.com.ar\/sitio\/reabren-comedores-estudiantiles-en-escuelas-tecnicas-de-guemes\/#primaryimage"},"thumbnailUrl":"http:\/\/cuartetoenlaweb.com.ar\/sitio\/wp-content\/uploads\/2026\/04\/portadax-215.png","datePublished":"2026-04-30T07:00:39+00:00","breadcrumb":{"@id":"https:\/\/cuartetoenlaweb.com.ar\/sitio\/reabren-comedores-estudiantiles-en-escuelas-tecnicas-de-guemes\/#breadcrumb"},"inLanguage":"es","potentialAction":[{"@type":"ReadAction","target":["https:\/\/cuartetoenlaweb.com.ar\/sitio\/reabren-comedores-estudiantiles-en-escuelas-tecnicas-de-guemes\/"]}]},{"@type":"ImageObject","inLanguage":"es","@id":"https:\/\/cuartetoenlaweb.com.ar\/sitio\/reabren-comedores-estudiantiles-en-escuelas-tecnicas-de-guemes\/#primaryimage","url":"http:\/\/cuartetoenlaweb.com.ar\/sitio\/wp-content\/uploads\/2026\/04\/portadax-215.png","contentUrl":"http:\/\/cuartetoenlaweb.com.ar\/sitio\/wp-content\/uploads\/2026\/04\/portadax-215.png","width":1366,"height":768},{"@type":"BreadcrumbList","@id":"https:\/\/cuartetoenlaweb.com.ar\/sitio\/reabren-comedores-estudiantiles-en-escuelas-tecnicas-de-guemes\/#breadcrumb","itemListElement":[{"@type":"ListItem","position":1,"name":"Portada","item":"http:\/\/cuartetoenlaweb.com.ar\/sitio\/"},{"@type":"ListItem","position":2,"name":"Reabren comedores estudiantiles en escuelas t\u00e9cnicas de G\u00fcemes"}]},{"@type":"WebSite","@id":"http:\/\/cuartetoenlaweb.com.ar\/sitio\/#website","url":"http:\/\/cuartetoenlaweb.com.ar\/sitio\/","name":"Cuarteto en la Web","description":"","publisher":{"@id":"http:\/\/cuartetoenlaweb.com.ar\/sitio\/#organization"},"potentialAction":[{"@type":"SearchAction","target":{"@type":"EntryPoint","urlTemplate":"http:\/\/cuartetoenlaweb.com.ar\/sitio\/?s={search_term_string}"},"query-input":{"@type":"PropertyValueSpecification","valueRequired":true,"valueName":"search_term_string"}}],"inLanguage":"es"},{"@type":"Organization","@id":"http:\/\/cuartetoenlaweb.com.ar\/sitio\/#organization","name":"Cuarteto en la Web","url":"http:\/\/cuartetoenlaweb.com.ar\/sitio\/","logo":{"@type":"ImageObject","inLanguage":"es","@id":"http:\/\/cuartetoenlaweb.com.ar\/sitio\/#\/schema\/logo\/image\/","url":"http:\/\/cuartetoenlaweb.com.ar\/sitio\/wp-content\/uploads\/2025\/07\/cropped-cropped-logitoweb21.png","contentUrl":"http:\/\/cuartetoenlaweb.com.ar\/sitio\/wp-content\/uploads\/2025\/07\/cropped-cropped-logitoweb21.png","width":199,"height":199,"caption":"Cuarteto en la Web"},"image":{"@id":"http:\/\/cuartetoenlaweb.com.ar\/sitio\/#\/schema\/logo\/image\/"}}]}},"_links":{"self":[{"href":"http:\/\/cuartetoenlaweb.com.ar\/sitio\/wp-json\/wp\/v2\/posts\/19385","targetHints":{"allow":["GET"]}}],"collection":[{"href":"http:\/\/cuartetoenlaweb.com.ar\/sitio\/wp-json\/wp\/v2\/posts"}],"about":[{"href":"http:\/\/cuartetoenlaweb.com.ar\/sitio\/wp-json\/wp\/v2\/types\/post"}],"replies":[{"embeddable":true,"href":"http:\/\/cuartetoenlaweb.com.ar\/sitio\/wp-json\/wp\/v2\/comments?post=19385"}],"version-history":[{"count":0,"href":"http:\/\/cuartetoenlaweb.com.ar\/sitio\/wp-json\/wp\/v2\/posts\/19385\/revisions"}],"wp:featuredmedia":[{"embeddable":true,"href":"http:\/\/cuartetoenlaweb.com.ar\/sitio\/wp-json\/wp\/v2\/media\/19386"}],"wp:attachment":[{"href":"http:\/\/cuartetoenlaweb.com.ar\/sitio\/wp-json\/wp\/v2\/media?parent=19385"}],"wp:term":[{"taxonomy":"category","embeddable":true,"href":"http:\/\/cuartetoenlaweb.com.ar\/sitio\/wp-json\/wp\/v2\/categories?post=19385"},{"taxonomy":"post_tag","embeddable":true,"href":"http:\/\/cuartetoenlaweb.com.ar\/sitio\/wp-json\/wp\/v2\/tags?post=19385"}],"curies":[{"name":"wp","href":"https:\/\/api.w.org\/{rel}","templated":true}]}}