
{"id":19299,"date":"2026-04-29T15:00:40","date_gmt":"2026-04-29T18:00:40","guid":{"rendered":"https:\/\/cuartetoenlaweb.com.ar\/sitio\/tsj-porteno-capacitacion-obligatoria-sobre-malvinas\/"},"modified":"2026-04-29T15:00:40","modified_gmt":"2026-04-29T18:00:40","slug":"tsj-porteno-capacitacion-obligatoria-sobre-malvinas","status":"publish","type":"post","link":"http:\/\/cuartetoenlaweb.com.ar\/sitio\/tsj-porteno-capacitacion-obligatoria-sobre-malvinas\/","title":{"rendered":"TSJ porte\u00f1o: Capacitaci\u00f3n obligatoria sobre Malvinas"},"content":{"rendered":"<p><img decoding=\"async\" src=\"https:\/\/alpha-assets.tadevel-cdn.com\/69f23c307825f88153962abc\/720.jpeg\" \/><\/p>\n<p>Buenos Aires, 29 abril (NA) \u2013 El Poder Judicial de la Ciudad present\u00f3 la capacitaci\u00f3n obligatoria \u201cLey Malvinas\u201d en el Museo Malvinas e Islas del Atl\u00e1ntico Sur, una propuesta virtual y federal orientada a fortalecer el conocimiento integral sobre la cuesti\u00f3n desde m\u00faltiples dimensiones.<\/p>\n<p>La actividad fue impulsada por el Centro de Formaci\u00f3n Judicial (CFJ) del Tribunal Superior de Justicia porte\u00f1o, en articulaci\u00f3n con REFLEJAR y la Escuela de la Defensa P\u00fablica del Ministerio P\u00fablico de la Defensa de la Naci\u00f3n, en cumplimiento de la Ley Nacional N\u00b0 27.671, seg\u00fan informaci\u00f3n a la que accedi\u00f3 la Agencia Noticias Argentinas.<\/p>\n<p>El acto de apertura cont\u00f3 con la presencia del jefe de Gobierno, Jorge Macri, y fue encabezado por la jueza del TSJ y presidenta del Consejo Acad\u00e9mico del CFJ, Marcela De Langhe, junto a autoridades judiciales de distintas jurisdicciones y referentes del \u00e1mbito acad\u00e9mico.<\/p>\n<p>La propuesta se desarrolla en formato virtual, asincr\u00f3nico y autoadministrado, e incorpora testimonios audiovisuales de veteranos de guerra como parte de un documental educativo. El objetivo es abordar la cuesti\u00f3n Malvinas desde sus dimensiones hist\u00f3rica, jur\u00eddica, geogr\u00e1fica y geopol\u00edtica.<\/p>\n<p>Durante el encuentro, distintas autoridades coincidieron en destacar la relevancia de la formaci\u00f3n en la construcci\u00f3n de memoria, identidad y compromiso institucional. Tambi\u00e9n se subray\u00f3 el car\u00e1cter federal de la iniciativa, destinada a magistrados, funcionarios, empleados judiciales, profesionales y estudiantes de todo el pa\u00eds, seg\u00fan supo la Agencia Noticias Argentinas.<\/p>\n<p>La jornada incluy\u00f3 adem\u00e1s un panel con participaci\u00f3n de veteranos de Malvinas y especialistas, y reuni\u00f3 a una amplia representaci\u00f3n del \u00e1mbito judicial, pol\u00edtico y acad\u00e9mico. La capacitaci\u00f3n estar\u00e1 disponible en el aula virtual del CFJ, con proyecci\u00f3n a nivel nacional mediante convenios de cooperaci\u00f3n.<\/p>\n<p>#AgenciaNA<\/p>\n","protected":false},"excerpt":{"rendered":"<p>Buenos Aires, 29 abril (NA) \u2013 El Poder Judicial de<\/p>\n","protected":false},"author":0,"featured_media":19300,"comment_status":"","ping_status":"","sticky":false,"template":"","format":"standard","meta":{"footnotes":""},"categories":[229],"tags":[],"class_list":["post-19299","post","type-post","status-publish","format-standard","has-post-thumbnail","hentry","category-deportes"],"yoast_head":"<!-- This site is optimized with the Yoast SEO plugin v27.5 - https:\/\/yoast.com\/product\/yoast-seo-wordpress\/ -->\n<title>TSJ porte\u00f1o: Capacitaci\u00f3n obligatoria sobre Malvinas - Cuarteto en la Web<\/title>\n<meta name=\"robots\" content=\"index, follow, max-snippet:-1, max-image-preview:large, max-video-preview:-1\" \/>\n<link rel=\"canonical\" href=\"https:\/\/cuartetoenlaweb.com.ar\/sitio\/tsj-porteno-capacitacion-obligatoria-sobre-malvinas\/\" \/>\n<meta property=\"og:locale\" content=\"es_ES\" \/>\n<meta property=\"og:type\" content=\"article\" \/>\n<meta property=\"og:title\" content=\"TSJ porte\u00f1o: Capacitaci\u00f3n obligatoria sobre Malvinas - Cuarteto en la Web\" \/>\n<meta property=\"og:description\" content=\"Buenos Aires, 29 abril (NA) \u2013 El Poder Judicial de\" \/>\n<meta property=\"og:url\" content=\"https:\/\/cuartetoenlaweb.com.ar\/sitio\/tsj-porteno-capacitacion-obligatoria-sobre-malvinas\/\" \/>\n<meta property=\"og:site_name\" content=\"Cuarteto en la Web\" \/>\n<meta property=\"article:published_time\" content=\"2026-04-29T18:00:40+00:00\" \/>\n<meta property=\"og:image\" content=\"https:\/\/alpha-assets.tadevel-cdn.com\/69f23c307825f88153962abc\/720.jpeg\" \/>\n<meta name=\"twitter:card\" content=\"summary_large_image\" \/>\n<meta name=\"twitter:label1\" content=\"Tiempo de lectura\" \/>\n\t<meta name=\"twitter:data1\" content=\"2 minutos\" \/>\n<script type=\"application\/ld+json\" class=\"yoast-schema-graph\">{\"@context\":\"https:\\\/\\\/schema.org\",\"@graph\":[{\"@type\":\"Article\",\"@id\":\"https:\\\/\\\/cuartetoenlaweb.com.ar\\\/sitio\\\/tsj-porteno-capacitacion-obligatoria-sobre-malvinas\\\/#article\",\"isPartOf\":{\"@id\":\"https:\\\/\\\/cuartetoenlaweb.com.ar\\\/sitio\\\/tsj-porteno-capacitacion-obligatoria-sobre-malvinas\\\/\"},\"author\":{\"name\":\"\",\"@id\":\"\"},\"headline\":\"TSJ porte\u00f1o: Capacitaci\u00f3n obligatoria sobre Malvinas\",\"datePublished\":\"2026-04-29T18:00:40+00:00\",\"mainEntityOfPage\":{\"@id\":\"https:\\\/\\\/cuartetoenlaweb.com.ar\\\/sitio\\\/tsj-porteno-capacitacion-obligatoria-sobre-malvinas\\\/\"},\"wordCount\":317,\"publisher\":{\"@id\":\"http:\\\/\\\/cuartetoenlaweb.com.ar\\\/sitio\\\/#organization\"},\"image\":{\"@id\":\"https:\\\/\\\/cuartetoenlaweb.com.ar\\\/sitio\\\/tsj-porteno-capacitacion-obligatoria-sobre-malvinas\\\/#primaryimage\"},\"thumbnailUrl\":\"http:\\\/\\\/cuartetoenlaweb.com.ar\\\/sitio\\\/wp-content\\\/uploads\\\/2026\\\/04\\\/720-692.jpeg\",\"articleSection\":[\"DEPORTES\"],\"inLanguage\":\"es\"},{\"@type\":\"WebPage\",\"@id\":\"https:\\\/\\\/cuartetoenlaweb.com.ar\\\/sitio\\\/tsj-porteno-capacitacion-obligatoria-sobre-malvinas\\\/\",\"url\":\"https:\\\/\\\/cuartetoenlaweb.com.ar\\\/sitio\\\/tsj-porteno-capacitacion-obligatoria-sobre-malvinas\\\/\",\"name\":\"TSJ porte\u00f1o: Capacitaci\u00f3n obligatoria sobre Malvinas - Cuarteto en la Web\",\"isPartOf\":{\"@id\":\"http:\\\/\\\/cuartetoenlaweb.com.ar\\\/sitio\\\/#website\"},\"primaryImageOfPage\":{\"@id\":\"https:\\\/\\\/cuartetoenlaweb.com.ar\\\/sitio\\\/tsj-porteno-capacitacion-obligatoria-sobre-malvinas\\\/#primaryimage\"},\"image\":{\"@id\":\"https:\\\/\\\/cuartetoenlaweb.com.ar\\\/sitio\\\/tsj-porteno-capacitacion-obligatoria-sobre-malvinas\\\/#primaryimage\"},\"thumbnailUrl\":\"http:\\\/\\\/cuartetoenlaweb.com.ar\\\/sitio\\\/wp-content\\\/uploads\\\/2026\\\/04\\\/720-692.jpeg\",\"datePublished\":\"2026-04-29T18:00:40+00:00\",\"breadcrumb\":{\"@id\":\"https:\\\/\\\/cuartetoenlaweb.com.ar\\\/sitio\\\/tsj-porteno-capacitacion-obligatoria-sobre-malvinas\\\/#breadcrumb\"},\"inLanguage\":\"es\",\"potentialAction\":[{\"@type\":\"ReadAction\",\"target\":[\"https:\\\/\\\/cuartetoenlaweb.com.ar\\\/sitio\\\/tsj-porteno-capacitacion-obligatoria-sobre-malvinas\\\/\"]}]},{\"@type\":\"ImageObject\",\"inLanguage\":\"es\",\"@id\":\"https:\\\/\\\/cuartetoenlaweb.com.ar\\\/sitio\\\/tsj-porteno-capacitacion-obligatoria-sobre-malvinas\\\/#primaryimage\",\"url\":\"http:\\\/\\\/cuartetoenlaweb.com.ar\\\/sitio\\\/wp-content\\\/uploads\\\/2026\\\/04\\\/720-692.jpeg\",\"contentUrl\":\"http:\\\/\\\/cuartetoenlaweb.com.ar\\\/sitio\\\/wp-content\\\/uploads\\\/2026\\\/04\\\/720-692.jpeg\",\"width\":1081,\"height\":720},{\"@type\":\"BreadcrumbList\",\"@id\":\"https:\\\/\\\/cuartetoenlaweb.com.ar\\\/sitio\\\/tsj-porteno-capacitacion-obligatoria-sobre-malvinas\\\/#breadcrumb\",\"itemListElement\":[{\"@type\":\"ListItem\",\"position\":1,\"name\":\"Portada\",\"item\":\"http:\\\/\\\/cuartetoenlaweb.com.ar\\\/sitio\\\/\"},{\"@type\":\"ListItem\",\"position\":2,\"name\":\"TSJ porte\u00f1o: Capacitaci\u00f3n obligatoria sobre Malvinas\"}]},{\"@type\":\"WebSite\",\"@id\":\"http:\\\/\\\/cuartetoenlaweb.com.ar\\\/sitio\\\/#website\",\"url\":\"http:\\\/\\\/cuartetoenlaweb.com.ar\\\/sitio\\\/\",\"name\":\"Cuarteto en la Web\",\"description\":\"\",\"publisher\":{\"@id\":\"http:\\\/\\\/cuartetoenlaweb.com.ar\\\/sitio\\\/#organization\"},\"potentialAction\":[{\"@type\":\"SearchAction\",\"target\":{\"@type\":\"EntryPoint\",\"urlTemplate\":\"http:\\\/\\\/cuartetoenlaweb.com.ar\\\/sitio\\\/?s={search_term_string}\"},\"query-input\":{\"@type\":\"PropertyValueSpecification\",\"valueRequired\":true,\"valueName\":\"search_term_string\"}}],\"inLanguage\":\"es\"},{\"@type\":\"Organization\",\"@id\":\"http:\\\/\\\/cuartetoenlaweb.com.ar\\\/sitio\\\/#organization\",\"name\":\"Cuarteto en la Web\",\"url\":\"http:\\\/\\\/cuartetoenlaweb.com.ar\\\/sitio\\\/\",\"logo\":{\"@type\":\"ImageObject\",\"inLanguage\":\"es\",\"@id\":\"http:\\\/\\\/cuartetoenlaweb.com.ar\\\/sitio\\\/#\\\/schema\\\/logo\\\/image\\\/\",\"url\":\"http:\\\/\\\/cuartetoenlaweb.com.ar\\\/sitio\\\/wp-content\\\/uploads\\\/2025\\\/07\\\/cropped-cropped-logitoweb21.png\",\"contentUrl\":\"http:\\\/\\\/cuartetoenlaweb.com.ar\\\/sitio\\\/wp-content\\\/uploads\\\/2025\\\/07\\\/cropped-cropped-logitoweb21.png\",\"width\":199,\"height\":199,\"caption\":\"Cuarteto en la Web\"},\"image\":{\"@id\":\"http:\\\/\\\/cuartetoenlaweb.com.ar\\\/sitio\\\/#\\\/schema\\\/logo\\\/image\\\/\"}}]}<\/script>\n<!-- \/ Yoast SEO plugin. -->","yoast_head_json":{"title":"TSJ porte\u00f1o: Capacitaci\u00f3n obligatoria sobre Malvinas - Cuarteto en la Web","robots":{"index":"index","follow":"follow","max-snippet":"max-snippet:-1","max-image-preview":"max-image-preview:large","max-video-preview":"max-video-preview:-1"},"canonical":"https:\/\/cuartetoenlaweb.com.ar\/sitio\/tsj-porteno-capacitacion-obligatoria-sobre-malvinas\/","og_locale":"es_ES","og_type":"article","og_title":"TSJ porte\u00f1o: Capacitaci\u00f3n obligatoria sobre Malvinas - Cuarteto en la Web","og_description":"Buenos Aires, 29 abril (NA) \u2013 El Poder Judicial de","og_url":"https:\/\/cuartetoenlaweb.com.ar\/sitio\/tsj-porteno-capacitacion-obligatoria-sobre-malvinas\/","og_site_name":"Cuarteto en la Web","article_published_time":"2026-04-29T18:00:40+00:00","og_image":[{"url":"https:\/\/alpha-assets.tadevel-cdn.com\/69f23c307825f88153962abc\/720.jpeg","type":"","width":"","height":""}],"twitter_card":"summary_large_image","twitter_misc":{"Tiempo de lectura":"2 minutos"},"schema":{"@context":"https:\/\/schema.org","@graph":[{"@type":"Article","@id":"https:\/\/cuartetoenlaweb.com.ar\/sitio\/tsj-porteno-capacitacion-obligatoria-sobre-malvinas\/#article","isPartOf":{"@id":"https:\/\/cuartetoenlaweb.com.ar\/sitio\/tsj-porteno-capacitacion-obligatoria-sobre-malvinas\/"},"author":{"name":"","@id":""},"headline":"TSJ porte\u00f1o: Capacitaci\u00f3n obligatoria sobre Malvinas","datePublished":"2026-04-29T18:00:40+00:00","mainEntityOfPage":{"@id":"https:\/\/cuartetoenlaweb.com.ar\/sitio\/tsj-porteno-capacitacion-obligatoria-sobre-malvinas\/"},"wordCount":317,"publisher":{"@id":"http:\/\/cuartetoenlaweb.com.ar\/sitio\/#organization"},"image":{"@id":"https:\/\/cuartetoenlaweb.com.ar\/sitio\/tsj-porteno-capacitacion-obligatoria-sobre-malvinas\/#primaryimage"},"thumbnailUrl":"http:\/\/cuartetoenlaweb.com.ar\/sitio\/wp-content\/uploads\/2026\/04\/720-692.jpeg","articleSection":["DEPORTES"],"inLanguage":"es"},{"@type":"WebPage","@id":"https:\/\/cuartetoenlaweb.com.ar\/sitio\/tsj-porteno-capacitacion-obligatoria-sobre-malvinas\/","url":"https:\/\/cuartetoenlaweb.com.ar\/sitio\/tsj-porteno-capacitacion-obligatoria-sobre-malvinas\/","name":"TSJ porte\u00f1o: Capacitaci\u00f3n obligatoria sobre Malvinas - Cuarteto en la Web","isPartOf":{"@id":"http:\/\/cuartetoenlaweb.com.ar\/sitio\/#website"},"primaryImageOfPage":{"@id":"https:\/\/cuartetoenlaweb.com.ar\/sitio\/tsj-porteno-capacitacion-obligatoria-sobre-malvinas\/#primaryimage"},"image":{"@id":"https:\/\/cuartetoenlaweb.com.ar\/sitio\/tsj-porteno-capacitacion-obligatoria-sobre-malvinas\/#primaryimage"},"thumbnailUrl":"http:\/\/cuartetoenlaweb.com.ar\/sitio\/wp-content\/uploads\/2026\/04\/720-692.jpeg","datePublished":"2026-04-29T18:00:40+00:00","breadcrumb":{"@id":"https:\/\/cuartetoenlaweb.com.ar\/sitio\/tsj-porteno-capacitacion-obligatoria-sobre-malvinas\/#breadcrumb"},"inLanguage":"es","potentialAction":[{"@type":"ReadAction","target":["https:\/\/cuartetoenlaweb.com.ar\/sitio\/tsj-porteno-capacitacion-obligatoria-sobre-malvinas\/"]}]},{"@type":"ImageObject","inLanguage":"es","@id":"https:\/\/cuartetoenlaweb.com.ar\/sitio\/tsj-porteno-capacitacion-obligatoria-sobre-malvinas\/#primaryimage","url":"http:\/\/cuartetoenlaweb.com.ar\/sitio\/wp-content\/uploads\/2026\/04\/720-692.jpeg","contentUrl":"http:\/\/cuartetoenlaweb.com.ar\/sitio\/wp-content\/uploads\/2026\/04\/720-692.jpeg","width":1081,"height":720},{"@type":"BreadcrumbList","@id":"https:\/\/cuartetoenlaweb.com.ar\/sitio\/tsj-porteno-capacitacion-obligatoria-sobre-malvinas\/#breadcrumb","itemListElement":[{"@type":"ListItem","position":1,"name":"Portada","item":"http:\/\/cuartetoenlaweb.com.ar\/sitio\/"},{"@type":"ListItem","position":2,"name":"TSJ porte\u00f1o: Capacitaci\u00f3n obligatoria sobre Malvinas"}]},{"@type":"WebSite","@id":"http:\/\/cuartetoenlaweb.com.ar\/sitio\/#website","url":"http:\/\/cuartetoenlaweb.com.ar\/sitio\/","name":"Cuarteto en la Web","description":"","publisher":{"@id":"http:\/\/cuartetoenlaweb.com.ar\/sitio\/#organization"},"potentialAction":[{"@type":"SearchAction","target":{"@type":"EntryPoint","urlTemplate":"http:\/\/cuartetoenlaweb.com.ar\/sitio\/?s={search_term_string}"},"query-input":{"@type":"PropertyValueSpecification","valueRequired":true,"valueName":"search_term_string"}}],"inLanguage":"es"},{"@type":"Organization","@id":"http:\/\/cuartetoenlaweb.com.ar\/sitio\/#organization","name":"Cuarteto en la Web","url":"http:\/\/cuartetoenlaweb.com.ar\/sitio\/","logo":{"@type":"ImageObject","inLanguage":"es","@id":"http:\/\/cuartetoenlaweb.com.ar\/sitio\/#\/schema\/logo\/image\/","url":"http:\/\/cuartetoenlaweb.com.ar\/sitio\/wp-content\/uploads\/2025\/07\/cropped-cropped-logitoweb21.png","contentUrl":"http:\/\/cuartetoenlaweb.com.ar\/sitio\/wp-content\/uploads\/2025\/07\/cropped-cropped-logitoweb21.png","width":199,"height":199,"caption":"Cuarteto en la Web"},"image":{"@id":"http:\/\/cuartetoenlaweb.com.ar\/sitio\/#\/schema\/logo\/image\/"}}]}},"_links":{"self":[{"href":"http:\/\/cuartetoenlaweb.com.ar\/sitio\/wp-json\/wp\/v2\/posts\/19299","targetHints":{"allow":["GET"]}}],"collection":[{"href":"http:\/\/cuartetoenlaweb.com.ar\/sitio\/wp-json\/wp\/v2\/posts"}],"about":[{"href":"http:\/\/cuartetoenlaweb.com.ar\/sitio\/wp-json\/wp\/v2\/types\/post"}],"replies":[{"embeddable":true,"href":"http:\/\/cuartetoenlaweb.com.ar\/sitio\/wp-json\/wp\/v2\/comments?post=19299"}],"version-history":[{"count":0,"href":"http:\/\/cuartetoenlaweb.com.ar\/sitio\/wp-json\/wp\/v2\/posts\/19299\/revisions"}],"wp:featuredmedia":[{"embeddable":true,"href":"http:\/\/cuartetoenlaweb.com.ar\/sitio\/wp-json\/wp\/v2\/media\/19300"}],"wp:attachment":[{"href":"http:\/\/cuartetoenlaweb.com.ar\/sitio\/wp-json\/wp\/v2\/media?parent=19299"}],"wp:term":[{"taxonomy":"category","embeddable":true,"href":"http:\/\/cuartetoenlaweb.com.ar\/sitio\/wp-json\/wp\/v2\/categories?post=19299"},{"taxonomy":"post_tag","embeddable":true,"href":"http:\/\/cuartetoenlaweb.com.ar\/sitio\/wp-json\/wp\/v2\/tags?post=19299"}],"curies":[{"name":"wp","href":"https:\/\/api.w.org\/{rel}","templated":true}]}}