
{"id":19262,"date":"2026-04-29T03:00:48","date_gmt":"2026-04-29T06:00:48","guid":{"rendered":"https:\/\/cuartetoenlaweb.com.ar\/sitio\/femicidio-en-el-tipal-los-siete-puntos-clave-en-un-dia-decisivo\/"},"modified":"2026-04-29T03:00:48","modified_gmt":"2026-04-29T06:00:48","slug":"femicidio-en-el-tipal-los-siete-puntos-clave-en-un-dia-decisivo","status":"publish","type":"post","link":"http:\/\/cuartetoenlaweb.com.ar\/sitio\/femicidio-en-el-tipal-los-siete-puntos-clave-en-un-dia-decisivo\/","title":{"rendered":"Femicidio en El Tipal: los siete puntos clave en un d\u00eda decisivo"},"content":{"rendered":"<p>Hoy se abre una instancia decisiva en el juicio que investiga la muerte de Mercedes Kvedaras, ocurrida el 4 de agosto de 2023 en el barrio privado El Tipal.<strong> Concluida la etapa de las testimoniales, comienzan los alegatos, el momento en el que las partes expondr\u00e1n sus conclusiones finales ante el tribunal y donde quedar\u00e1n delineadas las posiciones que deber\u00e1n ser evaluadas antes de la sentencia.<\/strong><\/p>\n<p>El caso tiene como imputado a Jos\u00e9 Eduardo Figueroa y se reconstruye a partir de lo sucedido aquel d\u00eda, cuando, tras la muerte de Mercedes, el hombre sac\u00f3 el cuerpo de la vivienda, lo coloc\u00f3 en el asiento trasero del veh\u00edculo y se dirigi\u00f3 hasta un terreno de su padre dentro del mismo barrio. All\u00ed envi\u00f3 mensajes de WhatsApp y luego se provoc\u00f3 heridas con un cuchillo.<\/p>\n<p>En este tramo final del proceso,<strong> la discusi\u00f3n se ordenar\u00e1 en torno a siete puntos clave <\/strong>que atravesaron todo el debate y que ahora se convierten en el eje de los alegatos:<strong> la causa de la muerte, el lugar del hecho, la interpretaci\u00f3n de las lesiones en el cuerpo de la v\u00edctima, el estado y las heridas del imputado, la existencia o no de violencia de g\u00e9nero previa, la situaci\u00f3n de la pareja frente a la separaci\u00f3n y el estado psicol\u00f3gico de Figueroa al momento del hecho.<\/strong><\/p>\n<p>La fiscal de la Unidad de Femicidios, Luj\u00e1n Sodero Calvet; el querellante Jorge Ovejero, en representaci\u00f3n de la familia; la asesora de Incapaces Martha Bustos, por los hijos menores; y el defensor Juan Casabella D\u00e1valos tendr\u00e1n, en promedio, dos horas cada uno para exponer sus argumentos ante el tribunal.<\/p>\n<p>Sobre esos ejes se construyen las hip\u00f3tesis enfrentadas. <strong>Por un lado, la fiscal\u00eda y la querella sostendr\u00e1n que se trat\u00f3 de un femicidio<\/strong>, apoyadas en el informe de autopsia, en los indicios relevados en la escena y en los testimonios que describieron una relaci\u00f3n atravesada por episodios de violencia.<\/p>\n<p>Por otro lado, <strong>la defensa insistir\u00e1 en la hip\u00f3tesis de un hecho accidental<\/strong>, con una ca\u00edda en la ba\u00f1era durante un forcejeo y<strong> con un imputado que atravesaba un estado emocional alterado.<\/strong><\/p>\n<p>Cada una de estas posturas ser\u00e1 desarrollada durante los alegatos, donde se ordenar\u00e1n los argumentos, se interpretar\u00e1n las pruebas y se buscar\u00e1 persuadir al tribunal sobre la versi\u00f3n de los hechos.<\/p>\n<p>El juicio es llevado adelante por un tribunal colegiado integrado por Cecilia Flores Toranzos, Eduardo S\u00e1ngari y Leonardo Feans, quienes deber\u00e1n analizar estos siete puntos centrales para arribar a una decisi\u00f3n.<\/p>\n<p>Una vez finalizadas las exposiciones, no se descarta que haya r\u00e9plicas y d\u00faplicas. Luego, el tribunal pasar\u00e1 a deliberar.<strong> La fecha de la sentencia a\u00fan no est\u00e1 definida y podr\u00eda conocerse en las pr\u00f3ximas horas o d\u00edas.<\/strong><\/p>\n<p>El viernes pasado finaliz\u00f3 la etapa de testimonios, con la declaraci\u00f3n del imputado y la incorporaci\u00f3n del resto del material reunido durante el proceso. Desde entonces, la expectativa qued\u00f3 concentrada en este momento: el de los alegatos, donde los siete ejes del caso comenzar\u00e1n a definirse en busca de una respuesta judicial.<\/p>\n<p>Fiscal\u00eda y querella <\/p>\n<p><strong>1. Causa de la muerte:<\/strong> Sostienen que Mercedes Kvedaras muri\u00f3 el 4 de agosto de 2023 por asfixia mec\u00e1nica mixta, producto de estrangulamiento y sofocaci\u00f3n manual, seg\u00fan el informe de la autopsia. Habr\u00eda intencionalidad del imputado de quitarle la vida.<\/p>\n<p><strong>2. Lugar del hecho: <\/strong>Ubican el crimen en el anteba\u00f1o, donde se hallaron un arito, huellas en la ventana y otros indicios. Una perito del CIF respald\u00f3 esta hip\u00f3tesis.<\/p>\n<p><strong>3.<\/strong> <strong>Lesiones en el cuerpo de la v\u00edctima:<\/strong> Remarcan la multiplicidad de lesiones en distintas partes del cuerpo como indicio de violencia.<\/p>\n<p><strong>4.<\/strong> <strong>Estado y lesiones de Figueroa: <\/strong>Distintos testigos m\u00e9dicos se\u00f1alaron que las heridas en cuello y brazos autoinfligidas por el imputado el d\u00eda del hecho no implicaron riesgo de vida.<\/p>\n<p><strong>5.<\/strong> <strong>Existencia de violencia de g\u00e9nero previa:<\/strong> Apoyadas en testimonios, sostienen que exist\u00edan antecedentes de violencia f\u00edsica y verbal, incluyendo episodios de agresi\u00f3n, zamarreos y situaciones de control. Testigos contaron que Mercedes les dijo que a\u00f1os atr\u00e1s la agarr\u00f3 del cuello.<\/p>\n<p><strong>6 . Situaci\u00f3n de la pareja y la separaci\u00f3n:<\/strong> Afirman que Mercedes quer\u00eda separarse y lo hab\u00eda intentado en varias oportunidades, pero \u00e9l no aceptaba.<\/p>\n<p><strong>7. Estado psicol\u00f3gico del imputado: <\/strong>Se remarca que al momento del hecho Figueroa comprend\u00eda sus actos y pod\u00eda dirigir sus acciones.<\/p>\n<p>Defensa del imputado<\/p>\n<p><strong>1. Causa de la muerte: <\/strong>Plantea que la muerte fue consecuencia de un latigazo cervical en la v\u00edctima tras una ca\u00edda en la ba\u00f1era durante un forcejeo con Jos\u00e9 Figueroa, la ma\u00f1ana del 4 de agosto de 2023.<\/p>\n<p><strong>2. Lugar del hecho:<\/strong> Sostiene que la discusi\u00f3n comenz\u00f3 en el anteba\u00f1o pero el hecho que se investiga ocurri\u00f3 en el ba\u00f1o, donde, seg\u00fan el imputado, la v\u00edctima cay\u00f3 sobre la ba\u00f1adera. Se busca la teor\u00eda de un \u00abaccidente\u00bb.<\/p>\n<p><strong>3. Lesiones en el cuerpo de la v\u00edctima: <\/strong>Atribuye las lesiones a la ca\u00edda de Mercedes Kvedaras, como un \u00ab\u00fanico\u00bb golpe en la cabeza por el impacto que tuvo con la ba\u00f1era o un roce con el cinto del imputado.<\/p>\n<p><strong>4. Estado y lesiones de Figueroa: <\/strong>Destaca que fue trasladado en c\u00f3digo rojo al hospital San Bernardo, sugiriendo un cuadro de mayor gravedad por las lesiones que se provoc\u00f3 con un cuchillo en el cuello y los brazos tras la muerte de su esposa Mercedes Kvedaras.<\/p>\n<p><strong>5. Existencia de violencia de g\u00e9nero previa: <\/strong>Present\u00f3 testigos que describieron una relaci\u00f3n \u00abnormal\u00bb, sin indicios de violencia. Incluso hubo testigos que hablaron de Mercedes como \u00abmandonita\u00bb.<\/p>\n<p><strong>6. Situaci\u00f3n de la pareja y la separaci\u00f3n: <\/strong>Sostiene que Figueroa s\u00ed hab\u00eda aceptado la separaci\u00f3n.<\/p>\n<p><strong>7. Estado psicol\u00f3gico del imputado: <\/strong>Argumenta que presentaba un cuadro de estr\u00e9s postraum\u00e1tico que deriv\u00f3 la supuesta \u00abemoci\u00f3n violenta\u00bb.<\/p><\/p>\n","protected":false},"excerpt":{"rendered":"<p>Hoy se abre una instancia decisiva en el juicio que<\/p>\n","protected":false},"author":0,"featured_media":19263,"comment_status":"","ping_status":"","sticky":false,"template":"","format":"standard","meta":{"footnotes":""},"categories":[65],"tags":[],"class_list":["post-19262","post","type-post","status-publish","format-standard","has-post-thumbnail","hentry","category-pais"],"yoast_head":"<!-- This site is optimized with the Yoast SEO plugin v27.5 - https:\/\/yoast.com\/product\/yoast-seo-wordpress\/ -->\n<title>Femicidio en El Tipal: los siete puntos clave en un d\u00eda decisivo - Cuarteto en la Web<\/title>\n<meta name=\"robots\" content=\"index, follow, max-snippet:-1, max-image-preview:large, max-video-preview:-1\" \/>\n<link rel=\"canonical\" href=\"https:\/\/cuartetoenlaweb.com.ar\/sitio\/femicidio-en-el-tipal-los-siete-puntos-clave-en-un-dia-decisivo\/\" \/>\n<meta property=\"og:locale\" content=\"es_ES\" \/>\n<meta property=\"og:type\" content=\"article\" \/>\n<meta property=\"og:title\" content=\"Femicidio en El Tipal: los siete puntos clave en un d\u00eda decisivo - Cuarteto en la Web\" \/>\n<meta property=\"og:description\" content=\"Hoy se abre una instancia decisiva en el juicio que\" \/>\n<meta property=\"og:url\" content=\"https:\/\/cuartetoenlaweb.com.ar\/sitio\/femicidio-en-el-tipal-los-siete-puntos-clave-en-un-dia-decisivo\/\" \/>\n<meta property=\"og:site_name\" content=\"Cuarteto en la Web\" \/>\n<meta property=\"article:published_time\" content=\"2026-04-29T06:00:48+00:00\" \/>\n<meta name=\"twitter:card\" content=\"summary_large_image\" \/>\n<meta name=\"twitter:label1\" content=\"Tiempo de lectura\" \/>\n\t<meta name=\"twitter:data1\" content=\"5 minutos\" \/>\n<script type=\"application\/ld+json\" class=\"yoast-schema-graph\">{\"@context\":\"https:\\\/\\\/schema.org\",\"@graph\":[{\"@type\":\"Article\",\"@id\":\"https:\\\/\\\/cuartetoenlaweb.com.ar\\\/sitio\\\/femicidio-en-el-tipal-los-siete-puntos-clave-en-un-dia-decisivo\\\/#article\",\"isPartOf\":{\"@id\":\"https:\\\/\\\/cuartetoenlaweb.com.ar\\\/sitio\\\/femicidio-en-el-tipal-los-siete-puntos-clave-en-un-dia-decisivo\\\/\"},\"author\":{\"name\":\"\",\"@id\":\"\"},\"headline\":\"Femicidio en El Tipal: los siete puntos clave en un d\u00eda decisivo\",\"datePublished\":\"2026-04-29T06:00:48+00:00\",\"mainEntityOfPage\":{\"@id\":\"https:\\\/\\\/cuartetoenlaweb.com.ar\\\/sitio\\\/femicidio-en-el-tipal-los-siete-puntos-clave-en-un-dia-decisivo\\\/\"},\"wordCount\":1019,\"publisher\":{\"@id\":\"http:\\\/\\\/cuartetoenlaweb.com.ar\\\/sitio\\\/#organization\"},\"image\":{\"@id\":\"https:\\\/\\\/cuartetoenlaweb.com.ar\\\/sitio\\\/femicidio-en-el-tipal-los-siete-puntos-clave-en-un-dia-decisivo\\\/#primaryimage\"},\"thumbnailUrl\":\"http:\\\/\\\/cuartetoenlaweb.com.ar\\\/sitio\\\/wp-content\\\/uploads\\\/2026\\\/04\\\/portadax-201.png\",\"articleSection\":[\"PAIS\"],\"inLanguage\":\"es\"},{\"@type\":\"WebPage\",\"@id\":\"https:\\\/\\\/cuartetoenlaweb.com.ar\\\/sitio\\\/femicidio-en-el-tipal-los-siete-puntos-clave-en-un-dia-decisivo\\\/\",\"url\":\"https:\\\/\\\/cuartetoenlaweb.com.ar\\\/sitio\\\/femicidio-en-el-tipal-los-siete-puntos-clave-en-un-dia-decisivo\\\/\",\"name\":\"Femicidio en El Tipal: los siete puntos clave en un d\u00eda decisivo - Cuarteto en la Web\",\"isPartOf\":{\"@id\":\"http:\\\/\\\/cuartetoenlaweb.com.ar\\\/sitio\\\/#website\"},\"primaryImageOfPage\":{\"@id\":\"https:\\\/\\\/cuartetoenlaweb.com.ar\\\/sitio\\\/femicidio-en-el-tipal-los-siete-puntos-clave-en-un-dia-decisivo\\\/#primaryimage\"},\"image\":{\"@id\":\"https:\\\/\\\/cuartetoenlaweb.com.ar\\\/sitio\\\/femicidio-en-el-tipal-los-siete-puntos-clave-en-un-dia-decisivo\\\/#primaryimage\"},\"thumbnailUrl\":\"http:\\\/\\\/cuartetoenlaweb.com.ar\\\/sitio\\\/wp-content\\\/uploads\\\/2026\\\/04\\\/portadax-201.png\",\"datePublished\":\"2026-04-29T06:00:48+00:00\",\"breadcrumb\":{\"@id\":\"https:\\\/\\\/cuartetoenlaweb.com.ar\\\/sitio\\\/femicidio-en-el-tipal-los-siete-puntos-clave-en-un-dia-decisivo\\\/#breadcrumb\"},\"inLanguage\":\"es\",\"potentialAction\":[{\"@type\":\"ReadAction\",\"target\":[\"https:\\\/\\\/cuartetoenlaweb.com.ar\\\/sitio\\\/femicidio-en-el-tipal-los-siete-puntos-clave-en-un-dia-decisivo\\\/\"]}]},{\"@type\":\"ImageObject\",\"inLanguage\":\"es\",\"@id\":\"https:\\\/\\\/cuartetoenlaweb.com.ar\\\/sitio\\\/femicidio-en-el-tipal-los-siete-puntos-clave-en-un-dia-decisivo\\\/#primaryimage\",\"url\":\"http:\\\/\\\/cuartetoenlaweb.com.ar\\\/sitio\\\/wp-content\\\/uploads\\\/2026\\\/04\\\/portadax-201.png\",\"contentUrl\":\"http:\\\/\\\/cuartetoenlaweb.com.ar\\\/sitio\\\/wp-content\\\/uploads\\\/2026\\\/04\\\/portadax-201.png\",\"width\":1366,\"height\":768},{\"@type\":\"BreadcrumbList\",\"@id\":\"https:\\\/\\\/cuartetoenlaweb.com.ar\\\/sitio\\\/femicidio-en-el-tipal-los-siete-puntos-clave-en-un-dia-decisivo\\\/#breadcrumb\",\"itemListElement\":[{\"@type\":\"ListItem\",\"position\":1,\"name\":\"Portada\",\"item\":\"http:\\\/\\\/cuartetoenlaweb.com.ar\\\/sitio\\\/\"},{\"@type\":\"ListItem\",\"position\":2,\"name\":\"Femicidio en El Tipal: los siete puntos clave en un d\u00eda decisivo\"}]},{\"@type\":\"WebSite\",\"@id\":\"http:\\\/\\\/cuartetoenlaweb.com.ar\\\/sitio\\\/#website\",\"url\":\"http:\\\/\\\/cuartetoenlaweb.com.ar\\\/sitio\\\/\",\"name\":\"Cuarteto en la Web\",\"description\":\"\",\"publisher\":{\"@id\":\"http:\\\/\\\/cuartetoenlaweb.com.ar\\\/sitio\\\/#organization\"},\"potentialAction\":[{\"@type\":\"SearchAction\",\"target\":{\"@type\":\"EntryPoint\",\"urlTemplate\":\"http:\\\/\\\/cuartetoenlaweb.com.ar\\\/sitio\\\/?s={search_term_string}\"},\"query-input\":{\"@type\":\"PropertyValueSpecification\",\"valueRequired\":true,\"valueName\":\"search_term_string\"}}],\"inLanguage\":\"es\"},{\"@type\":\"Organization\",\"@id\":\"http:\\\/\\\/cuartetoenlaweb.com.ar\\\/sitio\\\/#organization\",\"name\":\"Cuarteto en la Web\",\"url\":\"http:\\\/\\\/cuartetoenlaweb.com.ar\\\/sitio\\\/\",\"logo\":{\"@type\":\"ImageObject\",\"inLanguage\":\"es\",\"@id\":\"http:\\\/\\\/cuartetoenlaweb.com.ar\\\/sitio\\\/#\\\/schema\\\/logo\\\/image\\\/\",\"url\":\"http:\\\/\\\/cuartetoenlaweb.com.ar\\\/sitio\\\/wp-content\\\/uploads\\\/2025\\\/07\\\/cropped-cropped-logitoweb21.png\",\"contentUrl\":\"http:\\\/\\\/cuartetoenlaweb.com.ar\\\/sitio\\\/wp-content\\\/uploads\\\/2025\\\/07\\\/cropped-cropped-logitoweb21.png\",\"width\":199,\"height\":199,\"caption\":\"Cuarteto en la Web\"},\"image\":{\"@id\":\"http:\\\/\\\/cuartetoenlaweb.com.ar\\\/sitio\\\/#\\\/schema\\\/logo\\\/image\\\/\"}}]}<\/script>\n<!-- \/ Yoast SEO plugin. -->","yoast_head_json":{"title":"Femicidio en El Tipal: los siete puntos clave en un d\u00eda decisivo - Cuarteto en la Web","robots":{"index":"index","follow":"follow","max-snippet":"max-snippet:-1","max-image-preview":"max-image-preview:large","max-video-preview":"max-video-preview:-1"},"canonical":"https:\/\/cuartetoenlaweb.com.ar\/sitio\/femicidio-en-el-tipal-los-siete-puntos-clave-en-un-dia-decisivo\/","og_locale":"es_ES","og_type":"article","og_title":"Femicidio en El Tipal: los siete puntos clave en un d\u00eda decisivo - Cuarteto en la Web","og_description":"Hoy se abre una instancia decisiva en el juicio que","og_url":"https:\/\/cuartetoenlaweb.com.ar\/sitio\/femicidio-en-el-tipal-los-siete-puntos-clave-en-un-dia-decisivo\/","og_site_name":"Cuarteto en la Web","article_published_time":"2026-04-29T06:00:48+00:00","twitter_card":"summary_large_image","twitter_misc":{"Tiempo de lectura":"5 minutos"},"schema":{"@context":"https:\/\/schema.org","@graph":[{"@type":"Article","@id":"https:\/\/cuartetoenlaweb.com.ar\/sitio\/femicidio-en-el-tipal-los-siete-puntos-clave-en-un-dia-decisivo\/#article","isPartOf":{"@id":"https:\/\/cuartetoenlaweb.com.ar\/sitio\/femicidio-en-el-tipal-los-siete-puntos-clave-en-un-dia-decisivo\/"},"author":{"name":"","@id":""},"headline":"Femicidio en El Tipal: los siete puntos clave en un d\u00eda decisivo","datePublished":"2026-04-29T06:00:48+00:00","mainEntityOfPage":{"@id":"https:\/\/cuartetoenlaweb.com.ar\/sitio\/femicidio-en-el-tipal-los-siete-puntos-clave-en-un-dia-decisivo\/"},"wordCount":1019,"publisher":{"@id":"http:\/\/cuartetoenlaweb.com.ar\/sitio\/#organization"},"image":{"@id":"https:\/\/cuartetoenlaweb.com.ar\/sitio\/femicidio-en-el-tipal-los-siete-puntos-clave-en-un-dia-decisivo\/#primaryimage"},"thumbnailUrl":"http:\/\/cuartetoenlaweb.com.ar\/sitio\/wp-content\/uploads\/2026\/04\/portadax-201.png","articleSection":["PAIS"],"inLanguage":"es"},{"@type":"WebPage","@id":"https:\/\/cuartetoenlaweb.com.ar\/sitio\/femicidio-en-el-tipal-los-siete-puntos-clave-en-un-dia-decisivo\/","url":"https:\/\/cuartetoenlaweb.com.ar\/sitio\/femicidio-en-el-tipal-los-siete-puntos-clave-en-un-dia-decisivo\/","name":"Femicidio en El Tipal: los siete puntos clave en un d\u00eda decisivo - Cuarteto en la Web","isPartOf":{"@id":"http:\/\/cuartetoenlaweb.com.ar\/sitio\/#website"},"primaryImageOfPage":{"@id":"https:\/\/cuartetoenlaweb.com.ar\/sitio\/femicidio-en-el-tipal-los-siete-puntos-clave-en-un-dia-decisivo\/#primaryimage"},"image":{"@id":"https:\/\/cuartetoenlaweb.com.ar\/sitio\/femicidio-en-el-tipal-los-siete-puntos-clave-en-un-dia-decisivo\/#primaryimage"},"thumbnailUrl":"http:\/\/cuartetoenlaweb.com.ar\/sitio\/wp-content\/uploads\/2026\/04\/portadax-201.png","datePublished":"2026-04-29T06:00:48+00:00","breadcrumb":{"@id":"https:\/\/cuartetoenlaweb.com.ar\/sitio\/femicidio-en-el-tipal-los-siete-puntos-clave-en-un-dia-decisivo\/#breadcrumb"},"inLanguage":"es","potentialAction":[{"@type":"ReadAction","target":["https:\/\/cuartetoenlaweb.com.ar\/sitio\/femicidio-en-el-tipal-los-siete-puntos-clave-en-un-dia-decisivo\/"]}]},{"@type":"ImageObject","inLanguage":"es","@id":"https:\/\/cuartetoenlaweb.com.ar\/sitio\/femicidio-en-el-tipal-los-siete-puntos-clave-en-un-dia-decisivo\/#primaryimage","url":"http:\/\/cuartetoenlaweb.com.ar\/sitio\/wp-content\/uploads\/2026\/04\/portadax-201.png","contentUrl":"http:\/\/cuartetoenlaweb.com.ar\/sitio\/wp-content\/uploads\/2026\/04\/portadax-201.png","width":1366,"height":768},{"@type":"BreadcrumbList","@id":"https:\/\/cuartetoenlaweb.com.ar\/sitio\/femicidio-en-el-tipal-los-siete-puntos-clave-en-un-dia-decisivo\/#breadcrumb","itemListElement":[{"@type":"ListItem","position":1,"name":"Portada","item":"http:\/\/cuartetoenlaweb.com.ar\/sitio\/"},{"@type":"ListItem","position":2,"name":"Femicidio en El Tipal: los siete puntos clave en un d\u00eda decisivo"}]},{"@type":"WebSite","@id":"http:\/\/cuartetoenlaweb.com.ar\/sitio\/#website","url":"http:\/\/cuartetoenlaweb.com.ar\/sitio\/","name":"Cuarteto en la Web","description":"","publisher":{"@id":"http:\/\/cuartetoenlaweb.com.ar\/sitio\/#organization"},"potentialAction":[{"@type":"SearchAction","target":{"@type":"EntryPoint","urlTemplate":"http:\/\/cuartetoenlaweb.com.ar\/sitio\/?s={search_term_string}"},"query-input":{"@type":"PropertyValueSpecification","valueRequired":true,"valueName":"search_term_string"}}],"inLanguage":"es"},{"@type":"Organization","@id":"http:\/\/cuartetoenlaweb.com.ar\/sitio\/#organization","name":"Cuarteto en la Web","url":"http:\/\/cuartetoenlaweb.com.ar\/sitio\/","logo":{"@type":"ImageObject","inLanguage":"es","@id":"http:\/\/cuartetoenlaweb.com.ar\/sitio\/#\/schema\/logo\/image\/","url":"http:\/\/cuartetoenlaweb.com.ar\/sitio\/wp-content\/uploads\/2025\/07\/cropped-cropped-logitoweb21.png","contentUrl":"http:\/\/cuartetoenlaweb.com.ar\/sitio\/wp-content\/uploads\/2025\/07\/cropped-cropped-logitoweb21.png","width":199,"height":199,"caption":"Cuarteto en la Web"},"image":{"@id":"http:\/\/cuartetoenlaweb.com.ar\/sitio\/#\/schema\/logo\/image\/"}}]}},"_links":{"self":[{"href":"http:\/\/cuartetoenlaweb.com.ar\/sitio\/wp-json\/wp\/v2\/posts\/19262","targetHints":{"allow":["GET"]}}],"collection":[{"href":"http:\/\/cuartetoenlaweb.com.ar\/sitio\/wp-json\/wp\/v2\/posts"}],"about":[{"href":"http:\/\/cuartetoenlaweb.com.ar\/sitio\/wp-json\/wp\/v2\/types\/post"}],"replies":[{"embeddable":true,"href":"http:\/\/cuartetoenlaweb.com.ar\/sitio\/wp-json\/wp\/v2\/comments?post=19262"}],"version-history":[{"count":0,"href":"http:\/\/cuartetoenlaweb.com.ar\/sitio\/wp-json\/wp\/v2\/posts\/19262\/revisions"}],"wp:featuredmedia":[{"embeddable":true,"href":"http:\/\/cuartetoenlaweb.com.ar\/sitio\/wp-json\/wp\/v2\/media\/19263"}],"wp:attachment":[{"href":"http:\/\/cuartetoenlaweb.com.ar\/sitio\/wp-json\/wp\/v2\/media?parent=19262"}],"wp:term":[{"taxonomy":"category","embeddable":true,"href":"http:\/\/cuartetoenlaweb.com.ar\/sitio\/wp-json\/wp\/v2\/categories?post=19262"},{"taxonomy":"post_tag","embeddable":true,"href":"http:\/\/cuartetoenlaweb.com.ar\/sitio\/wp-json\/wp\/v2\/tags?post=19262"}],"curies":[{"name":"wp","href":"https:\/\/api.w.org\/{rel}","templated":true}]}}