
{"id":19260,"date":"2026-04-29T03:00:45","date_gmt":"2026-04-29T06:00:45","guid":{"rendered":"https:\/\/cuartetoenlaweb.com.ar\/sitio\/sturzenegger-adelanto-las-reformas-para-este-ano\/"},"modified":"2026-04-29T03:00:45","modified_gmt":"2026-04-29T06:00:45","slug":"sturzenegger-adelanto-las-reformas-para-este-ano","status":"publish","type":"post","link":"http:\/\/cuartetoenlaweb.com.ar\/sitio\/sturzenegger-adelanto-las-reformas-para-este-ano\/","title":{"rendered":"Sturzenegger adelant\u00f3 las reformas para este a\u00f1o"},"content":{"rendered":"<p>El ministro de Desregulaci\u00f3n y Transformaci\u00f3n del Estado, Federico Sturzenegger, adelant\u00f3 las reformas que enviar\u00e1 el Gobierno al Congreso y les pidi\u00f3 a los gobernadores contar con su apoyo para conseguir los votos necesarios.<\/p>\n<p>Con el objetivo de seguir desregulando la econom\u00eda local, el ministro enumer\u00f3 a la Ley Hojarasca, que \u00abelimina m\u00e1s de 70 leyes obsoletas\u00bb, y un proyecto sobre \u00abla inviolabilidad de la propiedad privada\u00bb, que incluye cambios a la ley de expropiaciones, cambios en desalojos y modificaciones a la ley de fuego con el objetivo de \u00abfortalecer la propiedad privada, pero que, sobre todo, la derogaci\u00f3n parcial de la ley de tierras, que va a permitir la inversi\u00f3n extranjera\u00bb.<\/p>\n<p>Tambi\u00e9n incluy\u00f3 un proyecto \u00abimportante\u00bb con normas de desregulaci\u00f3n que abarcan mercados de capitales y la industria del seguro, sumado a \u00abuna reforma en la ley de cabotaje, que generar\u00eda una baja muy considerable\u00bb.<\/p>\n<p>Respecto a la de cabotaje, el ministro manifest\u00f3 que se generar\u00eda \u00abuna baja de costos tan grande que ser\u00eda equivalente, por ejemplo, a bajar las retenciones 8 puntos\u00bb.<\/p>\n<p>\u00abConf\u00edo en que va a convencer a sus colegas para que voten la ley, \u00bfno?\u00bb, brome\u00f3 Sturzenegger ante la presencia de los gobernadores Juan Pablo Vald\u00e9s (Corrientes) y Ra\u00fal Jalil (Catamarca).<\/p>\n<p>Respecto de las medidas que se presentar\u00e1n, agreg\u00f3 un proyecto sobre defensa de la competencia: \u00abLo que m\u00e1s, lo que m\u00e1s da\u00f1an la competencia son las regulaciones del Estado que proh\u00edben la entrada de otros jugadores a un mercado. Es una barrera de entrada, sobre todo particularmente terrible para las Pymes. Nuestra ley de defensa de la competencia, b\u00e1sicamente, le va a dar a la autoridad de defensa de la competencia la potestad de litigar y de reglamentar sobre leyes que afectan la competencia en cualquier lugar de la Naci\u00f3n\u00bb, sostuvo en la edici\u00f3n 2026 de ExpoEFI (Econom\u00eda + Finanzas + Inversiones).<\/p>\n<p>\u00abVamos a tener una ley de reforma del Estado, que va a tomar algunas de las cosas de los decretos delegados, que finalmente despu\u00e9s no prosperaron el a\u00f1o pasado, una redefinici\u00f3n de las competencias del Estado, as\u00ed que vamos a avanzar con eso\u00bb, indic\u00f3.<\/p>\n<p>Tambi\u00e9n habl\u00f3 sobre el avance de la inteligencia artificial (IA) y una modificaci\u00f3n en la ley de sociedades.<\/p><\/p>\n","protected":false},"excerpt":{"rendered":"<p>El ministro de Desregulaci\u00f3n y Transformaci\u00f3n del Estado, Federico Sturzenegger,<\/p>\n","protected":false},"author":0,"featured_media":19261,"comment_status":"","ping_status":"","sticky":false,"template":"","format":"standard","meta":{"footnotes":""},"categories":[65],"tags":[],"class_list":["post-19260","post","type-post","status-publish","format-standard","has-post-thumbnail","hentry","category-pais"],"yoast_head":"<!-- This site is optimized with the Yoast SEO plugin v27.5 - https:\/\/yoast.com\/product\/yoast-seo-wordpress\/ -->\n<title>Sturzenegger adelant\u00f3 las reformas para este a\u00f1o - Cuarteto en la Web<\/title>\n<meta name=\"robots\" content=\"index, follow, max-snippet:-1, max-image-preview:large, max-video-preview:-1\" \/>\n<link rel=\"canonical\" href=\"https:\/\/cuartetoenlaweb.com.ar\/sitio\/sturzenegger-adelanto-las-reformas-para-este-ano\/\" \/>\n<meta property=\"og:locale\" content=\"es_ES\" \/>\n<meta property=\"og:type\" content=\"article\" \/>\n<meta property=\"og:title\" content=\"Sturzenegger adelant\u00f3 las reformas para este a\u00f1o - Cuarteto en la Web\" \/>\n<meta property=\"og:description\" content=\"El ministro de Desregulaci\u00f3n y Transformaci\u00f3n del Estado, Federico Sturzenegger,\" \/>\n<meta property=\"og:url\" content=\"https:\/\/cuartetoenlaweb.com.ar\/sitio\/sturzenegger-adelanto-las-reformas-para-este-ano\/\" \/>\n<meta property=\"og:site_name\" content=\"Cuarteto en la Web\" \/>\n<meta property=\"article:published_time\" content=\"2026-04-29T06:00:45+00:00\" \/>\n<meta name=\"twitter:card\" content=\"summary_large_image\" \/>\n<meta name=\"twitter:label1\" content=\"Tiempo de lectura\" \/>\n\t<meta name=\"twitter:data1\" content=\"2 minutos\" \/>\n<script type=\"application\/ld+json\" class=\"yoast-schema-graph\">{\"@context\":\"https:\\\/\\\/schema.org\",\"@graph\":[{\"@type\":\"Article\",\"@id\":\"https:\\\/\\\/cuartetoenlaweb.com.ar\\\/sitio\\\/sturzenegger-adelanto-las-reformas-para-este-ano\\\/#article\",\"isPartOf\":{\"@id\":\"https:\\\/\\\/cuartetoenlaweb.com.ar\\\/sitio\\\/sturzenegger-adelanto-las-reformas-para-este-ano\\\/\"},\"author\":{\"name\":\"\",\"@id\":\"\"},\"headline\":\"Sturzenegger adelant\u00f3 las reformas para este a\u00f1o\",\"datePublished\":\"2026-04-29T06:00:45+00:00\",\"mainEntityOfPage\":{\"@id\":\"https:\\\/\\\/cuartetoenlaweb.com.ar\\\/sitio\\\/sturzenegger-adelanto-las-reformas-para-este-ano\\\/\"},\"wordCount\":400,\"publisher\":{\"@id\":\"http:\\\/\\\/cuartetoenlaweb.com.ar\\\/sitio\\\/#organization\"},\"image\":{\"@id\":\"https:\\\/\\\/cuartetoenlaweb.com.ar\\\/sitio\\\/sturzenegger-adelanto-las-reformas-para-este-ano\\\/#primaryimage\"},\"thumbnailUrl\":\"http:\\\/\\\/cuartetoenlaweb.com.ar\\\/sitio\\\/wp-content\\\/uploads\\\/2026\\\/04\\\/portadax-200.png\",\"articleSection\":[\"PAIS\"],\"inLanguage\":\"es\"},{\"@type\":\"WebPage\",\"@id\":\"https:\\\/\\\/cuartetoenlaweb.com.ar\\\/sitio\\\/sturzenegger-adelanto-las-reformas-para-este-ano\\\/\",\"url\":\"https:\\\/\\\/cuartetoenlaweb.com.ar\\\/sitio\\\/sturzenegger-adelanto-las-reformas-para-este-ano\\\/\",\"name\":\"Sturzenegger adelant\u00f3 las reformas para este a\u00f1o - Cuarteto en la Web\",\"isPartOf\":{\"@id\":\"http:\\\/\\\/cuartetoenlaweb.com.ar\\\/sitio\\\/#website\"},\"primaryImageOfPage\":{\"@id\":\"https:\\\/\\\/cuartetoenlaweb.com.ar\\\/sitio\\\/sturzenegger-adelanto-las-reformas-para-este-ano\\\/#primaryimage\"},\"image\":{\"@id\":\"https:\\\/\\\/cuartetoenlaweb.com.ar\\\/sitio\\\/sturzenegger-adelanto-las-reformas-para-este-ano\\\/#primaryimage\"},\"thumbnailUrl\":\"http:\\\/\\\/cuartetoenlaweb.com.ar\\\/sitio\\\/wp-content\\\/uploads\\\/2026\\\/04\\\/portadax-200.png\",\"datePublished\":\"2026-04-29T06:00:45+00:00\",\"breadcrumb\":{\"@id\":\"https:\\\/\\\/cuartetoenlaweb.com.ar\\\/sitio\\\/sturzenegger-adelanto-las-reformas-para-este-ano\\\/#breadcrumb\"},\"inLanguage\":\"es\",\"potentialAction\":[{\"@type\":\"ReadAction\",\"target\":[\"https:\\\/\\\/cuartetoenlaweb.com.ar\\\/sitio\\\/sturzenegger-adelanto-las-reformas-para-este-ano\\\/\"]}]},{\"@type\":\"ImageObject\",\"inLanguage\":\"es\",\"@id\":\"https:\\\/\\\/cuartetoenlaweb.com.ar\\\/sitio\\\/sturzenegger-adelanto-las-reformas-para-este-ano\\\/#primaryimage\",\"url\":\"http:\\\/\\\/cuartetoenlaweb.com.ar\\\/sitio\\\/wp-content\\\/uploads\\\/2026\\\/04\\\/portadax-200.png\",\"contentUrl\":\"http:\\\/\\\/cuartetoenlaweb.com.ar\\\/sitio\\\/wp-content\\\/uploads\\\/2026\\\/04\\\/portadax-200.png\",\"width\":1366,\"height\":768},{\"@type\":\"BreadcrumbList\",\"@id\":\"https:\\\/\\\/cuartetoenlaweb.com.ar\\\/sitio\\\/sturzenegger-adelanto-las-reformas-para-este-ano\\\/#breadcrumb\",\"itemListElement\":[{\"@type\":\"ListItem\",\"position\":1,\"name\":\"Portada\",\"item\":\"http:\\\/\\\/cuartetoenlaweb.com.ar\\\/sitio\\\/\"},{\"@type\":\"ListItem\",\"position\":2,\"name\":\"Sturzenegger adelant\u00f3 las reformas para este a\u00f1o\"}]},{\"@type\":\"WebSite\",\"@id\":\"http:\\\/\\\/cuartetoenlaweb.com.ar\\\/sitio\\\/#website\",\"url\":\"http:\\\/\\\/cuartetoenlaweb.com.ar\\\/sitio\\\/\",\"name\":\"Cuarteto en la Web\",\"description\":\"\",\"publisher\":{\"@id\":\"http:\\\/\\\/cuartetoenlaweb.com.ar\\\/sitio\\\/#organization\"},\"potentialAction\":[{\"@type\":\"SearchAction\",\"target\":{\"@type\":\"EntryPoint\",\"urlTemplate\":\"http:\\\/\\\/cuartetoenlaweb.com.ar\\\/sitio\\\/?s={search_term_string}\"},\"query-input\":{\"@type\":\"PropertyValueSpecification\",\"valueRequired\":true,\"valueName\":\"search_term_string\"}}],\"inLanguage\":\"es\"},{\"@type\":\"Organization\",\"@id\":\"http:\\\/\\\/cuartetoenlaweb.com.ar\\\/sitio\\\/#organization\",\"name\":\"Cuarteto en la Web\",\"url\":\"http:\\\/\\\/cuartetoenlaweb.com.ar\\\/sitio\\\/\",\"logo\":{\"@type\":\"ImageObject\",\"inLanguage\":\"es\",\"@id\":\"http:\\\/\\\/cuartetoenlaweb.com.ar\\\/sitio\\\/#\\\/schema\\\/logo\\\/image\\\/\",\"url\":\"http:\\\/\\\/cuartetoenlaweb.com.ar\\\/sitio\\\/wp-content\\\/uploads\\\/2025\\\/07\\\/cropped-cropped-logitoweb21.png\",\"contentUrl\":\"http:\\\/\\\/cuartetoenlaweb.com.ar\\\/sitio\\\/wp-content\\\/uploads\\\/2025\\\/07\\\/cropped-cropped-logitoweb21.png\",\"width\":199,\"height\":199,\"caption\":\"Cuarteto en la Web\"},\"image\":{\"@id\":\"http:\\\/\\\/cuartetoenlaweb.com.ar\\\/sitio\\\/#\\\/schema\\\/logo\\\/image\\\/\"}}]}<\/script>\n<!-- \/ Yoast SEO plugin. -->","yoast_head_json":{"title":"Sturzenegger adelant\u00f3 las reformas para este a\u00f1o - Cuarteto en la Web","robots":{"index":"index","follow":"follow","max-snippet":"max-snippet:-1","max-image-preview":"max-image-preview:large","max-video-preview":"max-video-preview:-1"},"canonical":"https:\/\/cuartetoenlaweb.com.ar\/sitio\/sturzenegger-adelanto-las-reformas-para-este-ano\/","og_locale":"es_ES","og_type":"article","og_title":"Sturzenegger adelant\u00f3 las reformas para este a\u00f1o - Cuarteto en la Web","og_description":"El ministro de Desregulaci\u00f3n y Transformaci\u00f3n del Estado, Federico Sturzenegger,","og_url":"https:\/\/cuartetoenlaweb.com.ar\/sitio\/sturzenegger-adelanto-las-reformas-para-este-ano\/","og_site_name":"Cuarteto en la Web","article_published_time":"2026-04-29T06:00:45+00:00","twitter_card":"summary_large_image","twitter_misc":{"Tiempo de lectura":"2 minutos"},"schema":{"@context":"https:\/\/schema.org","@graph":[{"@type":"Article","@id":"https:\/\/cuartetoenlaweb.com.ar\/sitio\/sturzenegger-adelanto-las-reformas-para-este-ano\/#article","isPartOf":{"@id":"https:\/\/cuartetoenlaweb.com.ar\/sitio\/sturzenegger-adelanto-las-reformas-para-este-ano\/"},"author":{"name":"","@id":""},"headline":"Sturzenegger adelant\u00f3 las reformas para este a\u00f1o","datePublished":"2026-04-29T06:00:45+00:00","mainEntityOfPage":{"@id":"https:\/\/cuartetoenlaweb.com.ar\/sitio\/sturzenegger-adelanto-las-reformas-para-este-ano\/"},"wordCount":400,"publisher":{"@id":"http:\/\/cuartetoenlaweb.com.ar\/sitio\/#organization"},"image":{"@id":"https:\/\/cuartetoenlaweb.com.ar\/sitio\/sturzenegger-adelanto-las-reformas-para-este-ano\/#primaryimage"},"thumbnailUrl":"http:\/\/cuartetoenlaweb.com.ar\/sitio\/wp-content\/uploads\/2026\/04\/portadax-200.png","articleSection":["PAIS"],"inLanguage":"es"},{"@type":"WebPage","@id":"https:\/\/cuartetoenlaweb.com.ar\/sitio\/sturzenegger-adelanto-las-reformas-para-este-ano\/","url":"https:\/\/cuartetoenlaweb.com.ar\/sitio\/sturzenegger-adelanto-las-reformas-para-este-ano\/","name":"Sturzenegger adelant\u00f3 las reformas para este a\u00f1o - Cuarteto en la Web","isPartOf":{"@id":"http:\/\/cuartetoenlaweb.com.ar\/sitio\/#website"},"primaryImageOfPage":{"@id":"https:\/\/cuartetoenlaweb.com.ar\/sitio\/sturzenegger-adelanto-las-reformas-para-este-ano\/#primaryimage"},"image":{"@id":"https:\/\/cuartetoenlaweb.com.ar\/sitio\/sturzenegger-adelanto-las-reformas-para-este-ano\/#primaryimage"},"thumbnailUrl":"http:\/\/cuartetoenlaweb.com.ar\/sitio\/wp-content\/uploads\/2026\/04\/portadax-200.png","datePublished":"2026-04-29T06:00:45+00:00","breadcrumb":{"@id":"https:\/\/cuartetoenlaweb.com.ar\/sitio\/sturzenegger-adelanto-las-reformas-para-este-ano\/#breadcrumb"},"inLanguage":"es","potentialAction":[{"@type":"ReadAction","target":["https:\/\/cuartetoenlaweb.com.ar\/sitio\/sturzenegger-adelanto-las-reformas-para-este-ano\/"]}]},{"@type":"ImageObject","inLanguage":"es","@id":"https:\/\/cuartetoenlaweb.com.ar\/sitio\/sturzenegger-adelanto-las-reformas-para-este-ano\/#primaryimage","url":"http:\/\/cuartetoenlaweb.com.ar\/sitio\/wp-content\/uploads\/2026\/04\/portadax-200.png","contentUrl":"http:\/\/cuartetoenlaweb.com.ar\/sitio\/wp-content\/uploads\/2026\/04\/portadax-200.png","width":1366,"height":768},{"@type":"BreadcrumbList","@id":"https:\/\/cuartetoenlaweb.com.ar\/sitio\/sturzenegger-adelanto-las-reformas-para-este-ano\/#breadcrumb","itemListElement":[{"@type":"ListItem","position":1,"name":"Portada","item":"http:\/\/cuartetoenlaweb.com.ar\/sitio\/"},{"@type":"ListItem","position":2,"name":"Sturzenegger adelant\u00f3 las reformas para este a\u00f1o"}]},{"@type":"WebSite","@id":"http:\/\/cuartetoenlaweb.com.ar\/sitio\/#website","url":"http:\/\/cuartetoenlaweb.com.ar\/sitio\/","name":"Cuarteto en la Web","description":"","publisher":{"@id":"http:\/\/cuartetoenlaweb.com.ar\/sitio\/#organization"},"potentialAction":[{"@type":"SearchAction","target":{"@type":"EntryPoint","urlTemplate":"http:\/\/cuartetoenlaweb.com.ar\/sitio\/?s={search_term_string}"},"query-input":{"@type":"PropertyValueSpecification","valueRequired":true,"valueName":"search_term_string"}}],"inLanguage":"es"},{"@type":"Organization","@id":"http:\/\/cuartetoenlaweb.com.ar\/sitio\/#organization","name":"Cuarteto en la Web","url":"http:\/\/cuartetoenlaweb.com.ar\/sitio\/","logo":{"@type":"ImageObject","inLanguage":"es","@id":"http:\/\/cuartetoenlaweb.com.ar\/sitio\/#\/schema\/logo\/image\/","url":"http:\/\/cuartetoenlaweb.com.ar\/sitio\/wp-content\/uploads\/2025\/07\/cropped-cropped-logitoweb21.png","contentUrl":"http:\/\/cuartetoenlaweb.com.ar\/sitio\/wp-content\/uploads\/2025\/07\/cropped-cropped-logitoweb21.png","width":199,"height":199,"caption":"Cuarteto en la Web"},"image":{"@id":"http:\/\/cuartetoenlaweb.com.ar\/sitio\/#\/schema\/logo\/image\/"}}]}},"_links":{"self":[{"href":"http:\/\/cuartetoenlaweb.com.ar\/sitio\/wp-json\/wp\/v2\/posts\/19260","targetHints":{"allow":["GET"]}}],"collection":[{"href":"http:\/\/cuartetoenlaweb.com.ar\/sitio\/wp-json\/wp\/v2\/posts"}],"about":[{"href":"http:\/\/cuartetoenlaweb.com.ar\/sitio\/wp-json\/wp\/v2\/types\/post"}],"replies":[{"embeddable":true,"href":"http:\/\/cuartetoenlaweb.com.ar\/sitio\/wp-json\/wp\/v2\/comments?post=19260"}],"version-history":[{"count":0,"href":"http:\/\/cuartetoenlaweb.com.ar\/sitio\/wp-json\/wp\/v2\/posts\/19260\/revisions"}],"wp:featuredmedia":[{"embeddable":true,"href":"http:\/\/cuartetoenlaweb.com.ar\/sitio\/wp-json\/wp\/v2\/media\/19261"}],"wp:attachment":[{"href":"http:\/\/cuartetoenlaweb.com.ar\/sitio\/wp-json\/wp\/v2\/media?parent=19260"}],"wp:term":[{"taxonomy":"category","embeddable":true,"href":"http:\/\/cuartetoenlaweb.com.ar\/sitio\/wp-json\/wp\/v2\/categories?post=19260"},{"taxonomy":"post_tag","embeddable":true,"href":"http:\/\/cuartetoenlaweb.com.ar\/sitio\/wp-json\/wp\/v2\/tags?post=19260"}],"curies":[{"name":"wp","href":"https:\/\/api.w.org\/{rel}","templated":true}]}}