
{"id":19258,"date":"2026-04-29T03:00:42","date_gmt":"2026-04-29T06:00:42","guid":{"rendered":"https:\/\/cuartetoenlaweb.com.ar\/sitio\/adorni-va-al-congreso-a-dar-el-informe-en-medio-de-las-causas-en-su-contra\/"},"modified":"2026-04-29T03:00:42","modified_gmt":"2026-04-29T06:00:42","slug":"adorni-va-al-congreso-a-dar-el-informe-en-medio-de-las-causas-en-su-contra","status":"publish","type":"post","link":"http:\/\/cuartetoenlaweb.com.ar\/sitio\/adorni-va-al-congreso-a-dar-el-informe-en-medio-de-las-causas-en-su-contra\/","title":{"rendered":"Adorni va al Congreso a dar el informe en medio de las causas en su contra"},"content":{"rendered":"<p>En el marco de un f\u00e9rreo operativo de seguridad con intervenci\u00f3n de la Casa Militar, el Gobierno prepara una demostraci\u00f3n de apoyo descomunal para blindar a su jefe de Gabinete, Manuel Adorni, a quien le tocar\u00e1 la compleja tarea de presentar el informe sobre la marcha de la gesti\u00f3n en medio de los esc\u00e1ndalos judiciales por su situaci\u00f3n patrimonial, con una oposici\u00f3n que huele sangre y que lo esperar\u00e1 en el recinto de la C\u00e1mara de Diputados con los colmillos afilados.<\/p>\n<p>A la presencia confirmada de Javier y Karina Milei en el palco central, se agreg\u00f3 la novedad de que el presidente y su hermana pidieron que el Gabinete en pleno est\u00e9 presente en los balcones del primer piso del recinto, para el inicio de la sesi\u00f3n previsto a las 10.30.<\/p>\n<p>Tambi\u00e9n dir\u00e1n presente los senadores nacionales del bloque que comanda Patricia Bullrich. Toda la carne al asador.<\/p>\n<p>Un rato antes de tomar lugar en el hemiciclo para dar su informe inicial, Adorni pasar\u00e1 por el despacho del presidente de la C\u00e1mara de Diputados, Mart\u00edn Menem, para la foto que ya se hizo costumbre cada vez que un ministro se presenta en el Congreso.<\/p>\n<p>La oposici\u00f3n sospecha que de la mano de semejante despliegue institucional el oficialismo har\u00e1 un abuso de exhibici\u00f3n militante y partidario, con una escenograf\u00eda m\u00e1s propia de una Asamblea Legislativa que la de un informe de gesti\u00f3n.<\/p>\n<p>Desconfiados, los diputados nacionales Maximiliano Ferraro, M\u00f3nica Frade y Esteban Paul\u00f3n le enviaron sendas cartas a Menem para que aclare si los invitados llenar\u00e1n los palcos de militantes. No hubo respuesta oficial.<\/p>\n<p>En el bloque de Uni\u00f3n por la Patria hubo una reuni\u00f3n la semana pasada entre una docena de legisladores para ver si se pod\u00eda unificar una estrategia para abordar al funcionario.<\/p>\n<p>Las gestiones fracasaron: mientras algunos sosten\u00edan que hab\u00eda que concentrar el interrogatorio en los asuntos vinculados al presunto enriquecimiento il\u00edcito del funcionario aprovechando que el tema sigue candente en la opini\u00f3n p\u00fablica, otros consideraron que se trataba de una t\u00e1ctica equivocada, porque Adorni pod\u00eda aprovechar para recordar los casos de corrupci\u00f3n del kirchnerismo, metiendo a todos en el mismo barro.<\/p>\n<p>Como resultado de estas discrepancias, no habr\u00e1 un orden inteligente para acorralar a Adorni y el asunto quedar\u00e1 al libre albedr\u00edo, con pron\u00f3stico de caos.<\/p>\n<p>De todos modos, adem\u00e1s de su exposici\u00f3n, que se extender\u00e1 durante la primera hora, Adorni deber\u00e1 responder un cuestionario de m\u00e1s de 2.000 preguntas, de las cuales al menos 60 est\u00e1n referidas a su patrimonio, un aspecto que hoy es investigado por la Justicia.<\/p>\n<p><strong>Qu\u00e9 revisa la Justicia<\/strong><\/p>\n<p>El fiscal federal Gerardo Pollicita investiga a Manuel Adorni por presunto enriquecimiento il\u00edcito tras detectar movimientos sospechosos en sus finanzas. En menos de un a\u00f1o, Adorni y su esposa, Bettina Angeletti, adquirieron tres inmuebles, desde 2022 a la fecha realizaron 17 viajes internacionales y movieron 104.640 d\u00f3lares en efectivo. Adem\u00e1s, tienen deudas por 335.000 d\u00f3lares, incluidas hipotecas y refacciones. La justicia busca determinar si estos movimientos se justifican en comparaci\u00f3n con su declaraci\u00f3n jurada presentada ante la Oficina Anticorrupci\u00f3n, ya que no est\u00e1n respaldados por transferencias bancarias. Los \u00faltimos casos son un viaja a Brasil por 11 d\u00edas y otro a Espa\u00f1a en el que su esposa gast\u00f3 US$6.000 en efectivo.<\/p><\/p>\n","protected":false},"excerpt":{"rendered":"<p>En el marco de un f\u00e9rreo operativo de seguridad con<\/p>\n","protected":false},"author":0,"featured_media":19259,"comment_status":"","ping_status":"","sticky":false,"template":"","format":"standard","meta":{"footnotes":""},"categories":[65],"tags":[],"class_list":["post-19258","post","type-post","status-publish","format-standard","has-post-thumbnail","hentry","category-pais"],"yoast_head":"<!-- This site is optimized with the Yoast SEO plugin v27.5 - https:\/\/yoast.com\/product\/yoast-seo-wordpress\/ -->\n<title>Adorni va al Congreso a dar el informe en medio de las causas en su contra - Cuarteto en la Web<\/title>\n<meta name=\"robots\" content=\"index, follow, max-snippet:-1, max-image-preview:large, max-video-preview:-1\" \/>\n<link rel=\"canonical\" href=\"https:\/\/cuartetoenlaweb.com.ar\/sitio\/adorni-va-al-congreso-a-dar-el-informe-en-medio-de-las-causas-en-su-contra\/\" \/>\n<meta property=\"og:locale\" content=\"es_ES\" \/>\n<meta property=\"og:type\" content=\"article\" \/>\n<meta property=\"og:title\" content=\"Adorni va al Congreso a dar el informe en medio de las causas en su contra - Cuarteto en la Web\" \/>\n<meta property=\"og:description\" content=\"En el marco de un f\u00e9rreo operativo de seguridad con\" \/>\n<meta property=\"og:url\" content=\"https:\/\/cuartetoenlaweb.com.ar\/sitio\/adorni-va-al-congreso-a-dar-el-informe-en-medio-de-las-causas-en-su-contra\/\" \/>\n<meta property=\"og:site_name\" content=\"Cuarteto en la Web\" \/>\n<meta property=\"article:published_time\" content=\"2026-04-29T06:00:42+00:00\" \/>\n<meta name=\"twitter:card\" content=\"summary_large_image\" \/>\n<meta name=\"twitter:label1\" content=\"Tiempo de lectura\" \/>\n\t<meta name=\"twitter:data1\" content=\"3 minutos\" \/>\n<script type=\"application\/ld+json\" class=\"yoast-schema-graph\">{\"@context\":\"https:\\\/\\\/schema.org\",\"@graph\":[{\"@type\":\"Article\",\"@id\":\"https:\\\/\\\/cuartetoenlaweb.com.ar\\\/sitio\\\/adorni-va-al-congreso-a-dar-el-informe-en-medio-de-las-causas-en-su-contra\\\/#article\",\"isPartOf\":{\"@id\":\"https:\\\/\\\/cuartetoenlaweb.com.ar\\\/sitio\\\/adorni-va-al-congreso-a-dar-el-informe-en-medio-de-las-causas-en-su-contra\\\/\"},\"author\":{\"name\":\"\",\"@id\":\"\"},\"headline\":\"Adorni va al Congreso a dar el informe en medio de las causas en su contra\",\"datePublished\":\"2026-04-29T06:00:42+00:00\",\"mainEntityOfPage\":{\"@id\":\"https:\\\/\\\/cuartetoenlaweb.com.ar\\\/sitio\\\/adorni-va-al-congreso-a-dar-el-informe-en-medio-de-las-causas-en-su-contra\\\/\"},\"wordCount\":595,\"publisher\":{\"@id\":\"http:\\\/\\\/cuartetoenlaweb.com.ar\\\/sitio\\\/#organization\"},\"image\":{\"@id\":\"https:\\\/\\\/cuartetoenlaweb.com.ar\\\/sitio\\\/adorni-va-al-congreso-a-dar-el-informe-en-medio-de-las-causas-en-su-contra\\\/#primaryimage\"},\"thumbnailUrl\":\"http:\\\/\\\/cuartetoenlaweb.com.ar\\\/sitio\\\/wp-content\\\/uploads\\\/2026\\\/04\\\/portadax-199.png\",\"articleSection\":[\"PAIS\"],\"inLanguage\":\"es\"},{\"@type\":\"WebPage\",\"@id\":\"https:\\\/\\\/cuartetoenlaweb.com.ar\\\/sitio\\\/adorni-va-al-congreso-a-dar-el-informe-en-medio-de-las-causas-en-su-contra\\\/\",\"url\":\"https:\\\/\\\/cuartetoenlaweb.com.ar\\\/sitio\\\/adorni-va-al-congreso-a-dar-el-informe-en-medio-de-las-causas-en-su-contra\\\/\",\"name\":\"Adorni va al Congreso a dar el informe en medio de las causas en su contra - Cuarteto en la Web\",\"isPartOf\":{\"@id\":\"http:\\\/\\\/cuartetoenlaweb.com.ar\\\/sitio\\\/#website\"},\"primaryImageOfPage\":{\"@id\":\"https:\\\/\\\/cuartetoenlaweb.com.ar\\\/sitio\\\/adorni-va-al-congreso-a-dar-el-informe-en-medio-de-las-causas-en-su-contra\\\/#primaryimage\"},\"image\":{\"@id\":\"https:\\\/\\\/cuartetoenlaweb.com.ar\\\/sitio\\\/adorni-va-al-congreso-a-dar-el-informe-en-medio-de-las-causas-en-su-contra\\\/#primaryimage\"},\"thumbnailUrl\":\"http:\\\/\\\/cuartetoenlaweb.com.ar\\\/sitio\\\/wp-content\\\/uploads\\\/2026\\\/04\\\/portadax-199.png\",\"datePublished\":\"2026-04-29T06:00:42+00:00\",\"breadcrumb\":{\"@id\":\"https:\\\/\\\/cuartetoenlaweb.com.ar\\\/sitio\\\/adorni-va-al-congreso-a-dar-el-informe-en-medio-de-las-causas-en-su-contra\\\/#breadcrumb\"},\"inLanguage\":\"es\",\"potentialAction\":[{\"@type\":\"ReadAction\",\"target\":[\"https:\\\/\\\/cuartetoenlaweb.com.ar\\\/sitio\\\/adorni-va-al-congreso-a-dar-el-informe-en-medio-de-las-causas-en-su-contra\\\/\"]}]},{\"@type\":\"ImageObject\",\"inLanguage\":\"es\",\"@id\":\"https:\\\/\\\/cuartetoenlaweb.com.ar\\\/sitio\\\/adorni-va-al-congreso-a-dar-el-informe-en-medio-de-las-causas-en-su-contra\\\/#primaryimage\",\"url\":\"http:\\\/\\\/cuartetoenlaweb.com.ar\\\/sitio\\\/wp-content\\\/uploads\\\/2026\\\/04\\\/portadax-199.png\",\"contentUrl\":\"http:\\\/\\\/cuartetoenlaweb.com.ar\\\/sitio\\\/wp-content\\\/uploads\\\/2026\\\/04\\\/portadax-199.png\",\"width\":1366,\"height\":768},{\"@type\":\"BreadcrumbList\",\"@id\":\"https:\\\/\\\/cuartetoenlaweb.com.ar\\\/sitio\\\/adorni-va-al-congreso-a-dar-el-informe-en-medio-de-las-causas-en-su-contra\\\/#breadcrumb\",\"itemListElement\":[{\"@type\":\"ListItem\",\"position\":1,\"name\":\"Portada\",\"item\":\"http:\\\/\\\/cuartetoenlaweb.com.ar\\\/sitio\\\/\"},{\"@type\":\"ListItem\",\"position\":2,\"name\":\"Adorni va al Congreso a dar el informe en medio de las causas en su contra\"}]},{\"@type\":\"WebSite\",\"@id\":\"http:\\\/\\\/cuartetoenlaweb.com.ar\\\/sitio\\\/#website\",\"url\":\"http:\\\/\\\/cuartetoenlaweb.com.ar\\\/sitio\\\/\",\"name\":\"Cuarteto en la Web\",\"description\":\"\",\"publisher\":{\"@id\":\"http:\\\/\\\/cuartetoenlaweb.com.ar\\\/sitio\\\/#organization\"},\"potentialAction\":[{\"@type\":\"SearchAction\",\"target\":{\"@type\":\"EntryPoint\",\"urlTemplate\":\"http:\\\/\\\/cuartetoenlaweb.com.ar\\\/sitio\\\/?s={search_term_string}\"},\"query-input\":{\"@type\":\"PropertyValueSpecification\",\"valueRequired\":true,\"valueName\":\"search_term_string\"}}],\"inLanguage\":\"es\"},{\"@type\":\"Organization\",\"@id\":\"http:\\\/\\\/cuartetoenlaweb.com.ar\\\/sitio\\\/#organization\",\"name\":\"Cuarteto en la Web\",\"url\":\"http:\\\/\\\/cuartetoenlaweb.com.ar\\\/sitio\\\/\",\"logo\":{\"@type\":\"ImageObject\",\"inLanguage\":\"es\",\"@id\":\"http:\\\/\\\/cuartetoenlaweb.com.ar\\\/sitio\\\/#\\\/schema\\\/logo\\\/image\\\/\",\"url\":\"http:\\\/\\\/cuartetoenlaweb.com.ar\\\/sitio\\\/wp-content\\\/uploads\\\/2025\\\/07\\\/cropped-cropped-logitoweb21.png\",\"contentUrl\":\"http:\\\/\\\/cuartetoenlaweb.com.ar\\\/sitio\\\/wp-content\\\/uploads\\\/2025\\\/07\\\/cropped-cropped-logitoweb21.png\",\"width\":199,\"height\":199,\"caption\":\"Cuarteto en la Web\"},\"image\":{\"@id\":\"http:\\\/\\\/cuartetoenlaweb.com.ar\\\/sitio\\\/#\\\/schema\\\/logo\\\/image\\\/\"}}]}<\/script>\n<!-- \/ Yoast SEO plugin. -->","yoast_head_json":{"title":"Adorni va al Congreso a dar el informe en medio de las causas en su contra - Cuarteto en la Web","robots":{"index":"index","follow":"follow","max-snippet":"max-snippet:-1","max-image-preview":"max-image-preview:large","max-video-preview":"max-video-preview:-1"},"canonical":"https:\/\/cuartetoenlaweb.com.ar\/sitio\/adorni-va-al-congreso-a-dar-el-informe-en-medio-de-las-causas-en-su-contra\/","og_locale":"es_ES","og_type":"article","og_title":"Adorni va al Congreso a dar el informe en medio de las causas en su contra - Cuarteto en la Web","og_description":"En el marco de un f\u00e9rreo operativo de seguridad con","og_url":"https:\/\/cuartetoenlaweb.com.ar\/sitio\/adorni-va-al-congreso-a-dar-el-informe-en-medio-de-las-causas-en-su-contra\/","og_site_name":"Cuarteto en la Web","article_published_time":"2026-04-29T06:00:42+00:00","twitter_card":"summary_large_image","twitter_misc":{"Tiempo de lectura":"3 minutos"},"schema":{"@context":"https:\/\/schema.org","@graph":[{"@type":"Article","@id":"https:\/\/cuartetoenlaweb.com.ar\/sitio\/adorni-va-al-congreso-a-dar-el-informe-en-medio-de-las-causas-en-su-contra\/#article","isPartOf":{"@id":"https:\/\/cuartetoenlaweb.com.ar\/sitio\/adorni-va-al-congreso-a-dar-el-informe-en-medio-de-las-causas-en-su-contra\/"},"author":{"name":"","@id":""},"headline":"Adorni va al Congreso a dar el informe en medio de las causas en su contra","datePublished":"2026-04-29T06:00:42+00:00","mainEntityOfPage":{"@id":"https:\/\/cuartetoenlaweb.com.ar\/sitio\/adorni-va-al-congreso-a-dar-el-informe-en-medio-de-las-causas-en-su-contra\/"},"wordCount":595,"publisher":{"@id":"http:\/\/cuartetoenlaweb.com.ar\/sitio\/#organization"},"image":{"@id":"https:\/\/cuartetoenlaweb.com.ar\/sitio\/adorni-va-al-congreso-a-dar-el-informe-en-medio-de-las-causas-en-su-contra\/#primaryimage"},"thumbnailUrl":"http:\/\/cuartetoenlaweb.com.ar\/sitio\/wp-content\/uploads\/2026\/04\/portadax-199.png","articleSection":["PAIS"],"inLanguage":"es"},{"@type":"WebPage","@id":"https:\/\/cuartetoenlaweb.com.ar\/sitio\/adorni-va-al-congreso-a-dar-el-informe-en-medio-de-las-causas-en-su-contra\/","url":"https:\/\/cuartetoenlaweb.com.ar\/sitio\/adorni-va-al-congreso-a-dar-el-informe-en-medio-de-las-causas-en-su-contra\/","name":"Adorni va al Congreso a dar el informe en medio de las causas en su contra - Cuarteto en la Web","isPartOf":{"@id":"http:\/\/cuartetoenlaweb.com.ar\/sitio\/#website"},"primaryImageOfPage":{"@id":"https:\/\/cuartetoenlaweb.com.ar\/sitio\/adorni-va-al-congreso-a-dar-el-informe-en-medio-de-las-causas-en-su-contra\/#primaryimage"},"image":{"@id":"https:\/\/cuartetoenlaweb.com.ar\/sitio\/adorni-va-al-congreso-a-dar-el-informe-en-medio-de-las-causas-en-su-contra\/#primaryimage"},"thumbnailUrl":"http:\/\/cuartetoenlaweb.com.ar\/sitio\/wp-content\/uploads\/2026\/04\/portadax-199.png","datePublished":"2026-04-29T06:00:42+00:00","breadcrumb":{"@id":"https:\/\/cuartetoenlaweb.com.ar\/sitio\/adorni-va-al-congreso-a-dar-el-informe-en-medio-de-las-causas-en-su-contra\/#breadcrumb"},"inLanguage":"es","potentialAction":[{"@type":"ReadAction","target":["https:\/\/cuartetoenlaweb.com.ar\/sitio\/adorni-va-al-congreso-a-dar-el-informe-en-medio-de-las-causas-en-su-contra\/"]}]},{"@type":"ImageObject","inLanguage":"es","@id":"https:\/\/cuartetoenlaweb.com.ar\/sitio\/adorni-va-al-congreso-a-dar-el-informe-en-medio-de-las-causas-en-su-contra\/#primaryimage","url":"http:\/\/cuartetoenlaweb.com.ar\/sitio\/wp-content\/uploads\/2026\/04\/portadax-199.png","contentUrl":"http:\/\/cuartetoenlaweb.com.ar\/sitio\/wp-content\/uploads\/2026\/04\/portadax-199.png","width":1366,"height":768},{"@type":"BreadcrumbList","@id":"https:\/\/cuartetoenlaweb.com.ar\/sitio\/adorni-va-al-congreso-a-dar-el-informe-en-medio-de-las-causas-en-su-contra\/#breadcrumb","itemListElement":[{"@type":"ListItem","position":1,"name":"Portada","item":"http:\/\/cuartetoenlaweb.com.ar\/sitio\/"},{"@type":"ListItem","position":2,"name":"Adorni va al Congreso a dar el informe en medio de las causas en su contra"}]},{"@type":"WebSite","@id":"http:\/\/cuartetoenlaweb.com.ar\/sitio\/#website","url":"http:\/\/cuartetoenlaweb.com.ar\/sitio\/","name":"Cuarteto en la Web","description":"","publisher":{"@id":"http:\/\/cuartetoenlaweb.com.ar\/sitio\/#organization"},"potentialAction":[{"@type":"SearchAction","target":{"@type":"EntryPoint","urlTemplate":"http:\/\/cuartetoenlaweb.com.ar\/sitio\/?s={search_term_string}"},"query-input":{"@type":"PropertyValueSpecification","valueRequired":true,"valueName":"search_term_string"}}],"inLanguage":"es"},{"@type":"Organization","@id":"http:\/\/cuartetoenlaweb.com.ar\/sitio\/#organization","name":"Cuarteto en la Web","url":"http:\/\/cuartetoenlaweb.com.ar\/sitio\/","logo":{"@type":"ImageObject","inLanguage":"es","@id":"http:\/\/cuartetoenlaweb.com.ar\/sitio\/#\/schema\/logo\/image\/","url":"http:\/\/cuartetoenlaweb.com.ar\/sitio\/wp-content\/uploads\/2025\/07\/cropped-cropped-logitoweb21.png","contentUrl":"http:\/\/cuartetoenlaweb.com.ar\/sitio\/wp-content\/uploads\/2025\/07\/cropped-cropped-logitoweb21.png","width":199,"height":199,"caption":"Cuarteto en la Web"},"image":{"@id":"http:\/\/cuartetoenlaweb.com.ar\/sitio\/#\/schema\/logo\/image\/"}}]}},"_links":{"self":[{"href":"http:\/\/cuartetoenlaweb.com.ar\/sitio\/wp-json\/wp\/v2\/posts\/19258","targetHints":{"allow":["GET"]}}],"collection":[{"href":"http:\/\/cuartetoenlaweb.com.ar\/sitio\/wp-json\/wp\/v2\/posts"}],"about":[{"href":"http:\/\/cuartetoenlaweb.com.ar\/sitio\/wp-json\/wp\/v2\/types\/post"}],"replies":[{"embeddable":true,"href":"http:\/\/cuartetoenlaweb.com.ar\/sitio\/wp-json\/wp\/v2\/comments?post=19258"}],"version-history":[{"count":0,"href":"http:\/\/cuartetoenlaweb.com.ar\/sitio\/wp-json\/wp\/v2\/posts\/19258\/revisions"}],"wp:featuredmedia":[{"embeddable":true,"href":"http:\/\/cuartetoenlaweb.com.ar\/sitio\/wp-json\/wp\/v2\/media\/19259"}],"wp:attachment":[{"href":"http:\/\/cuartetoenlaweb.com.ar\/sitio\/wp-json\/wp\/v2\/media?parent=19258"}],"wp:term":[{"taxonomy":"category","embeddable":true,"href":"http:\/\/cuartetoenlaweb.com.ar\/sitio\/wp-json\/wp\/v2\/categories?post=19258"},{"taxonomy":"post_tag","embeddable":true,"href":"http:\/\/cuartetoenlaweb.com.ar\/sitio\/wp-json\/wp\/v2\/tags?post=19258"}],"curies":[{"name":"wp","href":"https:\/\/api.w.org\/{rel}","templated":true}]}}