
{"id":19228,"date":"2026-04-29T02:59:56","date_gmt":"2026-04-29T05:59:56","guid":{"rendered":"https:\/\/cuartetoenlaweb.com.ar\/sitio\/el-ex-de-morena-rial-sera-papa-otra-vez-anuncio-sorpresa-video-y-todos-los-detalles\/"},"modified":"2026-04-29T02:59:56","modified_gmt":"2026-04-29T05:59:56","slug":"el-ex-de-morena-rial-sera-papa-otra-vez-anuncio-sorpresa-video-y-todos-los-detalles","status":"publish","type":"post","link":"http:\/\/cuartetoenlaweb.com.ar\/sitio\/el-ex-de-morena-rial-sera-papa-otra-vez-anuncio-sorpresa-video-y-todos-los-detalles\/","title":{"rendered":"El ex de Morena Rial ser\u00e1 pap\u00e1 otra vez: anuncio sorpresa, video y todos los detalles"},"content":{"rendered":"<p>El mundo del espect\u00e1culo sum\u00f3 una noticia inesperada que r\u00e1pidamente se volvi\u00f3 viral: <strong>2<\/strong>, conocido por su relaci\u00f3n pasada con <strong><a href=\"https:\/\/www.paparazzi.com.ar\/?s=Morena+Rial\">Morena Rial<\/a><\/strong>, ser\u00e1 pap\u00e1 nuevamente. El anuncio lo hizo junto a su pareja, <strong>Camila Trivi\u00f1o<\/strong>, a trav\u00e9s de un emotivo video que compartieron en redes sociales.<\/p>\n<p>La publicaci\u00f3n no pas\u00f3 desapercibida. Con im\u00e1genes \u00edntimas y cargadas de ternura, la pareja mostr\u00f3 ecograf\u00edas, sonrisas y gestos de complicidad que reflejan el gran momento que est\u00e1n viviendo. \u201cEl secreto mejor guardado\u201d, escribi\u00f3 Camila, dejando entrever que la noticia fue esperada durante mucho tiempo.<\/p>\n<p>En el mismo mensaje, <a href=\"https:\/\/www.paparazzi.com.ar\/teve\/morena-rial-de-duelo-por-la-muerte-mas-dolorosa-que-le-toca-vivir-con-apenas-27-anos-que-paguen\/\">la joven profundiz\u00f3 sobre el proceso emocional detr\u00e1s de la llegada del beb\u00e9<\/a>: habl\u00f3 de meses de ilusi\u00f3n, ansiedad y expectativas, hasta finalmente poder compartir la felicidad con su entorno. \u201cEste beb\u00e9 no solo crece en mi panza, crece en el amor de todos\u201d, expres\u00f3, generando una ola de reacciones entre seguidores y amigos.<\/p>\n<div class=\"mt-box \">\n<h4 class=\"mt-heading\">Mir\u00e1 Tambi\u00e9n<\/h4>\n<p><a href=\"https:\/\/www.paparazzi.com.ar\/videos\/exclusivo-belen-francese-hablo-de-la-maternidad-el-sexo-en-el-matrimonio-y-su-futuro-en-20-anos-me-veo-como-una-diva-de-la-argentina\/\"><\/p>\n<div class=\"mt-content\">\n<div class=\"mt-image-container\"><img decoding=\"async\" src=\"https:\/\/www.paparazzi.com.ar\/wp-content\/uploads\/2026\/04\/PAPARAZZI-A-SOLAS-BELEN-FRANCESE-PORTADA-359x226.jpg\" alt=\"\u00a1Exclusivo! Bel\u00e9n Francese habl\u00f3 de la maternidad, el sexo en el matrimonio y su futuro: \u201cEn 20 a\u00f1os, me veo como una diva de la Argentina\u201d\" class=\"mt-image\" loading=\"lazy\" \/><\/div>\n<h5 class=\"mt-title\">\u00a1Exclusivo! Bel\u00e9n Francese habl\u00f3 de la maternidad, el sexo en el matrimonio y su futuro: \u201cEn 20 a\u00f1os, me veo como una diva de la Argentina\u201d<\/h5>\n<\/div>\n<p><\/a><\/div>\n<p>Por su parte, Facundo Ambrosioni tambi\u00e9n confirm\u00f3 la noticia y dio algunos detalles. Seg\u00fan cont\u00f3, su pareja est\u00e1 transitando el cuarto mes de embarazo y, aunque todav\u00eda no saben el sexo del beb\u00e9, ambos se muestran felices y entusiasmados con esta nueva etapa. Adem\u00e1s, aclar\u00f3 que no hubo tratamientos de fertilidad y que la b\u00fasqueda fue parte de un proyecto que ven\u00edan planificando desde hace tiempo.<\/p>\n<p>El ex de Morena Rial ya es padre de Francesco, fruto de su relaci\u00f3n anterior. En ese sentido, este nuevo embarazo marca un cap\u00edtulo distinto en su vida personal, consolidando su v\u00ednculo con Camila Trivi\u00f1o, con quien se cas\u00f3 el a\u00f1o pasado.<\/p>\n<div class=\"mt-box \">\n<h4 class=\"mt-heading\">Mir\u00e1 Tambi\u00e9n<\/h4>\n<p><a href=\"https:\/\/www.paparazzi.com.ar\/teve\/morena-rial-de-duelo-por-la-muerte-mas-dolorosa-que-le-toca-vivir-con-apenas-27-anos-que-paguen\/\"><\/p>\n<div class=\"mt-content\">\n<div class=\"mt-image-container\"><img decoding=\"async\" src=\"https:\/\/www.paparazzi.com.ar\/wp-content\/uploads\/2025\/11\/Morena-Rial-sufrio-una-crisis-de-llanto-y-gritos-en-la-carcel-22Esta-mal.-La-situacion-es-muy-delicada22-359x226.jpg\" alt=\"Morena Rial de duelo por la muerte m\u00e1s dolorosa que le toca vivir con apenas 27 a\u00f1os: &quot;Que paguen&quot;\" class=\"mt-image\" loading=\"lazy\" \/><\/div>\n<h5 class=\"mt-title\">Morena Rial de duelo por la muerte m\u00e1s dolorosa que le toca vivir con apenas 27 a\u00f1os: \u00abQue paguen\u00bb<\/h5>\n<\/div>\n<p><\/a><\/div>\n<p>En medio de la felicidad, tambi\u00e9n surgieron detalles sobre su presente familiar. Ambrosioni revel\u00f3 que el v\u00ednculo con Morena Rial es limitado y que la comunicaci\u00f3n se da \u00fanicamente por temas relacionados a su hijo en com\u00fan. Un dato que no pas\u00f3 desapercibido y que suma contexto a esta nueva etapa.<\/p>\n<p>Qui\u00e9n tambi\u00e9n se roba parte de la atenci\u00f3n es Francesco, que ya tiene un v\u00ednculo cercano con Camila. En redes sociales, la pareja suele compartir momentos cotidianos donde se los ve juntos, mostrando una din\u00e1mica familiar consolidada que ahora se prepara para la llegada de un nuevo integrante.<\/p>\n<div class=\"mt-box \">\n<h4 class=\"mt-heading\">Mir\u00e1 Tambi\u00e9n<\/h4>\n<p><a href=\"https:\/\/www.paparazzi.com.ar\/romances\/nueva-vida-la-foto-de-morena-rial-mostrando-a-su-nuevo-novio-tras-salir-de-la-carcel\/\"><\/p>\n<div class=\"mt-content\">\n<div class=\"mt-image-container\"><img decoding=\"async\" src=\"https:\/\/www.paparazzi.com.ar\/wp-content\/uploads\/2026\/04\/Morena-Rial-359x226.jpg\" alt=\"La foto de Morena Rial mostrando a su nuevo novio tras salir de la c\u00e1rcel\" class=\"mt-image\" loading=\"lazy\" \/><\/div>\n<h5 class=\"mt-title\">La foto de Morena Rial mostrando a su nuevo novio tras salir de la c\u00e1rcel<\/h5>\n<\/div>\n<p><\/a><\/div>\n<div class=\"mt-box \">\n<h4 class=\"mt-heading\">Mir\u00e1 Tambi\u00e9n<\/h4>\n<p><a href=\"https:\/\/www.paparazzi.com.ar\/teve\/morena-rial-hablo-por-primera-vez-tras-7-meses-en-la-carcel-y-conto-como-la-trataron-en-prision\/\"><\/p>\n<div class=\"mt-content\">\n<div class=\"mt-image-container\"><img decoding=\"async\" src=\"https:\/\/www.paparazzi.com.ar\/wp-content\/uploads\/2025\/10\/Morena-Rial-recibio-la-peor-noticia-de-su-vida-a-los-26-anos-y-hay-extrema-preocupacion-359x226.jpg\" alt=\"Morena Rial habl\u00f3 por primera vez tras 7 meses en la c\u00e1rcel y cont\u00f3 c\u00f3mo la trataron en prisi\u00f3n\" class=\"mt-image\" loading=\"lazy\" \/><\/div>\n<h5 class=\"mt-title\">Morena Rial habl\u00f3 por primera vez tras 7 meses en la c\u00e1rcel y cont\u00f3 c\u00f3mo la trataron en prisi\u00f3n<\/h5>\n<\/div>\n<p><\/a><\/div>\n<p>The post <a href=\"https:\/\/www.paparazzi.com.ar\/teve\/el-ex-de-morena-rial-sera-papa-otra-vez-anuncio-sorpresa-video-y-todos-los-detalles\/\">El ex de Morena Rial ser\u00e1 pap\u00e1 otra vez: anuncio sorpresa, video y todos los detalles<\/a> appeared first on <a href=\"https:\/\/www.paparazzi.com.ar\">Revista Paparazzi<\/a>.<\/p>\n","protected":false},"excerpt":{"rendered":"<p>El mundo del espect\u00e1culo sum\u00f3 una noticia inesperada que r\u00e1pidamente<\/p>\n","protected":false},"author":0,"featured_media":19229,"comment_status":"","ping_status":"","sticky":false,"template":"","format":"standard","meta":{"footnotes":""},"categories":[12],"tags":[],"class_list":["post-19228","post","type-post","status-publish","format-standard","has-post-thumbnail","hentry","category-espectaculo"],"yoast_head":"<!-- This site is optimized with the Yoast SEO plugin v27.5 - https:\/\/yoast.com\/product\/yoast-seo-wordpress\/ -->\n<title>El ex de Morena Rial ser\u00e1 pap\u00e1 otra vez: anuncio sorpresa, video y todos los detalles - Cuarteto en la Web<\/title>\n<meta name=\"robots\" content=\"index, follow, max-snippet:-1, max-image-preview:large, max-video-preview:-1\" \/>\n<link rel=\"canonical\" href=\"https:\/\/cuartetoenlaweb.com.ar\/sitio\/el-ex-de-morena-rial-sera-papa-otra-vez-anuncio-sorpresa-video-y-todos-los-detalles\/\" \/>\n<meta property=\"og:locale\" content=\"es_ES\" \/>\n<meta property=\"og:type\" content=\"article\" \/>\n<meta property=\"og:title\" content=\"El ex de Morena Rial ser\u00e1 pap\u00e1 otra vez: anuncio sorpresa, video y todos los detalles - Cuarteto en la Web\" \/>\n<meta property=\"og:description\" content=\"El mundo del espect\u00e1culo sum\u00f3 una noticia inesperada que r\u00e1pidamente\" \/>\n<meta property=\"og:url\" content=\"https:\/\/cuartetoenlaweb.com.ar\/sitio\/el-ex-de-morena-rial-sera-papa-otra-vez-anuncio-sorpresa-video-y-todos-los-detalles\/\" \/>\n<meta property=\"og:site_name\" content=\"Cuarteto en la Web\" \/>\n<meta property=\"article:published_time\" content=\"2026-04-29T05:59:56+00:00\" \/>\n<meta property=\"og:image\" content=\"https:\/\/www.paparazzi.com.ar\/wp-content\/uploads\/2026\/04\/PAPARAZZI-A-SOLAS-BELEN-FRANCESE-PORTADA-359x226.jpg\" \/>\n<meta name=\"twitter:card\" content=\"summary_large_image\" \/>\n<meta name=\"twitter:label1\" content=\"Tiempo de lectura\" \/>\n\t<meta name=\"twitter:data1\" content=\"3 minutos\" \/>\n<script type=\"application\/ld+json\" class=\"yoast-schema-graph\">{\"@context\":\"https:\\\/\\\/schema.org\",\"@graph\":[{\"@type\":\"Article\",\"@id\":\"https:\\\/\\\/cuartetoenlaweb.com.ar\\\/sitio\\\/el-ex-de-morena-rial-sera-papa-otra-vez-anuncio-sorpresa-video-y-todos-los-detalles\\\/#article\",\"isPartOf\":{\"@id\":\"https:\\\/\\\/cuartetoenlaweb.com.ar\\\/sitio\\\/el-ex-de-morena-rial-sera-papa-otra-vez-anuncio-sorpresa-video-y-todos-los-detalles\\\/\"},\"author\":{\"name\":\"\",\"@id\":\"\"},\"headline\":\"El ex de Morena Rial ser\u00e1 pap\u00e1 otra vez: anuncio sorpresa, video y todos los detalles\",\"datePublished\":\"2026-04-29T05:59:56+00:00\",\"mainEntityOfPage\":{\"@id\":\"https:\\\/\\\/cuartetoenlaweb.com.ar\\\/sitio\\\/el-ex-de-morena-rial-sera-papa-otra-vez-anuncio-sorpresa-video-y-todos-los-detalles\\\/\"},\"wordCount\":521,\"publisher\":{\"@id\":\"http:\\\/\\\/cuartetoenlaweb.com.ar\\\/sitio\\\/#organization\"},\"image\":{\"@id\":\"https:\\\/\\\/cuartetoenlaweb.com.ar\\\/sitio\\\/el-ex-de-morena-rial-sera-papa-otra-vez-anuncio-sorpresa-video-y-todos-los-detalles\\\/#primaryimage\"},\"thumbnailUrl\":\"http:\\\/\\\/cuartetoenlaweb.com.ar\\\/sitio\\\/wp-content\\\/uploads\\\/2026\\\/04\\\/PAPARAZZI-A-SOLAS-BELEN-FRANCESE-PORTADA-359x226-6.jpg\",\"articleSection\":[\"ESPECT\u00c1CULO\"],\"inLanguage\":\"es\"},{\"@type\":\"WebPage\",\"@id\":\"https:\\\/\\\/cuartetoenlaweb.com.ar\\\/sitio\\\/el-ex-de-morena-rial-sera-papa-otra-vez-anuncio-sorpresa-video-y-todos-los-detalles\\\/\",\"url\":\"https:\\\/\\\/cuartetoenlaweb.com.ar\\\/sitio\\\/el-ex-de-morena-rial-sera-papa-otra-vez-anuncio-sorpresa-video-y-todos-los-detalles\\\/\",\"name\":\"El ex de Morena Rial ser\u00e1 pap\u00e1 otra vez: anuncio sorpresa, video y todos los detalles - Cuarteto en la Web\",\"isPartOf\":{\"@id\":\"http:\\\/\\\/cuartetoenlaweb.com.ar\\\/sitio\\\/#website\"},\"primaryImageOfPage\":{\"@id\":\"https:\\\/\\\/cuartetoenlaweb.com.ar\\\/sitio\\\/el-ex-de-morena-rial-sera-papa-otra-vez-anuncio-sorpresa-video-y-todos-los-detalles\\\/#primaryimage\"},\"image\":{\"@id\":\"https:\\\/\\\/cuartetoenlaweb.com.ar\\\/sitio\\\/el-ex-de-morena-rial-sera-papa-otra-vez-anuncio-sorpresa-video-y-todos-los-detalles\\\/#primaryimage\"},\"thumbnailUrl\":\"http:\\\/\\\/cuartetoenlaweb.com.ar\\\/sitio\\\/wp-content\\\/uploads\\\/2026\\\/04\\\/PAPARAZZI-A-SOLAS-BELEN-FRANCESE-PORTADA-359x226-6.jpg\",\"datePublished\":\"2026-04-29T05:59:56+00:00\",\"breadcrumb\":{\"@id\":\"https:\\\/\\\/cuartetoenlaweb.com.ar\\\/sitio\\\/el-ex-de-morena-rial-sera-papa-otra-vez-anuncio-sorpresa-video-y-todos-los-detalles\\\/#breadcrumb\"},\"inLanguage\":\"es\",\"potentialAction\":[{\"@type\":\"ReadAction\",\"target\":[\"https:\\\/\\\/cuartetoenlaweb.com.ar\\\/sitio\\\/el-ex-de-morena-rial-sera-papa-otra-vez-anuncio-sorpresa-video-y-todos-los-detalles\\\/\"]}]},{\"@type\":\"ImageObject\",\"inLanguage\":\"es\",\"@id\":\"https:\\\/\\\/cuartetoenlaweb.com.ar\\\/sitio\\\/el-ex-de-morena-rial-sera-papa-otra-vez-anuncio-sorpresa-video-y-todos-los-detalles\\\/#primaryimage\",\"url\":\"http:\\\/\\\/cuartetoenlaweb.com.ar\\\/sitio\\\/wp-content\\\/uploads\\\/2026\\\/04\\\/PAPARAZZI-A-SOLAS-BELEN-FRANCESE-PORTADA-359x226-6.jpg\",\"contentUrl\":\"http:\\\/\\\/cuartetoenlaweb.com.ar\\\/sitio\\\/wp-content\\\/uploads\\\/2026\\\/04\\\/PAPARAZZI-A-SOLAS-BELEN-FRANCESE-PORTADA-359x226-6.jpg\",\"width\":359,\"height\":226},{\"@type\":\"BreadcrumbList\",\"@id\":\"https:\\\/\\\/cuartetoenlaweb.com.ar\\\/sitio\\\/el-ex-de-morena-rial-sera-papa-otra-vez-anuncio-sorpresa-video-y-todos-los-detalles\\\/#breadcrumb\",\"itemListElement\":[{\"@type\":\"ListItem\",\"position\":1,\"name\":\"Portada\",\"item\":\"http:\\\/\\\/cuartetoenlaweb.com.ar\\\/sitio\\\/\"},{\"@type\":\"ListItem\",\"position\":2,\"name\":\"El ex de Morena Rial ser\u00e1 pap\u00e1 otra vez: anuncio sorpresa, video y todos los detalles\"}]},{\"@type\":\"WebSite\",\"@id\":\"http:\\\/\\\/cuartetoenlaweb.com.ar\\\/sitio\\\/#website\",\"url\":\"http:\\\/\\\/cuartetoenlaweb.com.ar\\\/sitio\\\/\",\"name\":\"Cuarteto en la Web\",\"description\":\"\",\"publisher\":{\"@id\":\"http:\\\/\\\/cuartetoenlaweb.com.ar\\\/sitio\\\/#organization\"},\"potentialAction\":[{\"@type\":\"SearchAction\",\"target\":{\"@type\":\"EntryPoint\",\"urlTemplate\":\"http:\\\/\\\/cuartetoenlaweb.com.ar\\\/sitio\\\/?s={search_term_string}\"},\"query-input\":{\"@type\":\"PropertyValueSpecification\",\"valueRequired\":true,\"valueName\":\"search_term_string\"}}],\"inLanguage\":\"es\"},{\"@type\":\"Organization\",\"@id\":\"http:\\\/\\\/cuartetoenlaweb.com.ar\\\/sitio\\\/#organization\",\"name\":\"Cuarteto en la Web\",\"url\":\"http:\\\/\\\/cuartetoenlaweb.com.ar\\\/sitio\\\/\",\"logo\":{\"@type\":\"ImageObject\",\"inLanguage\":\"es\",\"@id\":\"http:\\\/\\\/cuartetoenlaweb.com.ar\\\/sitio\\\/#\\\/schema\\\/logo\\\/image\\\/\",\"url\":\"http:\\\/\\\/cuartetoenlaweb.com.ar\\\/sitio\\\/wp-content\\\/uploads\\\/2025\\\/07\\\/cropped-cropped-logitoweb21.png\",\"contentUrl\":\"http:\\\/\\\/cuartetoenlaweb.com.ar\\\/sitio\\\/wp-content\\\/uploads\\\/2025\\\/07\\\/cropped-cropped-logitoweb21.png\",\"width\":199,\"height\":199,\"caption\":\"Cuarteto en la Web\"},\"image\":{\"@id\":\"http:\\\/\\\/cuartetoenlaweb.com.ar\\\/sitio\\\/#\\\/schema\\\/logo\\\/image\\\/\"}}]}<\/script>\n<!-- \/ Yoast SEO plugin. -->","yoast_head_json":{"title":"El ex de Morena Rial ser\u00e1 pap\u00e1 otra vez: anuncio sorpresa, video y todos los detalles - Cuarteto en la Web","robots":{"index":"index","follow":"follow","max-snippet":"max-snippet:-1","max-image-preview":"max-image-preview:large","max-video-preview":"max-video-preview:-1"},"canonical":"https:\/\/cuartetoenlaweb.com.ar\/sitio\/el-ex-de-morena-rial-sera-papa-otra-vez-anuncio-sorpresa-video-y-todos-los-detalles\/","og_locale":"es_ES","og_type":"article","og_title":"El ex de Morena Rial ser\u00e1 pap\u00e1 otra vez: anuncio sorpresa, video y todos los detalles - Cuarteto en la Web","og_description":"El mundo del espect\u00e1culo sum\u00f3 una noticia inesperada que r\u00e1pidamente","og_url":"https:\/\/cuartetoenlaweb.com.ar\/sitio\/el-ex-de-morena-rial-sera-papa-otra-vez-anuncio-sorpresa-video-y-todos-los-detalles\/","og_site_name":"Cuarteto en la Web","article_published_time":"2026-04-29T05:59:56+00:00","og_image":[{"url":"https:\/\/www.paparazzi.com.ar\/wp-content\/uploads\/2026\/04\/PAPARAZZI-A-SOLAS-BELEN-FRANCESE-PORTADA-359x226.jpg","type":"","width":"","height":""}],"twitter_card":"summary_large_image","twitter_misc":{"Tiempo de lectura":"3 minutos"},"schema":{"@context":"https:\/\/schema.org","@graph":[{"@type":"Article","@id":"https:\/\/cuartetoenlaweb.com.ar\/sitio\/el-ex-de-morena-rial-sera-papa-otra-vez-anuncio-sorpresa-video-y-todos-los-detalles\/#article","isPartOf":{"@id":"https:\/\/cuartetoenlaweb.com.ar\/sitio\/el-ex-de-morena-rial-sera-papa-otra-vez-anuncio-sorpresa-video-y-todos-los-detalles\/"},"author":{"name":"","@id":""},"headline":"El ex de Morena Rial ser\u00e1 pap\u00e1 otra vez: anuncio sorpresa, video y todos los detalles","datePublished":"2026-04-29T05:59:56+00:00","mainEntityOfPage":{"@id":"https:\/\/cuartetoenlaweb.com.ar\/sitio\/el-ex-de-morena-rial-sera-papa-otra-vez-anuncio-sorpresa-video-y-todos-los-detalles\/"},"wordCount":521,"publisher":{"@id":"http:\/\/cuartetoenlaweb.com.ar\/sitio\/#organization"},"image":{"@id":"https:\/\/cuartetoenlaweb.com.ar\/sitio\/el-ex-de-morena-rial-sera-papa-otra-vez-anuncio-sorpresa-video-y-todos-los-detalles\/#primaryimage"},"thumbnailUrl":"http:\/\/cuartetoenlaweb.com.ar\/sitio\/wp-content\/uploads\/2026\/04\/PAPARAZZI-A-SOLAS-BELEN-FRANCESE-PORTADA-359x226-6.jpg","articleSection":["ESPECT\u00c1CULO"],"inLanguage":"es"},{"@type":"WebPage","@id":"https:\/\/cuartetoenlaweb.com.ar\/sitio\/el-ex-de-morena-rial-sera-papa-otra-vez-anuncio-sorpresa-video-y-todos-los-detalles\/","url":"https:\/\/cuartetoenlaweb.com.ar\/sitio\/el-ex-de-morena-rial-sera-papa-otra-vez-anuncio-sorpresa-video-y-todos-los-detalles\/","name":"El ex de Morena Rial ser\u00e1 pap\u00e1 otra vez: anuncio sorpresa, video y todos los detalles - Cuarteto en la Web","isPartOf":{"@id":"http:\/\/cuartetoenlaweb.com.ar\/sitio\/#website"},"primaryImageOfPage":{"@id":"https:\/\/cuartetoenlaweb.com.ar\/sitio\/el-ex-de-morena-rial-sera-papa-otra-vez-anuncio-sorpresa-video-y-todos-los-detalles\/#primaryimage"},"image":{"@id":"https:\/\/cuartetoenlaweb.com.ar\/sitio\/el-ex-de-morena-rial-sera-papa-otra-vez-anuncio-sorpresa-video-y-todos-los-detalles\/#primaryimage"},"thumbnailUrl":"http:\/\/cuartetoenlaweb.com.ar\/sitio\/wp-content\/uploads\/2026\/04\/PAPARAZZI-A-SOLAS-BELEN-FRANCESE-PORTADA-359x226-6.jpg","datePublished":"2026-04-29T05:59:56+00:00","breadcrumb":{"@id":"https:\/\/cuartetoenlaweb.com.ar\/sitio\/el-ex-de-morena-rial-sera-papa-otra-vez-anuncio-sorpresa-video-y-todos-los-detalles\/#breadcrumb"},"inLanguage":"es","potentialAction":[{"@type":"ReadAction","target":["https:\/\/cuartetoenlaweb.com.ar\/sitio\/el-ex-de-morena-rial-sera-papa-otra-vez-anuncio-sorpresa-video-y-todos-los-detalles\/"]}]},{"@type":"ImageObject","inLanguage":"es","@id":"https:\/\/cuartetoenlaweb.com.ar\/sitio\/el-ex-de-morena-rial-sera-papa-otra-vez-anuncio-sorpresa-video-y-todos-los-detalles\/#primaryimage","url":"http:\/\/cuartetoenlaweb.com.ar\/sitio\/wp-content\/uploads\/2026\/04\/PAPARAZZI-A-SOLAS-BELEN-FRANCESE-PORTADA-359x226-6.jpg","contentUrl":"http:\/\/cuartetoenlaweb.com.ar\/sitio\/wp-content\/uploads\/2026\/04\/PAPARAZZI-A-SOLAS-BELEN-FRANCESE-PORTADA-359x226-6.jpg","width":359,"height":226},{"@type":"BreadcrumbList","@id":"https:\/\/cuartetoenlaweb.com.ar\/sitio\/el-ex-de-morena-rial-sera-papa-otra-vez-anuncio-sorpresa-video-y-todos-los-detalles\/#breadcrumb","itemListElement":[{"@type":"ListItem","position":1,"name":"Portada","item":"http:\/\/cuartetoenlaweb.com.ar\/sitio\/"},{"@type":"ListItem","position":2,"name":"El ex de Morena Rial ser\u00e1 pap\u00e1 otra vez: anuncio sorpresa, video y todos los detalles"}]},{"@type":"WebSite","@id":"http:\/\/cuartetoenlaweb.com.ar\/sitio\/#website","url":"http:\/\/cuartetoenlaweb.com.ar\/sitio\/","name":"Cuarteto en la Web","description":"","publisher":{"@id":"http:\/\/cuartetoenlaweb.com.ar\/sitio\/#organization"},"potentialAction":[{"@type":"SearchAction","target":{"@type":"EntryPoint","urlTemplate":"http:\/\/cuartetoenlaweb.com.ar\/sitio\/?s={search_term_string}"},"query-input":{"@type":"PropertyValueSpecification","valueRequired":true,"valueName":"search_term_string"}}],"inLanguage":"es"},{"@type":"Organization","@id":"http:\/\/cuartetoenlaweb.com.ar\/sitio\/#organization","name":"Cuarteto en la Web","url":"http:\/\/cuartetoenlaweb.com.ar\/sitio\/","logo":{"@type":"ImageObject","inLanguage":"es","@id":"http:\/\/cuartetoenlaweb.com.ar\/sitio\/#\/schema\/logo\/image\/","url":"http:\/\/cuartetoenlaweb.com.ar\/sitio\/wp-content\/uploads\/2025\/07\/cropped-cropped-logitoweb21.png","contentUrl":"http:\/\/cuartetoenlaweb.com.ar\/sitio\/wp-content\/uploads\/2025\/07\/cropped-cropped-logitoweb21.png","width":199,"height":199,"caption":"Cuarteto en la Web"},"image":{"@id":"http:\/\/cuartetoenlaweb.com.ar\/sitio\/#\/schema\/logo\/image\/"}}]}},"_links":{"self":[{"href":"http:\/\/cuartetoenlaweb.com.ar\/sitio\/wp-json\/wp\/v2\/posts\/19228","targetHints":{"allow":["GET"]}}],"collection":[{"href":"http:\/\/cuartetoenlaweb.com.ar\/sitio\/wp-json\/wp\/v2\/posts"}],"about":[{"href":"http:\/\/cuartetoenlaweb.com.ar\/sitio\/wp-json\/wp\/v2\/types\/post"}],"replies":[{"embeddable":true,"href":"http:\/\/cuartetoenlaweb.com.ar\/sitio\/wp-json\/wp\/v2\/comments?post=19228"}],"version-history":[{"count":0,"href":"http:\/\/cuartetoenlaweb.com.ar\/sitio\/wp-json\/wp\/v2\/posts\/19228\/revisions"}],"wp:featuredmedia":[{"embeddable":true,"href":"http:\/\/cuartetoenlaweb.com.ar\/sitio\/wp-json\/wp\/v2\/media\/19229"}],"wp:attachment":[{"href":"http:\/\/cuartetoenlaweb.com.ar\/sitio\/wp-json\/wp\/v2\/media?parent=19228"}],"wp:term":[{"taxonomy":"category","embeddable":true,"href":"http:\/\/cuartetoenlaweb.com.ar\/sitio\/wp-json\/wp\/v2\/categories?post=19228"},{"taxonomy":"post_tag","embeddable":true,"href":"http:\/\/cuartetoenlaweb.com.ar\/sitio\/wp-json\/wp\/v2\/tags?post=19228"}],"curies":[{"name":"wp","href":"https:\/\/api.w.org\/{rel}","templated":true}]}}