
{"id":19226,"date":"2026-04-29T02:59:55","date_gmt":"2026-04-29T05:59:55","guid":{"rendered":"https:\/\/cuartetoenlaweb.com.ar\/sitio\/que-ver-en-netflix-se-estreno-la-pelicula-mas-cara-de-la-historia-que-tardo-2-anos-en-filmarse-y-es-la-segunda-parte-de-un-clasico-tremendo\/"},"modified":"2026-04-29T02:59:55","modified_gmt":"2026-04-29T05:59:55","slug":"que-ver-en-netflix-se-estreno-la-pelicula-mas-cara-de-la-historia-que-tardo-2-anos-en-filmarse-y-es-la-segunda-parte-de-un-clasico-tremendo","status":"publish","type":"post","link":"http:\/\/cuartetoenlaweb.com.ar\/sitio\/que-ver-en-netflix-se-estreno-la-pelicula-mas-cara-de-la-historia-que-tardo-2-anos-en-filmarse-y-es-la-segunda-parte-de-un-clasico-tremendo\/","title":{"rendered":"Qu\u00e9 ver en Netflix: se estren\u00f3 la pel\u00edcula m\u00e1s cara de la historia, que tard\u00f3 2 a\u00f1os en filmarse y es la segunda parte de un cl\u00e1sico tremendo"},"content":{"rendered":"<p>En un movimiento que mezcla nostalgia, riesgo millonario y estrategia pura, <strong><a href=\"https:\/\/www.paparazzi.com.ar\/teve\/que-ver-en-netflix-la-miniserie-de-9-episodios-que-se-metio-al-top-five-con-su-historia-imperdible\/\">Netflix<\/a><\/strong> acaba de sumar a su cat\u00e1logo una de las apuestas m\u00e1s ambiciosas de los \u00faltimos a\u00f1os: <em>Gladiator 2.<\/em> La secuela llega nada menos que 24 a\u00f1os despu\u00e9s del fen\u00f3meno que marc\u00f3 \u00e9poca, con <strong>Ridley Scott <\/strong>nuevamente al mando, decidido a revivir la \u00e9pica romana\u2026 aunque no todo lo que imagin\u00f3 en un principio lleg\u00f3 a concretarse (s\u00ed, incluso la idea de resucitar a <strong>Russell Crowe <\/strong>qued\u00f3 en el camino).<\/p>\n<p>Para entender la magnitud del asunto, hay que hablar de n\u00fameros. La Gladiator original cost\u00f3 103 millones de d\u00f3lares y termin\u00f3 convirti\u00e9ndose en un tanque: recaud\u00f3 cerca de 465 millones y se llev\u00f3 cinco premios \u00d3scar. La nueva entrega, en cambio, jug\u00f3 en otra liga: alcanz\u00f3 unos 462 millones en taquilla, pero con un presupuesto que trep\u00f3 a los 310 millones (aunque con beneficios fiscales baj\u00f3 a unos 250). Traducido: el margen de error es mucho m\u00e1s chico.<\/p>\n<p>Ah\u00ed es donde entra la estrategia. Paramount Pictures necesitaba nuevas v\u00edas para recuperar semejante inversi\u00f3n, y el desembarco en <strong><a href=\"https:\/\/www.paparazzi.com.ar\/no-home\/el-cambio-que-hizo-netflix-sin-avisar-y-que-modifica-la-forma-en-que-elegis-que-ver\/\">Netflix<\/a><\/strong> aparece como una jugada clave para exprimir otra ventana de ingresos. En mercados como Espa\u00f1a \u2014y probablemente en gran parte del mundo\u2014, el streaming puede darle ese empuj\u00f3n que le faltaba, aunque no la tendr\u00e1 f\u00e1cil frente a los estrenos propios de la plataforma.<\/p>\n<div class=\"mt-box \">\n<h4 class=\"mt-heading\">Mir\u00e1 Tambi\u00e9n<\/h4>\n<p><a href=\"https:\/\/www.paparazzi.com.ar\/romances\/angel-de-brito-confirmo-la-durisima-separacion-de-una-famosa-tras-9-anos-de-matrimonio-el-se-fue-de-la-casa\/\"><\/p>\n<div class=\"mt-content\">\n<div class=\"mt-image-container\"><img decoding=\"async\" src=\"https:\/\/www.paparazzi.com.ar\/wp-content\/uploads\/2026\/04\/Angel-de-Brito-1-359x226.jpg\" alt=\"\u00c1ngel de Brito confirm\u00f3 la dur\u00edsima separaci\u00f3n de una famosa tras 9 a\u00f1os de matrimonio: \u201c\u00c9l se fue de la casa\u201d\" class=\"mt-image\" loading=\"lazy\" \/><\/div>\n<h5 class=\"mt-title\">\u00c1ngel de Brito confirm\u00f3 la dur\u00edsima separaci\u00f3n de una famosa tras 9 a\u00f1os de matrimonio: \u201c\u00c9l se fue de la casa\u201d<\/h5>\n<\/div>\n<p><\/a><\/div>\n<p>En lo art\u00edstico, la pel\u00edcula divide aguas. Esta vez, la historia apuesta m\u00e1s por el impacto visual y la escala descomunal que por construir un personaje inolvidable. <strong>Pedro Pascal<\/strong> cumple con solidez, mientras que<strong> Denzel Washington<\/strong> se roba cada escena en la que aparece. Sin embargo, hay una sensaci\u00f3n que se repite: falta ese magnetismo brutal que Crowe supo imponer en la original, algo que no pas\u00f3 desapercibido entre los fans.<\/p>\n<h2 class=\"wp-block-heading\">NETFLIX ESTREN\u00d3 GLADIADOR 2<\/h2>\n<p>El resultado es claro: un blockbuster que funciona, que entretiene y que ofrece momentos realmente impactantes. Pero tambi\u00e9n uno que, por momentos, se excede en tono y narrativa, perdiendo algo de la potencia emocional que hizo grande a su antecesora. Para el p\u00fablico general, es un planazo. Para los m\u00e1s exigentes, queda un escal\u00f3n m\u00e1s abajo.<\/p>\n<p>El dato curioso (y no menor): la recaudaci\u00f3n de ambas pel\u00edculas es pr\u00e1cticamente id\u00e9ntica, pero el costo de la secuela multiplica el riesgo. Con casi dos horas y media de duraci\u00f3n, <em><strong>Gladiator 2<\/strong><\/em> necesitaba una respuesta masiva\u2026 y ahora apuesta a encontrarla en el living de cada casa.<\/p>\n<p>\u00bfVale la pena? Si no la viste en cine, este es el momento. Scott entrega un espect\u00e1culo a la vieja escuela: grande, intenso y visualmente imponente. Algunos la disfrutar\u00e1n como puro entretenimiento de alto vuelo; otros, como una secuela que nunca logra tocar el cielo que alcanz\u00f3 la original.<\/p>\n<div class=\"mt-box \">\n<h4 class=\"mt-heading\">Mir\u00e1 Tambi\u00e9n<\/h4>\n<p><a href=\"https:\/\/www.paparazzi.com.ar\/teve\/yanina-latorre-conto-la-frase-escatologica-de-pampita-en-los-martin-fierro-de-la-moda-comi-tanto-que\/\"><\/p>\n<div class=\"mt-content\">\n<div class=\"mt-image-container\"><img decoding=\"async\" src=\"https:\/\/www.paparazzi.com.ar\/wp-content\/uploads\/2026\/04\/Yanina-Latorre-Pampita-359x226.jpg\" alt=\"Yanina Latorre cont\u00f3 la frase escatol\u00f3gica de Pampita en los Mart\u00edn Fierro de la Moda: \u201cCom\u00ed tanto que\u2026\u201d\" class=\"mt-image\" loading=\"lazy\" \/><\/div>\n<h5 class=\"mt-title\">Yanina Latorre cont\u00f3 la frase escatol\u00f3gica de Pampita en los Mart\u00edn Fierro de la Moda: \u201cCom\u00ed tanto que\u2026\u201d<\/h5>\n<\/div>\n<p><\/a><\/div>\n<div class=\"mt-box \">\n<h4 class=\"mt-heading\">Mir\u00e1 Tambi\u00e9n<\/h4>\n<p><a href=\"https:\/\/www.paparazzi.com.ar\/romances\/silvina-escudero-rompio-el-silencio-y-confirmo-el-escandaloso-motivo-de-su-separacion-tras-9-anos\/\"><\/p>\n<div class=\"mt-content\">\n<div class=\"mt-image-container\"><img decoding=\"async\" src=\"https:\/\/www.paparazzi.com.ar\/wp-content\/uploads\/2025\/08\/silvina-escudero.jpg-359x226.webp\" alt=\"Silvina Escudero rompi\u00f3 el silencio y confirm\u00f3 el escandaloso motivo de su separaci\u00f3n tras 9 a\u00f1os\" class=\"mt-image\" loading=\"lazy\" \/><\/div>\n<h5 class=\"mt-title\">Silvina Escudero rompi\u00f3 el silencio y confirm\u00f3 el escandaloso motivo de su separaci\u00f3n tras 9 a\u00f1os<\/h5>\n<\/div>\n<p><\/a><\/div>\n<p>The post <a href=\"https:\/\/www.paparazzi.com.ar\/teve\/que-ver-en-netflix-se-estreno-la-pelicula-mas-cara-de-la-historia-que-tardo-2-anos-en-filmarse-y-es-la-segunda-parte-de-un-clasico-tremendo\/\">Qu\u00e9 ver en Netflix: se estren\u00f3 la pel\u00edcula m\u00e1s cara de la historia, que tard\u00f3 2 a\u00f1os en filmarse y es la segunda parte de un cl\u00e1sico tremendo<\/a> appeared first on <a href=\"https:\/\/www.paparazzi.com.ar\">Revista Paparazzi<\/a>.<\/p>\n","protected":false},"excerpt":{"rendered":"<p>En un movimiento que mezcla nostalgia, riesgo millonario y estrategia<\/p>\n","protected":false},"author":0,"featured_media":19227,"comment_status":"","ping_status":"","sticky":false,"template":"","format":"standard","meta":{"footnotes":""},"categories":[12],"tags":[],"class_list":["post-19226","post","type-post","status-publish","format-standard","has-post-thumbnail","hentry","category-espectaculo"],"yoast_head":"<!-- This site is optimized with the Yoast SEO plugin v27.5 - https:\/\/yoast.com\/product\/yoast-seo-wordpress\/ -->\n<title>Qu\u00e9 ver en Netflix: se estren\u00f3 la pel\u00edcula m\u00e1s cara de la historia, que tard\u00f3 2 a\u00f1os en filmarse y es la segunda parte de un cl\u00e1sico tremendo - Cuarteto en la Web<\/title>\n<meta name=\"robots\" content=\"index, follow, max-snippet:-1, max-image-preview:large, max-video-preview:-1\" \/>\n<link rel=\"canonical\" href=\"https:\/\/cuartetoenlaweb.com.ar\/sitio\/que-ver-en-netflix-se-estreno-la-pelicula-mas-cara-de-la-historia-que-tardo-2-anos-en-filmarse-y-es-la-segunda-parte-de-un-clasico-tremendo\/\" \/>\n<meta property=\"og:locale\" content=\"es_ES\" \/>\n<meta property=\"og:type\" content=\"article\" \/>\n<meta property=\"og:title\" content=\"Qu\u00e9 ver en Netflix: se estren\u00f3 la pel\u00edcula m\u00e1s cara de la historia, que tard\u00f3 2 a\u00f1os en filmarse y es la segunda parte de un cl\u00e1sico tremendo - Cuarteto en la Web\" \/>\n<meta property=\"og:description\" content=\"En un movimiento que mezcla nostalgia, riesgo millonario y estrategia\" \/>\n<meta property=\"og:url\" content=\"https:\/\/cuartetoenlaweb.com.ar\/sitio\/que-ver-en-netflix-se-estreno-la-pelicula-mas-cara-de-la-historia-que-tardo-2-anos-en-filmarse-y-es-la-segunda-parte-de-un-clasico-tremendo\/\" \/>\n<meta property=\"og:site_name\" content=\"Cuarteto en la Web\" \/>\n<meta property=\"article:published_time\" content=\"2026-04-29T05:59:55+00:00\" \/>\n<meta property=\"og:image\" content=\"https:\/\/www.paparazzi.com.ar\/wp-content\/uploads\/2026\/04\/Angel-de-Brito-1-359x226.jpg\" \/>\n<meta name=\"twitter:card\" content=\"summary_large_image\" \/>\n<meta name=\"twitter:label1\" content=\"Tiempo de lectura\" \/>\n\t<meta name=\"twitter:data1\" content=\"3 minutos\" \/>\n<script type=\"application\/ld+json\" class=\"yoast-schema-graph\">{\"@context\":\"https:\\\/\\\/schema.org\",\"@graph\":[{\"@type\":\"Article\",\"@id\":\"https:\\\/\\\/cuartetoenlaweb.com.ar\\\/sitio\\\/que-ver-en-netflix-se-estreno-la-pelicula-mas-cara-de-la-historia-que-tardo-2-anos-en-filmarse-y-es-la-segunda-parte-de-un-clasico-tremendo\\\/#article\",\"isPartOf\":{\"@id\":\"https:\\\/\\\/cuartetoenlaweb.com.ar\\\/sitio\\\/que-ver-en-netflix-se-estreno-la-pelicula-mas-cara-de-la-historia-que-tardo-2-anos-en-filmarse-y-es-la-segunda-parte-de-un-clasico-tremendo\\\/\"},\"author\":{\"name\":\"\",\"@id\":\"\"},\"headline\":\"Qu\u00e9 ver en Netflix: se estren\u00f3 la pel\u00edcula m\u00e1s cara de la historia, que tard\u00f3 2 a\u00f1os en filmarse y es la segunda parte de un cl\u00e1sico tremendo\",\"datePublished\":\"2026-04-29T05:59:55+00:00\",\"mainEntityOfPage\":{\"@id\":\"https:\\\/\\\/cuartetoenlaweb.com.ar\\\/sitio\\\/que-ver-en-netflix-se-estreno-la-pelicula-mas-cara-de-la-historia-que-tardo-2-anos-en-filmarse-y-es-la-segunda-parte-de-un-clasico-tremendo\\\/\"},\"wordCount\":611,\"publisher\":{\"@id\":\"http:\\\/\\\/cuartetoenlaweb.com.ar\\\/sitio\\\/#organization\"},\"image\":{\"@id\":\"https:\\\/\\\/cuartetoenlaweb.com.ar\\\/sitio\\\/que-ver-en-netflix-se-estreno-la-pelicula-mas-cara-de-la-historia-que-tardo-2-anos-en-filmarse-y-es-la-segunda-parte-de-un-clasico-tremendo\\\/#primaryimage\"},\"thumbnailUrl\":\"http:\\\/\\\/cuartetoenlaweb.com.ar\\\/sitio\\\/wp-content\\\/uploads\\\/2026\\\/04\\\/Angel-de-Brito-1-359x226-1.jpg\",\"articleSection\":[\"ESPECT\u00c1CULO\"],\"inLanguage\":\"es\"},{\"@type\":\"WebPage\",\"@id\":\"https:\\\/\\\/cuartetoenlaweb.com.ar\\\/sitio\\\/que-ver-en-netflix-se-estreno-la-pelicula-mas-cara-de-la-historia-que-tardo-2-anos-en-filmarse-y-es-la-segunda-parte-de-un-clasico-tremendo\\\/\",\"url\":\"https:\\\/\\\/cuartetoenlaweb.com.ar\\\/sitio\\\/que-ver-en-netflix-se-estreno-la-pelicula-mas-cara-de-la-historia-que-tardo-2-anos-en-filmarse-y-es-la-segunda-parte-de-un-clasico-tremendo\\\/\",\"name\":\"Qu\u00e9 ver en Netflix: se estren\u00f3 la pel\u00edcula m\u00e1s cara de la historia, que tard\u00f3 2 a\u00f1os en filmarse y es la segunda parte de un cl\u00e1sico tremendo - Cuarteto en la Web\",\"isPartOf\":{\"@id\":\"http:\\\/\\\/cuartetoenlaweb.com.ar\\\/sitio\\\/#website\"},\"primaryImageOfPage\":{\"@id\":\"https:\\\/\\\/cuartetoenlaweb.com.ar\\\/sitio\\\/que-ver-en-netflix-se-estreno-la-pelicula-mas-cara-de-la-historia-que-tardo-2-anos-en-filmarse-y-es-la-segunda-parte-de-un-clasico-tremendo\\\/#primaryimage\"},\"image\":{\"@id\":\"https:\\\/\\\/cuartetoenlaweb.com.ar\\\/sitio\\\/que-ver-en-netflix-se-estreno-la-pelicula-mas-cara-de-la-historia-que-tardo-2-anos-en-filmarse-y-es-la-segunda-parte-de-un-clasico-tremendo\\\/#primaryimage\"},\"thumbnailUrl\":\"http:\\\/\\\/cuartetoenlaweb.com.ar\\\/sitio\\\/wp-content\\\/uploads\\\/2026\\\/04\\\/Angel-de-Brito-1-359x226-1.jpg\",\"datePublished\":\"2026-04-29T05:59:55+00:00\",\"breadcrumb\":{\"@id\":\"https:\\\/\\\/cuartetoenlaweb.com.ar\\\/sitio\\\/que-ver-en-netflix-se-estreno-la-pelicula-mas-cara-de-la-historia-que-tardo-2-anos-en-filmarse-y-es-la-segunda-parte-de-un-clasico-tremendo\\\/#breadcrumb\"},\"inLanguage\":\"es\",\"potentialAction\":[{\"@type\":\"ReadAction\",\"target\":[\"https:\\\/\\\/cuartetoenlaweb.com.ar\\\/sitio\\\/que-ver-en-netflix-se-estreno-la-pelicula-mas-cara-de-la-historia-que-tardo-2-anos-en-filmarse-y-es-la-segunda-parte-de-un-clasico-tremendo\\\/\"]}]},{\"@type\":\"ImageObject\",\"inLanguage\":\"es\",\"@id\":\"https:\\\/\\\/cuartetoenlaweb.com.ar\\\/sitio\\\/que-ver-en-netflix-se-estreno-la-pelicula-mas-cara-de-la-historia-que-tardo-2-anos-en-filmarse-y-es-la-segunda-parte-de-un-clasico-tremendo\\\/#primaryimage\",\"url\":\"http:\\\/\\\/cuartetoenlaweb.com.ar\\\/sitio\\\/wp-content\\\/uploads\\\/2026\\\/04\\\/Angel-de-Brito-1-359x226-1.jpg\",\"contentUrl\":\"http:\\\/\\\/cuartetoenlaweb.com.ar\\\/sitio\\\/wp-content\\\/uploads\\\/2026\\\/04\\\/Angel-de-Brito-1-359x226-1.jpg\",\"width\":359,\"height\":226},{\"@type\":\"BreadcrumbList\",\"@id\":\"https:\\\/\\\/cuartetoenlaweb.com.ar\\\/sitio\\\/que-ver-en-netflix-se-estreno-la-pelicula-mas-cara-de-la-historia-que-tardo-2-anos-en-filmarse-y-es-la-segunda-parte-de-un-clasico-tremendo\\\/#breadcrumb\",\"itemListElement\":[{\"@type\":\"ListItem\",\"position\":1,\"name\":\"Portada\",\"item\":\"http:\\\/\\\/cuartetoenlaweb.com.ar\\\/sitio\\\/\"},{\"@type\":\"ListItem\",\"position\":2,\"name\":\"Qu\u00e9 ver en Netflix: se estren\u00f3 la pel\u00edcula m\u00e1s cara de la historia, que tard\u00f3 2 a\u00f1os en filmarse y es la segunda parte de un cl\u00e1sico tremendo\"}]},{\"@type\":\"WebSite\",\"@id\":\"http:\\\/\\\/cuartetoenlaweb.com.ar\\\/sitio\\\/#website\",\"url\":\"http:\\\/\\\/cuartetoenlaweb.com.ar\\\/sitio\\\/\",\"name\":\"Cuarteto en la Web\",\"description\":\"\",\"publisher\":{\"@id\":\"http:\\\/\\\/cuartetoenlaweb.com.ar\\\/sitio\\\/#organization\"},\"potentialAction\":[{\"@type\":\"SearchAction\",\"target\":{\"@type\":\"EntryPoint\",\"urlTemplate\":\"http:\\\/\\\/cuartetoenlaweb.com.ar\\\/sitio\\\/?s={search_term_string}\"},\"query-input\":{\"@type\":\"PropertyValueSpecification\",\"valueRequired\":true,\"valueName\":\"search_term_string\"}}],\"inLanguage\":\"es\"},{\"@type\":\"Organization\",\"@id\":\"http:\\\/\\\/cuartetoenlaweb.com.ar\\\/sitio\\\/#organization\",\"name\":\"Cuarteto en la Web\",\"url\":\"http:\\\/\\\/cuartetoenlaweb.com.ar\\\/sitio\\\/\",\"logo\":{\"@type\":\"ImageObject\",\"inLanguage\":\"es\",\"@id\":\"http:\\\/\\\/cuartetoenlaweb.com.ar\\\/sitio\\\/#\\\/schema\\\/logo\\\/image\\\/\",\"url\":\"http:\\\/\\\/cuartetoenlaweb.com.ar\\\/sitio\\\/wp-content\\\/uploads\\\/2025\\\/07\\\/cropped-cropped-logitoweb21.png\",\"contentUrl\":\"http:\\\/\\\/cuartetoenlaweb.com.ar\\\/sitio\\\/wp-content\\\/uploads\\\/2025\\\/07\\\/cropped-cropped-logitoweb21.png\",\"width\":199,\"height\":199,\"caption\":\"Cuarteto en la Web\"},\"image\":{\"@id\":\"http:\\\/\\\/cuartetoenlaweb.com.ar\\\/sitio\\\/#\\\/schema\\\/logo\\\/image\\\/\"}}]}<\/script>\n<!-- \/ Yoast SEO plugin. -->","yoast_head_json":{"title":"Qu\u00e9 ver en Netflix: se estren\u00f3 la pel\u00edcula m\u00e1s cara de la historia, que tard\u00f3 2 a\u00f1os en filmarse y es la segunda parte de un cl\u00e1sico tremendo - Cuarteto en la Web","robots":{"index":"index","follow":"follow","max-snippet":"max-snippet:-1","max-image-preview":"max-image-preview:large","max-video-preview":"max-video-preview:-1"},"canonical":"https:\/\/cuartetoenlaweb.com.ar\/sitio\/que-ver-en-netflix-se-estreno-la-pelicula-mas-cara-de-la-historia-que-tardo-2-anos-en-filmarse-y-es-la-segunda-parte-de-un-clasico-tremendo\/","og_locale":"es_ES","og_type":"article","og_title":"Qu\u00e9 ver en Netflix: se estren\u00f3 la pel\u00edcula m\u00e1s cara de la historia, que tard\u00f3 2 a\u00f1os en filmarse y es la segunda parte de un cl\u00e1sico tremendo - Cuarteto en la Web","og_description":"En un movimiento que mezcla nostalgia, riesgo millonario y estrategia","og_url":"https:\/\/cuartetoenlaweb.com.ar\/sitio\/que-ver-en-netflix-se-estreno-la-pelicula-mas-cara-de-la-historia-que-tardo-2-anos-en-filmarse-y-es-la-segunda-parte-de-un-clasico-tremendo\/","og_site_name":"Cuarteto en la Web","article_published_time":"2026-04-29T05:59:55+00:00","og_image":[{"url":"https:\/\/www.paparazzi.com.ar\/wp-content\/uploads\/2026\/04\/Angel-de-Brito-1-359x226.jpg","type":"","width":"","height":""}],"twitter_card":"summary_large_image","twitter_misc":{"Tiempo de lectura":"3 minutos"},"schema":{"@context":"https:\/\/schema.org","@graph":[{"@type":"Article","@id":"https:\/\/cuartetoenlaweb.com.ar\/sitio\/que-ver-en-netflix-se-estreno-la-pelicula-mas-cara-de-la-historia-que-tardo-2-anos-en-filmarse-y-es-la-segunda-parte-de-un-clasico-tremendo\/#article","isPartOf":{"@id":"https:\/\/cuartetoenlaweb.com.ar\/sitio\/que-ver-en-netflix-se-estreno-la-pelicula-mas-cara-de-la-historia-que-tardo-2-anos-en-filmarse-y-es-la-segunda-parte-de-un-clasico-tremendo\/"},"author":{"name":"","@id":""},"headline":"Qu\u00e9 ver en Netflix: se estren\u00f3 la pel\u00edcula m\u00e1s cara de la historia, que tard\u00f3 2 a\u00f1os en filmarse y es la segunda parte de un cl\u00e1sico tremendo","datePublished":"2026-04-29T05:59:55+00:00","mainEntityOfPage":{"@id":"https:\/\/cuartetoenlaweb.com.ar\/sitio\/que-ver-en-netflix-se-estreno-la-pelicula-mas-cara-de-la-historia-que-tardo-2-anos-en-filmarse-y-es-la-segunda-parte-de-un-clasico-tremendo\/"},"wordCount":611,"publisher":{"@id":"http:\/\/cuartetoenlaweb.com.ar\/sitio\/#organization"},"image":{"@id":"https:\/\/cuartetoenlaweb.com.ar\/sitio\/que-ver-en-netflix-se-estreno-la-pelicula-mas-cara-de-la-historia-que-tardo-2-anos-en-filmarse-y-es-la-segunda-parte-de-un-clasico-tremendo\/#primaryimage"},"thumbnailUrl":"http:\/\/cuartetoenlaweb.com.ar\/sitio\/wp-content\/uploads\/2026\/04\/Angel-de-Brito-1-359x226-1.jpg","articleSection":["ESPECT\u00c1CULO"],"inLanguage":"es"},{"@type":"WebPage","@id":"https:\/\/cuartetoenlaweb.com.ar\/sitio\/que-ver-en-netflix-se-estreno-la-pelicula-mas-cara-de-la-historia-que-tardo-2-anos-en-filmarse-y-es-la-segunda-parte-de-un-clasico-tremendo\/","url":"https:\/\/cuartetoenlaweb.com.ar\/sitio\/que-ver-en-netflix-se-estreno-la-pelicula-mas-cara-de-la-historia-que-tardo-2-anos-en-filmarse-y-es-la-segunda-parte-de-un-clasico-tremendo\/","name":"Qu\u00e9 ver en Netflix: se estren\u00f3 la pel\u00edcula m\u00e1s cara de la historia, que tard\u00f3 2 a\u00f1os en filmarse y es la segunda parte de un cl\u00e1sico tremendo - Cuarteto en la Web","isPartOf":{"@id":"http:\/\/cuartetoenlaweb.com.ar\/sitio\/#website"},"primaryImageOfPage":{"@id":"https:\/\/cuartetoenlaweb.com.ar\/sitio\/que-ver-en-netflix-se-estreno-la-pelicula-mas-cara-de-la-historia-que-tardo-2-anos-en-filmarse-y-es-la-segunda-parte-de-un-clasico-tremendo\/#primaryimage"},"image":{"@id":"https:\/\/cuartetoenlaweb.com.ar\/sitio\/que-ver-en-netflix-se-estreno-la-pelicula-mas-cara-de-la-historia-que-tardo-2-anos-en-filmarse-y-es-la-segunda-parte-de-un-clasico-tremendo\/#primaryimage"},"thumbnailUrl":"http:\/\/cuartetoenlaweb.com.ar\/sitio\/wp-content\/uploads\/2026\/04\/Angel-de-Brito-1-359x226-1.jpg","datePublished":"2026-04-29T05:59:55+00:00","breadcrumb":{"@id":"https:\/\/cuartetoenlaweb.com.ar\/sitio\/que-ver-en-netflix-se-estreno-la-pelicula-mas-cara-de-la-historia-que-tardo-2-anos-en-filmarse-y-es-la-segunda-parte-de-un-clasico-tremendo\/#breadcrumb"},"inLanguage":"es","potentialAction":[{"@type":"ReadAction","target":["https:\/\/cuartetoenlaweb.com.ar\/sitio\/que-ver-en-netflix-se-estreno-la-pelicula-mas-cara-de-la-historia-que-tardo-2-anos-en-filmarse-y-es-la-segunda-parte-de-un-clasico-tremendo\/"]}]},{"@type":"ImageObject","inLanguage":"es","@id":"https:\/\/cuartetoenlaweb.com.ar\/sitio\/que-ver-en-netflix-se-estreno-la-pelicula-mas-cara-de-la-historia-que-tardo-2-anos-en-filmarse-y-es-la-segunda-parte-de-un-clasico-tremendo\/#primaryimage","url":"http:\/\/cuartetoenlaweb.com.ar\/sitio\/wp-content\/uploads\/2026\/04\/Angel-de-Brito-1-359x226-1.jpg","contentUrl":"http:\/\/cuartetoenlaweb.com.ar\/sitio\/wp-content\/uploads\/2026\/04\/Angel-de-Brito-1-359x226-1.jpg","width":359,"height":226},{"@type":"BreadcrumbList","@id":"https:\/\/cuartetoenlaweb.com.ar\/sitio\/que-ver-en-netflix-se-estreno-la-pelicula-mas-cara-de-la-historia-que-tardo-2-anos-en-filmarse-y-es-la-segunda-parte-de-un-clasico-tremendo\/#breadcrumb","itemListElement":[{"@type":"ListItem","position":1,"name":"Portada","item":"http:\/\/cuartetoenlaweb.com.ar\/sitio\/"},{"@type":"ListItem","position":2,"name":"Qu\u00e9 ver en Netflix: se estren\u00f3 la pel\u00edcula m\u00e1s cara de la historia, que tard\u00f3 2 a\u00f1os en filmarse y es la segunda parte de un cl\u00e1sico tremendo"}]},{"@type":"WebSite","@id":"http:\/\/cuartetoenlaweb.com.ar\/sitio\/#website","url":"http:\/\/cuartetoenlaweb.com.ar\/sitio\/","name":"Cuarteto en la Web","description":"","publisher":{"@id":"http:\/\/cuartetoenlaweb.com.ar\/sitio\/#organization"},"potentialAction":[{"@type":"SearchAction","target":{"@type":"EntryPoint","urlTemplate":"http:\/\/cuartetoenlaweb.com.ar\/sitio\/?s={search_term_string}"},"query-input":{"@type":"PropertyValueSpecification","valueRequired":true,"valueName":"search_term_string"}}],"inLanguage":"es"},{"@type":"Organization","@id":"http:\/\/cuartetoenlaweb.com.ar\/sitio\/#organization","name":"Cuarteto en la Web","url":"http:\/\/cuartetoenlaweb.com.ar\/sitio\/","logo":{"@type":"ImageObject","inLanguage":"es","@id":"http:\/\/cuartetoenlaweb.com.ar\/sitio\/#\/schema\/logo\/image\/","url":"http:\/\/cuartetoenlaweb.com.ar\/sitio\/wp-content\/uploads\/2025\/07\/cropped-cropped-logitoweb21.png","contentUrl":"http:\/\/cuartetoenlaweb.com.ar\/sitio\/wp-content\/uploads\/2025\/07\/cropped-cropped-logitoweb21.png","width":199,"height":199,"caption":"Cuarteto en la Web"},"image":{"@id":"http:\/\/cuartetoenlaweb.com.ar\/sitio\/#\/schema\/logo\/image\/"}}]}},"_links":{"self":[{"href":"http:\/\/cuartetoenlaweb.com.ar\/sitio\/wp-json\/wp\/v2\/posts\/19226","targetHints":{"allow":["GET"]}}],"collection":[{"href":"http:\/\/cuartetoenlaweb.com.ar\/sitio\/wp-json\/wp\/v2\/posts"}],"about":[{"href":"http:\/\/cuartetoenlaweb.com.ar\/sitio\/wp-json\/wp\/v2\/types\/post"}],"replies":[{"embeddable":true,"href":"http:\/\/cuartetoenlaweb.com.ar\/sitio\/wp-json\/wp\/v2\/comments?post=19226"}],"version-history":[{"count":0,"href":"http:\/\/cuartetoenlaweb.com.ar\/sitio\/wp-json\/wp\/v2\/posts\/19226\/revisions"}],"wp:featuredmedia":[{"embeddable":true,"href":"http:\/\/cuartetoenlaweb.com.ar\/sitio\/wp-json\/wp\/v2\/media\/19227"}],"wp:attachment":[{"href":"http:\/\/cuartetoenlaweb.com.ar\/sitio\/wp-json\/wp\/v2\/media?parent=19226"}],"wp:term":[{"taxonomy":"category","embeddable":true,"href":"http:\/\/cuartetoenlaweb.com.ar\/sitio\/wp-json\/wp\/v2\/categories?post=19226"},{"taxonomy":"post_tag","embeddable":true,"href":"http:\/\/cuartetoenlaweb.com.ar\/sitio\/wp-json\/wp\/v2\/tags?post=19226"}],"curies":[{"name":"wp","href":"https:\/\/api.w.org\/{rel}","templated":true}]}}