
{"id":19214,"date":"2026-04-28T18:00:16","date_gmt":"2026-04-28T21:00:16","guid":{"rendered":"https:\/\/cuartetoenlaweb.com.ar\/sitio\/el-gobierno-califico-como-operacion-mediatica-a-la-supuesta-venta-de-carne-de-burro\/"},"modified":"2026-04-28T18:00:16","modified_gmt":"2026-04-28T21:00:16","slug":"el-gobierno-califico-como-operacion-mediatica-a-la-supuesta-venta-de-carne-de-burro","status":"publish","type":"post","link":"http:\/\/cuartetoenlaweb.com.ar\/sitio\/el-gobierno-califico-como-operacion-mediatica-a-la-supuesta-venta-de-carne-de-burro\/","title":{"rendered":"El Gobierno calific\u00f3 como \u201coperaci\u00f3n\u201d medi\u00e1tica a la supuesta venta de carne de burro"},"content":{"rendered":"<p>Buenos Aires, 28 de abril (NA) \u2013 El Gobierno de Javier Milei advirti\u00f3 que \u201csigue la operaci\u00f3n internacional por la carne de burro\u201d, al rechazar un informe al respecto de un medio extranjero.<\/p>\n<p>Seg\u00fan constat\u00f3 la Agencia Noticias Argentinas, se trata del medio alem\u00e1n DW Espa\u00f1ol, cuya versi\u00f3n espa\u00f1ola dijo: \u201cCarnicer\u00eda argentina vende carne de burro ante la subida de la vacuna\u201d. <\/p>\n<p>Con este t\u00edtulo, describi\u00f3 que el pa\u00eds \u201cagot\u00f3 500 kilos en dos d\u00edas. La venta se realiz\u00f3 con un permiso provincial provisorio, ya que en Argentina el consumo de carne de burro no est\u00e1 regulado a nivel nacional. La iniciativa llega en un contexto de fuertes aumentos en el precio de la carne vacuna, que se dispar\u00f3 un 70 % en el \u00faltimo a\u00f1o\u201d.<\/p>\n<p>Al respecto, desde la recientemente creada Oficina de Respuesta Oficial, el Gobierno contest\u00f3 con un comunicado en el que explic\u00f3 que el medio \u201camplifica una vez m\u00e1s un caso aislado y marginal con el claro prop\u00f3sito de da\u00f1ar la imagen de la Rep\u00fablica Argentina\u201d.<\/p>\n<p>\u00bfQU\u00c9 DICE EL COMUNICADO OFICIAL DEL GOBIERNO EN RESPUESTA A LA PUBLICACI\u00d3N DEL MEDIO ALEM\u00c1N?<\/p>\n<p>\u201cSigue la operaci\u00f3n internacional por la carne de burro\u201d. As\u00ed titul\u00f3 la Oficina de Respuesta Oficial del Gobierno Nacional a la publicaci\u00f3n del medio DW Espa\u00f1ol.<\/p>\n<p>Para comenzar, explic\u00f3 que \u201cel medio extranjero DW, que viene operando a diario en la Argentina, amplifica una vez m\u00e1s un caso aislado y marginal con el claro prop\u00f3sito de da\u00f1ar la imagen de la Rep\u00fablica Argentina\u201d, aclarando que \u201cse trat\u00f3 de una \u00fanica carnicer\u00eda que comercializ\u00f3 una cantidad m\u00ednima de un producto absolutamente ajeno a los h\u00e1bitos alimentarios y a la tradici\u00f3n gastron\u00f3mica de los argentinos\u201d.<\/p>\n<p>En este sentido, subraya que \u201cbajo el gobierno del presidente Javier Milei, la inflaci\u00f3n se ha reducido dr\u00e1sticamente y la econom\u00eda avanza con determinaci\u00f3n en su proceso de estabilizaci\u00f3n, ordenamiento y recuperaci\u00f3n\u201d.<\/p>\n<p>Adem\u00e1s, a\u00f1ade que \u201clos datos oficiales son contundentes\u201d y explica que \u201cdurante 2025 el consumo per c\u00e1pita total de carnes aument\u00f3 un 3,85%, alcanzando los 116,4 kg por habitante, y la producci\u00f3n porcina creci\u00f3 un 15,7% en el primer trimestre de 2026\u201d, ampliando que \u201cnuestro pa\u00eds mantiene uno de los niveles m\u00e1s altos en consumo per c\u00e1pita de carne vacuna de la m\u00e1s alta calidad, pilar irrenunciable de nuestra identidad cultural y productiva\u201d.<\/p>\n<p>Por \u00faltimo, el informe oficial acent\u00faa que: \u201cM\u00e1s grave a\u00fan ser\u00eda si esta administraci\u00f3n hubiese sido kirchnerista: los argentinos ni siquiera estar\u00edan consumiendo carne, sino directamente insectos y productos derivados. Prevalecieron las costumbres argentinas frente a las agendas globalistas que promueven la sustituci\u00f3n de la carne tradicional por insectos, como las que opera sistem\u00e1ticamente el citado medio\u201d.<\/p>\n<p>PETRO SE METI\u00d3 EN LA DISCUSI\u00d3N Y SOSTUVO: \u201cESTO NO PUEDE PASAR EN COLOMBIA\u201d<\/p>\n<p>En X, el presidente colombiano, Gustavo Petro, quien est\u00e1 enfrentado ideol\u00f3gicamente a Milei y d\u00edas atr\u00e1s tuvo un encuentro en Espa\u00f1a con el gobernador de la provincia de Buenos Aires, Xel Kicillof, a quien postul\u00f3 como el posible nuevo presidente de Argentina, volvi\u00f3 a meterse en un tema dom\u00e9stico del pa\u00eds.<\/p>\n<p>Al respecto, se pregunt\u00f3: \u201cSi Argentina es exportadora de carne de calidad, \u00bfpor qu\u00e9 los argentinos no pueden comer carne de calidad y les toca comer carne de burro?\u201d y en su reflexi\u00f3n sum\u00f3: \u201cEsto no puede pasar en Colombia\u201d. #AgenciaNA.<\/p>\n","protected":false},"excerpt":{"rendered":"<p>Buenos Aires, 28 de abril (NA) \u2013 El Gobierno de<\/p>\n","protected":false},"author":0,"featured_media":19215,"comment_status":"","ping_status":"","sticky":false,"template":"","format":"standard","meta":{"footnotes":""},"categories":[65],"tags":[],"class_list":["post-19214","post","type-post","status-publish","format-standard","has-post-thumbnail","hentry","category-pais"],"yoast_head":"<!-- This site is optimized with the Yoast SEO plugin v27.5 - https:\/\/yoast.com\/product\/yoast-seo-wordpress\/ -->\n<title>El Gobierno calific\u00f3 como \u201coperaci\u00f3n\u201d medi\u00e1tica a la supuesta venta de carne de burro - Cuarteto en la Web<\/title>\n<meta name=\"robots\" content=\"index, follow, max-snippet:-1, max-image-preview:large, max-video-preview:-1\" \/>\n<link rel=\"canonical\" href=\"https:\/\/cuartetoenlaweb.com.ar\/sitio\/el-gobierno-califico-como-operacion-mediatica-a-la-supuesta-venta-de-carne-de-burro\/\" \/>\n<meta property=\"og:locale\" content=\"es_ES\" \/>\n<meta property=\"og:type\" content=\"article\" \/>\n<meta property=\"og:title\" content=\"El Gobierno calific\u00f3 como \u201coperaci\u00f3n\u201d medi\u00e1tica a la supuesta venta de carne de burro - Cuarteto en la Web\" \/>\n<meta property=\"og:description\" content=\"Buenos Aires, 28 de abril (NA) \u2013 El Gobierno de\" \/>\n<meta property=\"og:url\" content=\"https:\/\/cuartetoenlaweb.com.ar\/sitio\/el-gobierno-califico-como-operacion-mediatica-a-la-supuesta-venta-de-carne-de-burro\/\" \/>\n<meta property=\"og:site_name\" content=\"Cuarteto en la Web\" \/>\n<meta property=\"article:published_time\" content=\"2026-04-28T21:00:16+00:00\" \/>\n<meta name=\"twitter:card\" content=\"summary_large_image\" \/>\n<meta name=\"twitter:label1\" content=\"Tiempo de lectura\" \/>\n\t<meta name=\"twitter:data1\" content=\"3 minutos\" \/>\n<script type=\"application\/ld+json\" class=\"yoast-schema-graph\">{\"@context\":\"https:\\\/\\\/schema.org\",\"@graph\":[{\"@type\":\"Article\",\"@id\":\"https:\\\/\\\/cuartetoenlaweb.com.ar\\\/sitio\\\/el-gobierno-califico-como-operacion-mediatica-a-la-supuesta-venta-de-carne-de-burro\\\/#article\",\"isPartOf\":{\"@id\":\"https:\\\/\\\/cuartetoenlaweb.com.ar\\\/sitio\\\/el-gobierno-califico-como-operacion-mediatica-a-la-supuesta-venta-de-carne-de-burro\\\/\"},\"author\":{\"name\":\"\",\"@id\":\"\"},\"headline\":\"El Gobierno calific\u00f3 como \u201coperaci\u00f3n\u201d medi\u00e1tica a la supuesta venta de carne de burro\",\"datePublished\":\"2026-04-28T21:00:16+00:00\",\"mainEntityOfPage\":{\"@id\":\"https:\\\/\\\/cuartetoenlaweb.com.ar\\\/sitio\\\/el-gobierno-califico-como-operacion-mediatica-a-la-supuesta-venta-de-carne-de-burro\\\/\"},\"wordCount\":611,\"publisher\":{\"@id\":\"http:\\\/\\\/cuartetoenlaweb.com.ar\\\/sitio\\\/#organization\"},\"image\":{\"@id\":\"https:\\\/\\\/cuartetoenlaweb.com.ar\\\/sitio\\\/el-gobierno-califico-como-operacion-mediatica-a-la-supuesta-venta-de-carne-de-burro\\\/#primaryimage\"},\"thumbnailUrl\":\"http:\\\/\\\/cuartetoenlaweb.com.ar\\\/sitio\\\/wp-content\\\/uploads\\\/2026\\\/04\\\/720-672.jpeg\",\"articleSection\":[\"PAIS\"],\"inLanguage\":\"es\"},{\"@type\":\"WebPage\",\"@id\":\"https:\\\/\\\/cuartetoenlaweb.com.ar\\\/sitio\\\/el-gobierno-califico-como-operacion-mediatica-a-la-supuesta-venta-de-carne-de-burro\\\/\",\"url\":\"https:\\\/\\\/cuartetoenlaweb.com.ar\\\/sitio\\\/el-gobierno-califico-como-operacion-mediatica-a-la-supuesta-venta-de-carne-de-burro\\\/\",\"name\":\"El Gobierno calific\u00f3 como \u201coperaci\u00f3n\u201d medi\u00e1tica a la supuesta venta de carne de burro - Cuarteto en la Web\",\"isPartOf\":{\"@id\":\"http:\\\/\\\/cuartetoenlaweb.com.ar\\\/sitio\\\/#website\"},\"primaryImageOfPage\":{\"@id\":\"https:\\\/\\\/cuartetoenlaweb.com.ar\\\/sitio\\\/el-gobierno-califico-como-operacion-mediatica-a-la-supuesta-venta-de-carne-de-burro\\\/#primaryimage\"},\"image\":{\"@id\":\"https:\\\/\\\/cuartetoenlaweb.com.ar\\\/sitio\\\/el-gobierno-califico-como-operacion-mediatica-a-la-supuesta-venta-de-carne-de-burro\\\/#primaryimage\"},\"thumbnailUrl\":\"http:\\\/\\\/cuartetoenlaweb.com.ar\\\/sitio\\\/wp-content\\\/uploads\\\/2026\\\/04\\\/720-672.jpeg\",\"datePublished\":\"2026-04-28T21:00:16+00:00\",\"breadcrumb\":{\"@id\":\"https:\\\/\\\/cuartetoenlaweb.com.ar\\\/sitio\\\/el-gobierno-califico-como-operacion-mediatica-a-la-supuesta-venta-de-carne-de-burro\\\/#breadcrumb\"},\"inLanguage\":\"es\",\"potentialAction\":[{\"@type\":\"ReadAction\",\"target\":[\"https:\\\/\\\/cuartetoenlaweb.com.ar\\\/sitio\\\/el-gobierno-califico-como-operacion-mediatica-a-la-supuesta-venta-de-carne-de-burro\\\/\"]}]},{\"@type\":\"ImageObject\",\"inLanguage\":\"es\",\"@id\":\"https:\\\/\\\/cuartetoenlaweb.com.ar\\\/sitio\\\/el-gobierno-califico-como-operacion-mediatica-a-la-supuesta-venta-de-carne-de-burro\\\/#primaryimage\",\"url\":\"http:\\\/\\\/cuartetoenlaweb.com.ar\\\/sitio\\\/wp-content\\\/uploads\\\/2026\\\/04\\\/720-672.jpeg\",\"contentUrl\":\"http:\\\/\\\/cuartetoenlaweb.com.ar\\\/sitio\\\/wp-content\\\/uploads\\\/2026\\\/04\\\/720-672.jpeg\",\"width\":1079,\"height\":720},{\"@type\":\"BreadcrumbList\",\"@id\":\"https:\\\/\\\/cuartetoenlaweb.com.ar\\\/sitio\\\/el-gobierno-califico-como-operacion-mediatica-a-la-supuesta-venta-de-carne-de-burro\\\/#breadcrumb\",\"itemListElement\":[{\"@type\":\"ListItem\",\"position\":1,\"name\":\"Portada\",\"item\":\"http:\\\/\\\/cuartetoenlaweb.com.ar\\\/sitio\\\/\"},{\"@type\":\"ListItem\",\"position\":2,\"name\":\"El Gobierno calific\u00f3 como \u201coperaci\u00f3n\u201d medi\u00e1tica a la supuesta venta de carne de burro\"}]},{\"@type\":\"WebSite\",\"@id\":\"http:\\\/\\\/cuartetoenlaweb.com.ar\\\/sitio\\\/#website\",\"url\":\"http:\\\/\\\/cuartetoenlaweb.com.ar\\\/sitio\\\/\",\"name\":\"Cuarteto en la Web\",\"description\":\"\",\"publisher\":{\"@id\":\"http:\\\/\\\/cuartetoenlaweb.com.ar\\\/sitio\\\/#organization\"},\"potentialAction\":[{\"@type\":\"SearchAction\",\"target\":{\"@type\":\"EntryPoint\",\"urlTemplate\":\"http:\\\/\\\/cuartetoenlaweb.com.ar\\\/sitio\\\/?s={search_term_string}\"},\"query-input\":{\"@type\":\"PropertyValueSpecification\",\"valueRequired\":true,\"valueName\":\"search_term_string\"}}],\"inLanguage\":\"es\"},{\"@type\":\"Organization\",\"@id\":\"http:\\\/\\\/cuartetoenlaweb.com.ar\\\/sitio\\\/#organization\",\"name\":\"Cuarteto en la Web\",\"url\":\"http:\\\/\\\/cuartetoenlaweb.com.ar\\\/sitio\\\/\",\"logo\":{\"@type\":\"ImageObject\",\"inLanguage\":\"es\",\"@id\":\"http:\\\/\\\/cuartetoenlaweb.com.ar\\\/sitio\\\/#\\\/schema\\\/logo\\\/image\\\/\",\"url\":\"http:\\\/\\\/cuartetoenlaweb.com.ar\\\/sitio\\\/wp-content\\\/uploads\\\/2025\\\/07\\\/cropped-cropped-logitoweb21.png\",\"contentUrl\":\"http:\\\/\\\/cuartetoenlaweb.com.ar\\\/sitio\\\/wp-content\\\/uploads\\\/2025\\\/07\\\/cropped-cropped-logitoweb21.png\",\"width\":199,\"height\":199,\"caption\":\"Cuarteto en la Web\"},\"image\":{\"@id\":\"http:\\\/\\\/cuartetoenlaweb.com.ar\\\/sitio\\\/#\\\/schema\\\/logo\\\/image\\\/\"}}]}<\/script>\n<!-- \/ Yoast SEO plugin. -->","yoast_head_json":{"title":"El Gobierno calific\u00f3 como \u201coperaci\u00f3n\u201d medi\u00e1tica a la supuesta venta de carne de burro - Cuarteto en la Web","robots":{"index":"index","follow":"follow","max-snippet":"max-snippet:-1","max-image-preview":"max-image-preview:large","max-video-preview":"max-video-preview:-1"},"canonical":"https:\/\/cuartetoenlaweb.com.ar\/sitio\/el-gobierno-califico-como-operacion-mediatica-a-la-supuesta-venta-de-carne-de-burro\/","og_locale":"es_ES","og_type":"article","og_title":"El Gobierno calific\u00f3 como \u201coperaci\u00f3n\u201d medi\u00e1tica a la supuesta venta de carne de burro - Cuarteto en la Web","og_description":"Buenos Aires, 28 de abril (NA) \u2013 El Gobierno de","og_url":"https:\/\/cuartetoenlaweb.com.ar\/sitio\/el-gobierno-califico-como-operacion-mediatica-a-la-supuesta-venta-de-carne-de-burro\/","og_site_name":"Cuarteto en la Web","article_published_time":"2026-04-28T21:00:16+00:00","twitter_card":"summary_large_image","twitter_misc":{"Tiempo de lectura":"3 minutos"},"schema":{"@context":"https:\/\/schema.org","@graph":[{"@type":"Article","@id":"https:\/\/cuartetoenlaweb.com.ar\/sitio\/el-gobierno-califico-como-operacion-mediatica-a-la-supuesta-venta-de-carne-de-burro\/#article","isPartOf":{"@id":"https:\/\/cuartetoenlaweb.com.ar\/sitio\/el-gobierno-califico-como-operacion-mediatica-a-la-supuesta-venta-de-carne-de-burro\/"},"author":{"name":"","@id":""},"headline":"El Gobierno calific\u00f3 como \u201coperaci\u00f3n\u201d medi\u00e1tica a la supuesta venta de carne de burro","datePublished":"2026-04-28T21:00:16+00:00","mainEntityOfPage":{"@id":"https:\/\/cuartetoenlaweb.com.ar\/sitio\/el-gobierno-califico-como-operacion-mediatica-a-la-supuesta-venta-de-carne-de-burro\/"},"wordCount":611,"publisher":{"@id":"http:\/\/cuartetoenlaweb.com.ar\/sitio\/#organization"},"image":{"@id":"https:\/\/cuartetoenlaweb.com.ar\/sitio\/el-gobierno-califico-como-operacion-mediatica-a-la-supuesta-venta-de-carne-de-burro\/#primaryimage"},"thumbnailUrl":"http:\/\/cuartetoenlaweb.com.ar\/sitio\/wp-content\/uploads\/2026\/04\/720-672.jpeg","articleSection":["PAIS"],"inLanguage":"es"},{"@type":"WebPage","@id":"https:\/\/cuartetoenlaweb.com.ar\/sitio\/el-gobierno-califico-como-operacion-mediatica-a-la-supuesta-venta-de-carne-de-burro\/","url":"https:\/\/cuartetoenlaweb.com.ar\/sitio\/el-gobierno-califico-como-operacion-mediatica-a-la-supuesta-venta-de-carne-de-burro\/","name":"El Gobierno calific\u00f3 como \u201coperaci\u00f3n\u201d medi\u00e1tica a la supuesta venta de carne de burro - Cuarteto en la Web","isPartOf":{"@id":"http:\/\/cuartetoenlaweb.com.ar\/sitio\/#website"},"primaryImageOfPage":{"@id":"https:\/\/cuartetoenlaweb.com.ar\/sitio\/el-gobierno-califico-como-operacion-mediatica-a-la-supuesta-venta-de-carne-de-burro\/#primaryimage"},"image":{"@id":"https:\/\/cuartetoenlaweb.com.ar\/sitio\/el-gobierno-califico-como-operacion-mediatica-a-la-supuesta-venta-de-carne-de-burro\/#primaryimage"},"thumbnailUrl":"http:\/\/cuartetoenlaweb.com.ar\/sitio\/wp-content\/uploads\/2026\/04\/720-672.jpeg","datePublished":"2026-04-28T21:00:16+00:00","breadcrumb":{"@id":"https:\/\/cuartetoenlaweb.com.ar\/sitio\/el-gobierno-califico-como-operacion-mediatica-a-la-supuesta-venta-de-carne-de-burro\/#breadcrumb"},"inLanguage":"es","potentialAction":[{"@type":"ReadAction","target":["https:\/\/cuartetoenlaweb.com.ar\/sitio\/el-gobierno-califico-como-operacion-mediatica-a-la-supuesta-venta-de-carne-de-burro\/"]}]},{"@type":"ImageObject","inLanguage":"es","@id":"https:\/\/cuartetoenlaweb.com.ar\/sitio\/el-gobierno-califico-como-operacion-mediatica-a-la-supuesta-venta-de-carne-de-burro\/#primaryimage","url":"http:\/\/cuartetoenlaweb.com.ar\/sitio\/wp-content\/uploads\/2026\/04\/720-672.jpeg","contentUrl":"http:\/\/cuartetoenlaweb.com.ar\/sitio\/wp-content\/uploads\/2026\/04\/720-672.jpeg","width":1079,"height":720},{"@type":"BreadcrumbList","@id":"https:\/\/cuartetoenlaweb.com.ar\/sitio\/el-gobierno-califico-como-operacion-mediatica-a-la-supuesta-venta-de-carne-de-burro\/#breadcrumb","itemListElement":[{"@type":"ListItem","position":1,"name":"Portada","item":"http:\/\/cuartetoenlaweb.com.ar\/sitio\/"},{"@type":"ListItem","position":2,"name":"El Gobierno calific\u00f3 como \u201coperaci\u00f3n\u201d medi\u00e1tica a la supuesta venta de carne de burro"}]},{"@type":"WebSite","@id":"http:\/\/cuartetoenlaweb.com.ar\/sitio\/#website","url":"http:\/\/cuartetoenlaweb.com.ar\/sitio\/","name":"Cuarteto en la Web","description":"","publisher":{"@id":"http:\/\/cuartetoenlaweb.com.ar\/sitio\/#organization"},"potentialAction":[{"@type":"SearchAction","target":{"@type":"EntryPoint","urlTemplate":"http:\/\/cuartetoenlaweb.com.ar\/sitio\/?s={search_term_string}"},"query-input":{"@type":"PropertyValueSpecification","valueRequired":true,"valueName":"search_term_string"}}],"inLanguage":"es"},{"@type":"Organization","@id":"http:\/\/cuartetoenlaweb.com.ar\/sitio\/#organization","name":"Cuarteto en la Web","url":"http:\/\/cuartetoenlaweb.com.ar\/sitio\/","logo":{"@type":"ImageObject","inLanguage":"es","@id":"http:\/\/cuartetoenlaweb.com.ar\/sitio\/#\/schema\/logo\/image\/","url":"http:\/\/cuartetoenlaweb.com.ar\/sitio\/wp-content\/uploads\/2025\/07\/cropped-cropped-logitoweb21.png","contentUrl":"http:\/\/cuartetoenlaweb.com.ar\/sitio\/wp-content\/uploads\/2025\/07\/cropped-cropped-logitoweb21.png","width":199,"height":199,"caption":"Cuarteto en la Web"},"image":{"@id":"http:\/\/cuartetoenlaweb.com.ar\/sitio\/#\/schema\/logo\/image\/"}}]}},"_links":{"self":[{"href":"http:\/\/cuartetoenlaweb.com.ar\/sitio\/wp-json\/wp\/v2\/posts\/19214","targetHints":{"allow":["GET"]}}],"collection":[{"href":"http:\/\/cuartetoenlaweb.com.ar\/sitio\/wp-json\/wp\/v2\/posts"}],"about":[{"href":"http:\/\/cuartetoenlaweb.com.ar\/sitio\/wp-json\/wp\/v2\/types\/post"}],"replies":[{"embeddable":true,"href":"http:\/\/cuartetoenlaweb.com.ar\/sitio\/wp-json\/wp\/v2\/comments?post=19214"}],"version-history":[{"count":0,"href":"http:\/\/cuartetoenlaweb.com.ar\/sitio\/wp-json\/wp\/v2\/posts\/19214\/revisions"}],"wp:featuredmedia":[{"embeddable":true,"href":"http:\/\/cuartetoenlaweb.com.ar\/sitio\/wp-json\/wp\/v2\/media\/19215"}],"wp:attachment":[{"href":"http:\/\/cuartetoenlaweb.com.ar\/sitio\/wp-json\/wp\/v2\/media?parent=19214"}],"wp:term":[{"taxonomy":"category","embeddable":true,"href":"http:\/\/cuartetoenlaweb.com.ar\/sitio\/wp-json\/wp\/v2\/categories?post=19214"},{"taxonomy":"post_tag","embeddable":true,"href":"http:\/\/cuartetoenlaweb.com.ar\/sitio\/wp-json\/wp\/v2\/tags?post=19214"}],"curies":[{"name":"wp","href":"https:\/\/api.w.org\/{rel}","templated":true}]}}