
{"id":19210,"date":"2026-04-28T18:00:10","date_gmt":"2026-04-28T21:00:10","guid":{"rendered":"https:\/\/cuartetoenlaweb.com.ar\/sitio\/israel-fija-mediados-de-mayo-como-fecha-limite-para-un-acuerdo-de-alto-el-fuego-permanente-con-libano\/"},"modified":"2026-04-28T18:00:10","modified_gmt":"2026-04-28T21:00:10","slug":"israel-fija-mediados-de-mayo-como-fecha-limite-para-un-acuerdo-de-alto-el-fuego-permanente-con-libano","status":"publish","type":"post","link":"http:\/\/cuartetoenlaweb.com.ar\/sitio\/israel-fija-mediados-de-mayo-como-fecha-limite-para-un-acuerdo-de-alto-el-fuego-permanente-con-libano\/","title":{"rendered":"Israel fija mediados de mayo como fecha l\u00edmite para un acuerdo de alto el fuego permanente con L\u00edbano"},"content":{"rendered":"<p>Buenos Aires, 28 abril (NA) \u2014 Israel considera la extensi\u00f3n del alto el fuego actual con el L\u00edbano hasta mediados de mayo como la \u00faltima oportunidad para alcanzar un acuerdo permanente, inform\u00f3 el martes la cadena estatal Kan TV, citando a funcionarios israel\u00edes. <\/p>\n<p>Una fuente gubernamental declar\u00f3 a la emisora que Israel accedi\u00f3 a continuar las conversaciones durante dos semanas m\u00e1s, pero que tiene la intenci\u00f3n de intensificar las operaciones militares contra Hezbol\u00e1 en el L\u00edbano si no se alcanza un acuerdo permanente.<\/p>\n<p>La Casa Blanca est\u00e1 intentando organizar una cumbre entre el primer ministro israel\u00ed, Benjamin Netanyahu, y el presidente liban\u00e9s, Joseph Aoun, aunque funcionarios de ambos pa\u00edses expresaron escepticismo sobre la viabilidad de la reuni\u00f3n, seg\u00fan el informe al que accedi\u00f3 Xinhua y supo la Agencia Noticias Argentinas.<\/p>\n<p>Mientras tanto, Netanyahu afirm\u00f3 el martes que Israel continuar\u00eda sus ataques a pesar de las conversaciones y el alto el fuego. En una declaraci\u00f3n en video tras la destrucci\u00f3n de t\u00faneles de Hezbol\u00e1 por parte del ej\u00e9rcito israel\u00ed en el sur del L\u00edbano, declar\u00f3 que las tropas permanecer\u00edan en lo que Israel describe como una \u201czona de seguridad\u201d dentro del L\u00edbano.<\/p>\n<p>El ej\u00e9rcito israel\u00ed destruy\u00f3 dos t\u00faneles de Hezbol\u00e1 en el sur del L\u00edbano como parte de un esfuerzo m\u00e1s amplio para desmantelar la infraestructura subterr\u00e1nea del grupo cerca de la frontera con Israel. Seg\u00fan el comunicado, los t\u00faneles, ubicados en la zona de Qantara, a unos 10 kil\u00f3metros de la frontera, ten\u00edan una longitud combinada de aproximadamente 2 kil\u00f3metros y formaban parte de una red subterr\u00e1nea m\u00e1s extensa.<\/p>\n<p>El ej\u00e9rcito afirm\u00f3 que los t\u00faneles fueron construidos con la asistencia y la gu\u00eda directa de Ir\u00e1n, aunque no present\u00f3 pruebas que respalden esa acusaci\u00f3n. Adem\u00e1s, se\u00f1al\u00f3 que dentro de los t\u00faneles se encontraron armas, alojamientos, tanques de agua y equipo para estancias prolongadas; uno de los t\u00faneles conten\u00eda alrededor de 10 habitaciones y se usaba principalmente para albergar a operativos de Hezbol\u00e1.<\/p>\n<p>Tambi\u00e9n se inform\u00f3 del hallazgo de pozos que conectaban los t\u00faneles con posiciones equipadas con lanzadores apuntando a territorio israel\u00ed. El ministro de Defensa israel\u00ed, Israel Katz, sostuvo que una \u201cexplosi\u00f3n masiva\u201d dej\u00f3 los t\u00faneles inoperables y que el ataque forma parte de la campa\u00f1a israel\u00ed para destruir la infraestructura de Hezbol\u00e1, tanto subterr\u00e1nea como en superficie, dentro de la llamada \u201czona de seguridad\u201d que Israel sit\u00faa hasta el r\u00edo Litani.<\/p>\n<p>El futuro del alto el fuego y la posibilidad de un acuerdo permanente permanecen inciertos. Israel condiciona la pr\u00f3rroga de la tregua a avances concretos en las conversaciones, mientras que Hezbol\u00e1 y el L\u00edbano mantienen una postura de rechazo a la presencia militar prolongada en su territorio. <\/p>\n<p>La mediaci\u00f3n estadounidense busca una salida diplom\u00e1tica, pero la destrucci\u00f3n de infraestructura y las declaraciones de continuidad de las operaciones militares por parte de Netanyahu complican el panorama y elevan la tensi\u00f3n en la regi\u00f3n.<\/p>\n<p>#AgenciaNA<\/p>\n","protected":false},"excerpt":{"rendered":"<p>Buenos Aires, 28 abril (NA) \u2014 Israel considera la extensi\u00f3n<\/p>\n","protected":false},"author":0,"featured_media":19211,"comment_status":"","ping_status":"","sticky":false,"template":"","format":"standard","meta":{"footnotes":""},"categories":[65],"tags":[],"class_list":["post-19210","post","type-post","status-publish","format-standard","has-post-thumbnail","hentry","category-pais"],"yoast_head":"<!-- This site is optimized with the Yoast SEO plugin v27.5 - https:\/\/yoast.com\/product\/yoast-seo-wordpress\/ -->\n<title>Israel fija mediados de mayo como fecha l\u00edmite para un acuerdo de alto el fuego permanente con L\u00edbano - Cuarteto en la Web<\/title>\n<meta name=\"robots\" content=\"index, follow, max-snippet:-1, max-image-preview:large, max-video-preview:-1\" \/>\n<link rel=\"canonical\" href=\"https:\/\/cuartetoenlaweb.com.ar\/sitio\/israel-fija-mediados-de-mayo-como-fecha-limite-para-un-acuerdo-de-alto-el-fuego-permanente-con-libano\/\" \/>\n<meta property=\"og:locale\" content=\"es_ES\" \/>\n<meta property=\"og:type\" content=\"article\" \/>\n<meta property=\"og:title\" content=\"Israel fija mediados de mayo como fecha l\u00edmite para un acuerdo de alto el fuego permanente con L\u00edbano - Cuarteto en la Web\" \/>\n<meta property=\"og:description\" content=\"Buenos Aires, 28 abril (NA) \u2014 Israel considera la extensi\u00f3n\" \/>\n<meta property=\"og:url\" content=\"https:\/\/cuartetoenlaweb.com.ar\/sitio\/israel-fija-mediados-de-mayo-como-fecha-limite-para-un-acuerdo-de-alto-el-fuego-permanente-con-libano\/\" \/>\n<meta property=\"og:site_name\" content=\"Cuarteto en la Web\" \/>\n<meta property=\"article:published_time\" content=\"2026-04-28T21:00:10+00:00\" \/>\n<meta name=\"twitter:card\" content=\"summary_large_image\" \/>\n<meta name=\"twitter:label1\" content=\"Tiempo de lectura\" \/>\n\t<meta name=\"twitter:data1\" content=\"3 minutos\" \/>\n<script type=\"application\/ld+json\" class=\"yoast-schema-graph\">{\"@context\":\"https:\\\/\\\/schema.org\",\"@graph\":[{\"@type\":\"Article\",\"@id\":\"https:\\\/\\\/cuartetoenlaweb.com.ar\\\/sitio\\\/israel-fija-mediados-de-mayo-como-fecha-limite-para-un-acuerdo-de-alto-el-fuego-permanente-con-libano\\\/#article\",\"isPartOf\":{\"@id\":\"https:\\\/\\\/cuartetoenlaweb.com.ar\\\/sitio\\\/israel-fija-mediados-de-mayo-como-fecha-limite-para-un-acuerdo-de-alto-el-fuego-permanente-con-libano\\\/\"},\"author\":{\"name\":\"\",\"@id\":\"\"},\"headline\":\"Israel fija mediados de mayo como fecha l\u00edmite para un acuerdo de alto el fuego permanente con L\u00edbano\",\"datePublished\":\"2026-04-28T21:00:10+00:00\",\"mainEntityOfPage\":{\"@id\":\"https:\\\/\\\/cuartetoenlaweb.com.ar\\\/sitio\\\/israel-fija-mediados-de-mayo-como-fecha-limite-para-un-acuerdo-de-alto-el-fuego-permanente-con-libano\\\/\"},\"wordCount\":546,\"publisher\":{\"@id\":\"http:\\\/\\\/cuartetoenlaweb.com.ar\\\/sitio\\\/#organization\"},\"image\":{\"@id\":\"https:\\\/\\\/cuartetoenlaweb.com.ar\\\/sitio\\\/israel-fija-mediados-de-mayo-como-fecha-limite-para-un-acuerdo-de-alto-el-fuego-permanente-con-libano\\\/#primaryimage\"},\"thumbnailUrl\":\"http:\\\/\\\/cuartetoenlaweb.com.ar\\\/sitio\\\/wp-content\\\/uploads\\\/2026\\\/04\\\/720-670.jpeg\",\"articleSection\":[\"PAIS\"],\"inLanguage\":\"es\"},{\"@type\":\"WebPage\",\"@id\":\"https:\\\/\\\/cuartetoenlaweb.com.ar\\\/sitio\\\/israel-fija-mediados-de-mayo-como-fecha-limite-para-un-acuerdo-de-alto-el-fuego-permanente-con-libano\\\/\",\"url\":\"https:\\\/\\\/cuartetoenlaweb.com.ar\\\/sitio\\\/israel-fija-mediados-de-mayo-como-fecha-limite-para-un-acuerdo-de-alto-el-fuego-permanente-con-libano\\\/\",\"name\":\"Israel fija mediados de mayo como fecha l\u00edmite para un acuerdo de alto el fuego permanente con L\u00edbano - Cuarteto en la Web\",\"isPartOf\":{\"@id\":\"http:\\\/\\\/cuartetoenlaweb.com.ar\\\/sitio\\\/#website\"},\"primaryImageOfPage\":{\"@id\":\"https:\\\/\\\/cuartetoenlaweb.com.ar\\\/sitio\\\/israel-fija-mediados-de-mayo-como-fecha-limite-para-un-acuerdo-de-alto-el-fuego-permanente-con-libano\\\/#primaryimage\"},\"image\":{\"@id\":\"https:\\\/\\\/cuartetoenlaweb.com.ar\\\/sitio\\\/israel-fija-mediados-de-mayo-como-fecha-limite-para-un-acuerdo-de-alto-el-fuego-permanente-con-libano\\\/#primaryimage\"},\"thumbnailUrl\":\"http:\\\/\\\/cuartetoenlaweb.com.ar\\\/sitio\\\/wp-content\\\/uploads\\\/2026\\\/04\\\/720-670.jpeg\",\"datePublished\":\"2026-04-28T21:00:10+00:00\",\"breadcrumb\":{\"@id\":\"https:\\\/\\\/cuartetoenlaweb.com.ar\\\/sitio\\\/israel-fija-mediados-de-mayo-como-fecha-limite-para-un-acuerdo-de-alto-el-fuego-permanente-con-libano\\\/#breadcrumb\"},\"inLanguage\":\"es\",\"potentialAction\":[{\"@type\":\"ReadAction\",\"target\":[\"https:\\\/\\\/cuartetoenlaweb.com.ar\\\/sitio\\\/israel-fija-mediados-de-mayo-como-fecha-limite-para-un-acuerdo-de-alto-el-fuego-permanente-con-libano\\\/\"]}]},{\"@type\":\"ImageObject\",\"inLanguage\":\"es\",\"@id\":\"https:\\\/\\\/cuartetoenlaweb.com.ar\\\/sitio\\\/israel-fija-mediados-de-mayo-como-fecha-limite-para-un-acuerdo-de-alto-el-fuego-permanente-con-libano\\\/#primaryimage\",\"url\":\"http:\\\/\\\/cuartetoenlaweb.com.ar\\\/sitio\\\/wp-content\\\/uploads\\\/2026\\\/04\\\/720-670.jpeg\",\"contentUrl\":\"http:\\\/\\\/cuartetoenlaweb.com.ar\\\/sitio\\\/wp-content\\\/uploads\\\/2026\\\/04\\\/720-670.jpeg\",\"width\":1050,\"height\":720},{\"@type\":\"BreadcrumbList\",\"@id\":\"https:\\\/\\\/cuartetoenlaweb.com.ar\\\/sitio\\\/israel-fija-mediados-de-mayo-como-fecha-limite-para-un-acuerdo-de-alto-el-fuego-permanente-con-libano\\\/#breadcrumb\",\"itemListElement\":[{\"@type\":\"ListItem\",\"position\":1,\"name\":\"Portada\",\"item\":\"http:\\\/\\\/cuartetoenlaweb.com.ar\\\/sitio\\\/\"},{\"@type\":\"ListItem\",\"position\":2,\"name\":\"Israel fija mediados de mayo como fecha l\u00edmite para un acuerdo de alto el fuego permanente con L\u00edbano\"}]},{\"@type\":\"WebSite\",\"@id\":\"http:\\\/\\\/cuartetoenlaweb.com.ar\\\/sitio\\\/#website\",\"url\":\"http:\\\/\\\/cuartetoenlaweb.com.ar\\\/sitio\\\/\",\"name\":\"Cuarteto en la Web\",\"description\":\"\",\"publisher\":{\"@id\":\"http:\\\/\\\/cuartetoenlaweb.com.ar\\\/sitio\\\/#organization\"},\"potentialAction\":[{\"@type\":\"SearchAction\",\"target\":{\"@type\":\"EntryPoint\",\"urlTemplate\":\"http:\\\/\\\/cuartetoenlaweb.com.ar\\\/sitio\\\/?s={search_term_string}\"},\"query-input\":{\"@type\":\"PropertyValueSpecification\",\"valueRequired\":true,\"valueName\":\"search_term_string\"}}],\"inLanguage\":\"es\"},{\"@type\":\"Organization\",\"@id\":\"http:\\\/\\\/cuartetoenlaweb.com.ar\\\/sitio\\\/#organization\",\"name\":\"Cuarteto en la Web\",\"url\":\"http:\\\/\\\/cuartetoenlaweb.com.ar\\\/sitio\\\/\",\"logo\":{\"@type\":\"ImageObject\",\"inLanguage\":\"es\",\"@id\":\"http:\\\/\\\/cuartetoenlaweb.com.ar\\\/sitio\\\/#\\\/schema\\\/logo\\\/image\\\/\",\"url\":\"http:\\\/\\\/cuartetoenlaweb.com.ar\\\/sitio\\\/wp-content\\\/uploads\\\/2025\\\/07\\\/cropped-cropped-logitoweb21.png\",\"contentUrl\":\"http:\\\/\\\/cuartetoenlaweb.com.ar\\\/sitio\\\/wp-content\\\/uploads\\\/2025\\\/07\\\/cropped-cropped-logitoweb21.png\",\"width\":199,\"height\":199,\"caption\":\"Cuarteto en la Web\"},\"image\":{\"@id\":\"http:\\\/\\\/cuartetoenlaweb.com.ar\\\/sitio\\\/#\\\/schema\\\/logo\\\/image\\\/\"}}]}<\/script>\n<!-- \/ Yoast SEO plugin. -->","yoast_head_json":{"title":"Israel fija mediados de mayo como fecha l\u00edmite para un acuerdo de alto el fuego permanente con L\u00edbano - Cuarteto en la Web","robots":{"index":"index","follow":"follow","max-snippet":"max-snippet:-1","max-image-preview":"max-image-preview:large","max-video-preview":"max-video-preview:-1"},"canonical":"https:\/\/cuartetoenlaweb.com.ar\/sitio\/israel-fija-mediados-de-mayo-como-fecha-limite-para-un-acuerdo-de-alto-el-fuego-permanente-con-libano\/","og_locale":"es_ES","og_type":"article","og_title":"Israel fija mediados de mayo como fecha l\u00edmite para un acuerdo de alto el fuego permanente con L\u00edbano - Cuarteto en la Web","og_description":"Buenos Aires, 28 abril (NA) \u2014 Israel considera la extensi\u00f3n","og_url":"https:\/\/cuartetoenlaweb.com.ar\/sitio\/israel-fija-mediados-de-mayo-como-fecha-limite-para-un-acuerdo-de-alto-el-fuego-permanente-con-libano\/","og_site_name":"Cuarteto en la Web","article_published_time":"2026-04-28T21:00:10+00:00","twitter_card":"summary_large_image","twitter_misc":{"Tiempo de lectura":"3 minutos"},"schema":{"@context":"https:\/\/schema.org","@graph":[{"@type":"Article","@id":"https:\/\/cuartetoenlaweb.com.ar\/sitio\/israel-fija-mediados-de-mayo-como-fecha-limite-para-un-acuerdo-de-alto-el-fuego-permanente-con-libano\/#article","isPartOf":{"@id":"https:\/\/cuartetoenlaweb.com.ar\/sitio\/israel-fija-mediados-de-mayo-como-fecha-limite-para-un-acuerdo-de-alto-el-fuego-permanente-con-libano\/"},"author":{"name":"","@id":""},"headline":"Israel fija mediados de mayo como fecha l\u00edmite para un acuerdo de alto el fuego permanente con L\u00edbano","datePublished":"2026-04-28T21:00:10+00:00","mainEntityOfPage":{"@id":"https:\/\/cuartetoenlaweb.com.ar\/sitio\/israel-fija-mediados-de-mayo-como-fecha-limite-para-un-acuerdo-de-alto-el-fuego-permanente-con-libano\/"},"wordCount":546,"publisher":{"@id":"http:\/\/cuartetoenlaweb.com.ar\/sitio\/#organization"},"image":{"@id":"https:\/\/cuartetoenlaweb.com.ar\/sitio\/israel-fija-mediados-de-mayo-como-fecha-limite-para-un-acuerdo-de-alto-el-fuego-permanente-con-libano\/#primaryimage"},"thumbnailUrl":"http:\/\/cuartetoenlaweb.com.ar\/sitio\/wp-content\/uploads\/2026\/04\/720-670.jpeg","articleSection":["PAIS"],"inLanguage":"es"},{"@type":"WebPage","@id":"https:\/\/cuartetoenlaweb.com.ar\/sitio\/israel-fija-mediados-de-mayo-como-fecha-limite-para-un-acuerdo-de-alto-el-fuego-permanente-con-libano\/","url":"https:\/\/cuartetoenlaweb.com.ar\/sitio\/israel-fija-mediados-de-mayo-como-fecha-limite-para-un-acuerdo-de-alto-el-fuego-permanente-con-libano\/","name":"Israel fija mediados de mayo como fecha l\u00edmite para un acuerdo de alto el fuego permanente con L\u00edbano - Cuarteto en la Web","isPartOf":{"@id":"http:\/\/cuartetoenlaweb.com.ar\/sitio\/#website"},"primaryImageOfPage":{"@id":"https:\/\/cuartetoenlaweb.com.ar\/sitio\/israel-fija-mediados-de-mayo-como-fecha-limite-para-un-acuerdo-de-alto-el-fuego-permanente-con-libano\/#primaryimage"},"image":{"@id":"https:\/\/cuartetoenlaweb.com.ar\/sitio\/israel-fija-mediados-de-mayo-como-fecha-limite-para-un-acuerdo-de-alto-el-fuego-permanente-con-libano\/#primaryimage"},"thumbnailUrl":"http:\/\/cuartetoenlaweb.com.ar\/sitio\/wp-content\/uploads\/2026\/04\/720-670.jpeg","datePublished":"2026-04-28T21:00:10+00:00","breadcrumb":{"@id":"https:\/\/cuartetoenlaweb.com.ar\/sitio\/israel-fija-mediados-de-mayo-como-fecha-limite-para-un-acuerdo-de-alto-el-fuego-permanente-con-libano\/#breadcrumb"},"inLanguage":"es","potentialAction":[{"@type":"ReadAction","target":["https:\/\/cuartetoenlaweb.com.ar\/sitio\/israel-fija-mediados-de-mayo-como-fecha-limite-para-un-acuerdo-de-alto-el-fuego-permanente-con-libano\/"]}]},{"@type":"ImageObject","inLanguage":"es","@id":"https:\/\/cuartetoenlaweb.com.ar\/sitio\/israel-fija-mediados-de-mayo-como-fecha-limite-para-un-acuerdo-de-alto-el-fuego-permanente-con-libano\/#primaryimage","url":"http:\/\/cuartetoenlaweb.com.ar\/sitio\/wp-content\/uploads\/2026\/04\/720-670.jpeg","contentUrl":"http:\/\/cuartetoenlaweb.com.ar\/sitio\/wp-content\/uploads\/2026\/04\/720-670.jpeg","width":1050,"height":720},{"@type":"BreadcrumbList","@id":"https:\/\/cuartetoenlaweb.com.ar\/sitio\/israel-fija-mediados-de-mayo-como-fecha-limite-para-un-acuerdo-de-alto-el-fuego-permanente-con-libano\/#breadcrumb","itemListElement":[{"@type":"ListItem","position":1,"name":"Portada","item":"http:\/\/cuartetoenlaweb.com.ar\/sitio\/"},{"@type":"ListItem","position":2,"name":"Israel fija mediados de mayo como fecha l\u00edmite para un acuerdo de alto el fuego permanente con L\u00edbano"}]},{"@type":"WebSite","@id":"http:\/\/cuartetoenlaweb.com.ar\/sitio\/#website","url":"http:\/\/cuartetoenlaweb.com.ar\/sitio\/","name":"Cuarteto en la Web","description":"","publisher":{"@id":"http:\/\/cuartetoenlaweb.com.ar\/sitio\/#organization"},"potentialAction":[{"@type":"SearchAction","target":{"@type":"EntryPoint","urlTemplate":"http:\/\/cuartetoenlaweb.com.ar\/sitio\/?s={search_term_string}"},"query-input":{"@type":"PropertyValueSpecification","valueRequired":true,"valueName":"search_term_string"}}],"inLanguage":"es"},{"@type":"Organization","@id":"http:\/\/cuartetoenlaweb.com.ar\/sitio\/#organization","name":"Cuarteto en la Web","url":"http:\/\/cuartetoenlaweb.com.ar\/sitio\/","logo":{"@type":"ImageObject","inLanguage":"es","@id":"http:\/\/cuartetoenlaweb.com.ar\/sitio\/#\/schema\/logo\/image\/","url":"http:\/\/cuartetoenlaweb.com.ar\/sitio\/wp-content\/uploads\/2025\/07\/cropped-cropped-logitoweb21.png","contentUrl":"http:\/\/cuartetoenlaweb.com.ar\/sitio\/wp-content\/uploads\/2025\/07\/cropped-cropped-logitoweb21.png","width":199,"height":199,"caption":"Cuarteto en la Web"},"image":{"@id":"http:\/\/cuartetoenlaweb.com.ar\/sitio\/#\/schema\/logo\/image\/"}}]}},"_links":{"self":[{"href":"http:\/\/cuartetoenlaweb.com.ar\/sitio\/wp-json\/wp\/v2\/posts\/19210","targetHints":{"allow":["GET"]}}],"collection":[{"href":"http:\/\/cuartetoenlaweb.com.ar\/sitio\/wp-json\/wp\/v2\/posts"}],"about":[{"href":"http:\/\/cuartetoenlaweb.com.ar\/sitio\/wp-json\/wp\/v2\/types\/post"}],"replies":[{"embeddable":true,"href":"http:\/\/cuartetoenlaweb.com.ar\/sitio\/wp-json\/wp\/v2\/comments?post=19210"}],"version-history":[{"count":0,"href":"http:\/\/cuartetoenlaweb.com.ar\/sitio\/wp-json\/wp\/v2\/posts\/19210\/revisions"}],"wp:featuredmedia":[{"embeddable":true,"href":"http:\/\/cuartetoenlaweb.com.ar\/sitio\/wp-json\/wp\/v2\/media\/19211"}],"wp:attachment":[{"href":"http:\/\/cuartetoenlaweb.com.ar\/sitio\/wp-json\/wp\/v2\/media?parent=19210"}],"wp:term":[{"taxonomy":"category","embeddable":true,"href":"http:\/\/cuartetoenlaweb.com.ar\/sitio\/wp-json\/wp\/v2\/categories?post=19210"},{"taxonomy":"post_tag","embeddable":true,"href":"http:\/\/cuartetoenlaweb.com.ar\/sitio\/wp-json\/wp\/v2\/tags?post=19210"}],"curies":[{"name":"wp","href":"https:\/\/api.w.org\/{rel}","templated":true}]}}