
{"id":19206,"date":"2026-04-28T18:00:03","date_gmt":"2026-04-28T21:00:03","guid":{"rendered":"https:\/\/cuartetoenlaweb.com.ar\/sitio\/nuestra-alianza-no-puede-dormirse-en-los-laureles-dijo-carlos-iii-en-el-capitolio\/"},"modified":"2026-04-28T18:00:03","modified_gmt":"2026-04-28T21:00:03","slug":"nuestra-alianza-no-puede-dormirse-en-los-laureles-dijo-carlos-iii-en-el-capitolio","status":"publish","type":"post","link":"http:\/\/cuartetoenlaweb.com.ar\/sitio\/nuestra-alianza-no-puede-dormirse-en-los-laureles-dijo-carlos-iii-en-el-capitolio\/","title":{"rendered":"\u201cNuestra alianza no puede dormirse en los laureles\u201d, dijo Carlos III en el Capitolio"},"content":{"rendered":"<p>Buenos Aires, 28 abril (NA) \u2014 El rey de Inglaterra, Carlos III, afirm\u00f3 hoy ante ambas c\u00e1maras legislativas de Estados Unidos en el Capitolio que \u201cla alianza que nuestras dos naciones han forjado a lo largo de los siglos\u201d hoy es \u201cm\u00e1s importante que nunca\u201d, pero que \u201cno puede dormirse en los laureles ni dar por sentado que los principios fundamentales perduran\u201d.<\/p>\n<p>\u201cLos desaf\u00edos a los que nos enfrentamos son demasiado grandes para que una sola naci\u00f3n los afronte en solitario. Pero en este entorno impredecible, nuestra alianza no puede dormirse en los laureles ni dar por sentado que los principios fundamentales perduran\u201d, declar\u00f3.<\/p>\n<p>Se trata del segundo discurso de un monarca brit\u00e1nico ante el Congreso de Estados Unidos desde que Isabel II habl\u00f3 en 1991.<\/p>\n<p>Carlos III cit\u00f3 las declaraciones del primer ministro brit\u00e1nico, Keir Starmer, del mes pasado, en las que afirm\u00f3: \u201cLa nuestra es una alianza indispensable. No debemos ignorar todo lo que nos ha sostenido durante los \u00faltimos 80 a\u00f1os. Al contrario, debemos seguir construyendo sobre ello\u201d.<\/p>\n<p>Reafirm\u00f3 la existencia de una relaci\u00f3n \u201cverdaderamente \u00fanica\u201d entre ambos pa\u00edses, y record\u00f3 que el primer soberano brit\u00e1nico en visitar Estados Unidos fue su abuelo, el rey Jorge VI, en 1939. \u201cLas fuerzas del fascismo en Europa estaban en marcha, y tiempo atr\u00e1s Estados Unidos se hab\u00eda unido a nosotros en la defensa de la libertad. Nuestros valores compartidos prevalecieron\u201d.<\/p>\n<p>El rey brit\u00e1nico tambi\u00e9n se refiri\u00f3 al reciente tiroteo durante la cena de corresponsales de la Casa Blanca y las divisiones actuales dentro de los Estados Unidos.<\/p>\n<p>\u201cNos reunimos tambi\u00e9n, tras el incidente ocurrido no muy lejos de este gran edificio, que pretend\u00eda perjudicar al liderazgo de su naci\u00f3n y fomentar un mayor temor y discordia\u201d, dijo y subray\u00f3 que \u201ctales actos de violencia jam\u00e1s tendr\u00e1n \u00e9xito\u201d, recibiendo aplausos del Congreso.<\/p>\n<p>El rey Carlos III afirm\u00f3: \u201cCualesquiera que sean nuestras diferencias, cualesquiera que sean nuestros desacuerdos, permanecemos unidos en nuestro compromiso de defender la democracia, de proteger a todos nuestros ciudadanos de cualquier da\u00f1o y de rendir homenaje a la valent\u00eda de quienes arriesgan diariamente sus vidas al servicio de nuestros pa\u00edses\u201d.<\/p>\n<p>Agreg\u00f3 que nos reunimos en tiempos de gran incertidumbre; en tiempos de conflicto, desde Europa hasta Oriente Medio, que plantean inmensos desaf\u00edos para la comunidad internacional y cuyo impacto se siente en comunidades a lo largo y ancho de nuestros propios pa\u00edses\u201d.<\/p>\n<p>Coment\u00f3 que la relaci\u00f3n entre Estados Unidos y el Reino Unido \u201cnaci\u00f3 de una disputa\u201d en 1776, \u201cpero no por ello es menos s\u00f3lida\u201d.<\/p>\n<p>La menci\u00f3n de Carlos sobre el desacuerdo entre los dos aliados hist\u00f3ricamente cercanos se produce en un momento en que Estados Unidos y el Reino Unido est\u00e1n enfrentados por la guerra con Ir\u00e1n.<\/p>\n<p>El primer ministro brit\u00e1nico, Keir Starmer, ha negado las peticiones del presidente de Estados Unidos, Donald Trump, para intervenir en la guerra, seg\u00fan supo la Agencia Noticias Argentinas.<\/p>\n<p>Estas tensiones alcanzaron un nuevo punto \u00e1lgido cuando Reuters public\u00f3 la semana pasada un correo electr\u00f3nico interno del Pent\u00e1gono que propon\u00eda castigar al Reino Unido por su postura sobre Ir\u00e1n revisando la posici\u00f3n de Estados Unidos sobre las Islas Malvinas.<\/p>\n<p>En el tramo final de su alocuci\u00f3n, Carlos III hizo un llamamiento para que Estados Unidos ayude a financiar la defensa de Ucrania, comparando la situaci\u00f3n con el apoyo de la OTAN a Estados Unidos tras los atentados del 11 de septiembre.<\/p>\n<p>\u201cHoy, se\u00f1or presidente, se necesita esa misma determinaci\u00f3n inquebrantable para la defensa de Ucrania y de su valiente pueblo. Se necesita para lograr una paz verdaderamente justa y duradera\u201d, dijo.<\/p>\n<p>Subray\u00f3 adem\u00e1s que \u201cdesde las profundidades del Atl\u00e1ntico hasta el desastroso deshielo de los casquetes polares del \u00c1rtico, el compromiso y la experiencia de las Fuerzas Armadas de Estados Unidos y sus aliados constituyen la base de la OTAN\u201d, comprometidos con la defensa mutua, la protecci\u00f3n de nuestros ciudadanos e intereses y la seguridad de los norteamericanos y europeos frente a nuestros adversarios comunes.<\/p>\n<p>#AgenciaNA<\/p>\n","protected":false},"excerpt":{"rendered":"<p>Buenos Aires, 28 abril (NA) \u2014 El rey de Inglaterra,<\/p>\n","protected":false},"author":0,"featured_media":19207,"comment_status":"","ping_status":"","sticky":false,"template":"","format":"standard","meta":{"footnotes":""},"categories":[65],"tags":[],"class_list":["post-19206","post","type-post","status-publish","format-standard","has-post-thumbnail","hentry","category-pais"],"yoast_head":"<!-- This site is optimized with the Yoast SEO plugin v27.5 - https:\/\/yoast.com\/product\/yoast-seo-wordpress\/ -->\n<title>\u201cNuestra alianza no puede dormirse en los laureles\u201d, dijo Carlos III en el Capitolio - Cuarteto en la Web<\/title>\n<meta name=\"robots\" content=\"index, follow, max-snippet:-1, max-image-preview:large, max-video-preview:-1\" \/>\n<link rel=\"canonical\" href=\"https:\/\/cuartetoenlaweb.com.ar\/sitio\/nuestra-alianza-no-puede-dormirse-en-los-laureles-dijo-carlos-iii-en-el-capitolio\/\" \/>\n<meta property=\"og:locale\" content=\"es_ES\" \/>\n<meta property=\"og:type\" content=\"article\" \/>\n<meta property=\"og:title\" content=\"\u201cNuestra alianza no puede dormirse en los laureles\u201d, dijo Carlos III en el Capitolio - Cuarteto en la Web\" \/>\n<meta property=\"og:description\" content=\"Buenos Aires, 28 abril (NA) \u2014 El rey de Inglaterra,\" \/>\n<meta property=\"og:url\" content=\"https:\/\/cuartetoenlaweb.com.ar\/sitio\/nuestra-alianza-no-puede-dormirse-en-los-laureles-dijo-carlos-iii-en-el-capitolio\/\" \/>\n<meta property=\"og:site_name\" content=\"Cuarteto en la Web\" \/>\n<meta property=\"article:published_time\" content=\"2026-04-28T21:00:03+00:00\" \/>\n<meta name=\"twitter:card\" content=\"summary_large_image\" \/>\n<meta name=\"twitter:label1\" content=\"Tiempo de lectura\" \/>\n\t<meta name=\"twitter:data1\" content=\"3 minutos\" \/>\n<script type=\"application\/ld+json\" class=\"yoast-schema-graph\">{\"@context\":\"https:\\\/\\\/schema.org\",\"@graph\":[{\"@type\":\"Article\",\"@id\":\"https:\\\/\\\/cuartetoenlaweb.com.ar\\\/sitio\\\/nuestra-alianza-no-puede-dormirse-en-los-laureles-dijo-carlos-iii-en-el-capitolio\\\/#article\",\"isPartOf\":{\"@id\":\"https:\\\/\\\/cuartetoenlaweb.com.ar\\\/sitio\\\/nuestra-alianza-no-puede-dormirse-en-los-laureles-dijo-carlos-iii-en-el-capitolio\\\/\"},\"author\":{\"name\":\"\",\"@id\":\"\"},\"headline\":\"\u201cNuestra alianza no puede dormirse en los laureles\u201d, dijo Carlos III en el Capitolio\",\"datePublished\":\"2026-04-28T21:00:03+00:00\",\"mainEntityOfPage\":{\"@id\":\"https:\\\/\\\/cuartetoenlaweb.com.ar\\\/sitio\\\/nuestra-alianza-no-puede-dormirse-en-los-laureles-dijo-carlos-iii-en-el-capitolio\\\/\"},\"wordCount\":708,\"publisher\":{\"@id\":\"http:\\\/\\\/cuartetoenlaweb.com.ar\\\/sitio\\\/#organization\"},\"image\":{\"@id\":\"https:\\\/\\\/cuartetoenlaweb.com.ar\\\/sitio\\\/nuestra-alianza-no-puede-dormirse-en-los-laureles-dijo-carlos-iii-en-el-capitolio\\\/#primaryimage\"},\"thumbnailUrl\":\"http:\\\/\\\/cuartetoenlaweb.com.ar\\\/sitio\\\/wp-content\\\/uploads\\\/2026\\\/04\\\/720-668.jpeg\",\"articleSection\":[\"PAIS\"],\"inLanguage\":\"es\"},{\"@type\":\"WebPage\",\"@id\":\"https:\\\/\\\/cuartetoenlaweb.com.ar\\\/sitio\\\/nuestra-alianza-no-puede-dormirse-en-los-laureles-dijo-carlos-iii-en-el-capitolio\\\/\",\"url\":\"https:\\\/\\\/cuartetoenlaweb.com.ar\\\/sitio\\\/nuestra-alianza-no-puede-dormirse-en-los-laureles-dijo-carlos-iii-en-el-capitolio\\\/\",\"name\":\"\u201cNuestra alianza no puede dormirse en los laureles\u201d, dijo Carlos III en el Capitolio - Cuarteto en la Web\",\"isPartOf\":{\"@id\":\"http:\\\/\\\/cuartetoenlaweb.com.ar\\\/sitio\\\/#website\"},\"primaryImageOfPage\":{\"@id\":\"https:\\\/\\\/cuartetoenlaweb.com.ar\\\/sitio\\\/nuestra-alianza-no-puede-dormirse-en-los-laureles-dijo-carlos-iii-en-el-capitolio\\\/#primaryimage\"},\"image\":{\"@id\":\"https:\\\/\\\/cuartetoenlaweb.com.ar\\\/sitio\\\/nuestra-alianza-no-puede-dormirse-en-los-laureles-dijo-carlos-iii-en-el-capitolio\\\/#primaryimage\"},\"thumbnailUrl\":\"http:\\\/\\\/cuartetoenlaweb.com.ar\\\/sitio\\\/wp-content\\\/uploads\\\/2026\\\/04\\\/720-668.jpeg\",\"datePublished\":\"2026-04-28T21:00:03+00:00\",\"breadcrumb\":{\"@id\":\"https:\\\/\\\/cuartetoenlaweb.com.ar\\\/sitio\\\/nuestra-alianza-no-puede-dormirse-en-los-laureles-dijo-carlos-iii-en-el-capitolio\\\/#breadcrumb\"},\"inLanguage\":\"es\",\"potentialAction\":[{\"@type\":\"ReadAction\",\"target\":[\"https:\\\/\\\/cuartetoenlaweb.com.ar\\\/sitio\\\/nuestra-alianza-no-puede-dormirse-en-los-laureles-dijo-carlos-iii-en-el-capitolio\\\/\"]}]},{\"@type\":\"ImageObject\",\"inLanguage\":\"es\",\"@id\":\"https:\\\/\\\/cuartetoenlaweb.com.ar\\\/sitio\\\/nuestra-alianza-no-puede-dormirse-en-los-laureles-dijo-carlos-iii-en-el-capitolio\\\/#primaryimage\",\"url\":\"http:\\\/\\\/cuartetoenlaweb.com.ar\\\/sitio\\\/wp-content\\\/uploads\\\/2026\\\/04\\\/720-668.jpeg\",\"contentUrl\":\"http:\\\/\\\/cuartetoenlaweb.com.ar\\\/sitio\\\/wp-content\\\/uploads\\\/2026\\\/04\\\/720-668.jpeg\",\"width\":1081,\"height\":720},{\"@type\":\"BreadcrumbList\",\"@id\":\"https:\\\/\\\/cuartetoenlaweb.com.ar\\\/sitio\\\/nuestra-alianza-no-puede-dormirse-en-los-laureles-dijo-carlos-iii-en-el-capitolio\\\/#breadcrumb\",\"itemListElement\":[{\"@type\":\"ListItem\",\"position\":1,\"name\":\"Portada\",\"item\":\"http:\\\/\\\/cuartetoenlaweb.com.ar\\\/sitio\\\/\"},{\"@type\":\"ListItem\",\"position\":2,\"name\":\"\u201cNuestra alianza no puede dormirse en los laureles\u201d, dijo Carlos III en el Capitolio\"}]},{\"@type\":\"WebSite\",\"@id\":\"http:\\\/\\\/cuartetoenlaweb.com.ar\\\/sitio\\\/#website\",\"url\":\"http:\\\/\\\/cuartetoenlaweb.com.ar\\\/sitio\\\/\",\"name\":\"Cuarteto en la Web\",\"description\":\"\",\"publisher\":{\"@id\":\"http:\\\/\\\/cuartetoenlaweb.com.ar\\\/sitio\\\/#organization\"},\"potentialAction\":[{\"@type\":\"SearchAction\",\"target\":{\"@type\":\"EntryPoint\",\"urlTemplate\":\"http:\\\/\\\/cuartetoenlaweb.com.ar\\\/sitio\\\/?s={search_term_string}\"},\"query-input\":{\"@type\":\"PropertyValueSpecification\",\"valueRequired\":true,\"valueName\":\"search_term_string\"}}],\"inLanguage\":\"es\"},{\"@type\":\"Organization\",\"@id\":\"http:\\\/\\\/cuartetoenlaweb.com.ar\\\/sitio\\\/#organization\",\"name\":\"Cuarteto en la Web\",\"url\":\"http:\\\/\\\/cuartetoenlaweb.com.ar\\\/sitio\\\/\",\"logo\":{\"@type\":\"ImageObject\",\"inLanguage\":\"es\",\"@id\":\"http:\\\/\\\/cuartetoenlaweb.com.ar\\\/sitio\\\/#\\\/schema\\\/logo\\\/image\\\/\",\"url\":\"http:\\\/\\\/cuartetoenlaweb.com.ar\\\/sitio\\\/wp-content\\\/uploads\\\/2025\\\/07\\\/cropped-cropped-logitoweb21.png\",\"contentUrl\":\"http:\\\/\\\/cuartetoenlaweb.com.ar\\\/sitio\\\/wp-content\\\/uploads\\\/2025\\\/07\\\/cropped-cropped-logitoweb21.png\",\"width\":199,\"height\":199,\"caption\":\"Cuarteto en la Web\"},\"image\":{\"@id\":\"http:\\\/\\\/cuartetoenlaweb.com.ar\\\/sitio\\\/#\\\/schema\\\/logo\\\/image\\\/\"}}]}<\/script>\n<!-- \/ Yoast SEO plugin. -->","yoast_head_json":{"title":"\u201cNuestra alianza no puede dormirse en los laureles\u201d, dijo Carlos III en el Capitolio - Cuarteto en la Web","robots":{"index":"index","follow":"follow","max-snippet":"max-snippet:-1","max-image-preview":"max-image-preview:large","max-video-preview":"max-video-preview:-1"},"canonical":"https:\/\/cuartetoenlaweb.com.ar\/sitio\/nuestra-alianza-no-puede-dormirse-en-los-laureles-dijo-carlos-iii-en-el-capitolio\/","og_locale":"es_ES","og_type":"article","og_title":"\u201cNuestra alianza no puede dormirse en los laureles\u201d, dijo Carlos III en el Capitolio - Cuarteto en la Web","og_description":"Buenos Aires, 28 abril (NA) \u2014 El rey de Inglaterra,","og_url":"https:\/\/cuartetoenlaweb.com.ar\/sitio\/nuestra-alianza-no-puede-dormirse-en-los-laureles-dijo-carlos-iii-en-el-capitolio\/","og_site_name":"Cuarteto en la Web","article_published_time":"2026-04-28T21:00:03+00:00","twitter_card":"summary_large_image","twitter_misc":{"Tiempo de lectura":"3 minutos"},"schema":{"@context":"https:\/\/schema.org","@graph":[{"@type":"Article","@id":"https:\/\/cuartetoenlaweb.com.ar\/sitio\/nuestra-alianza-no-puede-dormirse-en-los-laureles-dijo-carlos-iii-en-el-capitolio\/#article","isPartOf":{"@id":"https:\/\/cuartetoenlaweb.com.ar\/sitio\/nuestra-alianza-no-puede-dormirse-en-los-laureles-dijo-carlos-iii-en-el-capitolio\/"},"author":{"name":"","@id":""},"headline":"\u201cNuestra alianza no puede dormirse en los laureles\u201d, dijo Carlos III en el Capitolio","datePublished":"2026-04-28T21:00:03+00:00","mainEntityOfPage":{"@id":"https:\/\/cuartetoenlaweb.com.ar\/sitio\/nuestra-alianza-no-puede-dormirse-en-los-laureles-dijo-carlos-iii-en-el-capitolio\/"},"wordCount":708,"publisher":{"@id":"http:\/\/cuartetoenlaweb.com.ar\/sitio\/#organization"},"image":{"@id":"https:\/\/cuartetoenlaweb.com.ar\/sitio\/nuestra-alianza-no-puede-dormirse-en-los-laureles-dijo-carlos-iii-en-el-capitolio\/#primaryimage"},"thumbnailUrl":"http:\/\/cuartetoenlaweb.com.ar\/sitio\/wp-content\/uploads\/2026\/04\/720-668.jpeg","articleSection":["PAIS"],"inLanguage":"es"},{"@type":"WebPage","@id":"https:\/\/cuartetoenlaweb.com.ar\/sitio\/nuestra-alianza-no-puede-dormirse-en-los-laureles-dijo-carlos-iii-en-el-capitolio\/","url":"https:\/\/cuartetoenlaweb.com.ar\/sitio\/nuestra-alianza-no-puede-dormirse-en-los-laureles-dijo-carlos-iii-en-el-capitolio\/","name":"\u201cNuestra alianza no puede dormirse en los laureles\u201d, dijo Carlos III en el Capitolio - Cuarteto en la Web","isPartOf":{"@id":"http:\/\/cuartetoenlaweb.com.ar\/sitio\/#website"},"primaryImageOfPage":{"@id":"https:\/\/cuartetoenlaweb.com.ar\/sitio\/nuestra-alianza-no-puede-dormirse-en-los-laureles-dijo-carlos-iii-en-el-capitolio\/#primaryimage"},"image":{"@id":"https:\/\/cuartetoenlaweb.com.ar\/sitio\/nuestra-alianza-no-puede-dormirse-en-los-laureles-dijo-carlos-iii-en-el-capitolio\/#primaryimage"},"thumbnailUrl":"http:\/\/cuartetoenlaweb.com.ar\/sitio\/wp-content\/uploads\/2026\/04\/720-668.jpeg","datePublished":"2026-04-28T21:00:03+00:00","breadcrumb":{"@id":"https:\/\/cuartetoenlaweb.com.ar\/sitio\/nuestra-alianza-no-puede-dormirse-en-los-laureles-dijo-carlos-iii-en-el-capitolio\/#breadcrumb"},"inLanguage":"es","potentialAction":[{"@type":"ReadAction","target":["https:\/\/cuartetoenlaweb.com.ar\/sitio\/nuestra-alianza-no-puede-dormirse-en-los-laureles-dijo-carlos-iii-en-el-capitolio\/"]}]},{"@type":"ImageObject","inLanguage":"es","@id":"https:\/\/cuartetoenlaweb.com.ar\/sitio\/nuestra-alianza-no-puede-dormirse-en-los-laureles-dijo-carlos-iii-en-el-capitolio\/#primaryimage","url":"http:\/\/cuartetoenlaweb.com.ar\/sitio\/wp-content\/uploads\/2026\/04\/720-668.jpeg","contentUrl":"http:\/\/cuartetoenlaweb.com.ar\/sitio\/wp-content\/uploads\/2026\/04\/720-668.jpeg","width":1081,"height":720},{"@type":"BreadcrumbList","@id":"https:\/\/cuartetoenlaweb.com.ar\/sitio\/nuestra-alianza-no-puede-dormirse-en-los-laureles-dijo-carlos-iii-en-el-capitolio\/#breadcrumb","itemListElement":[{"@type":"ListItem","position":1,"name":"Portada","item":"http:\/\/cuartetoenlaweb.com.ar\/sitio\/"},{"@type":"ListItem","position":2,"name":"\u201cNuestra alianza no puede dormirse en los laureles\u201d, dijo Carlos III en el Capitolio"}]},{"@type":"WebSite","@id":"http:\/\/cuartetoenlaweb.com.ar\/sitio\/#website","url":"http:\/\/cuartetoenlaweb.com.ar\/sitio\/","name":"Cuarteto en la Web","description":"","publisher":{"@id":"http:\/\/cuartetoenlaweb.com.ar\/sitio\/#organization"},"potentialAction":[{"@type":"SearchAction","target":{"@type":"EntryPoint","urlTemplate":"http:\/\/cuartetoenlaweb.com.ar\/sitio\/?s={search_term_string}"},"query-input":{"@type":"PropertyValueSpecification","valueRequired":true,"valueName":"search_term_string"}}],"inLanguage":"es"},{"@type":"Organization","@id":"http:\/\/cuartetoenlaweb.com.ar\/sitio\/#organization","name":"Cuarteto en la Web","url":"http:\/\/cuartetoenlaweb.com.ar\/sitio\/","logo":{"@type":"ImageObject","inLanguage":"es","@id":"http:\/\/cuartetoenlaweb.com.ar\/sitio\/#\/schema\/logo\/image\/","url":"http:\/\/cuartetoenlaweb.com.ar\/sitio\/wp-content\/uploads\/2025\/07\/cropped-cropped-logitoweb21.png","contentUrl":"http:\/\/cuartetoenlaweb.com.ar\/sitio\/wp-content\/uploads\/2025\/07\/cropped-cropped-logitoweb21.png","width":199,"height":199,"caption":"Cuarteto en la Web"},"image":{"@id":"http:\/\/cuartetoenlaweb.com.ar\/sitio\/#\/schema\/logo\/image\/"}}]}},"_links":{"self":[{"href":"http:\/\/cuartetoenlaweb.com.ar\/sitio\/wp-json\/wp\/v2\/posts\/19206","targetHints":{"allow":["GET"]}}],"collection":[{"href":"http:\/\/cuartetoenlaweb.com.ar\/sitio\/wp-json\/wp\/v2\/posts"}],"about":[{"href":"http:\/\/cuartetoenlaweb.com.ar\/sitio\/wp-json\/wp\/v2\/types\/post"}],"replies":[{"embeddable":true,"href":"http:\/\/cuartetoenlaweb.com.ar\/sitio\/wp-json\/wp\/v2\/comments?post=19206"}],"version-history":[{"count":0,"href":"http:\/\/cuartetoenlaweb.com.ar\/sitio\/wp-json\/wp\/v2\/posts\/19206\/revisions"}],"wp:featuredmedia":[{"embeddable":true,"href":"http:\/\/cuartetoenlaweb.com.ar\/sitio\/wp-json\/wp\/v2\/media\/19207"}],"wp:attachment":[{"href":"http:\/\/cuartetoenlaweb.com.ar\/sitio\/wp-json\/wp\/v2\/media?parent=19206"}],"wp:term":[{"taxonomy":"category","embeddable":true,"href":"http:\/\/cuartetoenlaweb.com.ar\/sitio\/wp-json\/wp\/v2\/categories?post=19206"},{"taxonomy":"post_tag","embeddable":true,"href":"http:\/\/cuartetoenlaweb.com.ar\/sitio\/wp-json\/wp\/v2\/tags?post=19206"}],"curies":[{"name":"wp","href":"https:\/\/api.w.org\/{rel}","templated":true}]}}