
{"id":19202,"date":"2026-04-28T15:00:26","date_gmt":"2026-04-28T18:00:26","guid":{"rendered":"http:\/\/cuartetoenlaweb.com.ar\/sitio\/desfile-de-mascotas-en-el-colegio-11-de-septiembre-una-manana-de-diversion-y-salud-animal-en-santa-ana-ii\/"},"modified":"2026-04-28T15:00:26","modified_gmt":"2026-04-28T18:00:26","slug":"desfile-de-mascotas-en-el-colegio-11-de-septiembre-una-manana-de-diversion-y-salud-animal-en-santa-ana-ii","status":"publish","type":"post","link":"http:\/\/cuartetoenlaweb.com.ar\/sitio\/desfile-de-mascotas-en-el-colegio-11-de-septiembre-una-manana-de-diversion-y-salud-animal-en-santa-ana-ii\/","title":{"rendered":"Desfile de Mascotas en el Colegio 11 de Septiembre, una ma\u00f1ana de diversi\u00f3n y salud animal en Santa Ana II"},"content":{"rendered":"<p>Anticip\u00e1ndose al D\u00eda del Animal, hoy  se celebr\u00f3 con gran entusiasmo el esperado Desfile de Mascotas en el Colegio 11 de Septiembre, ubicado en el barrio Santa Ana II de la ciudad de Salta. De 10 a 12, m\u00e1s de 20 mascotas se inscribieron para participar de este evento \u00fanico, donde perros de todas las edades y tama\u00f1os deslumbraron al p\u00fablico con sus creativos disfraces.<\/p>\n<p><img decoding=\"async\" src=\"https:\/\/uscdn.eltribuno.com\/042026\/1777389852374.jpg\" \/><\/p>\n<p>El desfile, que reuni\u00f3 a numerosas familias y amantes de los animales, fue una verdadera fiesta para todos los asistentes. Los perros, acompa\u00f1ados por sus due\u00f1os, desfilaron por la pasarela con atuendos que iban desde superh\u00e9roes hasta personajes de cuentos y pel\u00edculas. El ambiente festivo estuvo lleno de risas y aplausos, demostrando el cari\u00f1o y la conexi\u00f3n entre los animales y sus familias.<\/p>\n<p><img decoding=\"async\" src=\"https:\/\/uscdn.eltribuno.com\/042026\/1777389838699.jpg\" \/><\/p>\n<p>Adem\u00e1s, en esta jornada tambi\u00e9n se cont\u00f3 con la presencia del stand de vacunaci\u00f3n de la Municipalidad de la Ciudad de Salta, brindando informaci\u00f3n y servicio a todos los interesados en mantener a sus mascotas al d\u00eda con sus vacunas y cuidados preventivos. Esta colaboraci\u00f3n resalta la importancia de la salud animal, ofreciendo a los asistentes la oportunidad de acceder a informaci\u00f3n sobre el cuidado y bienestar de sus mascotas.<\/p>\n<p><img decoding=\"async\" src=\"https:\/\/uscdn.eltribuno.com\/042026\/1777389837048.jpg\" \/><\/p>\n<p>El evento, organizado por el Colegio 11 de Septiembre, logr\u00f3 reunir a la comunidad en un ambiente familiar y amigable, destacando el amor por los animales y la importancia de la adopci\u00f3n responsable. Sin lugar a dudas, el Desfile de Mascotas fue un \u00e9xito rotundo, creando un espacio \u00fanico para la interacci\u00f3n de la comunidad y el fomento de la tenencia responsable de mascotas.<\/p>\n<p><img decoding=\"async\" src=\"https:\/\/uscdn.eltribuno.com\/042026\/1777389840001.jpg\" \/><\/p>\n<h3> <\/h3>\n","protected":false},"excerpt":{"rendered":"<p>Anticip\u00e1ndose al D\u00eda del Animal, hoy se celebr\u00f3 con gran<\/p>\n","protected":false},"author":0,"featured_media":19203,"comment_status":"","ping_status":"","sticky":false,"template":"","format":"standard","meta":{"footnotes":""},"categories":[65],"tags":[],"class_list":["post-19202","post","type-post","status-publish","format-standard","has-post-thumbnail","hentry","category-pais"],"yoast_head":"<!-- This site is optimized with the Yoast SEO plugin v27.5 - https:\/\/yoast.com\/product\/yoast-seo-wordpress\/ -->\n<title>Desfile de Mascotas en el Colegio 11 de Septiembre, una ma\u00f1ana de diversi\u00f3n y salud animal en Santa Ana II - Cuarteto en la Web<\/title>\n<meta name=\"robots\" content=\"index, follow, max-snippet:-1, max-image-preview:large, max-video-preview:-1\" \/>\n<link rel=\"canonical\" href=\"http:\/\/cuartetoenlaweb.com.ar\/sitio\/desfile-de-mascotas-en-el-colegio-11-de-septiembre-una-manana-de-diversion-y-salud-animal-en-santa-ana-ii\/\" \/>\n<meta property=\"og:locale\" content=\"es_ES\" \/>\n<meta property=\"og:type\" content=\"article\" \/>\n<meta property=\"og:title\" content=\"Desfile de Mascotas en el Colegio 11 de Septiembre, una ma\u00f1ana de diversi\u00f3n y salud animal en Santa Ana II - Cuarteto en la Web\" \/>\n<meta property=\"og:description\" content=\"Anticip\u00e1ndose al D\u00eda del Animal, hoy se celebr\u00f3 con gran\" \/>\n<meta property=\"og:url\" content=\"http:\/\/cuartetoenlaweb.com.ar\/sitio\/desfile-de-mascotas-en-el-colegio-11-de-septiembre-una-manana-de-diversion-y-salud-animal-en-santa-ana-ii\/\" \/>\n<meta property=\"og:site_name\" content=\"Cuarteto en la Web\" \/>\n<meta property=\"article:published_time\" content=\"2026-04-28T18:00:26+00:00\" \/>\n<meta property=\"og:image\" content=\"https:\/\/uscdn.eltribuno.com\/042026\/1777389852374.jpg\" \/>\n<meta name=\"twitter:card\" content=\"summary_large_image\" \/>\n<meta name=\"twitter:label1\" content=\"Tiempo de lectura\" \/>\n\t<meta name=\"twitter:data1\" content=\"1 minuto\" \/>\n<script type=\"application\/ld+json\" class=\"yoast-schema-graph\">{\"@context\":\"https:\\\/\\\/schema.org\",\"@graph\":[{\"@type\":\"Article\",\"@id\":\"http:\\\/\\\/cuartetoenlaweb.com.ar\\\/sitio\\\/desfile-de-mascotas-en-el-colegio-11-de-septiembre-una-manana-de-diversion-y-salud-animal-en-santa-ana-ii\\\/#article\",\"isPartOf\":{\"@id\":\"http:\\\/\\\/cuartetoenlaweb.com.ar\\\/sitio\\\/desfile-de-mascotas-en-el-colegio-11-de-septiembre-una-manana-de-diversion-y-salud-animal-en-santa-ana-ii\\\/\"},\"author\":{\"name\":\"\",\"@id\":\"\"},\"headline\":\"Desfile de Mascotas en el Colegio 11 de Septiembre, una ma\u00f1ana de diversi\u00f3n y salud animal en Santa Ana II\",\"datePublished\":\"2026-04-28T18:00:26+00:00\",\"mainEntityOfPage\":{\"@id\":\"http:\\\/\\\/cuartetoenlaweb.com.ar\\\/sitio\\\/desfile-de-mascotas-en-el-colegio-11-de-septiembre-una-manana-de-diversion-y-salud-animal-en-santa-ana-ii\\\/\"},\"wordCount\":298,\"publisher\":{\"@id\":\"http:\\\/\\\/cuartetoenlaweb.com.ar\\\/sitio\\\/#organization\"},\"image\":{\"@id\":\"http:\\\/\\\/cuartetoenlaweb.com.ar\\\/sitio\\\/desfile-de-mascotas-en-el-colegio-11-de-septiembre-una-manana-de-diversion-y-salud-animal-en-santa-ana-ii\\\/#primaryimage\"},\"thumbnailUrl\":\"http:\\\/\\\/cuartetoenlaweb.com.ar\\\/sitio\\\/wp-content\\\/uploads\\\/2026\\\/04\\\/1777389852374.jpg\",\"articleSection\":[\"PAIS\"],\"inLanguage\":\"es\"},{\"@type\":\"WebPage\",\"@id\":\"http:\\\/\\\/cuartetoenlaweb.com.ar\\\/sitio\\\/desfile-de-mascotas-en-el-colegio-11-de-septiembre-una-manana-de-diversion-y-salud-animal-en-santa-ana-ii\\\/\",\"url\":\"http:\\\/\\\/cuartetoenlaweb.com.ar\\\/sitio\\\/desfile-de-mascotas-en-el-colegio-11-de-septiembre-una-manana-de-diversion-y-salud-animal-en-santa-ana-ii\\\/\",\"name\":\"Desfile de Mascotas en el Colegio 11 de Septiembre, una ma\u00f1ana de diversi\u00f3n y salud animal en Santa Ana II - Cuarteto en la Web\",\"isPartOf\":{\"@id\":\"http:\\\/\\\/cuartetoenlaweb.com.ar\\\/sitio\\\/#website\"},\"primaryImageOfPage\":{\"@id\":\"http:\\\/\\\/cuartetoenlaweb.com.ar\\\/sitio\\\/desfile-de-mascotas-en-el-colegio-11-de-septiembre-una-manana-de-diversion-y-salud-animal-en-santa-ana-ii\\\/#primaryimage\"},\"image\":{\"@id\":\"http:\\\/\\\/cuartetoenlaweb.com.ar\\\/sitio\\\/desfile-de-mascotas-en-el-colegio-11-de-septiembre-una-manana-de-diversion-y-salud-animal-en-santa-ana-ii\\\/#primaryimage\"},\"thumbnailUrl\":\"http:\\\/\\\/cuartetoenlaweb.com.ar\\\/sitio\\\/wp-content\\\/uploads\\\/2026\\\/04\\\/1777389852374.jpg\",\"datePublished\":\"2026-04-28T18:00:26+00:00\",\"breadcrumb\":{\"@id\":\"http:\\\/\\\/cuartetoenlaweb.com.ar\\\/sitio\\\/desfile-de-mascotas-en-el-colegio-11-de-septiembre-una-manana-de-diversion-y-salud-animal-en-santa-ana-ii\\\/#breadcrumb\"},\"inLanguage\":\"es\",\"potentialAction\":[{\"@type\":\"ReadAction\",\"target\":[\"http:\\\/\\\/cuartetoenlaweb.com.ar\\\/sitio\\\/desfile-de-mascotas-en-el-colegio-11-de-septiembre-una-manana-de-diversion-y-salud-animal-en-santa-ana-ii\\\/\"]}]},{\"@type\":\"ImageObject\",\"inLanguage\":\"es\",\"@id\":\"http:\\\/\\\/cuartetoenlaweb.com.ar\\\/sitio\\\/desfile-de-mascotas-en-el-colegio-11-de-septiembre-una-manana-de-diversion-y-salud-animal-en-santa-ana-ii\\\/#primaryimage\",\"url\":\"http:\\\/\\\/cuartetoenlaweb.com.ar\\\/sitio\\\/wp-content\\\/uploads\\\/2026\\\/04\\\/1777389852374.jpg\",\"contentUrl\":\"http:\\\/\\\/cuartetoenlaweb.com.ar\\\/sitio\\\/wp-content\\\/uploads\\\/2026\\\/04\\\/1777389852374.jpg\",\"width\":1280,\"height\":853},{\"@type\":\"BreadcrumbList\",\"@id\":\"http:\\\/\\\/cuartetoenlaweb.com.ar\\\/sitio\\\/desfile-de-mascotas-en-el-colegio-11-de-septiembre-una-manana-de-diversion-y-salud-animal-en-santa-ana-ii\\\/#breadcrumb\",\"itemListElement\":[{\"@type\":\"ListItem\",\"position\":1,\"name\":\"Portada\",\"item\":\"http:\\\/\\\/cuartetoenlaweb.com.ar\\\/sitio\\\/\"},{\"@type\":\"ListItem\",\"position\":2,\"name\":\"Desfile de Mascotas en el Colegio 11 de Septiembre, una ma\u00f1ana de diversi\u00f3n y salud animal en Santa Ana II\"}]},{\"@type\":\"WebSite\",\"@id\":\"http:\\\/\\\/cuartetoenlaweb.com.ar\\\/sitio\\\/#website\",\"url\":\"http:\\\/\\\/cuartetoenlaweb.com.ar\\\/sitio\\\/\",\"name\":\"Cuarteto en la Web\",\"description\":\"\",\"publisher\":{\"@id\":\"http:\\\/\\\/cuartetoenlaweb.com.ar\\\/sitio\\\/#organization\"},\"potentialAction\":[{\"@type\":\"SearchAction\",\"target\":{\"@type\":\"EntryPoint\",\"urlTemplate\":\"http:\\\/\\\/cuartetoenlaweb.com.ar\\\/sitio\\\/?s={search_term_string}\"},\"query-input\":{\"@type\":\"PropertyValueSpecification\",\"valueRequired\":true,\"valueName\":\"search_term_string\"}}],\"inLanguage\":\"es\"},{\"@type\":\"Organization\",\"@id\":\"http:\\\/\\\/cuartetoenlaweb.com.ar\\\/sitio\\\/#organization\",\"name\":\"Cuarteto en la Web\",\"url\":\"http:\\\/\\\/cuartetoenlaweb.com.ar\\\/sitio\\\/\",\"logo\":{\"@type\":\"ImageObject\",\"inLanguage\":\"es\",\"@id\":\"http:\\\/\\\/cuartetoenlaweb.com.ar\\\/sitio\\\/#\\\/schema\\\/logo\\\/image\\\/\",\"url\":\"http:\\\/\\\/cuartetoenlaweb.com.ar\\\/sitio\\\/wp-content\\\/uploads\\\/2025\\\/07\\\/cropped-cropped-logitoweb21.png\",\"contentUrl\":\"http:\\\/\\\/cuartetoenlaweb.com.ar\\\/sitio\\\/wp-content\\\/uploads\\\/2025\\\/07\\\/cropped-cropped-logitoweb21.png\",\"width\":199,\"height\":199,\"caption\":\"Cuarteto en la Web\"},\"image\":{\"@id\":\"http:\\\/\\\/cuartetoenlaweb.com.ar\\\/sitio\\\/#\\\/schema\\\/logo\\\/image\\\/\"}}]}<\/script>\n<!-- \/ Yoast SEO plugin. -->","yoast_head_json":{"title":"Desfile de Mascotas en el Colegio 11 de Septiembre, una ma\u00f1ana de diversi\u00f3n y salud animal en Santa Ana II - Cuarteto en la Web","robots":{"index":"index","follow":"follow","max-snippet":"max-snippet:-1","max-image-preview":"max-image-preview:large","max-video-preview":"max-video-preview:-1"},"canonical":"http:\/\/cuartetoenlaweb.com.ar\/sitio\/desfile-de-mascotas-en-el-colegio-11-de-septiembre-una-manana-de-diversion-y-salud-animal-en-santa-ana-ii\/","og_locale":"es_ES","og_type":"article","og_title":"Desfile de Mascotas en el Colegio 11 de Septiembre, una ma\u00f1ana de diversi\u00f3n y salud animal en Santa Ana II - Cuarteto en la Web","og_description":"Anticip\u00e1ndose al D\u00eda del Animal, hoy se celebr\u00f3 con gran","og_url":"http:\/\/cuartetoenlaweb.com.ar\/sitio\/desfile-de-mascotas-en-el-colegio-11-de-septiembre-una-manana-de-diversion-y-salud-animal-en-santa-ana-ii\/","og_site_name":"Cuarteto en la Web","article_published_time":"2026-04-28T18:00:26+00:00","og_image":[{"url":"https:\/\/uscdn.eltribuno.com\/042026\/1777389852374.jpg","type":"","width":"","height":""}],"twitter_card":"summary_large_image","twitter_misc":{"Tiempo de lectura":"1 minuto"},"schema":{"@context":"https:\/\/schema.org","@graph":[{"@type":"Article","@id":"http:\/\/cuartetoenlaweb.com.ar\/sitio\/desfile-de-mascotas-en-el-colegio-11-de-septiembre-una-manana-de-diversion-y-salud-animal-en-santa-ana-ii\/#article","isPartOf":{"@id":"http:\/\/cuartetoenlaweb.com.ar\/sitio\/desfile-de-mascotas-en-el-colegio-11-de-septiembre-una-manana-de-diversion-y-salud-animal-en-santa-ana-ii\/"},"author":{"name":"","@id":""},"headline":"Desfile de Mascotas en el Colegio 11 de Septiembre, una ma\u00f1ana de diversi\u00f3n y salud animal en Santa Ana II","datePublished":"2026-04-28T18:00:26+00:00","mainEntityOfPage":{"@id":"http:\/\/cuartetoenlaweb.com.ar\/sitio\/desfile-de-mascotas-en-el-colegio-11-de-septiembre-una-manana-de-diversion-y-salud-animal-en-santa-ana-ii\/"},"wordCount":298,"publisher":{"@id":"http:\/\/cuartetoenlaweb.com.ar\/sitio\/#organization"},"image":{"@id":"http:\/\/cuartetoenlaweb.com.ar\/sitio\/desfile-de-mascotas-en-el-colegio-11-de-septiembre-una-manana-de-diversion-y-salud-animal-en-santa-ana-ii\/#primaryimage"},"thumbnailUrl":"http:\/\/cuartetoenlaweb.com.ar\/sitio\/wp-content\/uploads\/2026\/04\/1777389852374.jpg","articleSection":["PAIS"],"inLanguage":"es"},{"@type":"WebPage","@id":"http:\/\/cuartetoenlaweb.com.ar\/sitio\/desfile-de-mascotas-en-el-colegio-11-de-septiembre-una-manana-de-diversion-y-salud-animal-en-santa-ana-ii\/","url":"http:\/\/cuartetoenlaweb.com.ar\/sitio\/desfile-de-mascotas-en-el-colegio-11-de-septiembre-una-manana-de-diversion-y-salud-animal-en-santa-ana-ii\/","name":"Desfile de Mascotas en el Colegio 11 de Septiembre, una ma\u00f1ana de diversi\u00f3n y salud animal en Santa Ana II - Cuarteto en la Web","isPartOf":{"@id":"http:\/\/cuartetoenlaweb.com.ar\/sitio\/#website"},"primaryImageOfPage":{"@id":"http:\/\/cuartetoenlaweb.com.ar\/sitio\/desfile-de-mascotas-en-el-colegio-11-de-septiembre-una-manana-de-diversion-y-salud-animal-en-santa-ana-ii\/#primaryimage"},"image":{"@id":"http:\/\/cuartetoenlaweb.com.ar\/sitio\/desfile-de-mascotas-en-el-colegio-11-de-septiembre-una-manana-de-diversion-y-salud-animal-en-santa-ana-ii\/#primaryimage"},"thumbnailUrl":"http:\/\/cuartetoenlaweb.com.ar\/sitio\/wp-content\/uploads\/2026\/04\/1777389852374.jpg","datePublished":"2026-04-28T18:00:26+00:00","breadcrumb":{"@id":"http:\/\/cuartetoenlaweb.com.ar\/sitio\/desfile-de-mascotas-en-el-colegio-11-de-septiembre-una-manana-de-diversion-y-salud-animal-en-santa-ana-ii\/#breadcrumb"},"inLanguage":"es","potentialAction":[{"@type":"ReadAction","target":["http:\/\/cuartetoenlaweb.com.ar\/sitio\/desfile-de-mascotas-en-el-colegio-11-de-septiembre-una-manana-de-diversion-y-salud-animal-en-santa-ana-ii\/"]}]},{"@type":"ImageObject","inLanguage":"es","@id":"http:\/\/cuartetoenlaweb.com.ar\/sitio\/desfile-de-mascotas-en-el-colegio-11-de-septiembre-una-manana-de-diversion-y-salud-animal-en-santa-ana-ii\/#primaryimage","url":"http:\/\/cuartetoenlaweb.com.ar\/sitio\/wp-content\/uploads\/2026\/04\/1777389852374.jpg","contentUrl":"http:\/\/cuartetoenlaweb.com.ar\/sitio\/wp-content\/uploads\/2026\/04\/1777389852374.jpg","width":1280,"height":853},{"@type":"BreadcrumbList","@id":"http:\/\/cuartetoenlaweb.com.ar\/sitio\/desfile-de-mascotas-en-el-colegio-11-de-septiembre-una-manana-de-diversion-y-salud-animal-en-santa-ana-ii\/#breadcrumb","itemListElement":[{"@type":"ListItem","position":1,"name":"Portada","item":"http:\/\/cuartetoenlaweb.com.ar\/sitio\/"},{"@type":"ListItem","position":2,"name":"Desfile de Mascotas en el Colegio 11 de Septiembre, una ma\u00f1ana de diversi\u00f3n y salud animal en Santa Ana II"}]},{"@type":"WebSite","@id":"http:\/\/cuartetoenlaweb.com.ar\/sitio\/#website","url":"http:\/\/cuartetoenlaweb.com.ar\/sitio\/","name":"Cuarteto en la Web","description":"","publisher":{"@id":"http:\/\/cuartetoenlaweb.com.ar\/sitio\/#organization"},"potentialAction":[{"@type":"SearchAction","target":{"@type":"EntryPoint","urlTemplate":"http:\/\/cuartetoenlaweb.com.ar\/sitio\/?s={search_term_string}"},"query-input":{"@type":"PropertyValueSpecification","valueRequired":true,"valueName":"search_term_string"}}],"inLanguage":"es"},{"@type":"Organization","@id":"http:\/\/cuartetoenlaweb.com.ar\/sitio\/#organization","name":"Cuarteto en la Web","url":"http:\/\/cuartetoenlaweb.com.ar\/sitio\/","logo":{"@type":"ImageObject","inLanguage":"es","@id":"http:\/\/cuartetoenlaweb.com.ar\/sitio\/#\/schema\/logo\/image\/","url":"http:\/\/cuartetoenlaweb.com.ar\/sitio\/wp-content\/uploads\/2025\/07\/cropped-cropped-logitoweb21.png","contentUrl":"http:\/\/cuartetoenlaweb.com.ar\/sitio\/wp-content\/uploads\/2025\/07\/cropped-cropped-logitoweb21.png","width":199,"height":199,"caption":"Cuarteto en la Web"},"image":{"@id":"http:\/\/cuartetoenlaweb.com.ar\/sitio\/#\/schema\/logo\/image\/"}}]}},"_links":{"self":[{"href":"http:\/\/cuartetoenlaweb.com.ar\/sitio\/wp-json\/wp\/v2\/posts\/19202","targetHints":{"allow":["GET"]}}],"collection":[{"href":"http:\/\/cuartetoenlaweb.com.ar\/sitio\/wp-json\/wp\/v2\/posts"}],"about":[{"href":"http:\/\/cuartetoenlaweb.com.ar\/sitio\/wp-json\/wp\/v2\/types\/post"}],"replies":[{"embeddable":true,"href":"http:\/\/cuartetoenlaweb.com.ar\/sitio\/wp-json\/wp\/v2\/comments?post=19202"}],"version-history":[{"count":0,"href":"http:\/\/cuartetoenlaweb.com.ar\/sitio\/wp-json\/wp\/v2\/posts\/19202\/revisions"}],"wp:featuredmedia":[{"embeddable":true,"href":"http:\/\/cuartetoenlaweb.com.ar\/sitio\/wp-json\/wp\/v2\/media\/19203"}],"wp:attachment":[{"href":"http:\/\/cuartetoenlaweb.com.ar\/sitio\/wp-json\/wp\/v2\/media?parent=19202"}],"wp:term":[{"taxonomy":"category","embeddable":true,"href":"http:\/\/cuartetoenlaweb.com.ar\/sitio\/wp-json\/wp\/v2\/categories?post=19202"},{"taxonomy":"post_tag","embeddable":true,"href":"http:\/\/cuartetoenlaweb.com.ar\/sitio\/wp-json\/wp\/v2\/tags?post=19202"}],"curies":[{"name":"wp","href":"https:\/\/api.w.org\/{rel}","templated":true}]}}