
{"id":19200,"date":"2026-04-28T15:00:22","date_gmt":"2026-04-28T18:00:22","guid":{"rendered":"http:\/\/cuartetoenlaweb.com.ar\/sitio\/femicidio-en-el-tipal-manana-comienzan-los-alegatos-en-el-juicio-contra-jose-figueroa\/"},"modified":"2026-04-28T15:00:22","modified_gmt":"2026-04-28T18:00:22","slug":"femicidio-en-el-tipal-manana-comienzan-los-alegatos-en-el-juicio-contra-jose-figueroa","status":"publish","type":"post","link":"http:\/\/cuartetoenlaweb.com.ar\/sitio\/femicidio-en-el-tipal-manana-comienzan-los-alegatos-en-el-juicio-contra-jose-figueroa\/","title":{"rendered":"Femicidio en El Tipal: ma\u00f1ana comienzan los alegatos en el juicio contra Jos\u00e9 Figueroa"},"content":{"rendered":"<p>Ma\u00f1ana, a las 8, se dar\u00e1 inicio a la audiencia de alegatos en el juicio por el <strong>femicidio ocurrido en El Tipal<\/strong>, en el que se juzga a un hombre por el homicidio doblemente calificado de su esposa. La audiencia ser\u00e1 transmitida en vivo a trav\u00e9s del canal de YouTube del Poder Judicial.<\/p>\n<p><img decoding=\"async\" src=\"https:\/\/uscdn.eltribuno.com\/042026\/1777391569479.jpg\" \/><\/p>\n<p>El juicio est\u00e1 siendo llevado a cabo por un tribunal colegiado integrado por los jueces Cecilia Flores Toranzos (presidenta), Eduardo S\u00e1ngari y Leonardo Feans (vocales), quienes evaluar\u00e1n los alegatos de las partes involucradas. <strong>El acusado enfrenta cargos por homicidio doblemente calificado por el v\u00ednculo<\/strong>, la relaci\u00f3n de pareja preexistente y la violencia de g\u00e9nero, siendo procesado por femicidio en perjuicio de su esposa.<\/p>\n<p>El hecho que se est\u00e1 juzgando ocurri\u00f3 el 4 de agosto de 2023 en el barrio privado El Tipal, cuando la v\u00edctima perdi\u00f3 la vida a manos de su pareja.<strong> La semana pasada se concluy\u00f3 con la recepci\u00f3n de pruebas testimoniales,<\/strong> y el acusado tambi\u00e9n declar\u00f3 durante el proceso judicial. Asimismo, se incorporaron diversas pruebas que fueron reunidas durante la investigaci\u00f3n.<\/p>\n<p><img decoding=\"async\" src=\"https:\/\/uscdn.eltribuno.com\/042026\/1777391569479.jpg\" \/><\/p>\n<p>La fiscal de la Unidad Fiscal Especializada en Violencia de G\u00e9nero (UFEM), Luj\u00e1n Sodero Calvet, representa al Ministerio P\u00fablico, mientras que la querella est\u00e1 compuesta por los abogados Jorge Ovejero y Carlos Oliver, quienes act\u00faan en nombre de la familia de la v\u00edctima. La defensa del acusado est\u00e1 a cargo de los abogados Juan Casabella D\u00e1valos y Mar\u00eda Gabriela Mart\u00ednez (codefensora). Adem\u00e1s, Martha Bustos interviene en representaci\u00f3n de la Asesor\u00eda de Incapaces, velando por los intereses de los hijos menores de la pareja.<\/p>\n<p><strong>Los alegatos marcar\u00e1n una nueva etapa en este juicio por un caso de femicidio que ha conmocionado a la comunidad.<\/strong><\/p>\n","protected":false},"excerpt":{"rendered":"<p>Ma\u00f1ana, a las 8, se dar\u00e1 inicio a la audiencia<\/p>\n","protected":false},"author":0,"featured_media":19201,"comment_status":"","ping_status":"","sticky":false,"template":"","format":"standard","meta":{"footnotes":""},"categories":[65],"tags":[],"class_list":["post-19200","post","type-post","status-publish","format-standard","has-post-thumbnail","hentry","category-pais"],"yoast_head":"<!-- This site is optimized with the Yoast SEO plugin v27.5 - https:\/\/yoast.com\/product\/yoast-seo-wordpress\/ -->\n<title>Femicidio en El Tipal: ma\u00f1ana comienzan los alegatos en el juicio contra Jos\u00e9 Figueroa - Cuarteto en la Web<\/title>\n<meta name=\"robots\" content=\"index, follow, max-snippet:-1, max-image-preview:large, max-video-preview:-1\" \/>\n<link rel=\"canonical\" href=\"http:\/\/cuartetoenlaweb.com.ar\/sitio\/femicidio-en-el-tipal-manana-comienzan-los-alegatos-en-el-juicio-contra-jose-figueroa\/\" \/>\n<meta property=\"og:locale\" content=\"es_ES\" \/>\n<meta property=\"og:type\" content=\"article\" \/>\n<meta property=\"og:title\" content=\"Femicidio en El Tipal: ma\u00f1ana comienzan los alegatos en el juicio contra Jos\u00e9 Figueroa - Cuarteto en la Web\" \/>\n<meta property=\"og:description\" content=\"Ma\u00f1ana, a las 8, se dar\u00e1 inicio a la audiencia\" \/>\n<meta property=\"og:url\" content=\"http:\/\/cuartetoenlaweb.com.ar\/sitio\/femicidio-en-el-tipal-manana-comienzan-los-alegatos-en-el-juicio-contra-jose-figueroa\/\" \/>\n<meta property=\"og:site_name\" content=\"Cuarteto en la Web\" \/>\n<meta property=\"article:published_time\" content=\"2026-04-28T18:00:22+00:00\" \/>\n<meta property=\"og:image\" content=\"https:\/\/uscdn.eltribuno.com\/042026\/1777391569479.jpg\" \/>\n<meta name=\"twitter:card\" content=\"summary_large_image\" \/>\n<meta name=\"twitter:label1\" content=\"Tiempo de lectura\" \/>\n\t<meta name=\"twitter:data1\" content=\"2 minutos\" \/>\n<script type=\"application\/ld+json\" class=\"yoast-schema-graph\">{\"@context\":\"https:\\\/\\\/schema.org\",\"@graph\":[{\"@type\":\"Article\",\"@id\":\"http:\\\/\\\/cuartetoenlaweb.com.ar\\\/sitio\\\/femicidio-en-el-tipal-manana-comienzan-los-alegatos-en-el-juicio-contra-jose-figueroa\\\/#article\",\"isPartOf\":{\"@id\":\"http:\\\/\\\/cuartetoenlaweb.com.ar\\\/sitio\\\/femicidio-en-el-tipal-manana-comienzan-los-alegatos-en-el-juicio-contra-jose-figueroa\\\/\"},\"author\":{\"name\":\"\",\"@id\":\"\"},\"headline\":\"Femicidio en El Tipal: ma\u00f1ana comienzan los alegatos en el juicio contra Jos\u00e9 Figueroa\",\"datePublished\":\"2026-04-28T18:00:22+00:00\",\"mainEntityOfPage\":{\"@id\":\"http:\\\/\\\/cuartetoenlaweb.com.ar\\\/sitio\\\/femicidio-en-el-tipal-manana-comienzan-los-alegatos-en-el-juicio-contra-jose-figueroa\\\/\"},\"wordCount\":315,\"publisher\":{\"@id\":\"http:\\\/\\\/cuartetoenlaweb.com.ar\\\/sitio\\\/#organization\"},\"image\":{\"@id\":\"http:\\\/\\\/cuartetoenlaweb.com.ar\\\/sitio\\\/femicidio-en-el-tipal-manana-comienzan-los-alegatos-en-el-juicio-contra-jose-figueroa\\\/#primaryimage\"},\"thumbnailUrl\":\"http:\\\/\\\/cuartetoenlaweb.com.ar\\\/sitio\\\/wp-content\\\/uploads\\\/2026\\\/04\\\/1777391569479.jpg\",\"articleSection\":[\"PAIS\"],\"inLanguage\":\"es\"},{\"@type\":\"WebPage\",\"@id\":\"http:\\\/\\\/cuartetoenlaweb.com.ar\\\/sitio\\\/femicidio-en-el-tipal-manana-comienzan-los-alegatos-en-el-juicio-contra-jose-figueroa\\\/\",\"url\":\"http:\\\/\\\/cuartetoenlaweb.com.ar\\\/sitio\\\/femicidio-en-el-tipal-manana-comienzan-los-alegatos-en-el-juicio-contra-jose-figueroa\\\/\",\"name\":\"Femicidio en El Tipal: ma\u00f1ana comienzan los alegatos en el juicio contra Jos\u00e9 Figueroa - Cuarteto en la Web\",\"isPartOf\":{\"@id\":\"http:\\\/\\\/cuartetoenlaweb.com.ar\\\/sitio\\\/#website\"},\"primaryImageOfPage\":{\"@id\":\"http:\\\/\\\/cuartetoenlaweb.com.ar\\\/sitio\\\/femicidio-en-el-tipal-manana-comienzan-los-alegatos-en-el-juicio-contra-jose-figueroa\\\/#primaryimage\"},\"image\":{\"@id\":\"http:\\\/\\\/cuartetoenlaweb.com.ar\\\/sitio\\\/femicidio-en-el-tipal-manana-comienzan-los-alegatos-en-el-juicio-contra-jose-figueroa\\\/#primaryimage\"},\"thumbnailUrl\":\"http:\\\/\\\/cuartetoenlaweb.com.ar\\\/sitio\\\/wp-content\\\/uploads\\\/2026\\\/04\\\/1777391569479.jpg\",\"datePublished\":\"2026-04-28T18:00:22+00:00\",\"breadcrumb\":{\"@id\":\"http:\\\/\\\/cuartetoenlaweb.com.ar\\\/sitio\\\/femicidio-en-el-tipal-manana-comienzan-los-alegatos-en-el-juicio-contra-jose-figueroa\\\/#breadcrumb\"},\"inLanguage\":\"es\",\"potentialAction\":[{\"@type\":\"ReadAction\",\"target\":[\"http:\\\/\\\/cuartetoenlaweb.com.ar\\\/sitio\\\/femicidio-en-el-tipal-manana-comienzan-los-alegatos-en-el-juicio-contra-jose-figueroa\\\/\"]}]},{\"@type\":\"ImageObject\",\"inLanguage\":\"es\",\"@id\":\"http:\\\/\\\/cuartetoenlaweb.com.ar\\\/sitio\\\/femicidio-en-el-tipal-manana-comienzan-los-alegatos-en-el-juicio-contra-jose-figueroa\\\/#primaryimage\",\"url\":\"http:\\\/\\\/cuartetoenlaweb.com.ar\\\/sitio\\\/wp-content\\\/uploads\\\/2026\\\/04\\\/1777391569479.jpg\",\"contentUrl\":\"http:\\\/\\\/cuartetoenlaweb.com.ar\\\/sitio\\\/wp-content\\\/uploads\\\/2026\\\/04\\\/1777391569479.jpg\",\"width\":1500,\"height\":999},{\"@type\":\"BreadcrumbList\",\"@id\":\"http:\\\/\\\/cuartetoenlaweb.com.ar\\\/sitio\\\/femicidio-en-el-tipal-manana-comienzan-los-alegatos-en-el-juicio-contra-jose-figueroa\\\/#breadcrumb\",\"itemListElement\":[{\"@type\":\"ListItem\",\"position\":1,\"name\":\"Portada\",\"item\":\"http:\\\/\\\/cuartetoenlaweb.com.ar\\\/sitio\\\/\"},{\"@type\":\"ListItem\",\"position\":2,\"name\":\"Femicidio en El Tipal: ma\u00f1ana comienzan los alegatos en el juicio contra Jos\u00e9 Figueroa\"}]},{\"@type\":\"WebSite\",\"@id\":\"http:\\\/\\\/cuartetoenlaweb.com.ar\\\/sitio\\\/#website\",\"url\":\"http:\\\/\\\/cuartetoenlaweb.com.ar\\\/sitio\\\/\",\"name\":\"Cuarteto en la Web\",\"description\":\"\",\"publisher\":{\"@id\":\"http:\\\/\\\/cuartetoenlaweb.com.ar\\\/sitio\\\/#organization\"},\"potentialAction\":[{\"@type\":\"SearchAction\",\"target\":{\"@type\":\"EntryPoint\",\"urlTemplate\":\"http:\\\/\\\/cuartetoenlaweb.com.ar\\\/sitio\\\/?s={search_term_string}\"},\"query-input\":{\"@type\":\"PropertyValueSpecification\",\"valueRequired\":true,\"valueName\":\"search_term_string\"}}],\"inLanguage\":\"es\"},{\"@type\":\"Organization\",\"@id\":\"http:\\\/\\\/cuartetoenlaweb.com.ar\\\/sitio\\\/#organization\",\"name\":\"Cuarteto en la Web\",\"url\":\"http:\\\/\\\/cuartetoenlaweb.com.ar\\\/sitio\\\/\",\"logo\":{\"@type\":\"ImageObject\",\"inLanguage\":\"es\",\"@id\":\"http:\\\/\\\/cuartetoenlaweb.com.ar\\\/sitio\\\/#\\\/schema\\\/logo\\\/image\\\/\",\"url\":\"http:\\\/\\\/cuartetoenlaweb.com.ar\\\/sitio\\\/wp-content\\\/uploads\\\/2025\\\/07\\\/cropped-cropped-logitoweb21.png\",\"contentUrl\":\"http:\\\/\\\/cuartetoenlaweb.com.ar\\\/sitio\\\/wp-content\\\/uploads\\\/2025\\\/07\\\/cropped-cropped-logitoweb21.png\",\"width\":199,\"height\":199,\"caption\":\"Cuarteto en la Web\"},\"image\":{\"@id\":\"http:\\\/\\\/cuartetoenlaweb.com.ar\\\/sitio\\\/#\\\/schema\\\/logo\\\/image\\\/\"}}]}<\/script>\n<!-- \/ Yoast SEO plugin. -->","yoast_head_json":{"title":"Femicidio en El Tipal: ma\u00f1ana comienzan los alegatos en el juicio contra Jos\u00e9 Figueroa - Cuarteto en la Web","robots":{"index":"index","follow":"follow","max-snippet":"max-snippet:-1","max-image-preview":"max-image-preview:large","max-video-preview":"max-video-preview:-1"},"canonical":"http:\/\/cuartetoenlaweb.com.ar\/sitio\/femicidio-en-el-tipal-manana-comienzan-los-alegatos-en-el-juicio-contra-jose-figueroa\/","og_locale":"es_ES","og_type":"article","og_title":"Femicidio en El Tipal: ma\u00f1ana comienzan los alegatos en el juicio contra Jos\u00e9 Figueroa - Cuarteto en la Web","og_description":"Ma\u00f1ana, a las 8, se dar\u00e1 inicio a la audiencia","og_url":"http:\/\/cuartetoenlaweb.com.ar\/sitio\/femicidio-en-el-tipal-manana-comienzan-los-alegatos-en-el-juicio-contra-jose-figueroa\/","og_site_name":"Cuarteto en la Web","article_published_time":"2026-04-28T18:00:22+00:00","og_image":[{"url":"https:\/\/uscdn.eltribuno.com\/042026\/1777391569479.jpg","type":"","width":"","height":""}],"twitter_card":"summary_large_image","twitter_misc":{"Tiempo de lectura":"2 minutos"},"schema":{"@context":"https:\/\/schema.org","@graph":[{"@type":"Article","@id":"http:\/\/cuartetoenlaweb.com.ar\/sitio\/femicidio-en-el-tipal-manana-comienzan-los-alegatos-en-el-juicio-contra-jose-figueroa\/#article","isPartOf":{"@id":"http:\/\/cuartetoenlaweb.com.ar\/sitio\/femicidio-en-el-tipal-manana-comienzan-los-alegatos-en-el-juicio-contra-jose-figueroa\/"},"author":{"name":"","@id":""},"headline":"Femicidio en El Tipal: ma\u00f1ana comienzan los alegatos en el juicio contra Jos\u00e9 Figueroa","datePublished":"2026-04-28T18:00:22+00:00","mainEntityOfPage":{"@id":"http:\/\/cuartetoenlaweb.com.ar\/sitio\/femicidio-en-el-tipal-manana-comienzan-los-alegatos-en-el-juicio-contra-jose-figueroa\/"},"wordCount":315,"publisher":{"@id":"http:\/\/cuartetoenlaweb.com.ar\/sitio\/#organization"},"image":{"@id":"http:\/\/cuartetoenlaweb.com.ar\/sitio\/femicidio-en-el-tipal-manana-comienzan-los-alegatos-en-el-juicio-contra-jose-figueroa\/#primaryimage"},"thumbnailUrl":"http:\/\/cuartetoenlaweb.com.ar\/sitio\/wp-content\/uploads\/2026\/04\/1777391569479.jpg","articleSection":["PAIS"],"inLanguage":"es"},{"@type":"WebPage","@id":"http:\/\/cuartetoenlaweb.com.ar\/sitio\/femicidio-en-el-tipal-manana-comienzan-los-alegatos-en-el-juicio-contra-jose-figueroa\/","url":"http:\/\/cuartetoenlaweb.com.ar\/sitio\/femicidio-en-el-tipal-manana-comienzan-los-alegatos-en-el-juicio-contra-jose-figueroa\/","name":"Femicidio en El Tipal: ma\u00f1ana comienzan los alegatos en el juicio contra Jos\u00e9 Figueroa - Cuarteto en la Web","isPartOf":{"@id":"http:\/\/cuartetoenlaweb.com.ar\/sitio\/#website"},"primaryImageOfPage":{"@id":"http:\/\/cuartetoenlaweb.com.ar\/sitio\/femicidio-en-el-tipal-manana-comienzan-los-alegatos-en-el-juicio-contra-jose-figueroa\/#primaryimage"},"image":{"@id":"http:\/\/cuartetoenlaweb.com.ar\/sitio\/femicidio-en-el-tipal-manana-comienzan-los-alegatos-en-el-juicio-contra-jose-figueroa\/#primaryimage"},"thumbnailUrl":"http:\/\/cuartetoenlaweb.com.ar\/sitio\/wp-content\/uploads\/2026\/04\/1777391569479.jpg","datePublished":"2026-04-28T18:00:22+00:00","breadcrumb":{"@id":"http:\/\/cuartetoenlaweb.com.ar\/sitio\/femicidio-en-el-tipal-manana-comienzan-los-alegatos-en-el-juicio-contra-jose-figueroa\/#breadcrumb"},"inLanguage":"es","potentialAction":[{"@type":"ReadAction","target":["http:\/\/cuartetoenlaweb.com.ar\/sitio\/femicidio-en-el-tipal-manana-comienzan-los-alegatos-en-el-juicio-contra-jose-figueroa\/"]}]},{"@type":"ImageObject","inLanguage":"es","@id":"http:\/\/cuartetoenlaweb.com.ar\/sitio\/femicidio-en-el-tipal-manana-comienzan-los-alegatos-en-el-juicio-contra-jose-figueroa\/#primaryimage","url":"http:\/\/cuartetoenlaweb.com.ar\/sitio\/wp-content\/uploads\/2026\/04\/1777391569479.jpg","contentUrl":"http:\/\/cuartetoenlaweb.com.ar\/sitio\/wp-content\/uploads\/2026\/04\/1777391569479.jpg","width":1500,"height":999},{"@type":"BreadcrumbList","@id":"http:\/\/cuartetoenlaweb.com.ar\/sitio\/femicidio-en-el-tipal-manana-comienzan-los-alegatos-en-el-juicio-contra-jose-figueroa\/#breadcrumb","itemListElement":[{"@type":"ListItem","position":1,"name":"Portada","item":"http:\/\/cuartetoenlaweb.com.ar\/sitio\/"},{"@type":"ListItem","position":2,"name":"Femicidio en El Tipal: ma\u00f1ana comienzan los alegatos en el juicio contra Jos\u00e9 Figueroa"}]},{"@type":"WebSite","@id":"http:\/\/cuartetoenlaweb.com.ar\/sitio\/#website","url":"http:\/\/cuartetoenlaweb.com.ar\/sitio\/","name":"Cuarteto en la Web","description":"","publisher":{"@id":"http:\/\/cuartetoenlaweb.com.ar\/sitio\/#organization"},"potentialAction":[{"@type":"SearchAction","target":{"@type":"EntryPoint","urlTemplate":"http:\/\/cuartetoenlaweb.com.ar\/sitio\/?s={search_term_string}"},"query-input":{"@type":"PropertyValueSpecification","valueRequired":true,"valueName":"search_term_string"}}],"inLanguage":"es"},{"@type":"Organization","@id":"http:\/\/cuartetoenlaweb.com.ar\/sitio\/#organization","name":"Cuarteto en la Web","url":"http:\/\/cuartetoenlaweb.com.ar\/sitio\/","logo":{"@type":"ImageObject","inLanguage":"es","@id":"http:\/\/cuartetoenlaweb.com.ar\/sitio\/#\/schema\/logo\/image\/","url":"http:\/\/cuartetoenlaweb.com.ar\/sitio\/wp-content\/uploads\/2025\/07\/cropped-cropped-logitoweb21.png","contentUrl":"http:\/\/cuartetoenlaweb.com.ar\/sitio\/wp-content\/uploads\/2025\/07\/cropped-cropped-logitoweb21.png","width":199,"height":199,"caption":"Cuarteto en la Web"},"image":{"@id":"http:\/\/cuartetoenlaweb.com.ar\/sitio\/#\/schema\/logo\/image\/"}}]}},"_links":{"self":[{"href":"http:\/\/cuartetoenlaweb.com.ar\/sitio\/wp-json\/wp\/v2\/posts\/19200","targetHints":{"allow":["GET"]}}],"collection":[{"href":"http:\/\/cuartetoenlaweb.com.ar\/sitio\/wp-json\/wp\/v2\/posts"}],"about":[{"href":"http:\/\/cuartetoenlaweb.com.ar\/sitio\/wp-json\/wp\/v2\/types\/post"}],"replies":[{"embeddable":true,"href":"http:\/\/cuartetoenlaweb.com.ar\/sitio\/wp-json\/wp\/v2\/comments?post=19200"}],"version-history":[{"count":0,"href":"http:\/\/cuartetoenlaweb.com.ar\/sitio\/wp-json\/wp\/v2\/posts\/19200\/revisions"}],"wp:featuredmedia":[{"embeddable":true,"href":"http:\/\/cuartetoenlaweb.com.ar\/sitio\/wp-json\/wp\/v2\/media\/19201"}],"wp:attachment":[{"href":"http:\/\/cuartetoenlaweb.com.ar\/sitio\/wp-json\/wp\/v2\/media?parent=19200"}],"wp:term":[{"taxonomy":"category","embeddable":true,"href":"http:\/\/cuartetoenlaweb.com.ar\/sitio\/wp-json\/wp\/v2\/categories?post=19200"},{"taxonomy":"post_tag","embeddable":true,"href":"http:\/\/cuartetoenlaweb.com.ar\/sitio\/wp-json\/wp\/v2\/tags?post=19200"}],"curies":[{"name":"wp","href":"https:\/\/api.w.org\/{rel}","templated":true}]}}