
{"id":19198,"date":"2026-04-28T15:00:20","date_gmt":"2026-04-28T18:00:20","guid":{"rendered":"http:\/\/cuartetoenlaweb.com.ar\/sitio\/trump-afirma-que-iran-esta-en-estado-de-colapso\/"},"modified":"2026-04-28T15:00:20","modified_gmt":"2026-04-28T18:00:20","slug":"trump-afirma-que-iran-esta-en-estado-de-colapso","status":"publish","type":"post","link":"http:\/\/cuartetoenlaweb.com.ar\/sitio\/trump-afirma-que-iran-esta-en-estado-de-colapso\/","title":{"rendered":"Trump afirma que &quot;Ir\u00e1n est\u00e1 en estado de colapso&quot;"},"content":{"rendered":"<p>El presidente de los Estados Unidos, <strong>Donald Trump<\/strong>, afirm\u00f3 este martes que <strong>Ir\u00e1n \u201cse encuentra en un estado de colapso\u201d<\/strong> y que pidieron a Washington la apertura del estrecho de <strong>Ormuz <\/strong>\u201clo antes posible\u201d porque est\u00e1n resolviendo internamente quien asumir\u00e1 el liderazgo de la naci\u00f3n persa.<\/p>\n<p>\u00abIr\u00e1n nos acaba de informar que se encuentran en un &#8216;estado de colapso&#8217;. Quieren que &#8216;abramos el estrecho de Ormuz&#8217; lo antes posible, mientras intentan resolver su situaci\u00f3n de liderazgo (\u00a1lo cual creo que lograr\u00e1n hacer!)\u00bb, escribi\u00f3 Trump en su red Truth Social.<\/p>\n<p><img decoding=\"async\" src=\"https:\/\/uscdn.eltribuno.com\/042026\/1777393994494\/try.jpg\" \/><\/p>\n<\/p>\n<p>Las afirmaciones de Trump en redes sociales van en la misma direcci\u00f3n que lo que dejaron trascender fuentes de la Casa Blanca, acerca de un insatisfacci\u00f3n con la nueva propuesta de paz presentada por el Gobierno iran\u00ed para intentar destrabar las negociaciones de paz y reabrir el estrat\u00e9gico estrecho de Oemuz, por el que circula m\u00e1s de un 20% del petr\u00f3leo crudo del planeta.<\/p>\n<p>La propuesta de Teher\u00e1n, que no es aceptada por Washington, incluye postergar una definici\u00f3n sobre el programa nuclear iran\u00ed, al que Trump exige eliminar de inmediato y con car\u00e1cter permanente.<\/p>\n<p>Fuentes estadounidenses citadas este martes por la cadena de noticias CNN, revelaron que el mandatario no aceptar\u00e1 ese plan, que tambi\u00e9n propone que las tropas norteamericanae levanten de inmediato el bloqueo naval impuesto a las costas iran\u00edes.__IP__<\/p>\n<p>Trump extendi\u00f3 la semana pasada el alto el fuego con Teher\u00e1n de manera indefinida para propiciar un di\u00e1logo que, por el momento, ahora se encuentra estancado despu\u00e9s de que el propio presidente estadounidense cancelara el viaje de sus enviados a Pakist\u00e1n para una segunda ronda de conversaciones con los iran\u00edes.<\/p>\n<p><a href=\"https:\/\/noticiasargentinas.com\/-agenciana_t6916e70a4551e78eb9423f59\"><strong>#AgenciaNA<\/strong><\/a><strong> <\/strong><\/p>\n","protected":false},"excerpt":{"rendered":"<p>El presidente de los Estados Unidos, Donald Trump, afirm\u00f3 este<\/p>\n","protected":false},"author":0,"featured_media":19199,"comment_status":"","ping_status":"","sticky":false,"template":"","format":"standard","meta":{"footnotes":""},"categories":[65],"tags":[],"class_list":["post-19198","post","type-post","status-publish","format-standard","has-post-thumbnail","hentry","category-pais"],"yoast_head":"<!-- This site is optimized with the Yoast SEO plugin v27.5 - https:\/\/yoast.com\/product\/yoast-seo-wordpress\/ -->\n<title>Trump afirma que &quot;Ir\u00e1n est\u00e1 en estado de colapso&quot; - Cuarteto en la Web<\/title>\n<meta name=\"robots\" content=\"index, follow, max-snippet:-1, max-image-preview:large, max-video-preview:-1\" \/>\n<link rel=\"canonical\" href=\"http:\/\/cuartetoenlaweb.com.ar\/sitio\/trump-afirma-que-iran-esta-en-estado-de-colapso\/\" \/>\n<meta property=\"og:locale\" content=\"es_ES\" \/>\n<meta property=\"og:type\" content=\"article\" \/>\n<meta property=\"og:title\" content=\"Trump afirma que &quot;Ir\u00e1n est\u00e1 en estado de colapso&quot; - Cuarteto en la Web\" \/>\n<meta property=\"og:description\" content=\"El presidente de los Estados Unidos, Donald Trump, afirm\u00f3 este\" \/>\n<meta property=\"og:url\" content=\"http:\/\/cuartetoenlaweb.com.ar\/sitio\/trump-afirma-que-iran-esta-en-estado-de-colapso\/\" \/>\n<meta property=\"og:site_name\" content=\"Cuarteto en la Web\" \/>\n<meta property=\"article:published_time\" content=\"2026-04-28T18:00:20+00:00\" \/>\n<meta property=\"og:image\" content=\"https:\/\/uscdn.eltribuno.com\/042026\/1777393994494\/try.jpg\" \/>\n<meta name=\"twitter:card\" content=\"summary_large_image\" \/>\n<meta name=\"twitter:label1\" content=\"Tiempo de lectura\" \/>\n\t<meta name=\"twitter:data1\" content=\"1 minuto\" \/>\n<script type=\"application\/ld+json\" class=\"yoast-schema-graph\">{\"@context\":\"https:\\\/\\\/schema.org\",\"@graph\":[{\"@type\":\"Article\",\"@id\":\"http:\\\/\\\/cuartetoenlaweb.com.ar\\\/sitio\\\/trump-afirma-que-iran-esta-en-estado-de-colapso\\\/#article\",\"isPartOf\":{\"@id\":\"http:\\\/\\\/cuartetoenlaweb.com.ar\\\/sitio\\\/trump-afirma-que-iran-esta-en-estado-de-colapso\\\/\"},\"author\":{\"name\":\"\",\"@id\":\"\"},\"headline\":\"Trump afirma que &quot;Ir\u00e1n est\u00e1 en estado de colapso&quot;\",\"datePublished\":\"2026-04-28T18:00:20+00:00\",\"mainEntityOfPage\":{\"@id\":\"http:\\\/\\\/cuartetoenlaweb.com.ar\\\/sitio\\\/trump-afirma-que-iran-esta-en-estado-de-colapso\\\/\"},\"wordCount\":304,\"publisher\":{\"@id\":\"http:\\\/\\\/cuartetoenlaweb.com.ar\\\/sitio\\\/#organization\"},\"image\":{\"@id\":\"http:\\\/\\\/cuartetoenlaweb.com.ar\\\/sitio\\\/trump-afirma-que-iran-esta-en-estado-de-colapso\\\/#primaryimage\"},\"thumbnailUrl\":\"http:\\\/\\\/cuartetoenlaweb.com.ar\\\/sitio\\\/wp-content\\\/uploads\\\/2026\\\/04\\\/try.jpg\",\"articleSection\":[\"PAIS\"],\"inLanguage\":\"es\"},{\"@type\":\"WebPage\",\"@id\":\"http:\\\/\\\/cuartetoenlaweb.com.ar\\\/sitio\\\/trump-afirma-que-iran-esta-en-estado-de-colapso\\\/\",\"url\":\"http:\\\/\\\/cuartetoenlaweb.com.ar\\\/sitio\\\/trump-afirma-que-iran-esta-en-estado-de-colapso\\\/\",\"name\":\"Trump afirma que &quot;Ir\u00e1n est\u00e1 en estado de colapso&quot; - Cuarteto en la Web\",\"isPartOf\":{\"@id\":\"http:\\\/\\\/cuartetoenlaweb.com.ar\\\/sitio\\\/#website\"},\"primaryImageOfPage\":{\"@id\":\"http:\\\/\\\/cuartetoenlaweb.com.ar\\\/sitio\\\/trump-afirma-que-iran-esta-en-estado-de-colapso\\\/#primaryimage\"},\"image\":{\"@id\":\"http:\\\/\\\/cuartetoenlaweb.com.ar\\\/sitio\\\/trump-afirma-que-iran-esta-en-estado-de-colapso\\\/#primaryimage\"},\"thumbnailUrl\":\"http:\\\/\\\/cuartetoenlaweb.com.ar\\\/sitio\\\/wp-content\\\/uploads\\\/2026\\\/04\\\/try.jpg\",\"datePublished\":\"2026-04-28T18:00:20+00:00\",\"breadcrumb\":{\"@id\":\"http:\\\/\\\/cuartetoenlaweb.com.ar\\\/sitio\\\/trump-afirma-que-iran-esta-en-estado-de-colapso\\\/#breadcrumb\"},\"inLanguage\":\"es\",\"potentialAction\":[{\"@type\":\"ReadAction\",\"target\":[\"http:\\\/\\\/cuartetoenlaweb.com.ar\\\/sitio\\\/trump-afirma-que-iran-esta-en-estado-de-colapso\\\/\"]}]},{\"@type\":\"ImageObject\",\"inLanguage\":\"es\",\"@id\":\"http:\\\/\\\/cuartetoenlaweb.com.ar\\\/sitio\\\/trump-afirma-que-iran-esta-en-estado-de-colapso\\\/#primaryimage\",\"url\":\"http:\\\/\\\/cuartetoenlaweb.com.ar\\\/sitio\\\/wp-content\\\/uploads\\\/2026\\\/04\\\/try.jpg\",\"contentUrl\":\"http:\\\/\\\/cuartetoenlaweb.com.ar\\\/sitio\\\/wp-content\\\/uploads\\\/2026\\\/04\\\/try.jpg\",\"width\":640,\"height\":268},{\"@type\":\"BreadcrumbList\",\"@id\":\"http:\\\/\\\/cuartetoenlaweb.com.ar\\\/sitio\\\/trump-afirma-que-iran-esta-en-estado-de-colapso\\\/#breadcrumb\",\"itemListElement\":[{\"@type\":\"ListItem\",\"position\":1,\"name\":\"Portada\",\"item\":\"http:\\\/\\\/cuartetoenlaweb.com.ar\\\/sitio\\\/\"},{\"@type\":\"ListItem\",\"position\":2,\"name\":\"Trump afirma que &quot;Ir\u00e1n est\u00e1 en estado de colapso&quot;\"}]},{\"@type\":\"WebSite\",\"@id\":\"http:\\\/\\\/cuartetoenlaweb.com.ar\\\/sitio\\\/#website\",\"url\":\"http:\\\/\\\/cuartetoenlaweb.com.ar\\\/sitio\\\/\",\"name\":\"Cuarteto en la Web\",\"description\":\"\",\"publisher\":{\"@id\":\"http:\\\/\\\/cuartetoenlaweb.com.ar\\\/sitio\\\/#organization\"},\"potentialAction\":[{\"@type\":\"SearchAction\",\"target\":{\"@type\":\"EntryPoint\",\"urlTemplate\":\"http:\\\/\\\/cuartetoenlaweb.com.ar\\\/sitio\\\/?s={search_term_string}\"},\"query-input\":{\"@type\":\"PropertyValueSpecification\",\"valueRequired\":true,\"valueName\":\"search_term_string\"}}],\"inLanguage\":\"es\"},{\"@type\":\"Organization\",\"@id\":\"http:\\\/\\\/cuartetoenlaweb.com.ar\\\/sitio\\\/#organization\",\"name\":\"Cuarteto en la Web\",\"url\":\"http:\\\/\\\/cuartetoenlaweb.com.ar\\\/sitio\\\/\",\"logo\":{\"@type\":\"ImageObject\",\"inLanguage\":\"es\",\"@id\":\"http:\\\/\\\/cuartetoenlaweb.com.ar\\\/sitio\\\/#\\\/schema\\\/logo\\\/image\\\/\",\"url\":\"http:\\\/\\\/cuartetoenlaweb.com.ar\\\/sitio\\\/wp-content\\\/uploads\\\/2025\\\/07\\\/cropped-cropped-logitoweb21.png\",\"contentUrl\":\"http:\\\/\\\/cuartetoenlaweb.com.ar\\\/sitio\\\/wp-content\\\/uploads\\\/2025\\\/07\\\/cropped-cropped-logitoweb21.png\",\"width\":199,\"height\":199,\"caption\":\"Cuarteto en la Web\"},\"image\":{\"@id\":\"http:\\\/\\\/cuartetoenlaweb.com.ar\\\/sitio\\\/#\\\/schema\\\/logo\\\/image\\\/\"}}]}<\/script>\n<!-- \/ Yoast SEO plugin. -->","yoast_head_json":{"title":"Trump afirma que &quot;Ir\u00e1n est\u00e1 en estado de colapso&quot; - Cuarteto en la Web","robots":{"index":"index","follow":"follow","max-snippet":"max-snippet:-1","max-image-preview":"max-image-preview:large","max-video-preview":"max-video-preview:-1"},"canonical":"http:\/\/cuartetoenlaweb.com.ar\/sitio\/trump-afirma-que-iran-esta-en-estado-de-colapso\/","og_locale":"es_ES","og_type":"article","og_title":"Trump afirma que &quot;Ir\u00e1n est\u00e1 en estado de colapso&quot; - Cuarteto en la Web","og_description":"El presidente de los Estados Unidos, Donald Trump, afirm\u00f3 este","og_url":"http:\/\/cuartetoenlaweb.com.ar\/sitio\/trump-afirma-que-iran-esta-en-estado-de-colapso\/","og_site_name":"Cuarteto en la Web","article_published_time":"2026-04-28T18:00:20+00:00","og_image":[{"url":"https:\/\/uscdn.eltribuno.com\/042026\/1777393994494\/try.jpg","type":"","width":"","height":""}],"twitter_card":"summary_large_image","twitter_misc":{"Tiempo de lectura":"1 minuto"},"schema":{"@context":"https:\/\/schema.org","@graph":[{"@type":"Article","@id":"http:\/\/cuartetoenlaweb.com.ar\/sitio\/trump-afirma-que-iran-esta-en-estado-de-colapso\/#article","isPartOf":{"@id":"http:\/\/cuartetoenlaweb.com.ar\/sitio\/trump-afirma-que-iran-esta-en-estado-de-colapso\/"},"author":{"name":"","@id":""},"headline":"Trump afirma que &quot;Ir\u00e1n est\u00e1 en estado de colapso&quot;","datePublished":"2026-04-28T18:00:20+00:00","mainEntityOfPage":{"@id":"http:\/\/cuartetoenlaweb.com.ar\/sitio\/trump-afirma-que-iran-esta-en-estado-de-colapso\/"},"wordCount":304,"publisher":{"@id":"http:\/\/cuartetoenlaweb.com.ar\/sitio\/#organization"},"image":{"@id":"http:\/\/cuartetoenlaweb.com.ar\/sitio\/trump-afirma-que-iran-esta-en-estado-de-colapso\/#primaryimage"},"thumbnailUrl":"http:\/\/cuartetoenlaweb.com.ar\/sitio\/wp-content\/uploads\/2026\/04\/try.jpg","articleSection":["PAIS"],"inLanguage":"es"},{"@type":"WebPage","@id":"http:\/\/cuartetoenlaweb.com.ar\/sitio\/trump-afirma-que-iran-esta-en-estado-de-colapso\/","url":"http:\/\/cuartetoenlaweb.com.ar\/sitio\/trump-afirma-que-iran-esta-en-estado-de-colapso\/","name":"Trump afirma que &quot;Ir\u00e1n est\u00e1 en estado de colapso&quot; - Cuarteto en la Web","isPartOf":{"@id":"http:\/\/cuartetoenlaweb.com.ar\/sitio\/#website"},"primaryImageOfPage":{"@id":"http:\/\/cuartetoenlaweb.com.ar\/sitio\/trump-afirma-que-iran-esta-en-estado-de-colapso\/#primaryimage"},"image":{"@id":"http:\/\/cuartetoenlaweb.com.ar\/sitio\/trump-afirma-que-iran-esta-en-estado-de-colapso\/#primaryimage"},"thumbnailUrl":"http:\/\/cuartetoenlaweb.com.ar\/sitio\/wp-content\/uploads\/2026\/04\/try.jpg","datePublished":"2026-04-28T18:00:20+00:00","breadcrumb":{"@id":"http:\/\/cuartetoenlaweb.com.ar\/sitio\/trump-afirma-que-iran-esta-en-estado-de-colapso\/#breadcrumb"},"inLanguage":"es","potentialAction":[{"@type":"ReadAction","target":["http:\/\/cuartetoenlaweb.com.ar\/sitio\/trump-afirma-que-iran-esta-en-estado-de-colapso\/"]}]},{"@type":"ImageObject","inLanguage":"es","@id":"http:\/\/cuartetoenlaweb.com.ar\/sitio\/trump-afirma-que-iran-esta-en-estado-de-colapso\/#primaryimage","url":"http:\/\/cuartetoenlaweb.com.ar\/sitio\/wp-content\/uploads\/2026\/04\/try.jpg","contentUrl":"http:\/\/cuartetoenlaweb.com.ar\/sitio\/wp-content\/uploads\/2026\/04\/try.jpg","width":640,"height":268},{"@type":"BreadcrumbList","@id":"http:\/\/cuartetoenlaweb.com.ar\/sitio\/trump-afirma-que-iran-esta-en-estado-de-colapso\/#breadcrumb","itemListElement":[{"@type":"ListItem","position":1,"name":"Portada","item":"http:\/\/cuartetoenlaweb.com.ar\/sitio\/"},{"@type":"ListItem","position":2,"name":"Trump afirma que &quot;Ir\u00e1n est\u00e1 en estado de colapso&quot;"}]},{"@type":"WebSite","@id":"http:\/\/cuartetoenlaweb.com.ar\/sitio\/#website","url":"http:\/\/cuartetoenlaweb.com.ar\/sitio\/","name":"Cuarteto en la Web","description":"","publisher":{"@id":"http:\/\/cuartetoenlaweb.com.ar\/sitio\/#organization"},"potentialAction":[{"@type":"SearchAction","target":{"@type":"EntryPoint","urlTemplate":"http:\/\/cuartetoenlaweb.com.ar\/sitio\/?s={search_term_string}"},"query-input":{"@type":"PropertyValueSpecification","valueRequired":true,"valueName":"search_term_string"}}],"inLanguage":"es"},{"@type":"Organization","@id":"http:\/\/cuartetoenlaweb.com.ar\/sitio\/#organization","name":"Cuarteto en la Web","url":"http:\/\/cuartetoenlaweb.com.ar\/sitio\/","logo":{"@type":"ImageObject","inLanguage":"es","@id":"http:\/\/cuartetoenlaweb.com.ar\/sitio\/#\/schema\/logo\/image\/","url":"http:\/\/cuartetoenlaweb.com.ar\/sitio\/wp-content\/uploads\/2025\/07\/cropped-cropped-logitoweb21.png","contentUrl":"http:\/\/cuartetoenlaweb.com.ar\/sitio\/wp-content\/uploads\/2025\/07\/cropped-cropped-logitoweb21.png","width":199,"height":199,"caption":"Cuarteto en la Web"},"image":{"@id":"http:\/\/cuartetoenlaweb.com.ar\/sitio\/#\/schema\/logo\/image\/"}}]}},"_links":{"self":[{"href":"http:\/\/cuartetoenlaweb.com.ar\/sitio\/wp-json\/wp\/v2\/posts\/19198","targetHints":{"allow":["GET"]}}],"collection":[{"href":"http:\/\/cuartetoenlaweb.com.ar\/sitio\/wp-json\/wp\/v2\/posts"}],"about":[{"href":"http:\/\/cuartetoenlaweb.com.ar\/sitio\/wp-json\/wp\/v2\/types\/post"}],"replies":[{"embeddable":true,"href":"http:\/\/cuartetoenlaweb.com.ar\/sitio\/wp-json\/wp\/v2\/comments?post=19198"}],"version-history":[{"count":0,"href":"http:\/\/cuartetoenlaweb.com.ar\/sitio\/wp-json\/wp\/v2\/posts\/19198\/revisions"}],"wp:featuredmedia":[{"embeddable":true,"href":"http:\/\/cuartetoenlaweb.com.ar\/sitio\/wp-json\/wp\/v2\/media\/19199"}],"wp:attachment":[{"href":"http:\/\/cuartetoenlaweb.com.ar\/sitio\/wp-json\/wp\/v2\/media?parent=19198"}],"wp:term":[{"taxonomy":"category","embeddable":true,"href":"http:\/\/cuartetoenlaweb.com.ar\/sitio\/wp-json\/wp\/v2\/categories?post=19198"},{"taxonomy":"post_tag","embeddable":true,"href":"http:\/\/cuartetoenlaweb.com.ar\/sitio\/wp-json\/wp\/v2\/tags?post=19198"}],"curies":[{"name":"wp","href":"https:\/\/api.w.org\/{rel}","templated":true}]}}