
{"id":19196,"date":"2026-04-28T15:00:17","date_gmt":"2026-04-28T18:00:17","guid":{"rendered":"http:\/\/cuartetoenlaweb.com.ar\/sitio\/dos-detenidos-por-distribucion-de-material-de-abuso-sexual-infantil-en-salta\/"},"modified":"2026-04-28T15:00:17","modified_gmt":"2026-04-28T18:00:17","slug":"dos-detenidos-por-distribucion-de-material-de-abuso-sexual-infantil-en-salta","status":"publish","type":"post","link":"http:\/\/cuartetoenlaweb.com.ar\/sitio\/dos-detenidos-por-distribucion-de-material-de-abuso-sexual-infantil-en-salta\/","title":{"rendered":"Dos detenidos por distribuci\u00f3n de material de abuso sexual infantil en Salta"},"content":{"rendered":"<p>La reciente operaci\u00f3n \u00ab<strong>Aliados por la Infancia VI\u00bb<\/strong>, concebida y coordinada a nivel internacional, ha dado un golpe significativo contra las redes que distribuyen material de abuso sexual infantil. Esta operaci\u00f3n se realiz\u00f3 en simult\u00e1neo en 18 provincias de Argentina, incluyendo Salta, y en varios pa\u00edses de Am\u00e9rica y Europa.<\/p>\n<p>En Salta, los procedimientos se centraron en <strong>dos hombres de 20 y 28 a\u00f1os<\/strong>, quienes fueron arrestados en la zona oeste de la ciudad, en el marco de una investigaci\u00f3n sobre la distribuci\u00f3n de material de abuso y explotaci\u00f3n sexual infantil. Ambos sujetos est\u00e1n siendo investigados por la tenencia y distribuci\u00f3n de dicho material, delito por el cual ser\u00e1n imputados en las pr\u00f3ximas horas.<\/p>\n<p><strong>Colaboraci\u00f3n internacional<\/strong><\/p>\n<p>La operaci\u00f3n fue impulsada por la colaboraci\u00f3n entre la Embajada de Estados Unidos, el U.S. Department of Homeland Security, y el Ministerio P\u00fablico Fiscal de la Ciudad de Buenos Aires. Las investigaciones se iniciaron tras un reporte generado por ICACCOPS (Internet Crimes Against Children Child Online Protection System), que alert\u00f3 sobre 68 usuarios sospechosos de distribuir material de abuso sexual infantil.<\/p>\n<p>Los<strong> allanamientos en Salta<\/strong> fueron realizados por personal de la Direcci\u00f3n de Ciberseguridad y de Trata de Personas de la Polic\u00eda, en colaboraci\u00f3n con la fiscal penal especializada en Ciberdelincuencia, Sof\u00eda Cornejo. Los oficiales procedieron con el secuestro de evidencia digital que ahora ser\u00e1 analizada para determinar la extensi\u00f3n de las actividades delictivas.<\/p>\n<p><strong>Impacto de la operaci\u00f3n \u00abAliados por la Infancia VI\u00bb<\/strong><\/p>\n<p>El operativo \u201cAliados por la Infancia VI\u201d es un esfuerzo internacional clave para combatir la explotaci\u00f3n sexual infantil. Se llev\u00f3 a cabo no solo en Argentina, sino tambi\u00e9n en pa\u00edses como Costa Rica, Honduras, Ecuador, Paraguay, M\u00e9xico, Brasil, Espa\u00f1a, Francia, entre otros. <\/p>\n","protected":false},"excerpt":{"rendered":"<p>La reciente operaci\u00f3n \u00abAliados por la Infancia VI\u00bb, concebida y<\/p>\n","protected":false},"author":0,"featured_media":19197,"comment_status":"","ping_status":"","sticky":false,"template":"","format":"standard","meta":{"footnotes":""},"categories":[65],"tags":[],"class_list":["post-19196","post","type-post","status-publish","format-standard","has-post-thumbnail","hentry","category-pais"],"yoast_head":"<!-- This site is optimized with the Yoast SEO plugin v27.5 - https:\/\/yoast.com\/product\/yoast-seo-wordpress\/ -->\n<title>Dos detenidos por distribuci\u00f3n de material de abuso sexual infantil en Salta - Cuarteto en la Web<\/title>\n<meta name=\"robots\" content=\"index, follow, max-snippet:-1, max-image-preview:large, max-video-preview:-1\" \/>\n<link rel=\"canonical\" href=\"http:\/\/cuartetoenlaweb.com.ar\/sitio\/dos-detenidos-por-distribucion-de-material-de-abuso-sexual-infantil-en-salta\/\" \/>\n<meta property=\"og:locale\" content=\"es_ES\" \/>\n<meta property=\"og:type\" content=\"article\" \/>\n<meta property=\"og:title\" content=\"Dos detenidos por distribuci\u00f3n de material de abuso sexual infantil en Salta - Cuarteto en la Web\" \/>\n<meta property=\"og:description\" content=\"La reciente operaci\u00f3n \u00abAliados por la Infancia VI\u00bb, concebida y\" \/>\n<meta property=\"og:url\" content=\"http:\/\/cuartetoenlaweb.com.ar\/sitio\/dos-detenidos-por-distribucion-de-material-de-abuso-sexual-infantil-en-salta\/\" \/>\n<meta property=\"og:site_name\" content=\"Cuarteto en la Web\" \/>\n<meta property=\"article:published_time\" content=\"2026-04-28T18:00:17+00:00\" \/>\n<meta name=\"twitter:card\" content=\"summary_large_image\" \/>\n<meta name=\"twitter:label1\" content=\"Tiempo de lectura\" \/>\n\t<meta name=\"twitter:data1\" content=\"2 minutos\" \/>\n<script type=\"application\/ld+json\" class=\"yoast-schema-graph\">{\"@context\":\"https:\\\/\\\/schema.org\",\"@graph\":[{\"@type\":\"Article\",\"@id\":\"http:\\\/\\\/cuartetoenlaweb.com.ar\\\/sitio\\\/dos-detenidos-por-distribucion-de-material-de-abuso-sexual-infantil-en-salta\\\/#article\",\"isPartOf\":{\"@id\":\"http:\\\/\\\/cuartetoenlaweb.com.ar\\\/sitio\\\/dos-detenidos-por-distribucion-de-material-de-abuso-sexual-infantil-en-salta\\\/\"},\"author\":{\"name\":\"\",\"@id\":\"\"},\"headline\":\"Dos detenidos por distribuci\u00f3n de material de abuso sexual infantil en Salta\",\"datePublished\":\"2026-04-28T18:00:17+00:00\",\"mainEntityOfPage\":{\"@id\":\"http:\\\/\\\/cuartetoenlaweb.com.ar\\\/sitio\\\/dos-detenidos-por-distribucion-de-material-de-abuso-sexual-infantil-en-salta\\\/\"},\"wordCount\":319,\"publisher\":{\"@id\":\"http:\\\/\\\/cuartetoenlaweb.com.ar\\\/sitio\\\/#organization\"},\"image\":{\"@id\":\"http:\\\/\\\/cuartetoenlaweb.com.ar\\\/sitio\\\/dos-detenidos-por-distribucion-de-material-de-abuso-sexual-infantil-en-salta\\\/#primaryimage\"},\"thumbnailUrl\":\"http:\\\/\\\/cuartetoenlaweb.com.ar\\\/sitio\\\/wp-content\\\/uploads\\\/2026\\\/04\\\/portadax-194.png\",\"articleSection\":[\"PAIS\"],\"inLanguage\":\"es\"},{\"@type\":\"WebPage\",\"@id\":\"http:\\\/\\\/cuartetoenlaweb.com.ar\\\/sitio\\\/dos-detenidos-por-distribucion-de-material-de-abuso-sexual-infantil-en-salta\\\/\",\"url\":\"http:\\\/\\\/cuartetoenlaweb.com.ar\\\/sitio\\\/dos-detenidos-por-distribucion-de-material-de-abuso-sexual-infantil-en-salta\\\/\",\"name\":\"Dos detenidos por distribuci\u00f3n de material de abuso sexual infantil en Salta - Cuarteto en la Web\",\"isPartOf\":{\"@id\":\"http:\\\/\\\/cuartetoenlaweb.com.ar\\\/sitio\\\/#website\"},\"primaryImageOfPage\":{\"@id\":\"http:\\\/\\\/cuartetoenlaweb.com.ar\\\/sitio\\\/dos-detenidos-por-distribucion-de-material-de-abuso-sexual-infantil-en-salta\\\/#primaryimage\"},\"image\":{\"@id\":\"http:\\\/\\\/cuartetoenlaweb.com.ar\\\/sitio\\\/dos-detenidos-por-distribucion-de-material-de-abuso-sexual-infantil-en-salta\\\/#primaryimage\"},\"thumbnailUrl\":\"http:\\\/\\\/cuartetoenlaweb.com.ar\\\/sitio\\\/wp-content\\\/uploads\\\/2026\\\/04\\\/portadax-194.png\",\"datePublished\":\"2026-04-28T18:00:17+00:00\",\"breadcrumb\":{\"@id\":\"http:\\\/\\\/cuartetoenlaweb.com.ar\\\/sitio\\\/dos-detenidos-por-distribucion-de-material-de-abuso-sexual-infantil-en-salta\\\/#breadcrumb\"},\"inLanguage\":\"es\",\"potentialAction\":[{\"@type\":\"ReadAction\",\"target\":[\"http:\\\/\\\/cuartetoenlaweb.com.ar\\\/sitio\\\/dos-detenidos-por-distribucion-de-material-de-abuso-sexual-infantil-en-salta\\\/\"]}]},{\"@type\":\"ImageObject\",\"inLanguage\":\"es\",\"@id\":\"http:\\\/\\\/cuartetoenlaweb.com.ar\\\/sitio\\\/dos-detenidos-por-distribucion-de-material-de-abuso-sexual-infantil-en-salta\\\/#primaryimage\",\"url\":\"http:\\\/\\\/cuartetoenlaweb.com.ar\\\/sitio\\\/wp-content\\\/uploads\\\/2026\\\/04\\\/portadax-194.png\",\"contentUrl\":\"http:\\\/\\\/cuartetoenlaweb.com.ar\\\/sitio\\\/wp-content\\\/uploads\\\/2026\\\/04\\\/portadax-194.png\",\"width\":1366,\"height\":768},{\"@type\":\"BreadcrumbList\",\"@id\":\"http:\\\/\\\/cuartetoenlaweb.com.ar\\\/sitio\\\/dos-detenidos-por-distribucion-de-material-de-abuso-sexual-infantil-en-salta\\\/#breadcrumb\",\"itemListElement\":[{\"@type\":\"ListItem\",\"position\":1,\"name\":\"Portada\",\"item\":\"http:\\\/\\\/cuartetoenlaweb.com.ar\\\/sitio\\\/\"},{\"@type\":\"ListItem\",\"position\":2,\"name\":\"Dos detenidos por distribuci\u00f3n de material de abuso sexual infantil en Salta\"}]},{\"@type\":\"WebSite\",\"@id\":\"http:\\\/\\\/cuartetoenlaweb.com.ar\\\/sitio\\\/#website\",\"url\":\"http:\\\/\\\/cuartetoenlaweb.com.ar\\\/sitio\\\/\",\"name\":\"Cuarteto en la Web\",\"description\":\"\",\"publisher\":{\"@id\":\"http:\\\/\\\/cuartetoenlaweb.com.ar\\\/sitio\\\/#organization\"},\"potentialAction\":[{\"@type\":\"SearchAction\",\"target\":{\"@type\":\"EntryPoint\",\"urlTemplate\":\"http:\\\/\\\/cuartetoenlaweb.com.ar\\\/sitio\\\/?s={search_term_string}\"},\"query-input\":{\"@type\":\"PropertyValueSpecification\",\"valueRequired\":true,\"valueName\":\"search_term_string\"}}],\"inLanguage\":\"es\"},{\"@type\":\"Organization\",\"@id\":\"http:\\\/\\\/cuartetoenlaweb.com.ar\\\/sitio\\\/#organization\",\"name\":\"Cuarteto en la Web\",\"url\":\"http:\\\/\\\/cuartetoenlaweb.com.ar\\\/sitio\\\/\",\"logo\":{\"@type\":\"ImageObject\",\"inLanguage\":\"es\",\"@id\":\"http:\\\/\\\/cuartetoenlaweb.com.ar\\\/sitio\\\/#\\\/schema\\\/logo\\\/image\\\/\",\"url\":\"http:\\\/\\\/cuartetoenlaweb.com.ar\\\/sitio\\\/wp-content\\\/uploads\\\/2025\\\/07\\\/cropped-cropped-logitoweb21.png\",\"contentUrl\":\"http:\\\/\\\/cuartetoenlaweb.com.ar\\\/sitio\\\/wp-content\\\/uploads\\\/2025\\\/07\\\/cropped-cropped-logitoweb21.png\",\"width\":199,\"height\":199,\"caption\":\"Cuarteto en la Web\"},\"image\":{\"@id\":\"http:\\\/\\\/cuartetoenlaweb.com.ar\\\/sitio\\\/#\\\/schema\\\/logo\\\/image\\\/\"}}]}<\/script>\n<!-- \/ Yoast SEO plugin. -->","yoast_head_json":{"title":"Dos detenidos por distribuci\u00f3n de material de abuso sexual infantil en Salta - Cuarteto en la Web","robots":{"index":"index","follow":"follow","max-snippet":"max-snippet:-1","max-image-preview":"max-image-preview:large","max-video-preview":"max-video-preview:-1"},"canonical":"http:\/\/cuartetoenlaweb.com.ar\/sitio\/dos-detenidos-por-distribucion-de-material-de-abuso-sexual-infantil-en-salta\/","og_locale":"es_ES","og_type":"article","og_title":"Dos detenidos por distribuci\u00f3n de material de abuso sexual infantil en Salta - Cuarteto en la Web","og_description":"La reciente operaci\u00f3n \u00abAliados por la Infancia VI\u00bb, concebida y","og_url":"http:\/\/cuartetoenlaweb.com.ar\/sitio\/dos-detenidos-por-distribucion-de-material-de-abuso-sexual-infantil-en-salta\/","og_site_name":"Cuarteto en la Web","article_published_time":"2026-04-28T18:00:17+00:00","twitter_card":"summary_large_image","twitter_misc":{"Tiempo de lectura":"2 minutos"},"schema":{"@context":"https:\/\/schema.org","@graph":[{"@type":"Article","@id":"http:\/\/cuartetoenlaweb.com.ar\/sitio\/dos-detenidos-por-distribucion-de-material-de-abuso-sexual-infantil-en-salta\/#article","isPartOf":{"@id":"http:\/\/cuartetoenlaweb.com.ar\/sitio\/dos-detenidos-por-distribucion-de-material-de-abuso-sexual-infantil-en-salta\/"},"author":{"name":"","@id":""},"headline":"Dos detenidos por distribuci\u00f3n de material de abuso sexual infantil en Salta","datePublished":"2026-04-28T18:00:17+00:00","mainEntityOfPage":{"@id":"http:\/\/cuartetoenlaweb.com.ar\/sitio\/dos-detenidos-por-distribucion-de-material-de-abuso-sexual-infantil-en-salta\/"},"wordCount":319,"publisher":{"@id":"http:\/\/cuartetoenlaweb.com.ar\/sitio\/#organization"},"image":{"@id":"http:\/\/cuartetoenlaweb.com.ar\/sitio\/dos-detenidos-por-distribucion-de-material-de-abuso-sexual-infantil-en-salta\/#primaryimage"},"thumbnailUrl":"http:\/\/cuartetoenlaweb.com.ar\/sitio\/wp-content\/uploads\/2026\/04\/portadax-194.png","articleSection":["PAIS"],"inLanguage":"es"},{"@type":"WebPage","@id":"http:\/\/cuartetoenlaweb.com.ar\/sitio\/dos-detenidos-por-distribucion-de-material-de-abuso-sexual-infantil-en-salta\/","url":"http:\/\/cuartetoenlaweb.com.ar\/sitio\/dos-detenidos-por-distribucion-de-material-de-abuso-sexual-infantil-en-salta\/","name":"Dos detenidos por distribuci\u00f3n de material de abuso sexual infantil en Salta - Cuarteto en la Web","isPartOf":{"@id":"http:\/\/cuartetoenlaweb.com.ar\/sitio\/#website"},"primaryImageOfPage":{"@id":"http:\/\/cuartetoenlaweb.com.ar\/sitio\/dos-detenidos-por-distribucion-de-material-de-abuso-sexual-infantil-en-salta\/#primaryimage"},"image":{"@id":"http:\/\/cuartetoenlaweb.com.ar\/sitio\/dos-detenidos-por-distribucion-de-material-de-abuso-sexual-infantil-en-salta\/#primaryimage"},"thumbnailUrl":"http:\/\/cuartetoenlaweb.com.ar\/sitio\/wp-content\/uploads\/2026\/04\/portadax-194.png","datePublished":"2026-04-28T18:00:17+00:00","breadcrumb":{"@id":"http:\/\/cuartetoenlaweb.com.ar\/sitio\/dos-detenidos-por-distribucion-de-material-de-abuso-sexual-infantil-en-salta\/#breadcrumb"},"inLanguage":"es","potentialAction":[{"@type":"ReadAction","target":["http:\/\/cuartetoenlaweb.com.ar\/sitio\/dos-detenidos-por-distribucion-de-material-de-abuso-sexual-infantil-en-salta\/"]}]},{"@type":"ImageObject","inLanguage":"es","@id":"http:\/\/cuartetoenlaweb.com.ar\/sitio\/dos-detenidos-por-distribucion-de-material-de-abuso-sexual-infantil-en-salta\/#primaryimage","url":"http:\/\/cuartetoenlaweb.com.ar\/sitio\/wp-content\/uploads\/2026\/04\/portadax-194.png","contentUrl":"http:\/\/cuartetoenlaweb.com.ar\/sitio\/wp-content\/uploads\/2026\/04\/portadax-194.png","width":1366,"height":768},{"@type":"BreadcrumbList","@id":"http:\/\/cuartetoenlaweb.com.ar\/sitio\/dos-detenidos-por-distribucion-de-material-de-abuso-sexual-infantil-en-salta\/#breadcrumb","itemListElement":[{"@type":"ListItem","position":1,"name":"Portada","item":"http:\/\/cuartetoenlaweb.com.ar\/sitio\/"},{"@type":"ListItem","position":2,"name":"Dos detenidos por distribuci\u00f3n de material de abuso sexual infantil en Salta"}]},{"@type":"WebSite","@id":"http:\/\/cuartetoenlaweb.com.ar\/sitio\/#website","url":"http:\/\/cuartetoenlaweb.com.ar\/sitio\/","name":"Cuarteto en la Web","description":"","publisher":{"@id":"http:\/\/cuartetoenlaweb.com.ar\/sitio\/#organization"},"potentialAction":[{"@type":"SearchAction","target":{"@type":"EntryPoint","urlTemplate":"http:\/\/cuartetoenlaweb.com.ar\/sitio\/?s={search_term_string}"},"query-input":{"@type":"PropertyValueSpecification","valueRequired":true,"valueName":"search_term_string"}}],"inLanguage":"es"},{"@type":"Organization","@id":"http:\/\/cuartetoenlaweb.com.ar\/sitio\/#organization","name":"Cuarteto en la Web","url":"http:\/\/cuartetoenlaweb.com.ar\/sitio\/","logo":{"@type":"ImageObject","inLanguage":"es","@id":"http:\/\/cuartetoenlaweb.com.ar\/sitio\/#\/schema\/logo\/image\/","url":"http:\/\/cuartetoenlaweb.com.ar\/sitio\/wp-content\/uploads\/2025\/07\/cropped-cropped-logitoweb21.png","contentUrl":"http:\/\/cuartetoenlaweb.com.ar\/sitio\/wp-content\/uploads\/2025\/07\/cropped-cropped-logitoweb21.png","width":199,"height":199,"caption":"Cuarteto en la Web"},"image":{"@id":"http:\/\/cuartetoenlaweb.com.ar\/sitio\/#\/schema\/logo\/image\/"}}]}},"_links":{"self":[{"href":"http:\/\/cuartetoenlaweb.com.ar\/sitio\/wp-json\/wp\/v2\/posts\/19196","targetHints":{"allow":["GET"]}}],"collection":[{"href":"http:\/\/cuartetoenlaweb.com.ar\/sitio\/wp-json\/wp\/v2\/posts"}],"about":[{"href":"http:\/\/cuartetoenlaweb.com.ar\/sitio\/wp-json\/wp\/v2\/types\/post"}],"replies":[{"embeddable":true,"href":"http:\/\/cuartetoenlaweb.com.ar\/sitio\/wp-json\/wp\/v2\/comments?post=19196"}],"version-history":[{"count":0,"href":"http:\/\/cuartetoenlaweb.com.ar\/sitio\/wp-json\/wp\/v2\/posts\/19196\/revisions"}],"wp:featuredmedia":[{"embeddable":true,"href":"http:\/\/cuartetoenlaweb.com.ar\/sitio\/wp-json\/wp\/v2\/media\/19197"}],"wp:attachment":[{"href":"http:\/\/cuartetoenlaweb.com.ar\/sitio\/wp-json\/wp\/v2\/media?parent=19196"}],"wp:term":[{"taxonomy":"category","embeddable":true,"href":"http:\/\/cuartetoenlaweb.com.ar\/sitio\/wp-json\/wp\/v2\/categories?post=19196"},{"taxonomy":"post_tag","embeddable":true,"href":"http:\/\/cuartetoenlaweb.com.ar\/sitio\/wp-json\/wp\/v2\/tags?post=19196"}],"curies":[{"name":"wp","href":"https:\/\/api.w.org\/{rel}","templated":true}]}}