
{"id":19190,"date":"2026-04-28T15:00:08","date_gmt":"2026-04-28T18:00:08","guid":{"rendered":"http:\/\/cuartetoenlaweb.com.ar\/sitio\/carla-gulizia-presidenta-del-centro-argentino-de-meteorologos-contra-sturzenegger-todo-lo-que-dice-el-ministro-son-falacias\/"},"modified":"2026-04-28T15:00:08","modified_gmt":"2026-04-28T18:00:08","slug":"carla-gulizia-presidenta-del-centro-argentino-de-meteorologos-contra-sturzenegger-todo-lo-que-dice-el-ministro-son-falacias","status":"publish","type":"post","link":"http:\/\/cuartetoenlaweb.com.ar\/sitio\/carla-gulizia-presidenta-del-centro-argentino-de-meteorologos-contra-sturzenegger-todo-lo-que-dice-el-ministro-son-falacias\/","title":{"rendered":"Carla Gulizia, presidenta del Centro Argentino de Meteor\u00f3logos, contra Sturzenegger: \u201cTodo lo que dice el ministro son falacias\u201d"},"content":{"rendered":"<p>A Federico Struzenegger le gusta caer mal, es de los que cuando eran chicos ped\u00edan los papeles del \u2018malo\u2019 en las obras de teatro, sino no se explica sus deseos de meterse en todas las pol\u00e9micas posibles y ganarse enemigos gratuitamente.<\/p>\n<p>Su \u00faltimo capricho fue agarr\u00e1rselas contra el Servicio Meteorol\u00f3gica Nacional, al que acus\u00f3 de estar obsoleto y -su obsesi\u00f3n- de tener demasiados empleados p\u00fablicos.<\/p>\n<p>Carla Gulizia desminti\u00f3 cada una de las acusaciones, defendi\u00f3 la calidad y el trabajo del SMN, y contragolpe\u00f3 se\u00f1alando que el propio gobierno sabote\u00f3 la modernizaci\u00f3n del mismo.<\/p>\n","protected":false},"excerpt":{"rendered":"<p>A Federico Struzenegger le gusta caer mal, es de los<\/p>\n","protected":false},"author":0,"featured_media":19191,"comment_status":"","ping_status":"","sticky":false,"template":"","format":"standard","meta":{"footnotes":""},"categories":[65],"tags":[],"class_list":["post-19190","post","type-post","status-publish","format-standard","has-post-thumbnail","hentry","category-pais"],"yoast_head":"<!-- This site is optimized with the Yoast SEO plugin v27.5 - https:\/\/yoast.com\/product\/yoast-seo-wordpress\/ -->\n<title>Carla Gulizia, presidenta del Centro Argentino de Meteor\u00f3logos, contra Sturzenegger: \u201cTodo lo que dice el ministro son falacias\u201d - Cuarteto en la Web<\/title>\n<meta name=\"robots\" content=\"index, follow, max-snippet:-1, max-image-preview:large, max-video-preview:-1\" \/>\n<link rel=\"canonical\" href=\"http:\/\/cuartetoenlaweb.com.ar\/sitio\/carla-gulizia-presidenta-del-centro-argentino-de-meteorologos-contra-sturzenegger-todo-lo-que-dice-el-ministro-son-falacias\/\" \/>\n<meta property=\"og:locale\" content=\"es_ES\" \/>\n<meta property=\"og:type\" content=\"article\" \/>\n<meta property=\"og:title\" content=\"Carla Gulizia, presidenta del Centro Argentino de Meteor\u00f3logos, contra Sturzenegger: \u201cTodo lo que dice el ministro son falacias\u201d - Cuarteto en la Web\" \/>\n<meta property=\"og:description\" content=\"A Federico Struzenegger le gusta caer mal, es de los\" \/>\n<meta property=\"og:url\" content=\"http:\/\/cuartetoenlaweb.com.ar\/sitio\/carla-gulizia-presidenta-del-centro-argentino-de-meteorologos-contra-sturzenegger-todo-lo-que-dice-el-ministro-son-falacias\/\" \/>\n<meta property=\"og:site_name\" content=\"Cuarteto en la Web\" \/>\n<meta property=\"article:published_time\" content=\"2026-04-28T18:00:08+00:00\" \/>\n<meta name=\"twitter:card\" content=\"summary_large_image\" \/>\n<meta name=\"twitter:label1\" content=\"Tiempo de lectura\" \/>\n\t<meta name=\"twitter:data1\" content=\"1 minuto\" \/>\n<script type=\"application\/ld+json\" class=\"yoast-schema-graph\">{\"@context\":\"https:\\\/\\\/schema.org\",\"@graph\":[{\"@type\":\"Article\",\"@id\":\"http:\\\/\\\/cuartetoenlaweb.com.ar\\\/sitio\\\/carla-gulizia-presidenta-del-centro-argentino-de-meteorologos-contra-sturzenegger-todo-lo-que-dice-el-ministro-son-falacias\\\/#article\",\"isPartOf\":{\"@id\":\"http:\\\/\\\/cuartetoenlaweb.com.ar\\\/sitio\\\/carla-gulizia-presidenta-del-centro-argentino-de-meteorologos-contra-sturzenegger-todo-lo-que-dice-el-ministro-son-falacias\\\/\"},\"author\":{\"name\":\"\",\"@id\":\"\"},\"headline\":\"Carla Gulizia, presidenta del Centro Argentino de Meteor\u00f3logos, contra Sturzenegger: \u201cTodo lo que dice el ministro son falacias\u201d\",\"datePublished\":\"2026-04-28T18:00:08+00:00\",\"mainEntityOfPage\":{\"@id\":\"http:\\\/\\\/cuartetoenlaweb.com.ar\\\/sitio\\\/carla-gulizia-presidenta-del-centro-argentino-de-meteorologos-contra-sturzenegger-todo-lo-que-dice-el-ministro-son-falacias\\\/\"},\"wordCount\":120,\"publisher\":{\"@id\":\"http:\\\/\\\/cuartetoenlaweb.com.ar\\\/sitio\\\/#organization\"},\"image\":{\"@id\":\"http:\\\/\\\/cuartetoenlaweb.com.ar\\\/sitio\\\/carla-gulizia-presidenta-del-centro-argentino-de-meteorologos-contra-sturzenegger-todo-lo-que-dice-el-ministro-son-falacias\\\/#primaryimage\"},\"thumbnailUrl\":\"http:\\\/\\\/cuartetoenlaweb.com.ar\\\/sitio\\\/wp-content\\\/uploads\\\/2026\\\/04\\\/720-665.jpeg\",\"articleSection\":[\"PAIS\"],\"inLanguage\":\"es\"},{\"@type\":\"WebPage\",\"@id\":\"http:\\\/\\\/cuartetoenlaweb.com.ar\\\/sitio\\\/carla-gulizia-presidenta-del-centro-argentino-de-meteorologos-contra-sturzenegger-todo-lo-que-dice-el-ministro-son-falacias\\\/\",\"url\":\"http:\\\/\\\/cuartetoenlaweb.com.ar\\\/sitio\\\/carla-gulizia-presidenta-del-centro-argentino-de-meteorologos-contra-sturzenegger-todo-lo-que-dice-el-ministro-son-falacias\\\/\",\"name\":\"Carla Gulizia, presidenta del Centro Argentino de Meteor\u00f3logos, contra Sturzenegger: \u201cTodo lo que dice el ministro son falacias\u201d - Cuarteto en la Web\",\"isPartOf\":{\"@id\":\"http:\\\/\\\/cuartetoenlaweb.com.ar\\\/sitio\\\/#website\"},\"primaryImageOfPage\":{\"@id\":\"http:\\\/\\\/cuartetoenlaweb.com.ar\\\/sitio\\\/carla-gulizia-presidenta-del-centro-argentino-de-meteorologos-contra-sturzenegger-todo-lo-que-dice-el-ministro-son-falacias\\\/#primaryimage\"},\"image\":{\"@id\":\"http:\\\/\\\/cuartetoenlaweb.com.ar\\\/sitio\\\/carla-gulizia-presidenta-del-centro-argentino-de-meteorologos-contra-sturzenegger-todo-lo-que-dice-el-ministro-son-falacias\\\/#primaryimage\"},\"thumbnailUrl\":\"http:\\\/\\\/cuartetoenlaweb.com.ar\\\/sitio\\\/wp-content\\\/uploads\\\/2026\\\/04\\\/720-665.jpeg\",\"datePublished\":\"2026-04-28T18:00:08+00:00\",\"breadcrumb\":{\"@id\":\"http:\\\/\\\/cuartetoenlaweb.com.ar\\\/sitio\\\/carla-gulizia-presidenta-del-centro-argentino-de-meteorologos-contra-sturzenegger-todo-lo-que-dice-el-ministro-son-falacias\\\/#breadcrumb\"},\"inLanguage\":\"es\",\"potentialAction\":[{\"@type\":\"ReadAction\",\"target\":[\"http:\\\/\\\/cuartetoenlaweb.com.ar\\\/sitio\\\/carla-gulizia-presidenta-del-centro-argentino-de-meteorologos-contra-sturzenegger-todo-lo-que-dice-el-ministro-son-falacias\\\/\"]}]},{\"@type\":\"ImageObject\",\"inLanguage\":\"es\",\"@id\":\"http:\\\/\\\/cuartetoenlaweb.com.ar\\\/sitio\\\/carla-gulizia-presidenta-del-centro-argentino-de-meteorologos-contra-sturzenegger-todo-lo-que-dice-el-ministro-son-falacias\\\/#primaryimage\",\"url\":\"http:\\\/\\\/cuartetoenlaweb.com.ar\\\/sitio\\\/wp-content\\\/uploads\\\/2026\\\/04\\\/720-665.jpeg\",\"contentUrl\":\"http:\\\/\\\/cuartetoenlaweb.com.ar\\\/sitio\\\/wp-content\\\/uploads\\\/2026\\\/04\\\/720-665.jpeg\",\"width\":1280,\"height\":720},{\"@type\":\"BreadcrumbList\",\"@id\":\"http:\\\/\\\/cuartetoenlaweb.com.ar\\\/sitio\\\/carla-gulizia-presidenta-del-centro-argentino-de-meteorologos-contra-sturzenegger-todo-lo-que-dice-el-ministro-son-falacias\\\/#breadcrumb\",\"itemListElement\":[{\"@type\":\"ListItem\",\"position\":1,\"name\":\"Portada\",\"item\":\"http:\\\/\\\/cuartetoenlaweb.com.ar\\\/sitio\\\/\"},{\"@type\":\"ListItem\",\"position\":2,\"name\":\"Carla Gulizia, presidenta del Centro Argentino de Meteor\u00f3logos, contra Sturzenegger: \u201cTodo lo que dice el ministro son falacias\u201d\"}]},{\"@type\":\"WebSite\",\"@id\":\"http:\\\/\\\/cuartetoenlaweb.com.ar\\\/sitio\\\/#website\",\"url\":\"http:\\\/\\\/cuartetoenlaweb.com.ar\\\/sitio\\\/\",\"name\":\"Cuarteto en la Web\",\"description\":\"\",\"publisher\":{\"@id\":\"http:\\\/\\\/cuartetoenlaweb.com.ar\\\/sitio\\\/#organization\"},\"potentialAction\":[{\"@type\":\"SearchAction\",\"target\":{\"@type\":\"EntryPoint\",\"urlTemplate\":\"http:\\\/\\\/cuartetoenlaweb.com.ar\\\/sitio\\\/?s={search_term_string}\"},\"query-input\":{\"@type\":\"PropertyValueSpecification\",\"valueRequired\":true,\"valueName\":\"search_term_string\"}}],\"inLanguage\":\"es\"},{\"@type\":\"Organization\",\"@id\":\"http:\\\/\\\/cuartetoenlaweb.com.ar\\\/sitio\\\/#organization\",\"name\":\"Cuarteto en la Web\",\"url\":\"http:\\\/\\\/cuartetoenlaweb.com.ar\\\/sitio\\\/\",\"logo\":{\"@type\":\"ImageObject\",\"inLanguage\":\"es\",\"@id\":\"http:\\\/\\\/cuartetoenlaweb.com.ar\\\/sitio\\\/#\\\/schema\\\/logo\\\/image\\\/\",\"url\":\"http:\\\/\\\/cuartetoenlaweb.com.ar\\\/sitio\\\/wp-content\\\/uploads\\\/2025\\\/07\\\/cropped-cropped-logitoweb21.png\",\"contentUrl\":\"http:\\\/\\\/cuartetoenlaweb.com.ar\\\/sitio\\\/wp-content\\\/uploads\\\/2025\\\/07\\\/cropped-cropped-logitoweb21.png\",\"width\":199,\"height\":199,\"caption\":\"Cuarteto en la Web\"},\"image\":{\"@id\":\"http:\\\/\\\/cuartetoenlaweb.com.ar\\\/sitio\\\/#\\\/schema\\\/logo\\\/image\\\/\"}}]}<\/script>\n<!-- \/ Yoast SEO plugin. -->","yoast_head_json":{"title":"Carla Gulizia, presidenta del Centro Argentino de Meteor\u00f3logos, contra Sturzenegger: \u201cTodo lo que dice el ministro son falacias\u201d - Cuarteto en la Web","robots":{"index":"index","follow":"follow","max-snippet":"max-snippet:-1","max-image-preview":"max-image-preview:large","max-video-preview":"max-video-preview:-1"},"canonical":"http:\/\/cuartetoenlaweb.com.ar\/sitio\/carla-gulizia-presidenta-del-centro-argentino-de-meteorologos-contra-sturzenegger-todo-lo-que-dice-el-ministro-son-falacias\/","og_locale":"es_ES","og_type":"article","og_title":"Carla Gulizia, presidenta del Centro Argentino de Meteor\u00f3logos, contra Sturzenegger: \u201cTodo lo que dice el ministro son falacias\u201d - Cuarteto en la Web","og_description":"A Federico Struzenegger le gusta caer mal, es de los","og_url":"http:\/\/cuartetoenlaweb.com.ar\/sitio\/carla-gulizia-presidenta-del-centro-argentino-de-meteorologos-contra-sturzenegger-todo-lo-que-dice-el-ministro-son-falacias\/","og_site_name":"Cuarteto en la Web","article_published_time":"2026-04-28T18:00:08+00:00","twitter_card":"summary_large_image","twitter_misc":{"Tiempo de lectura":"1 minuto"},"schema":{"@context":"https:\/\/schema.org","@graph":[{"@type":"Article","@id":"http:\/\/cuartetoenlaweb.com.ar\/sitio\/carla-gulizia-presidenta-del-centro-argentino-de-meteorologos-contra-sturzenegger-todo-lo-que-dice-el-ministro-son-falacias\/#article","isPartOf":{"@id":"http:\/\/cuartetoenlaweb.com.ar\/sitio\/carla-gulizia-presidenta-del-centro-argentino-de-meteorologos-contra-sturzenegger-todo-lo-que-dice-el-ministro-son-falacias\/"},"author":{"name":"","@id":""},"headline":"Carla Gulizia, presidenta del Centro Argentino de Meteor\u00f3logos, contra Sturzenegger: \u201cTodo lo que dice el ministro son falacias\u201d","datePublished":"2026-04-28T18:00:08+00:00","mainEntityOfPage":{"@id":"http:\/\/cuartetoenlaweb.com.ar\/sitio\/carla-gulizia-presidenta-del-centro-argentino-de-meteorologos-contra-sturzenegger-todo-lo-que-dice-el-ministro-son-falacias\/"},"wordCount":120,"publisher":{"@id":"http:\/\/cuartetoenlaweb.com.ar\/sitio\/#organization"},"image":{"@id":"http:\/\/cuartetoenlaweb.com.ar\/sitio\/carla-gulizia-presidenta-del-centro-argentino-de-meteorologos-contra-sturzenegger-todo-lo-que-dice-el-ministro-son-falacias\/#primaryimage"},"thumbnailUrl":"http:\/\/cuartetoenlaweb.com.ar\/sitio\/wp-content\/uploads\/2026\/04\/720-665.jpeg","articleSection":["PAIS"],"inLanguage":"es"},{"@type":"WebPage","@id":"http:\/\/cuartetoenlaweb.com.ar\/sitio\/carla-gulizia-presidenta-del-centro-argentino-de-meteorologos-contra-sturzenegger-todo-lo-que-dice-el-ministro-son-falacias\/","url":"http:\/\/cuartetoenlaweb.com.ar\/sitio\/carla-gulizia-presidenta-del-centro-argentino-de-meteorologos-contra-sturzenegger-todo-lo-que-dice-el-ministro-son-falacias\/","name":"Carla Gulizia, presidenta del Centro Argentino de Meteor\u00f3logos, contra Sturzenegger: \u201cTodo lo que dice el ministro son falacias\u201d - Cuarteto en la Web","isPartOf":{"@id":"http:\/\/cuartetoenlaweb.com.ar\/sitio\/#website"},"primaryImageOfPage":{"@id":"http:\/\/cuartetoenlaweb.com.ar\/sitio\/carla-gulizia-presidenta-del-centro-argentino-de-meteorologos-contra-sturzenegger-todo-lo-que-dice-el-ministro-son-falacias\/#primaryimage"},"image":{"@id":"http:\/\/cuartetoenlaweb.com.ar\/sitio\/carla-gulizia-presidenta-del-centro-argentino-de-meteorologos-contra-sturzenegger-todo-lo-que-dice-el-ministro-son-falacias\/#primaryimage"},"thumbnailUrl":"http:\/\/cuartetoenlaweb.com.ar\/sitio\/wp-content\/uploads\/2026\/04\/720-665.jpeg","datePublished":"2026-04-28T18:00:08+00:00","breadcrumb":{"@id":"http:\/\/cuartetoenlaweb.com.ar\/sitio\/carla-gulizia-presidenta-del-centro-argentino-de-meteorologos-contra-sturzenegger-todo-lo-que-dice-el-ministro-son-falacias\/#breadcrumb"},"inLanguage":"es","potentialAction":[{"@type":"ReadAction","target":["http:\/\/cuartetoenlaweb.com.ar\/sitio\/carla-gulizia-presidenta-del-centro-argentino-de-meteorologos-contra-sturzenegger-todo-lo-que-dice-el-ministro-son-falacias\/"]}]},{"@type":"ImageObject","inLanguage":"es","@id":"http:\/\/cuartetoenlaweb.com.ar\/sitio\/carla-gulizia-presidenta-del-centro-argentino-de-meteorologos-contra-sturzenegger-todo-lo-que-dice-el-ministro-son-falacias\/#primaryimage","url":"http:\/\/cuartetoenlaweb.com.ar\/sitio\/wp-content\/uploads\/2026\/04\/720-665.jpeg","contentUrl":"http:\/\/cuartetoenlaweb.com.ar\/sitio\/wp-content\/uploads\/2026\/04\/720-665.jpeg","width":1280,"height":720},{"@type":"BreadcrumbList","@id":"http:\/\/cuartetoenlaweb.com.ar\/sitio\/carla-gulizia-presidenta-del-centro-argentino-de-meteorologos-contra-sturzenegger-todo-lo-que-dice-el-ministro-son-falacias\/#breadcrumb","itemListElement":[{"@type":"ListItem","position":1,"name":"Portada","item":"http:\/\/cuartetoenlaweb.com.ar\/sitio\/"},{"@type":"ListItem","position":2,"name":"Carla Gulizia, presidenta del Centro Argentino de Meteor\u00f3logos, contra Sturzenegger: \u201cTodo lo que dice el ministro son falacias\u201d"}]},{"@type":"WebSite","@id":"http:\/\/cuartetoenlaweb.com.ar\/sitio\/#website","url":"http:\/\/cuartetoenlaweb.com.ar\/sitio\/","name":"Cuarteto en la Web","description":"","publisher":{"@id":"http:\/\/cuartetoenlaweb.com.ar\/sitio\/#organization"},"potentialAction":[{"@type":"SearchAction","target":{"@type":"EntryPoint","urlTemplate":"http:\/\/cuartetoenlaweb.com.ar\/sitio\/?s={search_term_string}"},"query-input":{"@type":"PropertyValueSpecification","valueRequired":true,"valueName":"search_term_string"}}],"inLanguage":"es"},{"@type":"Organization","@id":"http:\/\/cuartetoenlaweb.com.ar\/sitio\/#organization","name":"Cuarteto en la Web","url":"http:\/\/cuartetoenlaweb.com.ar\/sitio\/","logo":{"@type":"ImageObject","inLanguage":"es","@id":"http:\/\/cuartetoenlaweb.com.ar\/sitio\/#\/schema\/logo\/image\/","url":"http:\/\/cuartetoenlaweb.com.ar\/sitio\/wp-content\/uploads\/2025\/07\/cropped-cropped-logitoweb21.png","contentUrl":"http:\/\/cuartetoenlaweb.com.ar\/sitio\/wp-content\/uploads\/2025\/07\/cropped-cropped-logitoweb21.png","width":199,"height":199,"caption":"Cuarteto en la Web"},"image":{"@id":"http:\/\/cuartetoenlaweb.com.ar\/sitio\/#\/schema\/logo\/image\/"}}]}},"_links":{"self":[{"href":"http:\/\/cuartetoenlaweb.com.ar\/sitio\/wp-json\/wp\/v2\/posts\/19190","targetHints":{"allow":["GET"]}}],"collection":[{"href":"http:\/\/cuartetoenlaweb.com.ar\/sitio\/wp-json\/wp\/v2\/posts"}],"about":[{"href":"http:\/\/cuartetoenlaweb.com.ar\/sitio\/wp-json\/wp\/v2\/types\/post"}],"replies":[{"embeddable":true,"href":"http:\/\/cuartetoenlaweb.com.ar\/sitio\/wp-json\/wp\/v2\/comments?post=19190"}],"version-history":[{"count":0,"href":"http:\/\/cuartetoenlaweb.com.ar\/sitio\/wp-json\/wp\/v2\/posts\/19190\/revisions"}],"wp:featuredmedia":[{"embeddable":true,"href":"http:\/\/cuartetoenlaweb.com.ar\/sitio\/wp-json\/wp\/v2\/media\/19191"}],"wp:attachment":[{"href":"http:\/\/cuartetoenlaweb.com.ar\/sitio\/wp-json\/wp\/v2\/media?parent=19190"}],"wp:term":[{"taxonomy":"category","embeddable":true,"href":"http:\/\/cuartetoenlaweb.com.ar\/sitio\/wp-json\/wp\/v2\/categories?post=19190"},{"taxonomy":"post_tag","embeddable":true,"href":"http:\/\/cuartetoenlaweb.com.ar\/sitio\/wp-json\/wp\/v2\/tags?post=19190"}],"curies":[{"name":"wp","href":"https:\/\/api.w.org\/{rel}","templated":true}]}}