
{"id":19188,"date":"2026-04-28T15:00:04","date_gmt":"2026-04-28T18:00:04","guid":{"rendered":"http:\/\/cuartetoenlaweb.com.ar\/sitio\/moreno-sobre-los-cambios-de-milei-recuerdo-haberlo-visto-llorando-en-un-cordon-porque-lo-acababan-de-echar-de-un-programa-ya-era-un-senor-grande\/"},"modified":"2026-04-28T15:00:04","modified_gmt":"2026-04-28T18:00:04","slug":"moreno-sobre-los-cambios-de-milei-recuerdo-haberlo-visto-llorando-en-un-cordon-porque-lo-acababan-de-echar-de-un-programa-ya-era-un-senor-grande","status":"publish","type":"post","link":"http:\/\/cuartetoenlaweb.com.ar\/sitio\/moreno-sobre-los-cambios-de-milei-recuerdo-haberlo-visto-llorando-en-un-cordon-porque-lo-acababan-de-echar-de-un-programa-ya-era-un-senor-grande\/","title":{"rendered":"Moreno sobre los cambios de Milei: \u201cRecuerdo haberlo visto llorando en un cord\u00f3n porque lo acababan de echar de un programa, ya era un se\u00f1or grande\u201d"},"content":{"rendered":"<p>Si Guillermo Moreno tuviera la misma cantidad de votos como viralizaciones de sus apariciones, ser\u00eda un serio candidato a presidente por el peronismo.<\/p>\n<p>Es que en las redes sociales rinden muy bien sus recortes, ya que explica bien, simple y claro los problemas de la microeconom\u00eda, es histri\u00f3nico, y tiene un nivel de agresividad verbal y chicanas tolerable.<\/p>\n<p>Esta vez se meti\u00f3 de lleno con la personalidad de Javier Milei y los problemas conceptuales que tiene el anarcocapitalismo.<\/p>\n<p>\u00abNo era as\u00ed, yo recuerdo haberlo visto llorando en un cord\u00f3n de la vereda porque lo acababan de echar de un programa, y ya era un se\u00f1or grande\u00bb.<\/p>\n<p>\u00abCreo que el cargo lo va transformando, ah\u00ed no pod\u00e9s gritar, no pod\u00e9s llorar en un cord\u00f3n\u00bb.<\/p>\n<p>\u00abVos no llegas a la funci\u00f3n p\u00fablica para trabajar para vos. Esto es lo que le pas\u00f3 a Adorni. Es un muchacho formado como pudo, un tipo simple, que se compr\u00f3 un traje en doce cuotas y cuatro meses despu\u00e9s paga todo en contado, gastos de veinte mil d\u00f3lares\u00bb.<\/p>\n<p>\u00abLo agarr\u00f3 Milei, lo transforma en anarcocapitalista, su \u00fanico h\u00e9roe es el tipo que busca lucro, dice que no cree en el bien com\u00fan, llega, ve el Banco Naci\u00f3n y se queda con el Banco Naci\u00f3n\u00bb.<\/p>\n<p>\u00abEl no creer en el bien com\u00fan es un problema muy serio. Ni siquiera pueden tener pareja. El no creer en el bien com\u00fan te dificulta el amor. El amor es el v\u00ednculo con otro. No hay amor en soledad\u00bb.<\/p>\n","protected":false},"excerpt":{"rendered":"<p>Si Guillermo Moreno tuviera la misma cantidad de votos como<\/p>\n","protected":false},"author":0,"featured_media":19189,"comment_status":"","ping_status":"","sticky":false,"template":"","format":"standard","meta":{"footnotes":""},"categories":[65],"tags":[],"class_list":["post-19188","post","type-post","status-publish","format-standard","has-post-thumbnail","hentry","category-pais"],"yoast_head":"<!-- This site is optimized with the Yoast SEO plugin v27.5 - https:\/\/yoast.com\/product\/yoast-seo-wordpress\/ -->\n<title>Moreno sobre los cambios de Milei: \u201cRecuerdo haberlo visto llorando en un cord\u00f3n porque lo acababan de echar de un programa, ya era un se\u00f1or grande\u201d - Cuarteto en la Web<\/title>\n<meta name=\"robots\" content=\"index, follow, max-snippet:-1, max-image-preview:large, max-video-preview:-1\" \/>\n<link rel=\"canonical\" href=\"http:\/\/cuartetoenlaweb.com.ar\/sitio\/moreno-sobre-los-cambios-de-milei-recuerdo-haberlo-visto-llorando-en-un-cordon-porque-lo-acababan-de-echar-de-un-programa-ya-era-un-senor-grande\/\" \/>\n<meta property=\"og:locale\" content=\"es_ES\" \/>\n<meta property=\"og:type\" content=\"article\" \/>\n<meta property=\"og:title\" content=\"Moreno sobre los cambios de Milei: \u201cRecuerdo haberlo visto llorando en un cord\u00f3n porque lo acababan de echar de un programa, ya era un se\u00f1or grande\u201d - Cuarteto en la Web\" \/>\n<meta property=\"og:description\" content=\"Si Guillermo Moreno tuviera la misma cantidad de votos como\" \/>\n<meta property=\"og:url\" content=\"http:\/\/cuartetoenlaweb.com.ar\/sitio\/moreno-sobre-los-cambios-de-milei-recuerdo-haberlo-visto-llorando-en-un-cordon-porque-lo-acababan-de-echar-de-un-programa-ya-era-un-senor-grande\/\" \/>\n<meta property=\"og:site_name\" content=\"Cuarteto en la Web\" \/>\n<meta property=\"article:published_time\" content=\"2026-04-28T18:00:04+00:00\" \/>\n<meta name=\"twitter:card\" content=\"summary_large_image\" \/>\n<meta name=\"twitter:label1\" content=\"Tiempo de lectura\" \/>\n\t<meta name=\"twitter:data1\" content=\"1 minuto\" \/>\n<script type=\"application\/ld+json\" class=\"yoast-schema-graph\">{\"@context\":\"https:\\\/\\\/schema.org\",\"@graph\":[{\"@type\":\"Article\",\"@id\":\"http:\\\/\\\/cuartetoenlaweb.com.ar\\\/sitio\\\/moreno-sobre-los-cambios-de-milei-recuerdo-haberlo-visto-llorando-en-un-cordon-porque-lo-acababan-de-echar-de-un-programa-ya-era-un-senor-grande\\\/#article\",\"isPartOf\":{\"@id\":\"http:\\\/\\\/cuartetoenlaweb.com.ar\\\/sitio\\\/moreno-sobre-los-cambios-de-milei-recuerdo-haberlo-visto-llorando-en-un-cordon-porque-lo-acababan-de-echar-de-un-programa-ya-era-un-senor-grande\\\/\"},\"author\":{\"name\":\"\",\"@id\":\"\"},\"headline\":\"Moreno sobre los cambios de Milei: \u201cRecuerdo haberlo visto llorando en un cord\u00f3n porque lo acababan de echar de un programa, ya era un se\u00f1or grande\u201d\",\"datePublished\":\"2026-04-28T18:00:04+00:00\",\"mainEntityOfPage\":{\"@id\":\"http:\\\/\\\/cuartetoenlaweb.com.ar\\\/sitio\\\/moreno-sobre-los-cambios-de-milei-recuerdo-haberlo-visto-llorando-en-un-cordon-porque-lo-acababan-de-echar-de-un-programa-ya-era-un-senor-grande\\\/\"},\"wordCount\":295,\"publisher\":{\"@id\":\"http:\\\/\\\/cuartetoenlaweb.com.ar\\\/sitio\\\/#organization\"},\"image\":{\"@id\":\"http:\\\/\\\/cuartetoenlaweb.com.ar\\\/sitio\\\/moreno-sobre-los-cambios-de-milei-recuerdo-haberlo-visto-llorando-en-un-cordon-porque-lo-acababan-de-echar-de-un-programa-ya-era-un-senor-grande\\\/#primaryimage\"},\"thumbnailUrl\":\"http:\\\/\\\/cuartetoenlaweb.com.ar\\\/sitio\\\/wp-content\\\/uploads\\\/2026\\\/04\\\/720-664.jpeg\",\"articleSection\":[\"PAIS\"],\"inLanguage\":\"es\"},{\"@type\":\"WebPage\",\"@id\":\"http:\\\/\\\/cuartetoenlaweb.com.ar\\\/sitio\\\/moreno-sobre-los-cambios-de-milei-recuerdo-haberlo-visto-llorando-en-un-cordon-porque-lo-acababan-de-echar-de-un-programa-ya-era-un-senor-grande\\\/\",\"url\":\"http:\\\/\\\/cuartetoenlaweb.com.ar\\\/sitio\\\/moreno-sobre-los-cambios-de-milei-recuerdo-haberlo-visto-llorando-en-un-cordon-porque-lo-acababan-de-echar-de-un-programa-ya-era-un-senor-grande\\\/\",\"name\":\"Moreno sobre los cambios de Milei: \u201cRecuerdo haberlo visto llorando en un cord\u00f3n porque lo acababan de echar de un programa, ya era un se\u00f1or grande\u201d - Cuarteto en la Web\",\"isPartOf\":{\"@id\":\"http:\\\/\\\/cuartetoenlaweb.com.ar\\\/sitio\\\/#website\"},\"primaryImageOfPage\":{\"@id\":\"http:\\\/\\\/cuartetoenlaweb.com.ar\\\/sitio\\\/moreno-sobre-los-cambios-de-milei-recuerdo-haberlo-visto-llorando-en-un-cordon-porque-lo-acababan-de-echar-de-un-programa-ya-era-un-senor-grande\\\/#primaryimage\"},\"image\":{\"@id\":\"http:\\\/\\\/cuartetoenlaweb.com.ar\\\/sitio\\\/moreno-sobre-los-cambios-de-milei-recuerdo-haberlo-visto-llorando-en-un-cordon-porque-lo-acababan-de-echar-de-un-programa-ya-era-un-senor-grande\\\/#primaryimage\"},\"thumbnailUrl\":\"http:\\\/\\\/cuartetoenlaweb.com.ar\\\/sitio\\\/wp-content\\\/uploads\\\/2026\\\/04\\\/720-664.jpeg\",\"datePublished\":\"2026-04-28T18:00:04+00:00\",\"breadcrumb\":{\"@id\":\"http:\\\/\\\/cuartetoenlaweb.com.ar\\\/sitio\\\/moreno-sobre-los-cambios-de-milei-recuerdo-haberlo-visto-llorando-en-un-cordon-porque-lo-acababan-de-echar-de-un-programa-ya-era-un-senor-grande\\\/#breadcrumb\"},\"inLanguage\":\"es\",\"potentialAction\":[{\"@type\":\"ReadAction\",\"target\":[\"http:\\\/\\\/cuartetoenlaweb.com.ar\\\/sitio\\\/moreno-sobre-los-cambios-de-milei-recuerdo-haberlo-visto-llorando-en-un-cordon-porque-lo-acababan-de-echar-de-un-programa-ya-era-un-senor-grande\\\/\"]}]},{\"@type\":\"ImageObject\",\"inLanguage\":\"es\",\"@id\":\"http:\\\/\\\/cuartetoenlaweb.com.ar\\\/sitio\\\/moreno-sobre-los-cambios-de-milei-recuerdo-haberlo-visto-llorando-en-un-cordon-porque-lo-acababan-de-echar-de-un-programa-ya-era-un-senor-grande\\\/#primaryimage\",\"url\":\"http:\\\/\\\/cuartetoenlaweb.com.ar\\\/sitio\\\/wp-content\\\/uploads\\\/2026\\\/04\\\/720-664.jpeg\",\"contentUrl\":\"http:\\\/\\\/cuartetoenlaweb.com.ar\\\/sitio\\\/wp-content\\\/uploads\\\/2026\\\/04\\\/720-664.jpeg\",\"width\":1280,\"height\":720},{\"@type\":\"BreadcrumbList\",\"@id\":\"http:\\\/\\\/cuartetoenlaweb.com.ar\\\/sitio\\\/moreno-sobre-los-cambios-de-milei-recuerdo-haberlo-visto-llorando-en-un-cordon-porque-lo-acababan-de-echar-de-un-programa-ya-era-un-senor-grande\\\/#breadcrumb\",\"itemListElement\":[{\"@type\":\"ListItem\",\"position\":1,\"name\":\"Portada\",\"item\":\"http:\\\/\\\/cuartetoenlaweb.com.ar\\\/sitio\\\/\"},{\"@type\":\"ListItem\",\"position\":2,\"name\":\"Moreno sobre los cambios de Milei: \u201cRecuerdo haberlo visto llorando en un cord\u00f3n porque lo acababan de echar de un programa, ya era un se\u00f1or grande\u201d\"}]},{\"@type\":\"WebSite\",\"@id\":\"http:\\\/\\\/cuartetoenlaweb.com.ar\\\/sitio\\\/#website\",\"url\":\"http:\\\/\\\/cuartetoenlaweb.com.ar\\\/sitio\\\/\",\"name\":\"Cuarteto en la Web\",\"description\":\"\",\"publisher\":{\"@id\":\"http:\\\/\\\/cuartetoenlaweb.com.ar\\\/sitio\\\/#organization\"},\"potentialAction\":[{\"@type\":\"SearchAction\",\"target\":{\"@type\":\"EntryPoint\",\"urlTemplate\":\"http:\\\/\\\/cuartetoenlaweb.com.ar\\\/sitio\\\/?s={search_term_string}\"},\"query-input\":{\"@type\":\"PropertyValueSpecification\",\"valueRequired\":true,\"valueName\":\"search_term_string\"}}],\"inLanguage\":\"es\"},{\"@type\":\"Organization\",\"@id\":\"http:\\\/\\\/cuartetoenlaweb.com.ar\\\/sitio\\\/#organization\",\"name\":\"Cuarteto en la Web\",\"url\":\"http:\\\/\\\/cuartetoenlaweb.com.ar\\\/sitio\\\/\",\"logo\":{\"@type\":\"ImageObject\",\"inLanguage\":\"es\",\"@id\":\"http:\\\/\\\/cuartetoenlaweb.com.ar\\\/sitio\\\/#\\\/schema\\\/logo\\\/image\\\/\",\"url\":\"http:\\\/\\\/cuartetoenlaweb.com.ar\\\/sitio\\\/wp-content\\\/uploads\\\/2025\\\/07\\\/cropped-cropped-logitoweb21.png\",\"contentUrl\":\"http:\\\/\\\/cuartetoenlaweb.com.ar\\\/sitio\\\/wp-content\\\/uploads\\\/2025\\\/07\\\/cropped-cropped-logitoweb21.png\",\"width\":199,\"height\":199,\"caption\":\"Cuarteto en la Web\"},\"image\":{\"@id\":\"http:\\\/\\\/cuartetoenlaweb.com.ar\\\/sitio\\\/#\\\/schema\\\/logo\\\/image\\\/\"}}]}<\/script>\n<!-- \/ Yoast SEO plugin. -->","yoast_head_json":{"title":"Moreno sobre los cambios de Milei: \u201cRecuerdo haberlo visto llorando en un cord\u00f3n porque lo acababan de echar de un programa, ya era un se\u00f1or grande\u201d - Cuarteto en la Web","robots":{"index":"index","follow":"follow","max-snippet":"max-snippet:-1","max-image-preview":"max-image-preview:large","max-video-preview":"max-video-preview:-1"},"canonical":"http:\/\/cuartetoenlaweb.com.ar\/sitio\/moreno-sobre-los-cambios-de-milei-recuerdo-haberlo-visto-llorando-en-un-cordon-porque-lo-acababan-de-echar-de-un-programa-ya-era-un-senor-grande\/","og_locale":"es_ES","og_type":"article","og_title":"Moreno sobre los cambios de Milei: \u201cRecuerdo haberlo visto llorando en un cord\u00f3n porque lo acababan de echar de un programa, ya era un se\u00f1or grande\u201d - Cuarteto en la Web","og_description":"Si Guillermo Moreno tuviera la misma cantidad de votos como","og_url":"http:\/\/cuartetoenlaweb.com.ar\/sitio\/moreno-sobre-los-cambios-de-milei-recuerdo-haberlo-visto-llorando-en-un-cordon-porque-lo-acababan-de-echar-de-un-programa-ya-era-un-senor-grande\/","og_site_name":"Cuarteto en la Web","article_published_time":"2026-04-28T18:00:04+00:00","twitter_card":"summary_large_image","twitter_misc":{"Tiempo de lectura":"1 minuto"},"schema":{"@context":"https:\/\/schema.org","@graph":[{"@type":"Article","@id":"http:\/\/cuartetoenlaweb.com.ar\/sitio\/moreno-sobre-los-cambios-de-milei-recuerdo-haberlo-visto-llorando-en-un-cordon-porque-lo-acababan-de-echar-de-un-programa-ya-era-un-senor-grande\/#article","isPartOf":{"@id":"http:\/\/cuartetoenlaweb.com.ar\/sitio\/moreno-sobre-los-cambios-de-milei-recuerdo-haberlo-visto-llorando-en-un-cordon-porque-lo-acababan-de-echar-de-un-programa-ya-era-un-senor-grande\/"},"author":{"name":"","@id":""},"headline":"Moreno sobre los cambios de Milei: \u201cRecuerdo haberlo visto llorando en un cord\u00f3n porque lo acababan de echar de un programa, ya era un se\u00f1or grande\u201d","datePublished":"2026-04-28T18:00:04+00:00","mainEntityOfPage":{"@id":"http:\/\/cuartetoenlaweb.com.ar\/sitio\/moreno-sobre-los-cambios-de-milei-recuerdo-haberlo-visto-llorando-en-un-cordon-porque-lo-acababan-de-echar-de-un-programa-ya-era-un-senor-grande\/"},"wordCount":295,"publisher":{"@id":"http:\/\/cuartetoenlaweb.com.ar\/sitio\/#organization"},"image":{"@id":"http:\/\/cuartetoenlaweb.com.ar\/sitio\/moreno-sobre-los-cambios-de-milei-recuerdo-haberlo-visto-llorando-en-un-cordon-porque-lo-acababan-de-echar-de-un-programa-ya-era-un-senor-grande\/#primaryimage"},"thumbnailUrl":"http:\/\/cuartetoenlaweb.com.ar\/sitio\/wp-content\/uploads\/2026\/04\/720-664.jpeg","articleSection":["PAIS"],"inLanguage":"es"},{"@type":"WebPage","@id":"http:\/\/cuartetoenlaweb.com.ar\/sitio\/moreno-sobre-los-cambios-de-milei-recuerdo-haberlo-visto-llorando-en-un-cordon-porque-lo-acababan-de-echar-de-un-programa-ya-era-un-senor-grande\/","url":"http:\/\/cuartetoenlaweb.com.ar\/sitio\/moreno-sobre-los-cambios-de-milei-recuerdo-haberlo-visto-llorando-en-un-cordon-porque-lo-acababan-de-echar-de-un-programa-ya-era-un-senor-grande\/","name":"Moreno sobre los cambios de Milei: \u201cRecuerdo haberlo visto llorando en un cord\u00f3n porque lo acababan de echar de un programa, ya era un se\u00f1or grande\u201d - Cuarteto en la Web","isPartOf":{"@id":"http:\/\/cuartetoenlaweb.com.ar\/sitio\/#website"},"primaryImageOfPage":{"@id":"http:\/\/cuartetoenlaweb.com.ar\/sitio\/moreno-sobre-los-cambios-de-milei-recuerdo-haberlo-visto-llorando-en-un-cordon-porque-lo-acababan-de-echar-de-un-programa-ya-era-un-senor-grande\/#primaryimage"},"image":{"@id":"http:\/\/cuartetoenlaweb.com.ar\/sitio\/moreno-sobre-los-cambios-de-milei-recuerdo-haberlo-visto-llorando-en-un-cordon-porque-lo-acababan-de-echar-de-un-programa-ya-era-un-senor-grande\/#primaryimage"},"thumbnailUrl":"http:\/\/cuartetoenlaweb.com.ar\/sitio\/wp-content\/uploads\/2026\/04\/720-664.jpeg","datePublished":"2026-04-28T18:00:04+00:00","breadcrumb":{"@id":"http:\/\/cuartetoenlaweb.com.ar\/sitio\/moreno-sobre-los-cambios-de-milei-recuerdo-haberlo-visto-llorando-en-un-cordon-porque-lo-acababan-de-echar-de-un-programa-ya-era-un-senor-grande\/#breadcrumb"},"inLanguage":"es","potentialAction":[{"@type":"ReadAction","target":["http:\/\/cuartetoenlaweb.com.ar\/sitio\/moreno-sobre-los-cambios-de-milei-recuerdo-haberlo-visto-llorando-en-un-cordon-porque-lo-acababan-de-echar-de-un-programa-ya-era-un-senor-grande\/"]}]},{"@type":"ImageObject","inLanguage":"es","@id":"http:\/\/cuartetoenlaweb.com.ar\/sitio\/moreno-sobre-los-cambios-de-milei-recuerdo-haberlo-visto-llorando-en-un-cordon-porque-lo-acababan-de-echar-de-un-programa-ya-era-un-senor-grande\/#primaryimage","url":"http:\/\/cuartetoenlaweb.com.ar\/sitio\/wp-content\/uploads\/2026\/04\/720-664.jpeg","contentUrl":"http:\/\/cuartetoenlaweb.com.ar\/sitio\/wp-content\/uploads\/2026\/04\/720-664.jpeg","width":1280,"height":720},{"@type":"BreadcrumbList","@id":"http:\/\/cuartetoenlaweb.com.ar\/sitio\/moreno-sobre-los-cambios-de-milei-recuerdo-haberlo-visto-llorando-en-un-cordon-porque-lo-acababan-de-echar-de-un-programa-ya-era-un-senor-grande\/#breadcrumb","itemListElement":[{"@type":"ListItem","position":1,"name":"Portada","item":"http:\/\/cuartetoenlaweb.com.ar\/sitio\/"},{"@type":"ListItem","position":2,"name":"Moreno sobre los cambios de Milei: \u201cRecuerdo haberlo visto llorando en un cord\u00f3n porque lo acababan de echar de un programa, ya era un se\u00f1or grande\u201d"}]},{"@type":"WebSite","@id":"http:\/\/cuartetoenlaweb.com.ar\/sitio\/#website","url":"http:\/\/cuartetoenlaweb.com.ar\/sitio\/","name":"Cuarteto en la Web","description":"","publisher":{"@id":"http:\/\/cuartetoenlaweb.com.ar\/sitio\/#organization"},"potentialAction":[{"@type":"SearchAction","target":{"@type":"EntryPoint","urlTemplate":"http:\/\/cuartetoenlaweb.com.ar\/sitio\/?s={search_term_string}"},"query-input":{"@type":"PropertyValueSpecification","valueRequired":true,"valueName":"search_term_string"}}],"inLanguage":"es"},{"@type":"Organization","@id":"http:\/\/cuartetoenlaweb.com.ar\/sitio\/#organization","name":"Cuarteto en la Web","url":"http:\/\/cuartetoenlaweb.com.ar\/sitio\/","logo":{"@type":"ImageObject","inLanguage":"es","@id":"http:\/\/cuartetoenlaweb.com.ar\/sitio\/#\/schema\/logo\/image\/","url":"http:\/\/cuartetoenlaweb.com.ar\/sitio\/wp-content\/uploads\/2025\/07\/cropped-cropped-logitoweb21.png","contentUrl":"http:\/\/cuartetoenlaweb.com.ar\/sitio\/wp-content\/uploads\/2025\/07\/cropped-cropped-logitoweb21.png","width":199,"height":199,"caption":"Cuarteto en la Web"},"image":{"@id":"http:\/\/cuartetoenlaweb.com.ar\/sitio\/#\/schema\/logo\/image\/"}}]}},"_links":{"self":[{"href":"http:\/\/cuartetoenlaweb.com.ar\/sitio\/wp-json\/wp\/v2\/posts\/19188","targetHints":{"allow":["GET"]}}],"collection":[{"href":"http:\/\/cuartetoenlaweb.com.ar\/sitio\/wp-json\/wp\/v2\/posts"}],"about":[{"href":"http:\/\/cuartetoenlaweb.com.ar\/sitio\/wp-json\/wp\/v2\/types\/post"}],"replies":[{"embeddable":true,"href":"http:\/\/cuartetoenlaweb.com.ar\/sitio\/wp-json\/wp\/v2\/comments?post=19188"}],"version-history":[{"count":0,"href":"http:\/\/cuartetoenlaweb.com.ar\/sitio\/wp-json\/wp\/v2\/posts\/19188\/revisions"}],"wp:featuredmedia":[{"embeddable":true,"href":"http:\/\/cuartetoenlaweb.com.ar\/sitio\/wp-json\/wp\/v2\/media\/19189"}],"wp:attachment":[{"href":"http:\/\/cuartetoenlaweb.com.ar\/sitio\/wp-json\/wp\/v2\/media?parent=19188"}],"wp:term":[{"taxonomy":"category","embeddable":true,"href":"http:\/\/cuartetoenlaweb.com.ar\/sitio\/wp-json\/wp\/v2\/categories?post=19188"},{"taxonomy":"post_tag","embeddable":true,"href":"http:\/\/cuartetoenlaweb.com.ar\/sitio\/wp-json\/wp\/v2\/tags?post=19188"}],"curies":[{"name":"wp","href":"https:\/\/api.w.org\/{rel}","templated":true}]}}