
{"id":19186,"date":"2026-04-28T14:59:59","date_gmt":"2026-04-28T17:59:59","guid":{"rendered":"http:\/\/cuartetoenlaweb.com.ar\/sitio\/feinmann-el-tema-es-que-en-el-caso-adorni-para-el-presidente-y-para-karina-milei-adorni-hizo-todo-bien-pero-para-la-sociedad-no-hizo-todo-bien\/"},"modified":"2026-04-28T14:59:59","modified_gmt":"2026-04-28T17:59:59","slug":"feinmann-el-tema-es-que-en-el-caso-adorni-para-el-presidente-y-para-karina-milei-adorni-hizo-todo-bien-pero-para-la-sociedad-no-hizo-todo-bien","status":"publish","type":"post","link":"http:\/\/cuartetoenlaweb.com.ar\/sitio\/feinmann-el-tema-es-que-en-el-caso-adorni-para-el-presidente-y-para-karina-milei-adorni-hizo-todo-bien-pero-para-la-sociedad-no-hizo-todo-bien\/","title":{"rendered":"Feinmann: \u201cEl tema es que en el caso Adorni, para el Presidente y para Karina Milei, Adorni hizo todo bien, pero para la sociedad no hizo todo bien&quot;"},"content":{"rendered":"<p>El lastre que le est\u00e1 significando Manuel Adorni es tan pesado como la carga de sostenerlo para Javier Milei, en un movimiento pol\u00edtico poco entendible, salvo que haya razones que uno no conoce.<\/p>\n<p>Basta ver el espejo de Jos\u00e9 Luis Espert para entender que si se expulsa al funcionario cuestionado, la tensi\u00f3n medi\u00e1tica cae en plomada.<\/p>\n<p>Eduardo Feinmann no puede dar cr\u00e9dito a lo que est\u00e1 pasando y, de la manera m\u00e1s did\u00e1ctica que encuentra, le trata de explicar al presidente que tiene que sac\u00e1rselo de encima.<\/p>\n<p>Se supone que Milei ya lo sabe y que debe sopesar los costos y beneficios de mantenerlo en el cargo, donde entra a jugar el orgullo de que no le doblen la mano.<\/p>\n","protected":false},"excerpt":{"rendered":"<p>El lastre que le est\u00e1 significando Manuel Adorni es tan<\/p>\n","protected":false},"author":0,"featured_media":19187,"comment_status":"","ping_status":"","sticky":false,"template":"","format":"standard","meta":{"footnotes":""},"categories":[65],"tags":[],"class_list":["post-19186","post","type-post","status-publish","format-standard","has-post-thumbnail","hentry","category-pais"],"yoast_head":"<!-- This site is optimized with the Yoast SEO plugin v27.5 - https:\/\/yoast.com\/product\/yoast-seo-wordpress\/ -->\n<title>Feinmann: \u201cEl tema es que en el caso Adorni, para el Presidente y para Karina Milei, Adorni hizo todo bien, pero para la sociedad no hizo todo bien&quot; - Cuarteto en la Web<\/title>\n<meta name=\"robots\" content=\"index, follow, max-snippet:-1, max-image-preview:large, max-video-preview:-1\" \/>\n<link rel=\"canonical\" href=\"http:\/\/cuartetoenlaweb.com.ar\/sitio\/feinmann-el-tema-es-que-en-el-caso-adorni-para-el-presidente-y-para-karina-milei-adorni-hizo-todo-bien-pero-para-la-sociedad-no-hizo-todo-bien\/\" \/>\n<meta property=\"og:locale\" content=\"es_ES\" \/>\n<meta property=\"og:type\" content=\"article\" \/>\n<meta property=\"og:title\" content=\"Feinmann: \u201cEl tema es que en el caso Adorni, para el Presidente y para Karina Milei, Adorni hizo todo bien, pero para la sociedad no hizo todo bien&quot; - Cuarteto en la Web\" \/>\n<meta property=\"og:description\" content=\"El lastre que le est\u00e1 significando Manuel Adorni es tan\" \/>\n<meta property=\"og:url\" content=\"http:\/\/cuartetoenlaweb.com.ar\/sitio\/feinmann-el-tema-es-que-en-el-caso-adorni-para-el-presidente-y-para-karina-milei-adorni-hizo-todo-bien-pero-para-la-sociedad-no-hizo-todo-bien\/\" \/>\n<meta property=\"og:site_name\" content=\"Cuarteto en la Web\" \/>\n<meta property=\"article:published_time\" content=\"2026-04-28T17:59:59+00:00\" \/>\n<meta name=\"twitter:card\" content=\"summary_large_image\" \/>\n<meta name=\"twitter:label1\" content=\"Tiempo de lectura\" \/>\n\t<meta name=\"twitter:data1\" content=\"1 minuto\" \/>\n<script type=\"application\/ld+json\" class=\"yoast-schema-graph\">{\"@context\":\"https:\\\/\\\/schema.org\",\"@graph\":[{\"@type\":\"Article\",\"@id\":\"http:\\\/\\\/cuartetoenlaweb.com.ar\\\/sitio\\\/feinmann-el-tema-es-que-en-el-caso-adorni-para-el-presidente-y-para-karina-milei-adorni-hizo-todo-bien-pero-para-la-sociedad-no-hizo-todo-bien\\\/#article\",\"isPartOf\":{\"@id\":\"http:\\\/\\\/cuartetoenlaweb.com.ar\\\/sitio\\\/feinmann-el-tema-es-que-en-el-caso-adorni-para-el-presidente-y-para-karina-milei-adorni-hizo-todo-bien-pero-para-la-sociedad-no-hizo-todo-bien\\\/\"},\"author\":{\"name\":\"\",\"@id\":\"\"},\"headline\":\"Feinmann: \u201cEl tema es que en el caso Adorni, para el Presidente y para Karina Milei, Adorni hizo todo bien, pero para la sociedad no hizo todo bien&quot;\",\"datePublished\":\"2026-04-28T17:59:59+00:00\",\"mainEntityOfPage\":{\"@id\":\"http:\\\/\\\/cuartetoenlaweb.com.ar\\\/sitio\\\/feinmann-el-tema-es-que-en-el-caso-adorni-para-el-presidente-y-para-karina-milei-adorni-hizo-todo-bien-pero-para-la-sociedad-no-hizo-todo-bien\\\/\"},\"wordCount\":156,\"publisher\":{\"@id\":\"http:\\\/\\\/cuartetoenlaweb.com.ar\\\/sitio\\\/#organization\"},\"image\":{\"@id\":\"http:\\\/\\\/cuartetoenlaweb.com.ar\\\/sitio\\\/feinmann-el-tema-es-que-en-el-caso-adorni-para-el-presidente-y-para-karina-milei-adorni-hizo-todo-bien-pero-para-la-sociedad-no-hizo-todo-bien\\\/#primaryimage\"},\"thumbnailUrl\":\"http:\\\/\\\/cuartetoenlaweb.com.ar\\\/sitio\\\/wp-content\\\/uploads\\\/2026\\\/04\\\/720-663.jpeg\",\"articleSection\":[\"PAIS\"],\"inLanguage\":\"es\"},{\"@type\":\"WebPage\",\"@id\":\"http:\\\/\\\/cuartetoenlaweb.com.ar\\\/sitio\\\/feinmann-el-tema-es-que-en-el-caso-adorni-para-el-presidente-y-para-karina-milei-adorni-hizo-todo-bien-pero-para-la-sociedad-no-hizo-todo-bien\\\/\",\"url\":\"http:\\\/\\\/cuartetoenlaweb.com.ar\\\/sitio\\\/feinmann-el-tema-es-que-en-el-caso-adorni-para-el-presidente-y-para-karina-milei-adorni-hizo-todo-bien-pero-para-la-sociedad-no-hizo-todo-bien\\\/\",\"name\":\"Feinmann: \u201cEl tema es que en el caso Adorni, para el Presidente y para Karina Milei, Adorni hizo todo bien, pero para la sociedad no hizo todo bien&quot; - Cuarteto en la Web\",\"isPartOf\":{\"@id\":\"http:\\\/\\\/cuartetoenlaweb.com.ar\\\/sitio\\\/#website\"},\"primaryImageOfPage\":{\"@id\":\"http:\\\/\\\/cuartetoenlaweb.com.ar\\\/sitio\\\/feinmann-el-tema-es-que-en-el-caso-adorni-para-el-presidente-y-para-karina-milei-adorni-hizo-todo-bien-pero-para-la-sociedad-no-hizo-todo-bien\\\/#primaryimage\"},\"image\":{\"@id\":\"http:\\\/\\\/cuartetoenlaweb.com.ar\\\/sitio\\\/feinmann-el-tema-es-que-en-el-caso-adorni-para-el-presidente-y-para-karina-milei-adorni-hizo-todo-bien-pero-para-la-sociedad-no-hizo-todo-bien\\\/#primaryimage\"},\"thumbnailUrl\":\"http:\\\/\\\/cuartetoenlaweb.com.ar\\\/sitio\\\/wp-content\\\/uploads\\\/2026\\\/04\\\/720-663.jpeg\",\"datePublished\":\"2026-04-28T17:59:59+00:00\",\"breadcrumb\":{\"@id\":\"http:\\\/\\\/cuartetoenlaweb.com.ar\\\/sitio\\\/feinmann-el-tema-es-que-en-el-caso-adorni-para-el-presidente-y-para-karina-milei-adorni-hizo-todo-bien-pero-para-la-sociedad-no-hizo-todo-bien\\\/#breadcrumb\"},\"inLanguage\":\"es\",\"potentialAction\":[{\"@type\":\"ReadAction\",\"target\":[\"http:\\\/\\\/cuartetoenlaweb.com.ar\\\/sitio\\\/feinmann-el-tema-es-que-en-el-caso-adorni-para-el-presidente-y-para-karina-milei-adorni-hizo-todo-bien-pero-para-la-sociedad-no-hizo-todo-bien\\\/\"]}]},{\"@type\":\"ImageObject\",\"inLanguage\":\"es\",\"@id\":\"http:\\\/\\\/cuartetoenlaweb.com.ar\\\/sitio\\\/feinmann-el-tema-es-que-en-el-caso-adorni-para-el-presidente-y-para-karina-milei-adorni-hizo-todo-bien-pero-para-la-sociedad-no-hizo-todo-bien\\\/#primaryimage\",\"url\":\"http:\\\/\\\/cuartetoenlaweb.com.ar\\\/sitio\\\/wp-content\\\/uploads\\\/2026\\\/04\\\/720-663.jpeg\",\"contentUrl\":\"http:\\\/\\\/cuartetoenlaweb.com.ar\\\/sitio\\\/wp-content\\\/uploads\\\/2026\\\/04\\\/720-663.jpeg\",\"width\":1280,\"height\":720},{\"@type\":\"BreadcrumbList\",\"@id\":\"http:\\\/\\\/cuartetoenlaweb.com.ar\\\/sitio\\\/feinmann-el-tema-es-que-en-el-caso-adorni-para-el-presidente-y-para-karina-milei-adorni-hizo-todo-bien-pero-para-la-sociedad-no-hizo-todo-bien\\\/#breadcrumb\",\"itemListElement\":[{\"@type\":\"ListItem\",\"position\":1,\"name\":\"Portada\",\"item\":\"http:\\\/\\\/cuartetoenlaweb.com.ar\\\/sitio\\\/\"},{\"@type\":\"ListItem\",\"position\":2,\"name\":\"Feinmann: \u201cEl tema es que en el caso Adorni, para el Presidente y para Karina Milei, Adorni hizo todo bien, pero para la sociedad no hizo todo bien&quot;\"}]},{\"@type\":\"WebSite\",\"@id\":\"http:\\\/\\\/cuartetoenlaweb.com.ar\\\/sitio\\\/#website\",\"url\":\"http:\\\/\\\/cuartetoenlaweb.com.ar\\\/sitio\\\/\",\"name\":\"Cuarteto en la Web\",\"description\":\"\",\"publisher\":{\"@id\":\"http:\\\/\\\/cuartetoenlaweb.com.ar\\\/sitio\\\/#organization\"},\"potentialAction\":[{\"@type\":\"SearchAction\",\"target\":{\"@type\":\"EntryPoint\",\"urlTemplate\":\"http:\\\/\\\/cuartetoenlaweb.com.ar\\\/sitio\\\/?s={search_term_string}\"},\"query-input\":{\"@type\":\"PropertyValueSpecification\",\"valueRequired\":true,\"valueName\":\"search_term_string\"}}],\"inLanguage\":\"es\"},{\"@type\":\"Organization\",\"@id\":\"http:\\\/\\\/cuartetoenlaweb.com.ar\\\/sitio\\\/#organization\",\"name\":\"Cuarteto en la Web\",\"url\":\"http:\\\/\\\/cuartetoenlaweb.com.ar\\\/sitio\\\/\",\"logo\":{\"@type\":\"ImageObject\",\"inLanguage\":\"es\",\"@id\":\"http:\\\/\\\/cuartetoenlaweb.com.ar\\\/sitio\\\/#\\\/schema\\\/logo\\\/image\\\/\",\"url\":\"http:\\\/\\\/cuartetoenlaweb.com.ar\\\/sitio\\\/wp-content\\\/uploads\\\/2025\\\/07\\\/cropped-cropped-logitoweb21.png\",\"contentUrl\":\"http:\\\/\\\/cuartetoenlaweb.com.ar\\\/sitio\\\/wp-content\\\/uploads\\\/2025\\\/07\\\/cropped-cropped-logitoweb21.png\",\"width\":199,\"height\":199,\"caption\":\"Cuarteto en la Web\"},\"image\":{\"@id\":\"http:\\\/\\\/cuartetoenlaweb.com.ar\\\/sitio\\\/#\\\/schema\\\/logo\\\/image\\\/\"}}]}<\/script>\n<!-- \/ Yoast SEO plugin. -->","yoast_head_json":{"title":"Feinmann: \u201cEl tema es que en el caso Adorni, para el Presidente y para Karina Milei, Adorni hizo todo bien, pero para la sociedad no hizo todo bien&quot; - Cuarteto en la Web","robots":{"index":"index","follow":"follow","max-snippet":"max-snippet:-1","max-image-preview":"max-image-preview:large","max-video-preview":"max-video-preview:-1"},"canonical":"http:\/\/cuartetoenlaweb.com.ar\/sitio\/feinmann-el-tema-es-que-en-el-caso-adorni-para-el-presidente-y-para-karina-milei-adorni-hizo-todo-bien-pero-para-la-sociedad-no-hizo-todo-bien\/","og_locale":"es_ES","og_type":"article","og_title":"Feinmann: \u201cEl tema es que en el caso Adorni, para el Presidente y para Karina Milei, Adorni hizo todo bien, pero para la sociedad no hizo todo bien&quot; - Cuarteto en la Web","og_description":"El lastre que le est\u00e1 significando Manuel Adorni es tan","og_url":"http:\/\/cuartetoenlaweb.com.ar\/sitio\/feinmann-el-tema-es-que-en-el-caso-adorni-para-el-presidente-y-para-karina-milei-adorni-hizo-todo-bien-pero-para-la-sociedad-no-hizo-todo-bien\/","og_site_name":"Cuarteto en la Web","article_published_time":"2026-04-28T17:59:59+00:00","twitter_card":"summary_large_image","twitter_misc":{"Tiempo de lectura":"1 minuto"},"schema":{"@context":"https:\/\/schema.org","@graph":[{"@type":"Article","@id":"http:\/\/cuartetoenlaweb.com.ar\/sitio\/feinmann-el-tema-es-que-en-el-caso-adorni-para-el-presidente-y-para-karina-milei-adorni-hizo-todo-bien-pero-para-la-sociedad-no-hizo-todo-bien\/#article","isPartOf":{"@id":"http:\/\/cuartetoenlaweb.com.ar\/sitio\/feinmann-el-tema-es-que-en-el-caso-adorni-para-el-presidente-y-para-karina-milei-adorni-hizo-todo-bien-pero-para-la-sociedad-no-hizo-todo-bien\/"},"author":{"name":"","@id":""},"headline":"Feinmann: \u201cEl tema es que en el caso Adorni, para el Presidente y para Karina Milei, Adorni hizo todo bien, pero para la sociedad no hizo todo bien&quot;","datePublished":"2026-04-28T17:59:59+00:00","mainEntityOfPage":{"@id":"http:\/\/cuartetoenlaweb.com.ar\/sitio\/feinmann-el-tema-es-que-en-el-caso-adorni-para-el-presidente-y-para-karina-milei-adorni-hizo-todo-bien-pero-para-la-sociedad-no-hizo-todo-bien\/"},"wordCount":156,"publisher":{"@id":"http:\/\/cuartetoenlaweb.com.ar\/sitio\/#organization"},"image":{"@id":"http:\/\/cuartetoenlaweb.com.ar\/sitio\/feinmann-el-tema-es-que-en-el-caso-adorni-para-el-presidente-y-para-karina-milei-adorni-hizo-todo-bien-pero-para-la-sociedad-no-hizo-todo-bien\/#primaryimage"},"thumbnailUrl":"http:\/\/cuartetoenlaweb.com.ar\/sitio\/wp-content\/uploads\/2026\/04\/720-663.jpeg","articleSection":["PAIS"],"inLanguage":"es"},{"@type":"WebPage","@id":"http:\/\/cuartetoenlaweb.com.ar\/sitio\/feinmann-el-tema-es-que-en-el-caso-adorni-para-el-presidente-y-para-karina-milei-adorni-hizo-todo-bien-pero-para-la-sociedad-no-hizo-todo-bien\/","url":"http:\/\/cuartetoenlaweb.com.ar\/sitio\/feinmann-el-tema-es-que-en-el-caso-adorni-para-el-presidente-y-para-karina-milei-adorni-hizo-todo-bien-pero-para-la-sociedad-no-hizo-todo-bien\/","name":"Feinmann: \u201cEl tema es que en el caso Adorni, para el Presidente y para Karina Milei, Adorni hizo todo bien, pero para la sociedad no hizo todo bien&quot; - Cuarteto en la Web","isPartOf":{"@id":"http:\/\/cuartetoenlaweb.com.ar\/sitio\/#website"},"primaryImageOfPage":{"@id":"http:\/\/cuartetoenlaweb.com.ar\/sitio\/feinmann-el-tema-es-que-en-el-caso-adorni-para-el-presidente-y-para-karina-milei-adorni-hizo-todo-bien-pero-para-la-sociedad-no-hizo-todo-bien\/#primaryimage"},"image":{"@id":"http:\/\/cuartetoenlaweb.com.ar\/sitio\/feinmann-el-tema-es-que-en-el-caso-adorni-para-el-presidente-y-para-karina-milei-adorni-hizo-todo-bien-pero-para-la-sociedad-no-hizo-todo-bien\/#primaryimage"},"thumbnailUrl":"http:\/\/cuartetoenlaweb.com.ar\/sitio\/wp-content\/uploads\/2026\/04\/720-663.jpeg","datePublished":"2026-04-28T17:59:59+00:00","breadcrumb":{"@id":"http:\/\/cuartetoenlaweb.com.ar\/sitio\/feinmann-el-tema-es-que-en-el-caso-adorni-para-el-presidente-y-para-karina-milei-adorni-hizo-todo-bien-pero-para-la-sociedad-no-hizo-todo-bien\/#breadcrumb"},"inLanguage":"es","potentialAction":[{"@type":"ReadAction","target":["http:\/\/cuartetoenlaweb.com.ar\/sitio\/feinmann-el-tema-es-que-en-el-caso-adorni-para-el-presidente-y-para-karina-milei-adorni-hizo-todo-bien-pero-para-la-sociedad-no-hizo-todo-bien\/"]}]},{"@type":"ImageObject","inLanguage":"es","@id":"http:\/\/cuartetoenlaweb.com.ar\/sitio\/feinmann-el-tema-es-que-en-el-caso-adorni-para-el-presidente-y-para-karina-milei-adorni-hizo-todo-bien-pero-para-la-sociedad-no-hizo-todo-bien\/#primaryimage","url":"http:\/\/cuartetoenlaweb.com.ar\/sitio\/wp-content\/uploads\/2026\/04\/720-663.jpeg","contentUrl":"http:\/\/cuartetoenlaweb.com.ar\/sitio\/wp-content\/uploads\/2026\/04\/720-663.jpeg","width":1280,"height":720},{"@type":"BreadcrumbList","@id":"http:\/\/cuartetoenlaweb.com.ar\/sitio\/feinmann-el-tema-es-que-en-el-caso-adorni-para-el-presidente-y-para-karina-milei-adorni-hizo-todo-bien-pero-para-la-sociedad-no-hizo-todo-bien\/#breadcrumb","itemListElement":[{"@type":"ListItem","position":1,"name":"Portada","item":"http:\/\/cuartetoenlaweb.com.ar\/sitio\/"},{"@type":"ListItem","position":2,"name":"Feinmann: \u201cEl tema es que en el caso Adorni, para el Presidente y para Karina Milei, Adorni hizo todo bien, pero para la sociedad no hizo todo bien&quot;"}]},{"@type":"WebSite","@id":"http:\/\/cuartetoenlaweb.com.ar\/sitio\/#website","url":"http:\/\/cuartetoenlaweb.com.ar\/sitio\/","name":"Cuarteto en la Web","description":"","publisher":{"@id":"http:\/\/cuartetoenlaweb.com.ar\/sitio\/#organization"},"potentialAction":[{"@type":"SearchAction","target":{"@type":"EntryPoint","urlTemplate":"http:\/\/cuartetoenlaweb.com.ar\/sitio\/?s={search_term_string}"},"query-input":{"@type":"PropertyValueSpecification","valueRequired":true,"valueName":"search_term_string"}}],"inLanguage":"es"},{"@type":"Organization","@id":"http:\/\/cuartetoenlaweb.com.ar\/sitio\/#organization","name":"Cuarteto en la Web","url":"http:\/\/cuartetoenlaweb.com.ar\/sitio\/","logo":{"@type":"ImageObject","inLanguage":"es","@id":"http:\/\/cuartetoenlaweb.com.ar\/sitio\/#\/schema\/logo\/image\/","url":"http:\/\/cuartetoenlaweb.com.ar\/sitio\/wp-content\/uploads\/2025\/07\/cropped-cropped-logitoweb21.png","contentUrl":"http:\/\/cuartetoenlaweb.com.ar\/sitio\/wp-content\/uploads\/2025\/07\/cropped-cropped-logitoweb21.png","width":199,"height":199,"caption":"Cuarteto en la Web"},"image":{"@id":"http:\/\/cuartetoenlaweb.com.ar\/sitio\/#\/schema\/logo\/image\/"}}]}},"_links":{"self":[{"href":"http:\/\/cuartetoenlaweb.com.ar\/sitio\/wp-json\/wp\/v2\/posts\/19186","targetHints":{"allow":["GET"]}}],"collection":[{"href":"http:\/\/cuartetoenlaweb.com.ar\/sitio\/wp-json\/wp\/v2\/posts"}],"about":[{"href":"http:\/\/cuartetoenlaweb.com.ar\/sitio\/wp-json\/wp\/v2\/types\/post"}],"replies":[{"embeddable":true,"href":"http:\/\/cuartetoenlaweb.com.ar\/sitio\/wp-json\/wp\/v2\/comments?post=19186"}],"version-history":[{"count":0,"href":"http:\/\/cuartetoenlaweb.com.ar\/sitio\/wp-json\/wp\/v2\/posts\/19186\/revisions"}],"wp:featuredmedia":[{"embeddable":true,"href":"http:\/\/cuartetoenlaweb.com.ar\/sitio\/wp-json\/wp\/v2\/media\/19187"}],"wp:attachment":[{"href":"http:\/\/cuartetoenlaweb.com.ar\/sitio\/wp-json\/wp\/v2\/media?parent=19186"}],"wp:term":[{"taxonomy":"category","embeddable":true,"href":"http:\/\/cuartetoenlaweb.com.ar\/sitio\/wp-json\/wp\/v2\/categories?post=19186"},{"taxonomy":"post_tag","embeddable":true,"href":"http:\/\/cuartetoenlaweb.com.ar\/sitio\/wp-json\/wp\/v2\/tags?post=19186"}],"curies":[{"name":"wp","href":"https:\/\/api.w.org\/{rel}","templated":true}]}}