
{"id":19180,"date":"2026-04-28T14:59:46","date_gmt":"2026-04-28T17:59:46","guid":{"rendered":"http:\/\/cuartetoenlaweb.com.ar\/sitio\/fin-de-ciclo-las-ultimas-fotos-de-mauro-icardi-con-la-china-suarez-en-turquia-desempleado\/"},"modified":"2026-04-28T14:59:46","modified_gmt":"2026-04-28T17:59:46","slug":"fin-de-ciclo-las-ultimas-fotos-de-mauro-icardi-con-la-china-suarez-en-turquia-desempleado","status":"publish","type":"post","link":"http:\/\/cuartetoenlaweb.com.ar\/sitio\/fin-de-ciclo-las-ultimas-fotos-de-mauro-icardi-con-la-china-suarez-en-turquia-desempleado\/","title":{"rendered":"\u00a1Fin de ciclo! Las \u00faltimas fotos de Mauro Icardi con la China Su\u00e1rez en Turqu\u00eda: \u201cDesempleado\u201d"},"content":{"rendered":"<p><strong>Mauro Icardi <\/strong>est\u00e1 de cierre, atravesando d\u00edas de incertidumbre en Turqu\u00eda, consciente de que lo que se abra de ahora en m\u00e1s ser\u00e1 un terreno completamente nuevo y desconocido. Junto con la <strong>China Su\u00e1rez<\/strong>, <a href=\"https:\/\/www.paparazzi.com.ar\/tag\/mauro-icardi\/\" id=\"https:\/\/www.paparazzi.com.ar\/tag\/mauro-icardi\/\">Icardi <\/a>vive lo que parece ser, a las claras, sus \u00faltimos d\u00edas en Estambul.<\/p>\n<p>Lo cierto es que el futbolista est\u00e1 en tiempo de descuento para dejar el <strong>Galatasaray<\/strong>, cuyo contrato vence el 30 de junio. Todo indica que el club turco no quiere saber nada con \u00e9l, que en cada partido pasa m\u00e1s minutos en el banco que en el campo de juego. Adem\u00e1s, hay bronca: convertir goles es cosa del pasado.\u00a0<\/p>\n<div class=\"mt-box \">\n<h4 class=\"mt-heading\">Mir\u00e1 Tambi\u00e9n<\/h4>\n<p><a href=\"https:\/\/www.paparazzi.com.ar\/romances\/confeso-todo-brian-sarmiento-revelo-la-verdad-sobre-su-romance-con-danelik-en-gran-hermano-lo-unico-que-queria\/\"><\/p>\n<div class=\"mt-content\">\n<div class=\"mt-image-container\"><img decoding=\"async\" src=\"https:\/\/www.paparazzi.com.ar\/wp-content\/uploads\/2026\/04\/brian-sarmiento-danelik-359x226.jpg\" alt=\"\u00a1Confes\u00f3 todo! Brian Sarmiento revel\u00f3 la verdad sobre su romance con Danelik en Gran Hermano: \u201cLo \u00fanico que quer\u00eda&quot;\" class=\"mt-image\" loading=\"lazy\" \/><\/div>\n<h5 class=\"mt-title\">\u00a1Confes\u00f3 todo! Brian Sarmiento revel\u00f3 la verdad sobre su romance con Danelik en Gran Hermano: \u201cLo \u00fanico que quer\u00eda\u00bb<\/h5>\n<\/div>\n<p><\/a><\/div>\n<p>En ese contexto incierto, luego de un largo \u201cdetox de redes\u201d y <a href=\"https:\/\/www.paparazzi.com.ar\/romances\/el-sueno-termino-revelan-el-peor-final-para-mauro-icardi-y-su-proyecto-de-vida-con-la-china-suarez\/\" id=\"https:\/\/www.paparazzi.com.ar\/romances\/el-sueno-termino-revelan-el-peor-final-para-mauro-icardi-y-su-proyecto-de-vida-con-la-china-suarez\/\">tras perder una pulseada legal <\/a>con <strong>Wanda Nara<\/strong>, Mauro mostr\u00f3 este martes fotos con la <a href=\"https:\/\/www.paparazzi.com.ar\/tag\/china-suarez\/\" id=\"https:\/\/www.paparazzi.com.ar\/tag\/china-suarez\/\">China <\/a>en la playa; un paseo con <strong>Rufina<\/strong>, <strong>Amancio <\/strong>y el perro. Postales lac\u00f3nicas sobre la arena, en tonos sepia y con un marco negro, intentos por capturar los \u00faltimos momentos en el pa\u00eds.\u00a0<\/p>\n<p>\u201c\u00a1Se le va acabando el presupuesto a la serie!\u201d, fue uno de los comentarios que le dejaron en el posteo, mientras varios usuarios coincidieron en se\u00f1alar la presunta impostura de felicidad en las fotos con <em>Sangre Japonesa<\/em>, a quien en una foto se al ve mordi\u00e9ndole la oreja.&nbsp;<\/p>\n<figure class=\"wp-block-image size-large\"><img decoding=\"async\" src=\"https:\/\/www.paparazzi.com.ar\/wp-content\/uploads\/2026\/04\/Icardi-China-1-768x1024.jpg.webp\" loading=\"lazy\" alt=\"\" class=\"wp-image-475769\" \/><\/figure>\n<figure class=\"wp-block-image size-large\"><img decoding=\"async\" src=\"https:\/\/www.paparazzi.com.ar\/wp-content\/uploads\/2026\/04\/Icardi-China-4-768x1024.jpg.webp\" loading=\"lazy\" alt=\"\" class=\"wp-image-475772\" \/><\/figure>\n<h2 class=\"wp-block-heading\">QU\u00c9 VA A PASAR CON EL FUTURO DE MAURO ICARDI<\/h2>\n<p>Entre tanto, en el \u00e1mbito del f\u00fatbol ya se habla del terreno pantanoso que es el futuro del ex de Wanda. \u201cA esta hora, Galatasaray tiene decidido no renovar el contrato de Icardi\u201d, cont\u00f3 <strong>Leo Paradizo<\/strong> en<em> Lape Club Social<\/em>, donde precis\u00f3 las dos posibilidades que se le pueden abrir al ex de Wanda de junio en adelante.&nbsp;<\/p>\n<p>\u201cTiene una oferta muy importante en Medio Oriente, Arabia Saudita, y espera por un nuevo llamado de River, que en su momento negoci\u00f3 para que venga y se enfri\u00f3. Si River lo llama, viene corriendo\u201d, anticip\u00f3 el periodista.&nbsp;<\/p>\n<div class=\"mt-box \">\n<h4 class=\"mt-heading\">Mir\u00e1 Tambi\u00e9n<\/h4>\n<p><a href=\"https:\/\/www.paparazzi.com.ar\/teve\/telefono-para-poroto-la-foto-de-allegra-en-su-fiesta-de-15-que-fabian-cubero-nunca-hubiera-querido-ver\/\"><\/p>\n<div class=\"mt-content\">\n<div class=\"mt-image-container\"><img decoding=\"async\" src=\"https:\/\/www.paparazzi.com.ar\/wp-content\/uploads\/2026\/04\/allegra-cubero-fabian-cubero-1-1-359x226.jpg\" alt=\"\u00a1Tel\u00e9fono para Poroto! La foto de Allegra en su fiesta de 15 que Fabi\u00e1n Cubero nunca hubiera querido ver\" class=\"mt-image\" loading=\"lazy\" \/><\/div>\n<h5 class=\"mt-title\">\u00a1Tel\u00e9fono para Poroto! La foto de Allegra en su fiesta de 15 que Fabi\u00e1n Cubero nunca hubiera querido ver<\/h5>\n<\/div>\n<p><\/a><\/div>\n<p>Pero hay un detalle: el dinero. \u201c\u00c9l viene de ganar 10 millones anuales, River tiene contratos de 3 millones de d\u00f3lares anuales, tampoco es una cifra a despreciar\u201d. Asimismo, destac\u00f3 que en su \u00faltima negociaci\u00f3n con Galatasaray \u201cle ofrec\u00edan ganar lo mismo y esa negociaci\u00f3n ya est\u00e1\u201d. \u201c10 palos por a\u00f1o ya no va a ganar m\u00e1s\u201d, aclar\u00f3, a lo que Paula Varela sentenci\u00f3, lapidaria: \u201cA partir de junio, desempleado\u201d.<\/p>\n<figure class=\"wp-block-image size-large\"><img decoding=\"async\" src=\"https:\/\/www.paparazzi.com.ar\/wp-content\/uploads\/2026\/04\/Icardi-China-2-768x1024.jpg.webp\" loading=\"lazy\" alt=\"\" class=\"wp-image-475770\" \/><\/figure>\n<figure class=\"wp-block-image size-large\"><img decoding=\"async\" src=\"https:\/\/www.paparazzi.com.ar\/wp-content\/uploads\/2026\/04\/Icardi-China-3-768x1024.jpg.webp\" loading=\"lazy\" alt=\"\" class=\"wp-image-475771\" \/><\/figure>\n<figure class=\"wp-block-image size-large\"><img decoding=\"async\" src=\"https:\/\/www.paparazzi.com.ar\/wp-content\/uploads\/2026\/04\/Icardi-China-5-768x1024.jpg.webp\" loading=\"lazy\" alt=\"\" class=\"wp-image-475773\" \/><\/figure>\n<figure class=\"wp-block-image size-large\"><img decoding=\"async\" src=\"https:\/\/www.paparazzi.com.ar\/wp-content\/uploads\/2026\/04\/Icardi-China-6-768x1024.jpg.webp\" loading=\"lazy\" alt=\"\" class=\"wp-image-475774\" \/><\/figure>\n<p>The post <a href=\"https:\/\/www.paparazzi.com.ar\/romances\/fin-de-ciclo-las-ultimas-fotos-de-mauro-icardi-con-la-china-suarez-en-turquia-desempleado\/\">\u00a1Fin de ciclo! Las \u00faltimas fotos de Mauro Icardi con la China Su\u00e1rez en Turqu\u00eda: \u201cDesempleado\u201d<\/a> appeared first on <a href=\"https:\/\/www.paparazzi.com.ar\">Revista Paparazzi<\/a>.<\/p>\n","protected":false},"excerpt":{"rendered":"<p>Mauro Icardi est\u00e1 de cierre, atravesando d\u00edas de incertidumbre en<\/p>\n","protected":false},"author":0,"featured_media":19181,"comment_status":"","ping_status":"","sticky":false,"template":"","format":"standard","meta":{"footnotes":""},"categories":[12],"tags":[],"class_list":["post-19180","post","type-post","status-publish","format-standard","has-post-thumbnail","hentry","category-espectaculo"],"yoast_head":"<!-- This site is optimized with the Yoast SEO plugin v27.5 - https:\/\/yoast.com\/product\/yoast-seo-wordpress\/ -->\n<title>\u00a1Fin de ciclo! Las \u00faltimas fotos de Mauro Icardi con la China Su\u00e1rez en Turqu\u00eda: \u201cDesempleado\u201d - Cuarteto en la Web<\/title>\n<meta name=\"robots\" content=\"index, follow, max-snippet:-1, max-image-preview:large, max-video-preview:-1\" \/>\n<link rel=\"canonical\" href=\"http:\/\/cuartetoenlaweb.com.ar\/sitio\/fin-de-ciclo-las-ultimas-fotos-de-mauro-icardi-con-la-china-suarez-en-turquia-desempleado\/\" \/>\n<meta property=\"og:locale\" content=\"es_ES\" \/>\n<meta property=\"og:type\" content=\"article\" \/>\n<meta property=\"og:title\" content=\"\u00a1Fin de ciclo! Las \u00faltimas fotos de Mauro Icardi con la China Su\u00e1rez en Turqu\u00eda: \u201cDesempleado\u201d - Cuarteto en la Web\" \/>\n<meta property=\"og:description\" content=\"Mauro Icardi est\u00e1 de cierre, atravesando d\u00edas de incertidumbre en\" \/>\n<meta property=\"og:url\" content=\"http:\/\/cuartetoenlaweb.com.ar\/sitio\/fin-de-ciclo-las-ultimas-fotos-de-mauro-icardi-con-la-china-suarez-en-turquia-desempleado\/\" \/>\n<meta property=\"og:site_name\" content=\"Cuarteto en la Web\" \/>\n<meta property=\"article:published_time\" content=\"2026-04-28T17:59:46+00:00\" \/>\n<meta property=\"og:image\" content=\"https:\/\/www.paparazzi.com.ar\/wp-content\/uploads\/2026\/04\/brian-sarmiento-danelik-359x226.jpg\" \/>\n<meta name=\"twitter:card\" content=\"summary_large_image\" \/>\n<meta name=\"twitter:label1\" content=\"Tiempo de lectura\" \/>\n\t<meta name=\"twitter:data1\" content=\"2 minutos\" \/>\n<script type=\"application\/ld+json\" class=\"yoast-schema-graph\">{\"@context\":\"https:\\\/\\\/schema.org\",\"@graph\":[{\"@type\":\"Article\",\"@id\":\"http:\\\/\\\/cuartetoenlaweb.com.ar\\\/sitio\\\/fin-de-ciclo-las-ultimas-fotos-de-mauro-icardi-con-la-china-suarez-en-turquia-desempleado\\\/#article\",\"isPartOf\":{\"@id\":\"http:\\\/\\\/cuartetoenlaweb.com.ar\\\/sitio\\\/fin-de-ciclo-las-ultimas-fotos-de-mauro-icardi-con-la-china-suarez-en-turquia-desempleado\\\/\"},\"author\":{\"name\":\"\",\"@id\":\"\"},\"headline\":\"\u00a1Fin de ciclo! Las \u00faltimas fotos de Mauro Icardi con la China Su\u00e1rez en Turqu\u00eda: \u201cDesempleado\u201d\",\"datePublished\":\"2026-04-28T17:59:46+00:00\",\"mainEntityOfPage\":{\"@id\":\"http:\\\/\\\/cuartetoenlaweb.com.ar\\\/sitio\\\/fin-de-ciclo-las-ultimas-fotos-de-mauro-icardi-con-la-china-suarez-en-turquia-desempleado\\\/\"},\"wordCount\":498,\"publisher\":{\"@id\":\"http:\\\/\\\/cuartetoenlaweb.com.ar\\\/sitio\\\/#organization\"},\"image\":{\"@id\":\"http:\\\/\\\/cuartetoenlaweb.com.ar\\\/sitio\\\/fin-de-ciclo-las-ultimas-fotos-de-mauro-icardi-con-la-china-suarez-en-turquia-desempleado\\\/#primaryimage\"},\"thumbnailUrl\":\"http:\\\/\\\/cuartetoenlaweb.com.ar\\\/sitio\\\/wp-content\\\/uploads\\\/2026\\\/04\\\/brian-sarmiento-danelik-359x226-1.jpg\",\"articleSection\":[\"ESPECT\u00c1CULO\"],\"inLanguage\":\"es\"},{\"@type\":\"WebPage\",\"@id\":\"http:\\\/\\\/cuartetoenlaweb.com.ar\\\/sitio\\\/fin-de-ciclo-las-ultimas-fotos-de-mauro-icardi-con-la-china-suarez-en-turquia-desempleado\\\/\",\"url\":\"http:\\\/\\\/cuartetoenlaweb.com.ar\\\/sitio\\\/fin-de-ciclo-las-ultimas-fotos-de-mauro-icardi-con-la-china-suarez-en-turquia-desempleado\\\/\",\"name\":\"\u00a1Fin de ciclo! Las \u00faltimas fotos de Mauro Icardi con la China Su\u00e1rez en Turqu\u00eda: \u201cDesempleado\u201d - Cuarteto en la Web\",\"isPartOf\":{\"@id\":\"http:\\\/\\\/cuartetoenlaweb.com.ar\\\/sitio\\\/#website\"},\"primaryImageOfPage\":{\"@id\":\"http:\\\/\\\/cuartetoenlaweb.com.ar\\\/sitio\\\/fin-de-ciclo-las-ultimas-fotos-de-mauro-icardi-con-la-china-suarez-en-turquia-desempleado\\\/#primaryimage\"},\"image\":{\"@id\":\"http:\\\/\\\/cuartetoenlaweb.com.ar\\\/sitio\\\/fin-de-ciclo-las-ultimas-fotos-de-mauro-icardi-con-la-china-suarez-en-turquia-desempleado\\\/#primaryimage\"},\"thumbnailUrl\":\"http:\\\/\\\/cuartetoenlaweb.com.ar\\\/sitio\\\/wp-content\\\/uploads\\\/2026\\\/04\\\/brian-sarmiento-danelik-359x226-1.jpg\",\"datePublished\":\"2026-04-28T17:59:46+00:00\",\"breadcrumb\":{\"@id\":\"http:\\\/\\\/cuartetoenlaweb.com.ar\\\/sitio\\\/fin-de-ciclo-las-ultimas-fotos-de-mauro-icardi-con-la-china-suarez-en-turquia-desempleado\\\/#breadcrumb\"},\"inLanguage\":\"es\",\"potentialAction\":[{\"@type\":\"ReadAction\",\"target\":[\"http:\\\/\\\/cuartetoenlaweb.com.ar\\\/sitio\\\/fin-de-ciclo-las-ultimas-fotos-de-mauro-icardi-con-la-china-suarez-en-turquia-desempleado\\\/\"]}]},{\"@type\":\"ImageObject\",\"inLanguage\":\"es\",\"@id\":\"http:\\\/\\\/cuartetoenlaweb.com.ar\\\/sitio\\\/fin-de-ciclo-las-ultimas-fotos-de-mauro-icardi-con-la-china-suarez-en-turquia-desempleado\\\/#primaryimage\",\"url\":\"http:\\\/\\\/cuartetoenlaweb.com.ar\\\/sitio\\\/wp-content\\\/uploads\\\/2026\\\/04\\\/brian-sarmiento-danelik-359x226-1.jpg\",\"contentUrl\":\"http:\\\/\\\/cuartetoenlaweb.com.ar\\\/sitio\\\/wp-content\\\/uploads\\\/2026\\\/04\\\/brian-sarmiento-danelik-359x226-1.jpg\",\"width\":359,\"height\":226},{\"@type\":\"BreadcrumbList\",\"@id\":\"http:\\\/\\\/cuartetoenlaweb.com.ar\\\/sitio\\\/fin-de-ciclo-las-ultimas-fotos-de-mauro-icardi-con-la-china-suarez-en-turquia-desempleado\\\/#breadcrumb\",\"itemListElement\":[{\"@type\":\"ListItem\",\"position\":1,\"name\":\"Portada\",\"item\":\"http:\\\/\\\/cuartetoenlaweb.com.ar\\\/sitio\\\/\"},{\"@type\":\"ListItem\",\"position\":2,\"name\":\"\u00a1Fin de ciclo! Las \u00faltimas fotos de Mauro Icardi con la China Su\u00e1rez en Turqu\u00eda: \u201cDesempleado\u201d\"}]},{\"@type\":\"WebSite\",\"@id\":\"http:\\\/\\\/cuartetoenlaweb.com.ar\\\/sitio\\\/#website\",\"url\":\"http:\\\/\\\/cuartetoenlaweb.com.ar\\\/sitio\\\/\",\"name\":\"Cuarteto en la Web\",\"description\":\"\",\"publisher\":{\"@id\":\"http:\\\/\\\/cuartetoenlaweb.com.ar\\\/sitio\\\/#organization\"},\"potentialAction\":[{\"@type\":\"SearchAction\",\"target\":{\"@type\":\"EntryPoint\",\"urlTemplate\":\"http:\\\/\\\/cuartetoenlaweb.com.ar\\\/sitio\\\/?s={search_term_string}\"},\"query-input\":{\"@type\":\"PropertyValueSpecification\",\"valueRequired\":true,\"valueName\":\"search_term_string\"}}],\"inLanguage\":\"es\"},{\"@type\":\"Organization\",\"@id\":\"http:\\\/\\\/cuartetoenlaweb.com.ar\\\/sitio\\\/#organization\",\"name\":\"Cuarteto en la Web\",\"url\":\"http:\\\/\\\/cuartetoenlaweb.com.ar\\\/sitio\\\/\",\"logo\":{\"@type\":\"ImageObject\",\"inLanguage\":\"es\",\"@id\":\"http:\\\/\\\/cuartetoenlaweb.com.ar\\\/sitio\\\/#\\\/schema\\\/logo\\\/image\\\/\",\"url\":\"http:\\\/\\\/cuartetoenlaweb.com.ar\\\/sitio\\\/wp-content\\\/uploads\\\/2025\\\/07\\\/cropped-cropped-logitoweb21.png\",\"contentUrl\":\"http:\\\/\\\/cuartetoenlaweb.com.ar\\\/sitio\\\/wp-content\\\/uploads\\\/2025\\\/07\\\/cropped-cropped-logitoweb21.png\",\"width\":199,\"height\":199,\"caption\":\"Cuarteto en la Web\"},\"image\":{\"@id\":\"http:\\\/\\\/cuartetoenlaweb.com.ar\\\/sitio\\\/#\\\/schema\\\/logo\\\/image\\\/\"}}]}<\/script>\n<!-- \/ Yoast SEO plugin. -->","yoast_head_json":{"title":"\u00a1Fin de ciclo! Las \u00faltimas fotos de Mauro Icardi con la China Su\u00e1rez en Turqu\u00eda: \u201cDesempleado\u201d - Cuarteto en la Web","robots":{"index":"index","follow":"follow","max-snippet":"max-snippet:-1","max-image-preview":"max-image-preview:large","max-video-preview":"max-video-preview:-1"},"canonical":"http:\/\/cuartetoenlaweb.com.ar\/sitio\/fin-de-ciclo-las-ultimas-fotos-de-mauro-icardi-con-la-china-suarez-en-turquia-desempleado\/","og_locale":"es_ES","og_type":"article","og_title":"\u00a1Fin de ciclo! Las \u00faltimas fotos de Mauro Icardi con la China Su\u00e1rez en Turqu\u00eda: \u201cDesempleado\u201d - Cuarteto en la Web","og_description":"Mauro Icardi est\u00e1 de cierre, atravesando d\u00edas de incertidumbre en","og_url":"http:\/\/cuartetoenlaweb.com.ar\/sitio\/fin-de-ciclo-las-ultimas-fotos-de-mauro-icardi-con-la-china-suarez-en-turquia-desempleado\/","og_site_name":"Cuarteto en la Web","article_published_time":"2026-04-28T17:59:46+00:00","og_image":[{"url":"https:\/\/www.paparazzi.com.ar\/wp-content\/uploads\/2026\/04\/brian-sarmiento-danelik-359x226.jpg","type":"","width":"","height":""}],"twitter_card":"summary_large_image","twitter_misc":{"Tiempo de lectura":"2 minutos"},"schema":{"@context":"https:\/\/schema.org","@graph":[{"@type":"Article","@id":"http:\/\/cuartetoenlaweb.com.ar\/sitio\/fin-de-ciclo-las-ultimas-fotos-de-mauro-icardi-con-la-china-suarez-en-turquia-desempleado\/#article","isPartOf":{"@id":"http:\/\/cuartetoenlaweb.com.ar\/sitio\/fin-de-ciclo-las-ultimas-fotos-de-mauro-icardi-con-la-china-suarez-en-turquia-desempleado\/"},"author":{"name":"","@id":""},"headline":"\u00a1Fin de ciclo! Las \u00faltimas fotos de Mauro Icardi con la China Su\u00e1rez en Turqu\u00eda: \u201cDesempleado\u201d","datePublished":"2026-04-28T17:59:46+00:00","mainEntityOfPage":{"@id":"http:\/\/cuartetoenlaweb.com.ar\/sitio\/fin-de-ciclo-las-ultimas-fotos-de-mauro-icardi-con-la-china-suarez-en-turquia-desempleado\/"},"wordCount":498,"publisher":{"@id":"http:\/\/cuartetoenlaweb.com.ar\/sitio\/#organization"},"image":{"@id":"http:\/\/cuartetoenlaweb.com.ar\/sitio\/fin-de-ciclo-las-ultimas-fotos-de-mauro-icardi-con-la-china-suarez-en-turquia-desempleado\/#primaryimage"},"thumbnailUrl":"http:\/\/cuartetoenlaweb.com.ar\/sitio\/wp-content\/uploads\/2026\/04\/brian-sarmiento-danelik-359x226-1.jpg","articleSection":["ESPECT\u00c1CULO"],"inLanguage":"es"},{"@type":"WebPage","@id":"http:\/\/cuartetoenlaweb.com.ar\/sitio\/fin-de-ciclo-las-ultimas-fotos-de-mauro-icardi-con-la-china-suarez-en-turquia-desempleado\/","url":"http:\/\/cuartetoenlaweb.com.ar\/sitio\/fin-de-ciclo-las-ultimas-fotos-de-mauro-icardi-con-la-china-suarez-en-turquia-desempleado\/","name":"\u00a1Fin de ciclo! Las \u00faltimas fotos de Mauro Icardi con la China Su\u00e1rez en Turqu\u00eda: \u201cDesempleado\u201d - Cuarteto en la Web","isPartOf":{"@id":"http:\/\/cuartetoenlaweb.com.ar\/sitio\/#website"},"primaryImageOfPage":{"@id":"http:\/\/cuartetoenlaweb.com.ar\/sitio\/fin-de-ciclo-las-ultimas-fotos-de-mauro-icardi-con-la-china-suarez-en-turquia-desempleado\/#primaryimage"},"image":{"@id":"http:\/\/cuartetoenlaweb.com.ar\/sitio\/fin-de-ciclo-las-ultimas-fotos-de-mauro-icardi-con-la-china-suarez-en-turquia-desempleado\/#primaryimage"},"thumbnailUrl":"http:\/\/cuartetoenlaweb.com.ar\/sitio\/wp-content\/uploads\/2026\/04\/brian-sarmiento-danelik-359x226-1.jpg","datePublished":"2026-04-28T17:59:46+00:00","breadcrumb":{"@id":"http:\/\/cuartetoenlaweb.com.ar\/sitio\/fin-de-ciclo-las-ultimas-fotos-de-mauro-icardi-con-la-china-suarez-en-turquia-desempleado\/#breadcrumb"},"inLanguage":"es","potentialAction":[{"@type":"ReadAction","target":["http:\/\/cuartetoenlaweb.com.ar\/sitio\/fin-de-ciclo-las-ultimas-fotos-de-mauro-icardi-con-la-china-suarez-en-turquia-desempleado\/"]}]},{"@type":"ImageObject","inLanguage":"es","@id":"http:\/\/cuartetoenlaweb.com.ar\/sitio\/fin-de-ciclo-las-ultimas-fotos-de-mauro-icardi-con-la-china-suarez-en-turquia-desempleado\/#primaryimage","url":"http:\/\/cuartetoenlaweb.com.ar\/sitio\/wp-content\/uploads\/2026\/04\/brian-sarmiento-danelik-359x226-1.jpg","contentUrl":"http:\/\/cuartetoenlaweb.com.ar\/sitio\/wp-content\/uploads\/2026\/04\/brian-sarmiento-danelik-359x226-1.jpg","width":359,"height":226},{"@type":"BreadcrumbList","@id":"http:\/\/cuartetoenlaweb.com.ar\/sitio\/fin-de-ciclo-las-ultimas-fotos-de-mauro-icardi-con-la-china-suarez-en-turquia-desempleado\/#breadcrumb","itemListElement":[{"@type":"ListItem","position":1,"name":"Portada","item":"http:\/\/cuartetoenlaweb.com.ar\/sitio\/"},{"@type":"ListItem","position":2,"name":"\u00a1Fin de ciclo! Las \u00faltimas fotos de Mauro Icardi con la China Su\u00e1rez en Turqu\u00eda: \u201cDesempleado\u201d"}]},{"@type":"WebSite","@id":"http:\/\/cuartetoenlaweb.com.ar\/sitio\/#website","url":"http:\/\/cuartetoenlaweb.com.ar\/sitio\/","name":"Cuarteto en la Web","description":"","publisher":{"@id":"http:\/\/cuartetoenlaweb.com.ar\/sitio\/#organization"},"potentialAction":[{"@type":"SearchAction","target":{"@type":"EntryPoint","urlTemplate":"http:\/\/cuartetoenlaweb.com.ar\/sitio\/?s={search_term_string}"},"query-input":{"@type":"PropertyValueSpecification","valueRequired":true,"valueName":"search_term_string"}}],"inLanguage":"es"},{"@type":"Organization","@id":"http:\/\/cuartetoenlaweb.com.ar\/sitio\/#organization","name":"Cuarteto en la Web","url":"http:\/\/cuartetoenlaweb.com.ar\/sitio\/","logo":{"@type":"ImageObject","inLanguage":"es","@id":"http:\/\/cuartetoenlaweb.com.ar\/sitio\/#\/schema\/logo\/image\/","url":"http:\/\/cuartetoenlaweb.com.ar\/sitio\/wp-content\/uploads\/2025\/07\/cropped-cropped-logitoweb21.png","contentUrl":"http:\/\/cuartetoenlaweb.com.ar\/sitio\/wp-content\/uploads\/2025\/07\/cropped-cropped-logitoweb21.png","width":199,"height":199,"caption":"Cuarteto en la Web"},"image":{"@id":"http:\/\/cuartetoenlaweb.com.ar\/sitio\/#\/schema\/logo\/image\/"}}]}},"_links":{"self":[{"href":"http:\/\/cuartetoenlaweb.com.ar\/sitio\/wp-json\/wp\/v2\/posts\/19180","targetHints":{"allow":["GET"]}}],"collection":[{"href":"http:\/\/cuartetoenlaweb.com.ar\/sitio\/wp-json\/wp\/v2\/posts"}],"about":[{"href":"http:\/\/cuartetoenlaweb.com.ar\/sitio\/wp-json\/wp\/v2\/types\/post"}],"replies":[{"embeddable":true,"href":"http:\/\/cuartetoenlaweb.com.ar\/sitio\/wp-json\/wp\/v2\/comments?post=19180"}],"version-history":[{"count":0,"href":"http:\/\/cuartetoenlaweb.com.ar\/sitio\/wp-json\/wp\/v2\/posts\/19180\/revisions"}],"wp:featuredmedia":[{"embeddable":true,"href":"http:\/\/cuartetoenlaweb.com.ar\/sitio\/wp-json\/wp\/v2\/media\/19181"}],"wp:attachment":[{"href":"http:\/\/cuartetoenlaweb.com.ar\/sitio\/wp-json\/wp\/v2\/media?parent=19180"}],"wp:term":[{"taxonomy":"category","embeddable":true,"href":"http:\/\/cuartetoenlaweb.com.ar\/sitio\/wp-json\/wp\/v2\/categories?post=19180"},{"taxonomy":"post_tag","embeddable":true,"href":"http:\/\/cuartetoenlaweb.com.ar\/sitio\/wp-json\/wp\/v2\/tags?post=19180"}],"curies":[{"name":"wp","href":"https:\/\/api.w.org\/{rel}","templated":true}]}}