
{"id":19172,"date":"2026-04-28T14:59:42","date_gmt":"2026-04-28T17:59:42","guid":{"rendered":"http:\/\/cuartetoenlaweb.com.ar\/sitio\/no-dan-las-fechas-confirmaron-el-dia-exacto-que-marcelo-tinelli-se-separo-de-milett-figueroa-y-es-un-escandalo\/"},"modified":"2026-04-28T14:59:42","modified_gmt":"2026-04-28T17:59:42","slug":"no-dan-las-fechas-confirmaron-el-dia-exacto-que-marcelo-tinelli-se-separo-de-milett-figueroa-y-es-un-escandalo","status":"publish","type":"post","link":"http:\/\/cuartetoenlaweb.com.ar\/sitio\/no-dan-las-fechas-confirmaron-el-dia-exacto-que-marcelo-tinelli-se-separo-de-milett-figueroa-y-es-un-escandalo\/","title":{"rendered":"\u00a1No dan las fechas! Confirmaron el d\u00eda exacto que Marcelo Tinelli se separ\u00f3 de Milett Figueroa y es un esc\u00e1ndalo"},"content":{"rendered":"<p>Unilateralmente, sin previo aviso y motorizada en su deseo irrefrenable de contar la verdad. <strong>Milett Figueroa<\/strong> pate\u00f3 el tablero y confirm\u00f3 la separaci\u00f3n de <strong>Marcelo Tinelli<\/strong>, hace unas semanas atr\u00e1s, lo que activ\u00f3 una bomba, un verdadero estruendo medi\u00e1tico.<\/p>\n<p>La peruana enfrent\u00f3 los micr\u00f3fonos de un programa de televisi\u00f3n de su pa\u00eds natal y en una movida absolutamente sorpresiva anunci\u00f3 el fin de ese noviazgo. Un estado de situaci\u00f3n que todo el mundo preve\u00eda porque las se\u00f1ales se acumulaban en torno a una distancia insalvable con el conductor.<\/p>\n<p>Claro que eso desat\u00f3 un misterio, porque ninguno de los dos aport\u00f3 detalles de los motivos que incidieron en la decisi\u00f3n de terminar ese v\u00ednculo. Asimismo, otro de los ejes controversiales se centr\u00f3 en la fecha, en el instante preciso en que se trenzaron cara a cara para romper para siempre.<\/p>\n<div class=\"mt-box \">\n<h4 class=\"mt-heading\">Mir\u00e1 Tambi\u00e9n<\/h4>\n<p><a href=\"https:\/\/www.paparazzi.com.ar\/teve\/yanina-latorre-conto-la-frase-escatologica-de-pampita-en-los-martin-fierro-de-la-moda-comi-tanto-que\/\"><\/p>\n<div class=\"mt-content\">\n<div class=\"mt-image-container\"><img decoding=\"async\" src=\"https:\/\/www.paparazzi.com.ar\/wp-content\/uploads\/2026\/04\/Yanina-Latorre-Pampita-359x226.jpg\" alt=\"Yanina Latorre cont\u00f3 la frase escatol\u00f3gica de Pampita en los Mart\u00edn Fierro de la Moda: \u201cCom\u00ed tanto que\u2026\u201d\" class=\"mt-image\" loading=\"lazy\" \/><\/div>\n<h5 class=\"mt-title\">Yanina Latorre cont\u00f3 la frase escatol\u00f3gica de Pampita en los Mart\u00edn Fierro de la Moda: \u201cCom\u00ed tanto que\u2026\u201d<\/h5>\n<\/div>\n<p><\/a><\/div>\n<p>En tanto que se acopl\u00f3 otra arista picante, dado que Tinelli acaba de ser visto en compa\u00f1\u00eda de Rossana Almeyda, una amiga muy \u00edntima de <strong><a href=\"https:\/\/www.paparazzi.com.ar\/romances\/pampita-conto-todo-del-nuevo-romance-de-marcelo-tinelli-con-su-amiga-ella-es-una-gran-mujer\/\">Pampita<\/a><\/strong> y se instal\u00f3 la idea del comienzo de un romance muy serio y potente. A ra\u00edz de esa aparici\u00f3n se maximiz\u00f3 la duda respecto a una supuesta superposici\u00f3n de relaciones amorosas.<\/p>\n<h2 class=\"wp-block-heading\">CONFIRMARON QUE TINELLI SE SEPAR\u00d3 HACE 40 D\u00cdAS DE MILETT FIGUEROA<\/h2>\n<p>En ese sentido, en <em>A la tarde<\/em> indagaron a fondo y arribaron a la informaci\u00f3n exacta. <strong>D\u00e9bora D\u2019Amato<\/strong> especific\u00f3 la bronca de <a href=\"https:\/\/www.paparazzi.com.ar\/romances\/marcelo-tinelli-confirmo-a-su-nueva-novia-con-un-video-muy-intimo\/\">Marcelo<\/a> con Figueroa: \u201cSe enoja Tinelli con Milett porque no quer\u00eda que confirme esta separaci\u00f3n porque se ven\u00eda la segunda temporada del reality\u201d.<\/p>\n<p>Luego, la panelista a\u00f1adi\u00f3 el pacto que aparentemente deshizo la peruana: \u201cSe ten\u00edan que poner de acuerdo y esperar un poco\u201d. As\u00ed, de manera intempestiva, <strong>Santiago Sposato<\/strong> corrobor\u00f3 el dato m\u00e1s explosivo, que abre a probables secuelas: \u201cEsa relaci\u00f3n termin\u00f3 el 16 de marzo, ese d\u00eda cortaron Tinelli y Milett Figueroa\u201d.<\/p>\n<div class=\"mt-box \">\n<h4 class=\"mt-heading\">Mir\u00e1 Tambi\u00e9n<\/h4>\n<p><a href=\"https:\/\/www.paparazzi.com.ar\/romances\/marcelo-tinelli-confirmo-a-su-nueva-novia-con-un-video-muy-intimo\/\"><\/p>\n<div class=\"mt-content\">\n<div class=\"mt-image-container\"><img decoding=\"async\" src=\"https:\/\/www.paparazzi.com.ar\/wp-content\/uploads\/2026\/04\/Marcelo-Tinelli-novia-1-359x226.jpg\" alt=\"Marcelo Tinelli confirm\u00f3 a su nueva novia con un video muy \u00edntimo\" class=\"mt-image\" loading=\"lazy\" \/><\/div>\n<h5 class=\"mt-title\">Marcelo Tinelli confirm\u00f3 a su nueva novia con un video muy \u00edntimo<\/h5>\n<\/div>\n<p><\/a><\/div>\n<div class=\"mt-box \">\n<h4 class=\"mt-heading\">Mir\u00e1 Tambi\u00e9n<\/h4>\n<p><a href=\"https:\/\/www.paparazzi.com.ar\/teve\/flor-vigna-revelo-su-secreto-problema-de-salud-mental-y-sorprendio-a-todos-no-tenia-ganas-de-vivir\/\"><\/p>\n<div class=\"mt-content\">\n<div class=\"mt-image-container\"><img decoding=\"async\" src=\"https:\/\/www.paparazzi.com.ar\/wp-content\/uploads\/2024\/10\/Flor-Vigna.jpg-359x226.webp\" alt=\"Flor Vigna revel\u00f3 su secreto problema de salud mental y sorprendi\u00f3 a todos: \u201cNo ten\u00eda ganas de vivir\u201d\" class=\"mt-image\" loading=\"lazy\" \/><\/div>\n<h5 class=\"mt-title\">Flor Vigna revel\u00f3 su secreto problema de salud mental y sorprendi\u00f3 a todos: \u201cNo ten\u00eda ganas de vivir\u201d<\/h5>\n<\/div>\n<p><\/a><\/div>\n<p>The post <a href=\"https:\/\/www.paparazzi.com.ar\/romances\/no-dan-las-fechas-confirmaron-el-dia-exacto-que-marcelo-tinelli-se-separo-de-milett-figueroa-y-es-un-escandalo\/\">\u00a1No dan las fechas! Confirmaron el d\u00eda exacto que Marcelo Tinelli se separ\u00f3 de Milett Figueroa y es un esc\u00e1ndalo<\/a> appeared first on <a href=\"https:\/\/www.paparazzi.com.ar\">Revista Paparazzi<\/a>.<\/p>\n","protected":false},"excerpt":{"rendered":"<p>Unilateralmente, sin previo aviso y motorizada en su deseo irrefrenable<\/p>\n","protected":false},"author":0,"featured_media":19173,"comment_status":"","ping_status":"","sticky":false,"template":"","format":"standard","meta":{"footnotes":""},"categories":[12],"tags":[],"class_list":["post-19172","post","type-post","status-publish","format-standard","has-post-thumbnail","hentry","category-espectaculo"],"yoast_head":"<!-- This site is optimized with the Yoast SEO plugin v27.5 - https:\/\/yoast.com\/product\/yoast-seo-wordpress\/ -->\n<title>\u00a1No dan las fechas! Confirmaron el d\u00eda exacto que Marcelo Tinelli se separ\u00f3 de Milett Figueroa y es un esc\u00e1ndalo - Cuarteto en la Web<\/title>\n<meta name=\"robots\" content=\"index, follow, max-snippet:-1, max-image-preview:large, max-video-preview:-1\" \/>\n<link rel=\"canonical\" href=\"http:\/\/cuartetoenlaweb.com.ar\/sitio\/no-dan-las-fechas-confirmaron-el-dia-exacto-que-marcelo-tinelli-se-separo-de-milett-figueroa-y-es-un-escandalo\/\" \/>\n<meta property=\"og:locale\" content=\"es_ES\" \/>\n<meta property=\"og:type\" content=\"article\" \/>\n<meta property=\"og:title\" content=\"\u00a1No dan las fechas! Confirmaron el d\u00eda exacto que Marcelo Tinelli se separ\u00f3 de Milett Figueroa y es un esc\u00e1ndalo - Cuarteto en la Web\" \/>\n<meta property=\"og:description\" content=\"Unilateralmente, sin previo aviso y motorizada en su deseo irrefrenable\" \/>\n<meta property=\"og:url\" content=\"http:\/\/cuartetoenlaweb.com.ar\/sitio\/no-dan-las-fechas-confirmaron-el-dia-exacto-que-marcelo-tinelli-se-separo-de-milett-figueroa-y-es-un-escandalo\/\" \/>\n<meta property=\"og:site_name\" content=\"Cuarteto en la Web\" \/>\n<meta property=\"article:published_time\" content=\"2026-04-28T17:59:42+00:00\" \/>\n<meta property=\"og:image\" content=\"https:\/\/www.paparazzi.com.ar\/wp-content\/uploads\/2026\/04\/Yanina-Latorre-Pampita-359x226.jpg\" \/>\n<meta name=\"twitter:card\" content=\"summary_large_image\" \/>\n<meta name=\"twitter:label1\" content=\"Tiempo de lectura\" \/>\n\t<meta name=\"twitter:data1\" content=\"2 minutos\" \/>\n<script type=\"application\/ld+json\" class=\"yoast-schema-graph\">{\"@context\":\"https:\\\/\\\/schema.org\",\"@graph\":[{\"@type\":\"Article\",\"@id\":\"http:\\\/\\\/cuartetoenlaweb.com.ar\\\/sitio\\\/no-dan-las-fechas-confirmaron-el-dia-exacto-que-marcelo-tinelli-se-separo-de-milett-figueroa-y-es-un-escandalo\\\/#article\",\"isPartOf\":{\"@id\":\"http:\\\/\\\/cuartetoenlaweb.com.ar\\\/sitio\\\/no-dan-las-fechas-confirmaron-el-dia-exacto-que-marcelo-tinelli-se-separo-de-milett-figueroa-y-es-un-escandalo\\\/\"},\"author\":{\"name\":\"\",\"@id\":\"\"},\"headline\":\"\u00a1No dan las fechas! Confirmaron el d\u00eda exacto que Marcelo Tinelli se separ\u00f3 de Milett Figueroa y es un esc\u00e1ndalo\",\"datePublished\":\"2026-04-28T17:59:42+00:00\",\"mainEntityOfPage\":{\"@id\":\"http:\\\/\\\/cuartetoenlaweb.com.ar\\\/sitio\\\/no-dan-las-fechas-confirmaron-el-dia-exacto-que-marcelo-tinelli-se-separo-de-milett-figueroa-y-es-un-escandalo\\\/\"},\"wordCount\":439,\"publisher\":{\"@id\":\"http:\\\/\\\/cuartetoenlaweb.com.ar\\\/sitio\\\/#organization\"},\"image\":{\"@id\":\"http:\\\/\\\/cuartetoenlaweb.com.ar\\\/sitio\\\/no-dan-las-fechas-confirmaron-el-dia-exacto-que-marcelo-tinelli-se-separo-de-milett-figueroa-y-es-un-escandalo\\\/#primaryimage\"},\"thumbnailUrl\":\"http:\\\/\\\/cuartetoenlaweb.com.ar\\\/sitio\\\/wp-content\\\/uploads\\\/2026\\\/04\\\/Yanina-Latorre-Pampita-359x226-1.jpg\",\"articleSection\":[\"ESPECT\u00c1CULO\"],\"inLanguage\":\"es\"},{\"@type\":\"WebPage\",\"@id\":\"http:\\\/\\\/cuartetoenlaweb.com.ar\\\/sitio\\\/no-dan-las-fechas-confirmaron-el-dia-exacto-que-marcelo-tinelli-se-separo-de-milett-figueroa-y-es-un-escandalo\\\/\",\"url\":\"http:\\\/\\\/cuartetoenlaweb.com.ar\\\/sitio\\\/no-dan-las-fechas-confirmaron-el-dia-exacto-que-marcelo-tinelli-se-separo-de-milett-figueroa-y-es-un-escandalo\\\/\",\"name\":\"\u00a1No dan las fechas! Confirmaron el d\u00eda exacto que Marcelo Tinelli se separ\u00f3 de Milett Figueroa y es un esc\u00e1ndalo - Cuarteto en la Web\",\"isPartOf\":{\"@id\":\"http:\\\/\\\/cuartetoenlaweb.com.ar\\\/sitio\\\/#website\"},\"primaryImageOfPage\":{\"@id\":\"http:\\\/\\\/cuartetoenlaweb.com.ar\\\/sitio\\\/no-dan-las-fechas-confirmaron-el-dia-exacto-que-marcelo-tinelli-se-separo-de-milett-figueroa-y-es-un-escandalo\\\/#primaryimage\"},\"image\":{\"@id\":\"http:\\\/\\\/cuartetoenlaweb.com.ar\\\/sitio\\\/no-dan-las-fechas-confirmaron-el-dia-exacto-que-marcelo-tinelli-se-separo-de-milett-figueroa-y-es-un-escandalo\\\/#primaryimage\"},\"thumbnailUrl\":\"http:\\\/\\\/cuartetoenlaweb.com.ar\\\/sitio\\\/wp-content\\\/uploads\\\/2026\\\/04\\\/Yanina-Latorre-Pampita-359x226-1.jpg\",\"datePublished\":\"2026-04-28T17:59:42+00:00\",\"breadcrumb\":{\"@id\":\"http:\\\/\\\/cuartetoenlaweb.com.ar\\\/sitio\\\/no-dan-las-fechas-confirmaron-el-dia-exacto-que-marcelo-tinelli-se-separo-de-milett-figueroa-y-es-un-escandalo\\\/#breadcrumb\"},\"inLanguage\":\"es\",\"potentialAction\":[{\"@type\":\"ReadAction\",\"target\":[\"http:\\\/\\\/cuartetoenlaweb.com.ar\\\/sitio\\\/no-dan-las-fechas-confirmaron-el-dia-exacto-que-marcelo-tinelli-se-separo-de-milett-figueroa-y-es-un-escandalo\\\/\"]}]},{\"@type\":\"ImageObject\",\"inLanguage\":\"es\",\"@id\":\"http:\\\/\\\/cuartetoenlaweb.com.ar\\\/sitio\\\/no-dan-las-fechas-confirmaron-el-dia-exacto-que-marcelo-tinelli-se-separo-de-milett-figueroa-y-es-un-escandalo\\\/#primaryimage\",\"url\":\"http:\\\/\\\/cuartetoenlaweb.com.ar\\\/sitio\\\/wp-content\\\/uploads\\\/2026\\\/04\\\/Yanina-Latorre-Pampita-359x226-1.jpg\",\"contentUrl\":\"http:\\\/\\\/cuartetoenlaweb.com.ar\\\/sitio\\\/wp-content\\\/uploads\\\/2026\\\/04\\\/Yanina-Latorre-Pampita-359x226-1.jpg\",\"width\":359,\"height\":226},{\"@type\":\"BreadcrumbList\",\"@id\":\"http:\\\/\\\/cuartetoenlaweb.com.ar\\\/sitio\\\/no-dan-las-fechas-confirmaron-el-dia-exacto-que-marcelo-tinelli-se-separo-de-milett-figueroa-y-es-un-escandalo\\\/#breadcrumb\",\"itemListElement\":[{\"@type\":\"ListItem\",\"position\":1,\"name\":\"Portada\",\"item\":\"http:\\\/\\\/cuartetoenlaweb.com.ar\\\/sitio\\\/\"},{\"@type\":\"ListItem\",\"position\":2,\"name\":\"\u00a1No dan las fechas! Confirmaron el d\u00eda exacto que Marcelo Tinelli se separ\u00f3 de Milett Figueroa y es un esc\u00e1ndalo\"}]},{\"@type\":\"WebSite\",\"@id\":\"http:\\\/\\\/cuartetoenlaweb.com.ar\\\/sitio\\\/#website\",\"url\":\"http:\\\/\\\/cuartetoenlaweb.com.ar\\\/sitio\\\/\",\"name\":\"Cuarteto en la Web\",\"description\":\"\",\"publisher\":{\"@id\":\"http:\\\/\\\/cuartetoenlaweb.com.ar\\\/sitio\\\/#organization\"},\"potentialAction\":[{\"@type\":\"SearchAction\",\"target\":{\"@type\":\"EntryPoint\",\"urlTemplate\":\"http:\\\/\\\/cuartetoenlaweb.com.ar\\\/sitio\\\/?s={search_term_string}\"},\"query-input\":{\"@type\":\"PropertyValueSpecification\",\"valueRequired\":true,\"valueName\":\"search_term_string\"}}],\"inLanguage\":\"es\"},{\"@type\":\"Organization\",\"@id\":\"http:\\\/\\\/cuartetoenlaweb.com.ar\\\/sitio\\\/#organization\",\"name\":\"Cuarteto en la Web\",\"url\":\"http:\\\/\\\/cuartetoenlaweb.com.ar\\\/sitio\\\/\",\"logo\":{\"@type\":\"ImageObject\",\"inLanguage\":\"es\",\"@id\":\"http:\\\/\\\/cuartetoenlaweb.com.ar\\\/sitio\\\/#\\\/schema\\\/logo\\\/image\\\/\",\"url\":\"http:\\\/\\\/cuartetoenlaweb.com.ar\\\/sitio\\\/wp-content\\\/uploads\\\/2025\\\/07\\\/cropped-cropped-logitoweb21.png\",\"contentUrl\":\"http:\\\/\\\/cuartetoenlaweb.com.ar\\\/sitio\\\/wp-content\\\/uploads\\\/2025\\\/07\\\/cropped-cropped-logitoweb21.png\",\"width\":199,\"height\":199,\"caption\":\"Cuarteto en la Web\"},\"image\":{\"@id\":\"http:\\\/\\\/cuartetoenlaweb.com.ar\\\/sitio\\\/#\\\/schema\\\/logo\\\/image\\\/\"}}]}<\/script>\n<!-- \/ Yoast SEO plugin. -->","yoast_head_json":{"title":"\u00a1No dan las fechas! Confirmaron el d\u00eda exacto que Marcelo Tinelli se separ\u00f3 de Milett Figueroa y es un esc\u00e1ndalo - Cuarteto en la Web","robots":{"index":"index","follow":"follow","max-snippet":"max-snippet:-1","max-image-preview":"max-image-preview:large","max-video-preview":"max-video-preview:-1"},"canonical":"http:\/\/cuartetoenlaweb.com.ar\/sitio\/no-dan-las-fechas-confirmaron-el-dia-exacto-que-marcelo-tinelli-se-separo-de-milett-figueroa-y-es-un-escandalo\/","og_locale":"es_ES","og_type":"article","og_title":"\u00a1No dan las fechas! Confirmaron el d\u00eda exacto que Marcelo Tinelli se separ\u00f3 de Milett Figueroa y es un esc\u00e1ndalo - Cuarteto en la Web","og_description":"Unilateralmente, sin previo aviso y motorizada en su deseo irrefrenable","og_url":"http:\/\/cuartetoenlaweb.com.ar\/sitio\/no-dan-las-fechas-confirmaron-el-dia-exacto-que-marcelo-tinelli-se-separo-de-milett-figueroa-y-es-un-escandalo\/","og_site_name":"Cuarteto en la Web","article_published_time":"2026-04-28T17:59:42+00:00","og_image":[{"url":"https:\/\/www.paparazzi.com.ar\/wp-content\/uploads\/2026\/04\/Yanina-Latorre-Pampita-359x226.jpg","type":"","width":"","height":""}],"twitter_card":"summary_large_image","twitter_misc":{"Tiempo de lectura":"2 minutos"},"schema":{"@context":"https:\/\/schema.org","@graph":[{"@type":"Article","@id":"http:\/\/cuartetoenlaweb.com.ar\/sitio\/no-dan-las-fechas-confirmaron-el-dia-exacto-que-marcelo-tinelli-se-separo-de-milett-figueroa-y-es-un-escandalo\/#article","isPartOf":{"@id":"http:\/\/cuartetoenlaweb.com.ar\/sitio\/no-dan-las-fechas-confirmaron-el-dia-exacto-que-marcelo-tinelli-se-separo-de-milett-figueroa-y-es-un-escandalo\/"},"author":{"name":"","@id":""},"headline":"\u00a1No dan las fechas! Confirmaron el d\u00eda exacto que Marcelo Tinelli se separ\u00f3 de Milett Figueroa y es un esc\u00e1ndalo","datePublished":"2026-04-28T17:59:42+00:00","mainEntityOfPage":{"@id":"http:\/\/cuartetoenlaweb.com.ar\/sitio\/no-dan-las-fechas-confirmaron-el-dia-exacto-que-marcelo-tinelli-se-separo-de-milett-figueroa-y-es-un-escandalo\/"},"wordCount":439,"publisher":{"@id":"http:\/\/cuartetoenlaweb.com.ar\/sitio\/#organization"},"image":{"@id":"http:\/\/cuartetoenlaweb.com.ar\/sitio\/no-dan-las-fechas-confirmaron-el-dia-exacto-que-marcelo-tinelli-se-separo-de-milett-figueroa-y-es-un-escandalo\/#primaryimage"},"thumbnailUrl":"http:\/\/cuartetoenlaweb.com.ar\/sitio\/wp-content\/uploads\/2026\/04\/Yanina-Latorre-Pampita-359x226-1.jpg","articleSection":["ESPECT\u00c1CULO"],"inLanguage":"es"},{"@type":"WebPage","@id":"http:\/\/cuartetoenlaweb.com.ar\/sitio\/no-dan-las-fechas-confirmaron-el-dia-exacto-que-marcelo-tinelli-se-separo-de-milett-figueroa-y-es-un-escandalo\/","url":"http:\/\/cuartetoenlaweb.com.ar\/sitio\/no-dan-las-fechas-confirmaron-el-dia-exacto-que-marcelo-tinelli-se-separo-de-milett-figueroa-y-es-un-escandalo\/","name":"\u00a1No dan las fechas! Confirmaron el d\u00eda exacto que Marcelo Tinelli se separ\u00f3 de Milett Figueroa y es un esc\u00e1ndalo - Cuarteto en la Web","isPartOf":{"@id":"http:\/\/cuartetoenlaweb.com.ar\/sitio\/#website"},"primaryImageOfPage":{"@id":"http:\/\/cuartetoenlaweb.com.ar\/sitio\/no-dan-las-fechas-confirmaron-el-dia-exacto-que-marcelo-tinelli-se-separo-de-milett-figueroa-y-es-un-escandalo\/#primaryimage"},"image":{"@id":"http:\/\/cuartetoenlaweb.com.ar\/sitio\/no-dan-las-fechas-confirmaron-el-dia-exacto-que-marcelo-tinelli-se-separo-de-milett-figueroa-y-es-un-escandalo\/#primaryimage"},"thumbnailUrl":"http:\/\/cuartetoenlaweb.com.ar\/sitio\/wp-content\/uploads\/2026\/04\/Yanina-Latorre-Pampita-359x226-1.jpg","datePublished":"2026-04-28T17:59:42+00:00","breadcrumb":{"@id":"http:\/\/cuartetoenlaweb.com.ar\/sitio\/no-dan-las-fechas-confirmaron-el-dia-exacto-que-marcelo-tinelli-se-separo-de-milett-figueroa-y-es-un-escandalo\/#breadcrumb"},"inLanguage":"es","potentialAction":[{"@type":"ReadAction","target":["http:\/\/cuartetoenlaweb.com.ar\/sitio\/no-dan-las-fechas-confirmaron-el-dia-exacto-que-marcelo-tinelli-se-separo-de-milett-figueroa-y-es-un-escandalo\/"]}]},{"@type":"ImageObject","inLanguage":"es","@id":"http:\/\/cuartetoenlaweb.com.ar\/sitio\/no-dan-las-fechas-confirmaron-el-dia-exacto-que-marcelo-tinelli-se-separo-de-milett-figueroa-y-es-un-escandalo\/#primaryimage","url":"http:\/\/cuartetoenlaweb.com.ar\/sitio\/wp-content\/uploads\/2026\/04\/Yanina-Latorre-Pampita-359x226-1.jpg","contentUrl":"http:\/\/cuartetoenlaweb.com.ar\/sitio\/wp-content\/uploads\/2026\/04\/Yanina-Latorre-Pampita-359x226-1.jpg","width":359,"height":226},{"@type":"BreadcrumbList","@id":"http:\/\/cuartetoenlaweb.com.ar\/sitio\/no-dan-las-fechas-confirmaron-el-dia-exacto-que-marcelo-tinelli-se-separo-de-milett-figueroa-y-es-un-escandalo\/#breadcrumb","itemListElement":[{"@type":"ListItem","position":1,"name":"Portada","item":"http:\/\/cuartetoenlaweb.com.ar\/sitio\/"},{"@type":"ListItem","position":2,"name":"\u00a1No dan las fechas! Confirmaron el d\u00eda exacto que Marcelo Tinelli se separ\u00f3 de Milett Figueroa y es un esc\u00e1ndalo"}]},{"@type":"WebSite","@id":"http:\/\/cuartetoenlaweb.com.ar\/sitio\/#website","url":"http:\/\/cuartetoenlaweb.com.ar\/sitio\/","name":"Cuarteto en la Web","description":"","publisher":{"@id":"http:\/\/cuartetoenlaweb.com.ar\/sitio\/#organization"},"potentialAction":[{"@type":"SearchAction","target":{"@type":"EntryPoint","urlTemplate":"http:\/\/cuartetoenlaweb.com.ar\/sitio\/?s={search_term_string}"},"query-input":{"@type":"PropertyValueSpecification","valueRequired":true,"valueName":"search_term_string"}}],"inLanguage":"es"},{"@type":"Organization","@id":"http:\/\/cuartetoenlaweb.com.ar\/sitio\/#organization","name":"Cuarteto en la Web","url":"http:\/\/cuartetoenlaweb.com.ar\/sitio\/","logo":{"@type":"ImageObject","inLanguage":"es","@id":"http:\/\/cuartetoenlaweb.com.ar\/sitio\/#\/schema\/logo\/image\/","url":"http:\/\/cuartetoenlaweb.com.ar\/sitio\/wp-content\/uploads\/2025\/07\/cropped-cropped-logitoweb21.png","contentUrl":"http:\/\/cuartetoenlaweb.com.ar\/sitio\/wp-content\/uploads\/2025\/07\/cropped-cropped-logitoweb21.png","width":199,"height":199,"caption":"Cuarteto en la Web"},"image":{"@id":"http:\/\/cuartetoenlaweb.com.ar\/sitio\/#\/schema\/logo\/image\/"}}]}},"_links":{"self":[{"href":"http:\/\/cuartetoenlaweb.com.ar\/sitio\/wp-json\/wp\/v2\/posts\/19172","targetHints":{"allow":["GET"]}}],"collection":[{"href":"http:\/\/cuartetoenlaweb.com.ar\/sitio\/wp-json\/wp\/v2\/posts"}],"about":[{"href":"http:\/\/cuartetoenlaweb.com.ar\/sitio\/wp-json\/wp\/v2\/types\/post"}],"replies":[{"embeddable":true,"href":"http:\/\/cuartetoenlaweb.com.ar\/sitio\/wp-json\/wp\/v2\/comments?post=19172"}],"version-history":[{"count":0,"href":"http:\/\/cuartetoenlaweb.com.ar\/sitio\/wp-json\/wp\/v2\/posts\/19172\/revisions"}],"wp:featuredmedia":[{"embeddable":true,"href":"http:\/\/cuartetoenlaweb.com.ar\/sitio\/wp-json\/wp\/v2\/media\/19173"}],"wp:attachment":[{"href":"http:\/\/cuartetoenlaweb.com.ar\/sitio\/wp-json\/wp\/v2\/media?parent=19172"}],"wp:term":[{"taxonomy":"category","embeddable":true,"href":"http:\/\/cuartetoenlaweb.com.ar\/sitio\/wp-json\/wp\/v2\/categories?post=19172"},{"taxonomy":"post_tag","embeddable":true,"href":"http:\/\/cuartetoenlaweb.com.ar\/sitio\/wp-json\/wp\/v2\/tags?post=19172"}],"curies":[{"name":"wp","href":"https:\/\/api.w.org\/{rel}","templated":true}]}}