
{"id":19162,"date":"2026-04-28T03:00:23","date_gmt":"2026-04-28T06:00:23","guid":{"rendered":"https:\/\/cuartetoenlaweb.com.ar\/sitio\/las-obras-viales-de-vaqueros-envueltas-por-la-grieta-politica\/"},"modified":"2026-04-28T03:00:23","modified_gmt":"2026-04-28T06:00:23","slug":"las-obras-viales-de-vaqueros-envueltas-por-la-grieta-politica","status":"publish","type":"post","link":"http:\/\/cuartetoenlaweb.com.ar\/sitio\/las-obras-viales-de-vaqueros-envueltas-por-la-grieta-politica\/","title":{"rendered":"Las obras viales de Vaqueros, envueltas por la grieta pol\u00edtica"},"content":{"rendered":"<p>Tras a\u00f1os de gestiones, anuncios, idas y vueltas, el pasado viernes 24 de abril se complet\u00f3 el izado de las vigas principales del primero de los dos nuevos puentes previstos como parte de la Autopista de Circunvalaci\u00f3n de Vaqueros, uno de los proyectos viales m\u00e1s relevantes del \u00e1rea metropolitana de Salta.<\/p>\n<p>Vecinos de los municipios del departamento La Caldera y decenas de miles de usuarios de la congestionada traves\u00eda urbana que tiene la ruta nacional 9 en Vaqueros han reclamado estas obras con insistencia en los \u00faltimos 15 a\u00f1os. Hartos de los embotellamientos y el caos vehicular que reina sobre la avenida San Mart\u00edn. Por d\u00e9cadas cruzaron los dedos para que una crecida no se lleve puesto al antiguo, estrecho y endeble puente que tiene como \u00fanica vinculaci\u00f3n con la capital desde 1913. Harta de esperar, la comunidad de Vaqueros interpuso hasta un amparo colectivo en marzo de 2025 para que la Justicia Federal ordene cumplir con los fondos nacionales comprometidos en la licitaci\u00f3n de 2021.<\/p>\n<p>Esa acci\u00f3n fue declarada abstracta meses atr\u00e1s, porque las obras se reactivaron en abril de 2025, por un convenio de Naci\u00f3n y Provincia que garantiz\u00f3 las transferencias de fondos para avanzar, de una vez, con los trabajos. Ese entendimiento fue gestionado por el gobernador Gustavo S\u00e1enz ante autoridades nacionales.<\/p>\n<p>Ayer, en Coronel Moldes, el mandatario salte\u00f1o remarc\u00f3: \u00abNo importa qui\u00e9n hizo las obras, son de los salte\u00f1os\u00bb. Y agreg\u00f3: \u00abSi alguien viene y dice &#8216;yo hice esta obra&#8217;, &#8216;la hizo el Gobierno nacional&#8217; o &#8216;la hizo el Gobierno provincial&#8217;, d\u00edganle que no importa qui\u00e9n la hizo. Hab\u00eda que hacerla\u00bb. Con esas palabras, el gobernador se sum\u00f3 a la pol\u00e9mica desatada en torno del proyecto de Vaqueros. El ruido que meti\u00f3 a la obra en una altisonante grieta pol\u00edtica empez\u00f3 el pasado jueves 23 de abril, cuando Emilia Orozco, senadora nacional de la Libertad Avanza, y Roque Cornejo, senador capitalino del bloque provincial libertario, se mostraron junto a autoridades de la Direcci\u00f3n Nacional de Vialidad (DNV) en el izado de las \u00faltimas vigas del primero de los dos nuevos puentes vehiculares proyectados sobre el r\u00edo Vaqueros.<\/p>\n<p>La senadora nacional puso all\u00ed el acento en el rol del gobierno de Javier Milei. \u00abHemos tomado la decisi\u00f3n de recorrer todas las obras que se est\u00e1n realizando en la provincia con fondos nacionales\u00bb, afirm\u00f3.<\/p>\n<p>En la misma l\u00ednea, Cornejo subray\u00f3: \u00abM\u00e1s de cuatro a\u00f1os tuvieron que esperar los salte\u00f1os para que en abril de 2025 empezaran las obras\u00bb. Tras esas declaraciones se viralizaron en las redes videos en los que otros referentes libertarios salieron a reafirmarlas.<\/p>\n<p><img decoding=\"async\" src=\"https:\/\/uscdn.eltribuno.com\/042026\/1777346405280\/0.jpg\" \/><\/p>\n<p>La reacci\u00f3n de arco justicialista y del espacio saencista Primero los Salte\u00f1os no tard\u00f3 en recalentar la discusi\u00f3n con \u00e1speros cuestionamientos en las redes y medios de prensa locales. \u00abHoy aparecen algunos colg\u00e1ndose del poncho y de la gesti\u00f3n de otros\u00bb, sostuvo la senadora nacional Flavia Roy\u00f3n, en referencia a lo que entendi\u00f3 como un oportunismo pol\u00edtico de los legisladores libertarios. Roy\u00f3n se\u00f1al\u00f3 que las obras de Vaqueros fueron licitadas en 2021 y -tras los incumplimientos de env\u00edos de fondos nacionales que malograron su avance en 2022- fueron reclamadas con gestiones que llev\u00f3 adelante ante autoridades nacionales el gobernador.<\/p>\n<p>Desde la Jefatura de Gabinete provincial, Sergio Camacho, agreg\u00f3: \u00abEs una obra nacional que se empez\u00f3 en 2022, se par\u00f3 y hoy la Provincia se est\u00e1 haciendo cargo para que no se detenga\u00bb.<\/p>\n<blockquote>\n<p><strong>22 mil millones de pesos es la valuaci\u00f3n actual estimada del proyecto de la Autopista de Circunvalaci\u00f3n de Vaqueros, una de las obras m\u00e1s  relevantes del \u00e1rea metropolitana de Salta.<\/strong><\/p>\n<\/blockquote>\n<p>Daniel Moreno, exjefe comunal de Vaqueros y actual senador del departamento La Caldera, fue m\u00e1s atr\u00e1s inclusive. \u00abEste proyecto no empez\u00f3 ahora. Se comenz\u00f3 a gestar en 2016 desde la Municipalidad de Vaqueros, cuando ni siquiera exist\u00eda La Libertad Avanza. Desde ese momento trabajamos con una idea clara: dar una soluci\u00f3n real a un problema hist\u00f3rico de conectividad y seguridad para miles de vecinos\u00bb, puntualiz\u00f3.<\/p>\n<p>Por su parte, la diputada Griselda Galleguillos, dispar\u00f3: \u00abEs mentira que esta obra fue gestionada por Orozco. Es fruto de la gesti\u00f3n provincial que insisti\u00f3 ante Naci\u00f3n. Gestionar no es sacarse una foto, es pelear por los recursos\u00bb.<\/p>\n<p>Orozco respondi\u00f3 sin bajar el tono: \u00ab\u00bfDesde cu\u00e1ndo hay que pedir permiso a los gobernadores para contar lo que hace el Gobierno nacional? Con muy poco los pusimos inc\u00f3modos\u00bb, ironiz\u00f3.<\/p><\/p>\n","protected":false},"excerpt":{"rendered":"<p>Tras a\u00f1os de gestiones, anuncios, idas y vueltas, el pasado<\/p>\n","protected":false},"author":0,"featured_media":19163,"comment_status":"","ping_status":"","sticky":false,"template":"","format":"standard","meta":{"footnotes":""},"categories":[65],"tags":[],"class_list":["post-19162","post","type-post","status-publish","format-standard","has-post-thumbnail","hentry","category-pais"],"yoast_head":"<!-- This site is optimized with the Yoast SEO plugin v27.5 - https:\/\/yoast.com\/product\/yoast-seo-wordpress\/ -->\n<title>Las obras viales de Vaqueros, envueltas por la grieta pol\u00edtica - Cuarteto en la Web<\/title>\n<meta name=\"robots\" content=\"index, follow, max-snippet:-1, max-image-preview:large, max-video-preview:-1\" \/>\n<link rel=\"canonical\" href=\"http:\/\/cuartetoenlaweb.com.ar\/sitio\/las-obras-viales-de-vaqueros-envueltas-por-la-grieta-politica\/\" \/>\n<meta property=\"og:locale\" content=\"es_ES\" \/>\n<meta property=\"og:type\" content=\"article\" \/>\n<meta property=\"og:title\" content=\"Las obras viales de Vaqueros, envueltas por la grieta pol\u00edtica - Cuarteto en la Web\" \/>\n<meta property=\"og:description\" content=\"Tras a\u00f1os de gestiones, anuncios, idas y vueltas, el pasado\" \/>\n<meta property=\"og:url\" content=\"http:\/\/cuartetoenlaweb.com.ar\/sitio\/las-obras-viales-de-vaqueros-envueltas-por-la-grieta-politica\/\" \/>\n<meta property=\"og:site_name\" content=\"Cuarteto en la Web\" \/>\n<meta property=\"article:published_time\" content=\"2026-04-28T06:00:23+00:00\" \/>\n<meta property=\"og:image\" content=\"http:\/\/cuartetoenlaweb.com.ar\/sitio\/wp-content\/uploads\/2026\/04\/0-4.jpg\" \/>\n\t<meta property=\"og:image:width\" content=\"800\" \/>\n\t<meta property=\"og:image:height\" content=\"450\" \/>\n\t<meta property=\"og:image:type\" content=\"image\/jpeg\" \/>\n<meta name=\"twitter:card\" content=\"summary_large_image\" \/>\n<meta name=\"twitter:label1\" content=\"Tiempo de lectura\" \/>\n\t<meta name=\"twitter:data1\" content=\"4 minutos\" \/>\n<script type=\"application\/ld+json\" class=\"yoast-schema-graph\">{\"@context\":\"https:\\\/\\\/schema.org\",\"@graph\":[{\"@type\":\"Article\",\"@id\":\"http:\\\/\\\/cuartetoenlaweb.com.ar\\\/sitio\\\/las-obras-viales-de-vaqueros-envueltas-por-la-grieta-politica\\\/#article\",\"isPartOf\":{\"@id\":\"http:\\\/\\\/cuartetoenlaweb.com.ar\\\/sitio\\\/las-obras-viales-de-vaqueros-envueltas-por-la-grieta-politica\\\/\"},\"author\":{\"name\":\"\",\"@id\":\"\"},\"headline\":\"Las obras viales de Vaqueros, envueltas por la grieta pol\u00edtica\",\"datePublished\":\"2026-04-28T06:00:23+00:00\",\"mainEntityOfPage\":{\"@id\":\"http:\\\/\\\/cuartetoenlaweb.com.ar\\\/sitio\\\/las-obras-viales-de-vaqueros-envueltas-por-la-grieta-politica\\\/\"},\"wordCount\":772,\"publisher\":{\"@id\":\"http:\\\/\\\/cuartetoenlaweb.com.ar\\\/sitio\\\/#organization\"},\"image\":{\"@id\":\"http:\\\/\\\/cuartetoenlaweb.com.ar\\\/sitio\\\/las-obras-viales-de-vaqueros-envueltas-por-la-grieta-politica\\\/#primaryimage\"},\"thumbnailUrl\":\"http:\\\/\\\/cuartetoenlaweb.com.ar\\\/sitio\\\/wp-content\\\/uploads\\\/2026\\\/04\\\/0-4.jpg\",\"articleSection\":[\"PAIS\"],\"inLanguage\":\"es\"},{\"@type\":\"WebPage\",\"@id\":\"http:\\\/\\\/cuartetoenlaweb.com.ar\\\/sitio\\\/las-obras-viales-de-vaqueros-envueltas-por-la-grieta-politica\\\/\",\"url\":\"http:\\\/\\\/cuartetoenlaweb.com.ar\\\/sitio\\\/las-obras-viales-de-vaqueros-envueltas-por-la-grieta-politica\\\/\",\"name\":\"Las obras viales de Vaqueros, envueltas por la grieta pol\u00edtica - Cuarteto en la Web\",\"isPartOf\":{\"@id\":\"http:\\\/\\\/cuartetoenlaweb.com.ar\\\/sitio\\\/#website\"},\"primaryImageOfPage\":{\"@id\":\"http:\\\/\\\/cuartetoenlaweb.com.ar\\\/sitio\\\/las-obras-viales-de-vaqueros-envueltas-por-la-grieta-politica\\\/#primaryimage\"},\"image\":{\"@id\":\"http:\\\/\\\/cuartetoenlaweb.com.ar\\\/sitio\\\/las-obras-viales-de-vaqueros-envueltas-por-la-grieta-politica\\\/#primaryimage\"},\"thumbnailUrl\":\"http:\\\/\\\/cuartetoenlaweb.com.ar\\\/sitio\\\/wp-content\\\/uploads\\\/2026\\\/04\\\/0-4.jpg\",\"datePublished\":\"2026-04-28T06:00:23+00:00\",\"breadcrumb\":{\"@id\":\"http:\\\/\\\/cuartetoenlaweb.com.ar\\\/sitio\\\/las-obras-viales-de-vaqueros-envueltas-por-la-grieta-politica\\\/#breadcrumb\"},\"inLanguage\":\"es\",\"potentialAction\":[{\"@type\":\"ReadAction\",\"target\":[\"http:\\\/\\\/cuartetoenlaweb.com.ar\\\/sitio\\\/las-obras-viales-de-vaqueros-envueltas-por-la-grieta-politica\\\/\"]}]},{\"@type\":\"ImageObject\",\"inLanguage\":\"es\",\"@id\":\"http:\\\/\\\/cuartetoenlaweb.com.ar\\\/sitio\\\/las-obras-viales-de-vaqueros-envueltas-por-la-grieta-politica\\\/#primaryimage\",\"url\":\"http:\\\/\\\/cuartetoenlaweb.com.ar\\\/sitio\\\/wp-content\\\/uploads\\\/2026\\\/04\\\/0-4.jpg\",\"contentUrl\":\"http:\\\/\\\/cuartetoenlaweb.com.ar\\\/sitio\\\/wp-content\\\/uploads\\\/2026\\\/04\\\/0-4.jpg\",\"width\":800,\"height\":450},{\"@type\":\"BreadcrumbList\",\"@id\":\"http:\\\/\\\/cuartetoenlaweb.com.ar\\\/sitio\\\/las-obras-viales-de-vaqueros-envueltas-por-la-grieta-politica\\\/#breadcrumb\",\"itemListElement\":[{\"@type\":\"ListItem\",\"position\":1,\"name\":\"Portada\",\"item\":\"http:\\\/\\\/cuartetoenlaweb.com.ar\\\/sitio\\\/\"},{\"@type\":\"ListItem\",\"position\":2,\"name\":\"Las obras viales de Vaqueros, envueltas por la grieta pol\u00edtica\"}]},{\"@type\":\"WebSite\",\"@id\":\"http:\\\/\\\/cuartetoenlaweb.com.ar\\\/sitio\\\/#website\",\"url\":\"http:\\\/\\\/cuartetoenlaweb.com.ar\\\/sitio\\\/\",\"name\":\"Cuarteto en la Web\",\"description\":\"\",\"publisher\":{\"@id\":\"http:\\\/\\\/cuartetoenlaweb.com.ar\\\/sitio\\\/#organization\"},\"potentialAction\":[{\"@type\":\"SearchAction\",\"target\":{\"@type\":\"EntryPoint\",\"urlTemplate\":\"http:\\\/\\\/cuartetoenlaweb.com.ar\\\/sitio\\\/?s={search_term_string}\"},\"query-input\":{\"@type\":\"PropertyValueSpecification\",\"valueRequired\":true,\"valueName\":\"search_term_string\"}}],\"inLanguage\":\"es\"},{\"@type\":\"Organization\",\"@id\":\"http:\\\/\\\/cuartetoenlaweb.com.ar\\\/sitio\\\/#organization\",\"name\":\"Cuarteto en la Web\",\"url\":\"http:\\\/\\\/cuartetoenlaweb.com.ar\\\/sitio\\\/\",\"logo\":{\"@type\":\"ImageObject\",\"inLanguage\":\"es\",\"@id\":\"http:\\\/\\\/cuartetoenlaweb.com.ar\\\/sitio\\\/#\\\/schema\\\/logo\\\/image\\\/\",\"url\":\"http:\\\/\\\/cuartetoenlaweb.com.ar\\\/sitio\\\/wp-content\\\/uploads\\\/2025\\\/07\\\/cropped-cropped-logitoweb21.png\",\"contentUrl\":\"http:\\\/\\\/cuartetoenlaweb.com.ar\\\/sitio\\\/wp-content\\\/uploads\\\/2025\\\/07\\\/cropped-cropped-logitoweb21.png\",\"width\":199,\"height\":199,\"caption\":\"Cuarteto en la Web\"},\"image\":{\"@id\":\"http:\\\/\\\/cuartetoenlaweb.com.ar\\\/sitio\\\/#\\\/schema\\\/logo\\\/image\\\/\"}}]}<\/script>\n<!-- \/ Yoast SEO plugin. -->","yoast_head_json":{"title":"Las obras viales de Vaqueros, envueltas por la grieta pol\u00edtica - Cuarteto en la Web","robots":{"index":"index","follow":"follow","max-snippet":"max-snippet:-1","max-image-preview":"max-image-preview:large","max-video-preview":"max-video-preview:-1"},"canonical":"http:\/\/cuartetoenlaweb.com.ar\/sitio\/las-obras-viales-de-vaqueros-envueltas-por-la-grieta-politica\/","og_locale":"es_ES","og_type":"article","og_title":"Las obras viales de Vaqueros, envueltas por la grieta pol\u00edtica - Cuarteto en la Web","og_description":"Tras a\u00f1os de gestiones, anuncios, idas y vueltas, el pasado","og_url":"http:\/\/cuartetoenlaweb.com.ar\/sitio\/las-obras-viales-de-vaqueros-envueltas-por-la-grieta-politica\/","og_site_name":"Cuarteto en la Web","article_published_time":"2026-04-28T06:00:23+00:00","og_image":[{"width":800,"height":450,"url":"http:\/\/cuartetoenlaweb.com.ar\/sitio\/wp-content\/uploads\/2026\/04\/0-4.jpg","type":"image\/jpeg"}],"twitter_card":"summary_large_image","twitter_misc":{"Tiempo de lectura":"4 minutos"},"schema":{"@context":"https:\/\/schema.org","@graph":[{"@type":"Article","@id":"http:\/\/cuartetoenlaweb.com.ar\/sitio\/las-obras-viales-de-vaqueros-envueltas-por-la-grieta-politica\/#article","isPartOf":{"@id":"http:\/\/cuartetoenlaweb.com.ar\/sitio\/las-obras-viales-de-vaqueros-envueltas-por-la-grieta-politica\/"},"author":{"name":"","@id":""},"headline":"Las obras viales de Vaqueros, envueltas por la grieta pol\u00edtica","datePublished":"2026-04-28T06:00:23+00:00","mainEntityOfPage":{"@id":"http:\/\/cuartetoenlaweb.com.ar\/sitio\/las-obras-viales-de-vaqueros-envueltas-por-la-grieta-politica\/"},"wordCount":772,"publisher":{"@id":"http:\/\/cuartetoenlaweb.com.ar\/sitio\/#organization"},"image":{"@id":"http:\/\/cuartetoenlaweb.com.ar\/sitio\/las-obras-viales-de-vaqueros-envueltas-por-la-grieta-politica\/#primaryimage"},"thumbnailUrl":"http:\/\/cuartetoenlaweb.com.ar\/sitio\/wp-content\/uploads\/2026\/04\/0-4.jpg","articleSection":["PAIS"],"inLanguage":"es"},{"@type":"WebPage","@id":"http:\/\/cuartetoenlaweb.com.ar\/sitio\/las-obras-viales-de-vaqueros-envueltas-por-la-grieta-politica\/","url":"http:\/\/cuartetoenlaweb.com.ar\/sitio\/las-obras-viales-de-vaqueros-envueltas-por-la-grieta-politica\/","name":"Las obras viales de Vaqueros, envueltas por la grieta pol\u00edtica - Cuarteto en la Web","isPartOf":{"@id":"http:\/\/cuartetoenlaweb.com.ar\/sitio\/#website"},"primaryImageOfPage":{"@id":"http:\/\/cuartetoenlaweb.com.ar\/sitio\/las-obras-viales-de-vaqueros-envueltas-por-la-grieta-politica\/#primaryimage"},"image":{"@id":"http:\/\/cuartetoenlaweb.com.ar\/sitio\/las-obras-viales-de-vaqueros-envueltas-por-la-grieta-politica\/#primaryimage"},"thumbnailUrl":"http:\/\/cuartetoenlaweb.com.ar\/sitio\/wp-content\/uploads\/2026\/04\/0-4.jpg","datePublished":"2026-04-28T06:00:23+00:00","breadcrumb":{"@id":"http:\/\/cuartetoenlaweb.com.ar\/sitio\/las-obras-viales-de-vaqueros-envueltas-por-la-grieta-politica\/#breadcrumb"},"inLanguage":"es","potentialAction":[{"@type":"ReadAction","target":["http:\/\/cuartetoenlaweb.com.ar\/sitio\/las-obras-viales-de-vaqueros-envueltas-por-la-grieta-politica\/"]}]},{"@type":"ImageObject","inLanguage":"es","@id":"http:\/\/cuartetoenlaweb.com.ar\/sitio\/las-obras-viales-de-vaqueros-envueltas-por-la-grieta-politica\/#primaryimage","url":"http:\/\/cuartetoenlaweb.com.ar\/sitio\/wp-content\/uploads\/2026\/04\/0-4.jpg","contentUrl":"http:\/\/cuartetoenlaweb.com.ar\/sitio\/wp-content\/uploads\/2026\/04\/0-4.jpg","width":800,"height":450},{"@type":"BreadcrumbList","@id":"http:\/\/cuartetoenlaweb.com.ar\/sitio\/las-obras-viales-de-vaqueros-envueltas-por-la-grieta-politica\/#breadcrumb","itemListElement":[{"@type":"ListItem","position":1,"name":"Portada","item":"http:\/\/cuartetoenlaweb.com.ar\/sitio\/"},{"@type":"ListItem","position":2,"name":"Las obras viales de Vaqueros, envueltas por la grieta pol\u00edtica"}]},{"@type":"WebSite","@id":"http:\/\/cuartetoenlaweb.com.ar\/sitio\/#website","url":"http:\/\/cuartetoenlaweb.com.ar\/sitio\/","name":"Cuarteto en la Web","description":"","publisher":{"@id":"http:\/\/cuartetoenlaweb.com.ar\/sitio\/#organization"},"potentialAction":[{"@type":"SearchAction","target":{"@type":"EntryPoint","urlTemplate":"http:\/\/cuartetoenlaweb.com.ar\/sitio\/?s={search_term_string}"},"query-input":{"@type":"PropertyValueSpecification","valueRequired":true,"valueName":"search_term_string"}}],"inLanguage":"es"},{"@type":"Organization","@id":"http:\/\/cuartetoenlaweb.com.ar\/sitio\/#organization","name":"Cuarteto en la Web","url":"http:\/\/cuartetoenlaweb.com.ar\/sitio\/","logo":{"@type":"ImageObject","inLanguage":"es","@id":"http:\/\/cuartetoenlaweb.com.ar\/sitio\/#\/schema\/logo\/image\/","url":"http:\/\/cuartetoenlaweb.com.ar\/sitio\/wp-content\/uploads\/2025\/07\/cropped-cropped-logitoweb21.png","contentUrl":"http:\/\/cuartetoenlaweb.com.ar\/sitio\/wp-content\/uploads\/2025\/07\/cropped-cropped-logitoweb21.png","width":199,"height":199,"caption":"Cuarteto en la Web"},"image":{"@id":"http:\/\/cuartetoenlaweb.com.ar\/sitio\/#\/schema\/logo\/image\/"}}]}},"_links":{"self":[{"href":"http:\/\/cuartetoenlaweb.com.ar\/sitio\/wp-json\/wp\/v2\/posts\/19162","targetHints":{"allow":["GET"]}}],"collection":[{"href":"http:\/\/cuartetoenlaweb.com.ar\/sitio\/wp-json\/wp\/v2\/posts"}],"about":[{"href":"http:\/\/cuartetoenlaweb.com.ar\/sitio\/wp-json\/wp\/v2\/types\/post"}],"replies":[{"embeddable":true,"href":"http:\/\/cuartetoenlaweb.com.ar\/sitio\/wp-json\/wp\/v2\/comments?post=19162"}],"version-history":[{"count":0,"href":"http:\/\/cuartetoenlaweb.com.ar\/sitio\/wp-json\/wp\/v2\/posts\/19162\/revisions"}],"wp:featuredmedia":[{"embeddable":true,"href":"http:\/\/cuartetoenlaweb.com.ar\/sitio\/wp-json\/wp\/v2\/media\/19163"}],"wp:attachment":[{"href":"http:\/\/cuartetoenlaweb.com.ar\/sitio\/wp-json\/wp\/v2\/media?parent=19162"}],"wp:term":[{"taxonomy":"category","embeddable":true,"href":"http:\/\/cuartetoenlaweb.com.ar\/sitio\/wp-json\/wp\/v2\/categories?post=19162"},{"taxonomy":"post_tag","embeddable":true,"href":"http:\/\/cuartetoenlaweb.com.ar\/sitio\/wp-json\/wp\/v2\/tags?post=19162"}],"curies":[{"name":"wp","href":"https:\/\/api.w.org\/{rel}","templated":true}]}}