
{"id":19156,"date":"2026-04-28T03:00:13","date_gmt":"2026-04-28T06:00:13","guid":{"rendered":"https:\/\/cuartetoenlaweb.com.ar\/sitio\/puja-por-la-reforma-laboral-la-cgt-recuso-a-los-jueces-que-repusieron-la-ley\/"},"modified":"2026-04-28T03:00:13","modified_gmt":"2026-04-28T06:00:13","slug":"puja-por-la-reforma-laboral-la-cgt-recuso-a-los-jueces-que-repusieron-la-ley","status":"publish","type":"post","link":"http:\/\/cuartetoenlaweb.com.ar\/sitio\/puja-por-la-reforma-laboral-la-cgt-recuso-a-los-jueces-que-repusieron-la-ley\/","title":{"rendered":"Puja por la reforma laboral: la CGT recus\u00f3 a los jueces que repusieron la ley"},"content":{"rendered":"<p>La Confederaci\u00f3n General del Trabajo (CGT) recus\u00f3 ayer a los dos miembros de la C\u00e1mara Nacional de Apelaciones del Trabajo que rechazaron y dejaron sin efecto una cautelar contra la reforma laboral y pidi\u00f3 la \u00abnulidad absoluta\u00bb de ese fallo que reactiv\u00f3 la vigencia de la ley.<\/p>\n<p>La CGT recus\u00f3 \u00abcon causa\u00bb a los jueces V\u00edctor Arturo Pesino y Mar\u00eda Dora Gonz\u00e1lez, los dos integrantes de la Sala que dej\u00f3 sin efecto la cautelar favorable a la central sindical \u00abpor haber prejuzgado\u00bb sobre los derechos que constituyen la materia de fondo de la cautelar que suspendi\u00f3 82 art\u00edculos de la reforma laboral.<\/p>\n<p><strong>intercambio de favores<\/strong><\/p>\n<p>Recus\u00f3 a Pesino por \u00abfavorecer la posici\u00f3n de la demandada\u00bb, en alusi\u00f3n al Estado nacional, y, simult\u00e1neamente, ser favorecido con un pedido al Consejo de la Magistratura para que siga en el cargo m\u00e1s all\u00e1 de los 75 a\u00f1os, medida que fue publicada en el Bolet\u00edn Oficial.<\/p>\n<p>\u00abObtener un beneficio a todas luces may\u00fasculo como lo es continuar en el ejercicio de la funci\u00f3n judicial por 5 a\u00f1os, constituye no solo una conducta contraria a la \u00e9tica, sino tambi\u00e9n una causa objetiva de apartamiento de acuerdo a las reglas de la ley\u00bb, se indic\u00f3.<\/p>\n<p>El escrito legal se\u00f1ala que la conducta del Estado es \u00abdescalificable\u00bb al promover la continuidad en el cargo m\u00e1s all\u00e1 de los 75 a\u00f1os (tal como marca la Constituci\u00f3n Nacional reformada en 1994) \u00abde un magistrado que acaba de fallar a favor de la posici\u00f3n oficial\u00bb.<\/p>\n<p>\u00abEsta inconsecuencia, no es un desvar\u00edo de la autoridad, ni una raz\u00f3n sin fundamento, es la raz\u00f3n desprovista de moral, es asociar beneficios mutuos, mientras la sociedad (que abrigaba expectativas de imparcialidad) asiste, sin mediaciones, a la demolici\u00f3n de la divisi\u00f3n de poderes y la credibilidad en el Estado de Derecho\u00bb, expresa el texto legal.<\/p>\n<p>Para la CGT una contraprestaci\u00f3n semejante entre un juez y el Estado constituye \u00abun cuadro que averg\u00fcenza la tradici\u00f3n de la Justicia Nacional del Trabajo\u00bb.<\/p>\n<p>La CGT sostiene en su presentaci\u00f3n que el fallo de Pesino y Gonz\u00e1lez \u00abha sido dictado por jueces comprendidos en causas legales de recusaci\u00f3n, con clara ausencia de competencia para ello y sobre la base de evidentes y manifiestos yerros\u00bb.<\/p><\/p>\n","protected":false},"excerpt":{"rendered":"<p>La Confederaci\u00f3n General del Trabajo (CGT) recus\u00f3 ayer a los<\/p>\n","protected":false},"author":0,"featured_media":19157,"comment_status":"","ping_status":"","sticky":false,"template":"","format":"standard","meta":{"footnotes":""},"categories":[65],"tags":[],"class_list":["post-19156","post","type-post","status-publish","format-standard","has-post-thumbnail","hentry","category-pais"],"yoast_head":"<!-- This site is optimized with the Yoast SEO plugin v27.5 - https:\/\/yoast.com\/product\/yoast-seo-wordpress\/ -->\n<title>Puja por la reforma laboral: la CGT recus\u00f3 a los jueces que repusieron la ley - Cuarteto en la Web<\/title>\n<meta name=\"robots\" content=\"index, follow, max-snippet:-1, max-image-preview:large, max-video-preview:-1\" \/>\n<link rel=\"canonical\" href=\"http:\/\/cuartetoenlaweb.com.ar\/sitio\/puja-por-la-reforma-laboral-la-cgt-recuso-a-los-jueces-que-repusieron-la-ley\/\" \/>\n<meta property=\"og:locale\" content=\"es_ES\" \/>\n<meta property=\"og:type\" content=\"article\" \/>\n<meta property=\"og:title\" content=\"Puja por la reforma laboral: la CGT recus\u00f3 a los jueces que repusieron la ley - Cuarteto en la Web\" \/>\n<meta property=\"og:description\" content=\"La Confederaci\u00f3n General del Trabajo (CGT) recus\u00f3 ayer a los\" \/>\n<meta property=\"og:url\" content=\"http:\/\/cuartetoenlaweb.com.ar\/sitio\/puja-por-la-reforma-laboral-la-cgt-recuso-a-los-jueces-que-repusieron-la-ley\/\" \/>\n<meta property=\"og:site_name\" content=\"Cuarteto en la Web\" \/>\n<meta property=\"article:published_time\" content=\"2026-04-28T06:00:13+00:00\" \/>\n<meta property=\"og:image\" content=\"http:\/\/cuartetoenlaweb.com.ar\/sitio\/wp-content\/uploads\/2026\/04\/portadax-191.png\" \/>\n\t<meta property=\"og:image:width\" content=\"1366\" \/>\n\t<meta property=\"og:image:height\" content=\"768\" \/>\n\t<meta property=\"og:image:type\" content=\"image\/png\" \/>\n<meta name=\"twitter:card\" content=\"summary_large_image\" \/>\n<meta name=\"twitter:label1\" content=\"Tiempo de lectura\" \/>\n\t<meta name=\"twitter:data1\" content=\"2 minutos\" \/>\n<script type=\"application\/ld+json\" class=\"yoast-schema-graph\">{\"@context\":\"https:\\\/\\\/schema.org\",\"@graph\":[{\"@type\":\"Article\",\"@id\":\"http:\\\/\\\/cuartetoenlaweb.com.ar\\\/sitio\\\/puja-por-la-reforma-laboral-la-cgt-recuso-a-los-jueces-que-repusieron-la-ley\\\/#article\",\"isPartOf\":{\"@id\":\"http:\\\/\\\/cuartetoenlaweb.com.ar\\\/sitio\\\/puja-por-la-reforma-laboral-la-cgt-recuso-a-los-jueces-que-repusieron-la-ley\\\/\"},\"author\":{\"name\":\"\",\"@id\":\"\"},\"headline\":\"Puja por la reforma laboral: la CGT recus\u00f3 a los jueces que repusieron la ley\",\"datePublished\":\"2026-04-28T06:00:13+00:00\",\"mainEntityOfPage\":{\"@id\":\"http:\\\/\\\/cuartetoenlaweb.com.ar\\\/sitio\\\/puja-por-la-reforma-laboral-la-cgt-recuso-a-los-jueces-que-repusieron-la-ley\\\/\"},\"wordCount\":407,\"publisher\":{\"@id\":\"http:\\\/\\\/cuartetoenlaweb.com.ar\\\/sitio\\\/#organization\"},\"image\":{\"@id\":\"http:\\\/\\\/cuartetoenlaweb.com.ar\\\/sitio\\\/puja-por-la-reforma-laboral-la-cgt-recuso-a-los-jueces-que-repusieron-la-ley\\\/#primaryimage\"},\"thumbnailUrl\":\"http:\\\/\\\/cuartetoenlaweb.com.ar\\\/sitio\\\/wp-content\\\/uploads\\\/2026\\\/04\\\/portadax-191.png\",\"articleSection\":[\"PAIS\"],\"inLanguage\":\"es\"},{\"@type\":\"WebPage\",\"@id\":\"http:\\\/\\\/cuartetoenlaweb.com.ar\\\/sitio\\\/puja-por-la-reforma-laboral-la-cgt-recuso-a-los-jueces-que-repusieron-la-ley\\\/\",\"url\":\"http:\\\/\\\/cuartetoenlaweb.com.ar\\\/sitio\\\/puja-por-la-reforma-laboral-la-cgt-recuso-a-los-jueces-que-repusieron-la-ley\\\/\",\"name\":\"Puja por la reforma laboral: la CGT recus\u00f3 a los jueces que repusieron la ley - Cuarteto en la Web\",\"isPartOf\":{\"@id\":\"http:\\\/\\\/cuartetoenlaweb.com.ar\\\/sitio\\\/#website\"},\"primaryImageOfPage\":{\"@id\":\"http:\\\/\\\/cuartetoenlaweb.com.ar\\\/sitio\\\/puja-por-la-reforma-laboral-la-cgt-recuso-a-los-jueces-que-repusieron-la-ley\\\/#primaryimage\"},\"image\":{\"@id\":\"http:\\\/\\\/cuartetoenlaweb.com.ar\\\/sitio\\\/puja-por-la-reforma-laboral-la-cgt-recuso-a-los-jueces-que-repusieron-la-ley\\\/#primaryimage\"},\"thumbnailUrl\":\"http:\\\/\\\/cuartetoenlaweb.com.ar\\\/sitio\\\/wp-content\\\/uploads\\\/2026\\\/04\\\/portadax-191.png\",\"datePublished\":\"2026-04-28T06:00:13+00:00\",\"breadcrumb\":{\"@id\":\"http:\\\/\\\/cuartetoenlaweb.com.ar\\\/sitio\\\/puja-por-la-reforma-laboral-la-cgt-recuso-a-los-jueces-que-repusieron-la-ley\\\/#breadcrumb\"},\"inLanguage\":\"es\",\"potentialAction\":[{\"@type\":\"ReadAction\",\"target\":[\"http:\\\/\\\/cuartetoenlaweb.com.ar\\\/sitio\\\/puja-por-la-reforma-laboral-la-cgt-recuso-a-los-jueces-que-repusieron-la-ley\\\/\"]}]},{\"@type\":\"ImageObject\",\"inLanguage\":\"es\",\"@id\":\"http:\\\/\\\/cuartetoenlaweb.com.ar\\\/sitio\\\/puja-por-la-reforma-laboral-la-cgt-recuso-a-los-jueces-que-repusieron-la-ley\\\/#primaryimage\",\"url\":\"http:\\\/\\\/cuartetoenlaweb.com.ar\\\/sitio\\\/wp-content\\\/uploads\\\/2026\\\/04\\\/portadax-191.png\",\"contentUrl\":\"http:\\\/\\\/cuartetoenlaweb.com.ar\\\/sitio\\\/wp-content\\\/uploads\\\/2026\\\/04\\\/portadax-191.png\",\"width\":1366,\"height\":768},{\"@type\":\"BreadcrumbList\",\"@id\":\"http:\\\/\\\/cuartetoenlaweb.com.ar\\\/sitio\\\/puja-por-la-reforma-laboral-la-cgt-recuso-a-los-jueces-que-repusieron-la-ley\\\/#breadcrumb\",\"itemListElement\":[{\"@type\":\"ListItem\",\"position\":1,\"name\":\"Portada\",\"item\":\"http:\\\/\\\/cuartetoenlaweb.com.ar\\\/sitio\\\/\"},{\"@type\":\"ListItem\",\"position\":2,\"name\":\"Puja por la reforma laboral: la CGT recus\u00f3 a los jueces que repusieron la ley\"}]},{\"@type\":\"WebSite\",\"@id\":\"http:\\\/\\\/cuartetoenlaweb.com.ar\\\/sitio\\\/#website\",\"url\":\"http:\\\/\\\/cuartetoenlaweb.com.ar\\\/sitio\\\/\",\"name\":\"Cuarteto en la Web\",\"description\":\"\",\"publisher\":{\"@id\":\"http:\\\/\\\/cuartetoenlaweb.com.ar\\\/sitio\\\/#organization\"},\"potentialAction\":[{\"@type\":\"SearchAction\",\"target\":{\"@type\":\"EntryPoint\",\"urlTemplate\":\"http:\\\/\\\/cuartetoenlaweb.com.ar\\\/sitio\\\/?s={search_term_string}\"},\"query-input\":{\"@type\":\"PropertyValueSpecification\",\"valueRequired\":true,\"valueName\":\"search_term_string\"}}],\"inLanguage\":\"es\"},{\"@type\":\"Organization\",\"@id\":\"http:\\\/\\\/cuartetoenlaweb.com.ar\\\/sitio\\\/#organization\",\"name\":\"Cuarteto en la Web\",\"url\":\"http:\\\/\\\/cuartetoenlaweb.com.ar\\\/sitio\\\/\",\"logo\":{\"@type\":\"ImageObject\",\"inLanguage\":\"es\",\"@id\":\"http:\\\/\\\/cuartetoenlaweb.com.ar\\\/sitio\\\/#\\\/schema\\\/logo\\\/image\\\/\",\"url\":\"http:\\\/\\\/cuartetoenlaweb.com.ar\\\/sitio\\\/wp-content\\\/uploads\\\/2025\\\/07\\\/cropped-cropped-logitoweb21.png\",\"contentUrl\":\"http:\\\/\\\/cuartetoenlaweb.com.ar\\\/sitio\\\/wp-content\\\/uploads\\\/2025\\\/07\\\/cropped-cropped-logitoweb21.png\",\"width\":199,\"height\":199,\"caption\":\"Cuarteto en la Web\"},\"image\":{\"@id\":\"http:\\\/\\\/cuartetoenlaweb.com.ar\\\/sitio\\\/#\\\/schema\\\/logo\\\/image\\\/\"}}]}<\/script>\n<!-- \/ Yoast SEO plugin. -->","yoast_head_json":{"title":"Puja por la reforma laboral: la CGT recus\u00f3 a los jueces que repusieron la ley - Cuarteto en la Web","robots":{"index":"index","follow":"follow","max-snippet":"max-snippet:-1","max-image-preview":"max-image-preview:large","max-video-preview":"max-video-preview:-1"},"canonical":"http:\/\/cuartetoenlaweb.com.ar\/sitio\/puja-por-la-reforma-laboral-la-cgt-recuso-a-los-jueces-que-repusieron-la-ley\/","og_locale":"es_ES","og_type":"article","og_title":"Puja por la reforma laboral: la CGT recus\u00f3 a los jueces que repusieron la ley - Cuarteto en la Web","og_description":"La Confederaci\u00f3n General del Trabajo (CGT) recus\u00f3 ayer a los","og_url":"http:\/\/cuartetoenlaweb.com.ar\/sitio\/puja-por-la-reforma-laboral-la-cgt-recuso-a-los-jueces-que-repusieron-la-ley\/","og_site_name":"Cuarteto en la Web","article_published_time":"2026-04-28T06:00:13+00:00","og_image":[{"width":1366,"height":768,"url":"http:\/\/cuartetoenlaweb.com.ar\/sitio\/wp-content\/uploads\/2026\/04\/portadax-191.png","type":"image\/png"}],"twitter_card":"summary_large_image","twitter_misc":{"Tiempo de lectura":"2 minutos"},"schema":{"@context":"https:\/\/schema.org","@graph":[{"@type":"Article","@id":"http:\/\/cuartetoenlaweb.com.ar\/sitio\/puja-por-la-reforma-laboral-la-cgt-recuso-a-los-jueces-que-repusieron-la-ley\/#article","isPartOf":{"@id":"http:\/\/cuartetoenlaweb.com.ar\/sitio\/puja-por-la-reforma-laboral-la-cgt-recuso-a-los-jueces-que-repusieron-la-ley\/"},"author":{"name":"","@id":""},"headline":"Puja por la reforma laboral: la CGT recus\u00f3 a los jueces que repusieron la ley","datePublished":"2026-04-28T06:00:13+00:00","mainEntityOfPage":{"@id":"http:\/\/cuartetoenlaweb.com.ar\/sitio\/puja-por-la-reforma-laboral-la-cgt-recuso-a-los-jueces-que-repusieron-la-ley\/"},"wordCount":407,"publisher":{"@id":"http:\/\/cuartetoenlaweb.com.ar\/sitio\/#organization"},"image":{"@id":"http:\/\/cuartetoenlaweb.com.ar\/sitio\/puja-por-la-reforma-laboral-la-cgt-recuso-a-los-jueces-que-repusieron-la-ley\/#primaryimage"},"thumbnailUrl":"http:\/\/cuartetoenlaweb.com.ar\/sitio\/wp-content\/uploads\/2026\/04\/portadax-191.png","articleSection":["PAIS"],"inLanguage":"es"},{"@type":"WebPage","@id":"http:\/\/cuartetoenlaweb.com.ar\/sitio\/puja-por-la-reforma-laboral-la-cgt-recuso-a-los-jueces-que-repusieron-la-ley\/","url":"http:\/\/cuartetoenlaweb.com.ar\/sitio\/puja-por-la-reforma-laboral-la-cgt-recuso-a-los-jueces-que-repusieron-la-ley\/","name":"Puja por la reforma laboral: la CGT recus\u00f3 a los jueces que repusieron la ley - Cuarteto en la Web","isPartOf":{"@id":"http:\/\/cuartetoenlaweb.com.ar\/sitio\/#website"},"primaryImageOfPage":{"@id":"http:\/\/cuartetoenlaweb.com.ar\/sitio\/puja-por-la-reforma-laboral-la-cgt-recuso-a-los-jueces-que-repusieron-la-ley\/#primaryimage"},"image":{"@id":"http:\/\/cuartetoenlaweb.com.ar\/sitio\/puja-por-la-reforma-laboral-la-cgt-recuso-a-los-jueces-que-repusieron-la-ley\/#primaryimage"},"thumbnailUrl":"http:\/\/cuartetoenlaweb.com.ar\/sitio\/wp-content\/uploads\/2026\/04\/portadax-191.png","datePublished":"2026-04-28T06:00:13+00:00","breadcrumb":{"@id":"http:\/\/cuartetoenlaweb.com.ar\/sitio\/puja-por-la-reforma-laboral-la-cgt-recuso-a-los-jueces-que-repusieron-la-ley\/#breadcrumb"},"inLanguage":"es","potentialAction":[{"@type":"ReadAction","target":["http:\/\/cuartetoenlaweb.com.ar\/sitio\/puja-por-la-reforma-laboral-la-cgt-recuso-a-los-jueces-que-repusieron-la-ley\/"]}]},{"@type":"ImageObject","inLanguage":"es","@id":"http:\/\/cuartetoenlaweb.com.ar\/sitio\/puja-por-la-reforma-laboral-la-cgt-recuso-a-los-jueces-que-repusieron-la-ley\/#primaryimage","url":"http:\/\/cuartetoenlaweb.com.ar\/sitio\/wp-content\/uploads\/2026\/04\/portadax-191.png","contentUrl":"http:\/\/cuartetoenlaweb.com.ar\/sitio\/wp-content\/uploads\/2026\/04\/portadax-191.png","width":1366,"height":768},{"@type":"BreadcrumbList","@id":"http:\/\/cuartetoenlaweb.com.ar\/sitio\/puja-por-la-reforma-laboral-la-cgt-recuso-a-los-jueces-que-repusieron-la-ley\/#breadcrumb","itemListElement":[{"@type":"ListItem","position":1,"name":"Portada","item":"http:\/\/cuartetoenlaweb.com.ar\/sitio\/"},{"@type":"ListItem","position":2,"name":"Puja por la reforma laboral: la CGT recus\u00f3 a los jueces que repusieron la ley"}]},{"@type":"WebSite","@id":"http:\/\/cuartetoenlaweb.com.ar\/sitio\/#website","url":"http:\/\/cuartetoenlaweb.com.ar\/sitio\/","name":"Cuarteto en la Web","description":"","publisher":{"@id":"http:\/\/cuartetoenlaweb.com.ar\/sitio\/#organization"},"potentialAction":[{"@type":"SearchAction","target":{"@type":"EntryPoint","urlTemplate":"http:\/\/cuartetoenlaweb.com.ar\/sitio\/?s={search_term_string}"},"query-input":{"@type":"PropertyValueSpecification","valueRequired":true,"valueName":"search_term_string"}}],"inLanguage":"es"},{"@type":"Organization","@id":"http:\/\/cuartetoenlaweb.com.ar\/sitio\/#organization","name":"Cuarteto en la Web","url":"http:\/\/cuartetoenlaweb.com.ar\/sitio\/","logo":{"@type":"ImageObject","inLanguage":"es","@id":"http:\/\/cuartetoenlaweb.com.ar\/sitio\/#\/schema\/logo\/image\/","url":"http:\/\/cuartetoenlaweb.com.ar\/sitio\/wp-content\/uploads\/2025\/07\/cropped-cropped-logitoweb21.png","contentUrl":"http:\/\/cuartetoenlaweb.com.ar\/sitio\/wp-content\/uploads\/2025\/07\/cropped-cropped-logitoweb21.png","width":199,"height":199,"caption":"Cuarteto en la Web"},"image":{"@id":"http:\/\/cuartetoenlaweb.com.ar\/sitio\/#\/schema\/logo\/image\/"}}]}},"_links":{"self":[{"href":"http:\/\/cuartetoenlaweb.com.ar\/sitio\/wp-json\/wp\/v2\/posts\/19156","targetHints":{"allow":["GET"]}}],"collection":[{"href":"http:\/\/cuartetoenlaweb.com.ar\/sitio\/wp-json\/wp\/v2\/posts"}],"about":[{"href":"http:\/\/cuartetoenlaweb.com.ar\/sitio\/wp-json\/wp\/v2\/types\/post"}],"replies":[{"embeddable":true,"href":"http:\/\/cuartetoenlaweb.com.ar\/sitio\/wp-json\/wp\/v2\/comments?post=19156"}],"version-history":[{"count":0,"href":"http:\/\/cuartetoenlaweb.com.ar\/sitio\/wp-json\/wp\/v2\/posts\/19156\/revisions"}],"wp:featuredmedia":[{"embeddable":true,"href":"http:\/\/cuartetoenlaweb.com.ar\/sitio\/wp-json\/wp\/v2\/media\/19157"}],"wp:attachment":[{"href":"http:\/\/cuartetoenlaweb.com.ar\/sitio\/wp-json\/wp\/v2\/media?parent=19156"}],"wp:term":[{"taxonomy":"category","embeddable":true,"href":"http:\/\/cuartetoenlaweb.com.ar\/sitio\/wp-json\/wp\/v2\/categories?post=19156"},{"taxonomy":"post_tag","embeddable":true,"href":"http:\/\/cuartetoenlaweb.com.ar\/sitio\/wp-json\/wp\/v2\/tags?post=19156"}],"curies":[{"name":"wp","href":"https:\/\/api.w.org\/{rel}","templated":true}]}}