
{"id":19152,"date":"2026-04-28T03:00:07","date_gmt":"2026-04-28T06:00:07","guid":{"rendered":"https:\/\/cuartetoenlaweb.com.ar\/sitio\/el-hijo-de-zidane-sufrio-una-fractura-y-se-perderia-el-debut-del-mundial-ante-argentina\/"},"modified":"2026-04-28T03:00:07","modified_gmt":"2026-04-28T06:00:07","slug":"el-hijo-de-zidane-sufrio-una-fractura-y-se-perderia-el-debut-del-mundial-ante-argentina","status":"publish","type":"post","link":"http:\/\/cuartetoenlaweb.com.ar\/sitio\/el-hijo-de-zidane-sufrio-una-fractura-y-se-perderia-el-debut-del-mundial-ante-argentina\/","title":{"rendered":"El hijo de Zidane sufri\u00f3 una fractura y se perder\u00eda el debut del Mundial ante Argentina"},"content":{"rendered":"<p><img decoding=\"async\" src=\"https:\/\/alpha-assets.tadevel-cdn.com\/69f006977825f8815366fa0f\/720.jpeg\" \/><\/p>\n<p>Buenos Aires, 27 Abril (NA) \u2014 El arquero Luca Zidane, hijo del hist\u00f3rico Zinedine Zidane, sufri\u00f3 una dura lesi\u00f3n en Espa\u00f1a y podr\u00eda quedar descartado para el debut de Argelia ante la Selecci\u00f3n argentina en el Mundial 2026.<\/p>\n<p>El guardameta del Granada padeci\u00f3 una conmoci\u00f3n cerebral y una fractura de mand\u00edbula y ment\u00f3n durante la derrota de su equipo frente al Almer\u00eda, luego de un choque con el brasile\u00f1o Thalys, situaci\u00f3n que oblig\u00f3 a trasladarlo a un centro m\u00e9dico tras el partido.<\/p>\n<p>Seg\u00fan inform\u00f3 el club espa\u00f1ol, los estudios m\u00e9dicos confirmaron la gravedad de la lesi\u00f3n y ahora el futbolista deber\u00e1 definir junto al cuerpo m\u00e9dico si atraviesa una recuperaci\u00f3n sin cirug\u00eda o si finalmente pasa por el quir\u00f3fano, escenario que lo dejar\u00eda afuera del cierre de la temporada y tambi\u00e9n del Mundial.<\/p>\n<p>La posible baja genera preocupaci\u00f3n en Argelia, ya que Zidane se hab\u00eda consolidado como una pieza importante del equipo de Vladimir Petkovic: fue titular en cuatro de los cinco partidos de la \u00faltima Copa \u00c1frica y tambi\u00e9n ataj\u00f3 en el reciente empate sin goles ante Uruguay.<\/p>\n<p>Ante este panorama, el entrenador analiza alternativas para el arco de cara al debut ante la Argentina, previsto para el 16 de junio en Kansas City. Los principales candidatos a reemplazarlo son Anthony Mandr\u00e9a, con mayor experiencia internacional, y Melvin Mastil, de menor recorrido en el seleccionado.<\/p>\n<p>#AgenciaNA<\/p>\n","protected":false},"excerpt":{"rendered":"<p>Buenos Aires, 27 Abril (NA) \u2014 El arquero Luca Zidane,<\/p>\n","protected":false},"author":0,"featured_media":19153,"comment_status":"","ping_status":"","sticky":false,"template":"","format":"standard","meta":{"footnotes":""},"categories":[229],"tags":[],"class_list":["post-19152","post","type-post","status-publish","format-standard","has-post-thumbnail","hentry","category-deportes"],"yoast_head":"<!-- This site is optimized with the Yoast SEO plugin v27.5 - https:\/\/yoast.com\/product\/yoast-seo-wordpress\/ -->\n<title>El hijo de Zidane sufri\u00f3 una fractura y se perder\u00eda el debut del Mundial ante Argentina - Cuarteto en la Web<\/title>\n<meta name=\"robots\" content=\"index, follow, max-snippet:-1, max-image-preview:large, max-video-preview:-1\" \/>\n<link rel=\"canonical\" href=\"https:\/\/cuartetoenlaweb.com.ar\/sitio\/el-hijo-de-zidane-sufrio-una-fractura-y-se-perderia-el-debut-del-mundial-ante-argentina\/\" \/>\n<meta property=\"og:locale\" content=\"es_ES\" \/>\n<meta property=\"og:type\" content=\"article\" \/>\n<meta property=\"og:title\" content=\"El hijo de Zidane sufri\u00f3 una fractura y se perder\u00eda el debut del Mundial ante Argentina - Cuarteto en la Web\" \/>\n<meta property=\"og:description\" content=\"Buenos Aires, 27 Abril (NA) \u2014 El arquero Luca Zidane,\" \/>\n<meta property=\"og:url\" content=\"https:\/\/cuartetoenlaweb.com.ar\/sitio\/el-hijo-de-zidane-sufrio-una-fractura-y-se-perderia-el-debut-del-mundial-ante-argentina\/\" \/>\n<meta property=\"og:site_name\" content=\"Cuarteto en la Web\" \/>\n<meta property=\"article:published_time\" content=\"2026-04-28T06:00:07+00:00\" \/>\n<meta property=\"og:image\" content=\"https:\/\/cuartetoenlaweb.com.ar\/sitio\/wp-content\/uploads\/2026\/04\/720-656.jpeg\" \/>\n\t<meta property=\"og:image:width\" content=\"795\" \/>\n\t<meta property=\"og:image:height\" content=\"720\" \/>\n\t<meta property=\"og:image:type\" content=\"image\/jpeg\" \/>\n<meta name=\"twitter:card\" content=\"summary_large_image\" \/>\n<meta name=\"twitter:label1\" content=\"Tiempo de lectura\" \/>\n\t<meta name=\"twitter:data1\" content=\"1 minuto\" \/>\n<script type=\"application\/ld+json\" class=\"yoast-schema-graph\">{\"@context\":\"https:\\\/\\\/schema.org\",\"@graph\":[{\"@type\":\"Article\",\"@id\":\"https:\\\/\\\/cuartetoenlaweb.com.ar\\\/sitio\\\/el-hijo-de-zidane-sufrio-una-fractura-y-se-perderia-el-debut-del-mundial-ante-argentina\\\/#article\",\"isPartOf\":{\"@id\":\"https:\\\/\\\/cuartetoenlaweb.com.ar\\\/sitio\\\/el-hijo-de-zidane-sufrio-una-fractura-y-se-perderia-el-debut-del-mundial-ante-argentina\\\/\"},\"author\":{\"name\":\"\",\"@id\":\"\"},\"headline\":\"El hijo de Zidane sufri\u00f3 una fractura y se perder\u00eda el debut del Mundial ante Argentina\",\"datePublished\":\"2026-04-28T06:00:07+00:00\",\"mainEntityOfPage\":{\"@id\":\"https:\\\/\\\/cuartetoenlaweb.com.ar\\\/sitio\\\/el-hijo-de-zidane-sufrio-una-fractura-y-se-perderia-el-debut-del-mundial-ante-argentina\\\/\"},\"wordCount\":266,\"publisher\":{\"@id\":\"http:\\\/\\\/cuartetoenlaweb.com.ar\\\/sitio\\\/#organization\"},\"image\":{\"@id\":\"https:\\\/\\\/cuartetoenlaweb.com.ar\\\/sitio\\\/el-hijo-de-zidane-sufrio-una-fractura-y-se-perderia-el-debut-del-mundial-ante-argentina\\\/#primaryimage\"},\"thumbnailUrl\":\"http:\\\/\\\/cuartetoenlaweb.com.ar\\\/sitio\\\/wp-content\\\/uploads\\\/2026\\\/04\\\/720-656.jpeg\",\"articleSection\":[\"DEPORTES\"],\"inLanguage\":\"es\"},{\"@type\":\"WebPage\",\"@id\":\"https:\\\/\\\/cuartetoenlaweb.com.ar\\\/sitio\\\/el-hijo-de-zidane-sufrio-una-fractura-y-se-perderia-el-debut-del-mundial-ante-argentina\\\/\",\"url\":\"https:\\\/\\\/cuartetoenlaweb.com.ar\\\/sitio\\\/el-hijo-de-zidane-sufrio-una-fractura-y-se-perderia-el-debut-del-mundial-ante-argentina\\\/\",\"name\":\"El hijo de Zidane sufri\u00f3 una fractura y se perder\u00eda el debut del Mundial ante Argentina - Cuarteto en la Web\",\"isPartOf\":{\"@id\":\"http:\\\/\\\/cuartetoenlaweb.com.ar\\\/sitio\\\/#website\"},\"primaryImageOfPage\":{\"@id\":\"https:\\\/\\\/cuartetoenlaweb.com.ar\\\/sitio\\\/el-hijo-de-zidane-sufrio-una-fractura-y-se-perderia-el-debut-del-mundial-ante-argentina\\\/#primaryimage\"},\"image\":{\"@id\":\"https:\\\/\\\/cuartetoenlaweb.com.ar\\\/sitio\\\/el-hijo-de-zidane-sufrio-una-fractura-y-se-perderia-el-debut-del-mundial-ante-argentina\\\/#primaryimage\"},\"thumbnailUrl\":\"http:\\\/\\\/cuartetoenlaweb.com.ar\\\/sitio\\\/wp-content\\\/uploads\\\/2026\\\/04\\\/720-656.jpeg\",\"datePublished\":\"2026-04-28T06:00:07+00:00\",\"breadcrumb\":{\"@id\":\"https:\\\/\\\/cuartetoenlaweb.com.ar\\\/sitio\\\/el-hijo-de-zidane-sufrio-una-fractura-y-se-perderia-el-debut-del-mundial-ante-argentina\\\/#breadcrumb\"},\"inLanguage\":\"es\",\"potentialAction\":[{\"@type\":\"ReadAction\",\"target\":[\"https:\\\/\\\/cuartetoenlaweb.com.ar\\\/sitio\\\/el-hijo-de-zidane-sufrio-una-fractura-y-se-perderia-el-debut-del-mundial-ante-argentina\\\/\"]}]},{\"@type\":\"ImageObject\",\"inLanguage\":\"es\",\"@id\":\"https:\\\/\\\/cuartetoenlaweb.com.ar\\\/sitio\\\/el-hijo-de-zidane-sufrio-una-fractura-y-se-perderia-el-debut-del-mundial-ante-argentina\\\/#primaryimage\",\"url\":\"http:\\\/\\\/cuartetoenlaweb.com.ar\\\/sitio\\\/wp-content\\\/uploads\\\/2026\\\/04\\\/720-656.jpeg\",\"contentUrl\":\"http:\\\/\\\/cuartetoenlaweb.com.ar\\\/sitio\\\/wp-content\\\/uploads\\\/2026\\\/04\\\/720-656.jpeg\",\"width\":795,\"height\":720},{\"@type\":\"BreadcrumbList\",\"@id\":\"https:\\\/\\\/cuartetoenlaweb.com.ar\\\/sitio\\\/el-hijo-de-zidane-sufrio-una-fractura-y-se-perderia-el-debut-del-mundial-ante-argentina\\\/#breadcrumb\",\"itemListElement\":[{\"@type\":\"ListItem\",\"position\":1,\"name\":\"Portada\",\"item\":\"http:\\\/\\\/cuartetoenlaweb.com.ar\\\/sitio\\\/\"},{\"@type\":\"ListItem\",\"position\":2,\"name\":\"El hijo de Zidane sufri\u00f3 una fractura y se perder\u00eda el debut del Mundial ante Argentina\"}]},{\"@type\":\"WebSite\",\"@id\":\"http:\\\/\\\/cuartetoenlaweb.com.ar\\\/sitio\\\/#website\",\"url\":\"http:\\\/\\\/cuartetoenlaweb.com.ar\\\/sitio\\\/\",\"name\":\"Cuarteto en la Web\",\"description\":\"\",\"publisher\":{\"@id\":\"http:\\\/\\\/cuartetoenlaweb.com.ar\\\/sitio\\\/#organization\"},\"potentialAction\":[{\"@type\":\"SearchAction\",\"target\":{\"@type\":\"EntryPoint\",\"urlTemplate\":\"http:\\\/\\\/cuartetoenlaweb.com.ar\\\/sitio\\\/?s={search_term_string}\"},\"query-input\":{\"@type\":\"PropertyValueSpecification\",\"valueRequired\":true,\"valueName\":\"search_term_string\"}}],\"inLanguage\":\"es\"},{\"@type\":\"Organization\",\"@id\":\"http:\\\/\\\/cuartetoenlaweb.com.ar\\\/sitio\\\/#organization\",\"name\":\"Cuarteto en la Web\",\"url\":\"http:\\\/\\\/cuartetoenlaweb.com.ar\\\/sitio\\\/\",\"logo\":{\"@type\":\"ImageObject\",\"inLanguage\":\"es\",\"@id\":\"http:\\\/\\\/cuartetoenlaweb.com.ar\\\/sitio\\\/#\\\/schema\\\/logo\\\/image\\\/\",\"url\":\"http:\\\/\\\/cuartetoenlaweb.com.ar\\\/sitio\\\/wp-content\\\/uploads\\\/2025\\\/07\\\/cropped-cropped-logitoweb21.png\",\"contentUrl\":\"http:\\\/\\\/cuartetoenlaweb.com.ar\\\/sitio\\\/wp-content\\\/uploads\\\/2025\\\/07\\\/cropped-cropped-logitoweb21.png\",\"width\":199,\"height\":199,\"caption\":\"Cuarteto en la Web\"},\"image\":{\"@id\":\"http:\\\/\\\/cuartetoenlaweb.com.ar\\\/sitio\\\/#\\\/schema\\\/logo\\\/image\\\/\"}}]}<\/script>\n<!-- \/ Yoast SEO plugin. -->","yoast_head_json":{"title":"El hijo de Zidane sufri\u00f3 una fractura y se perder\u00eda el debut del Mundial ante Argentina - Cuarteto en la Web","robots":{"index":"index","follow":"follow","max-snippet":"max-snippet:-1","max-image-preview":"max-image-preview:large","max-video-preview":"max-video-preview:-1"},"canonical":"https:\/\/cuartetoenlaweb.com.ar\/sitio\/el-hijo-de-zidane-sufrio-una-fractura-y-se-perderia-el-debut-del-mundial-ante-argentina\/","og_locale":"es_ES","og_type":"article","og_title":"El hijo de Zidane sufri\u00f3 una fractura y se perder\u00eda el debut del Mundial ante Argentina - Cuarteto en la Web","og_description":"Buenos Aires, 27 Abril (NA) \u2014 El arquero Luca Zidane,","og_url":"https:\/\/cuartetoenlaweb.com.ar\/sitio\/el-hijo-de-zidane-sufrio-una-fractura-y-se-perderia-el-debut-del-mundial-ante-argentina\/","og_site_name":"Cuarteto en la Web","article_published_time":"2026-04-28T06:00:07+00:00","og_image":[{"width":795,"height":720,"url":"https:\/\/cuartetoenlaweb.com.ar\/sitio\/wp-content\/uploads\/2026\/04\/720-656.jpeg","type":"image\/jpeg"}],"twitter_card":"summary_large_image","twitter_misc":{"Tiempo de lectura":"1 minuto"},"schema":{"@context":"https:\/\/schema.org","@graph":[{"@type":"Article","@id":"https:\/\/cuartetoenlaweb.com.ar\/sitio\/el-hijo-de-zidane-sufrio-una-fractura-y-se-perderia-el-debut-del-mundial-ante-argentina\/#article","isPartOf":{"@id":"https:\/\/cuartetoenlaweb.com.ar\/sitio\/el-hijo-de-zidane-sufrio-una-fractura-y-se-perderia-el-debut-del-mundial-ante-argentina\/"},"author":{"name":"","@id":""},"headline":"El hijo de Zidane sufri\u00f3 una fractura y se perder\u00eda el debut del Mundial ante Argentina","datePublished":"2026-04-28T06:00:07+00:00","mainEntityOfPage":{"@id":"https:\/\/cuartetoenlaweb.com.ar\/sitio\/el-hijo-de-zidane-sufrio-una-fractura-y-se-perderia-el-debut-del-mundial-ante-argentina\/"},"wordCount":266,"publisher":{"@id":"http:\/\/cuartetoenlaweb.com.ar\/sitio\/#organization"},"image":{"@id":"https:\/\/cuartetoenlaweb.com.ar\/sitio\/el-hijo-de-zidane-sufrio-una-fractura-y-se-perderia-el-debut-del-mundial-ante-argentina\/#primaryimage"},"thumbnailUrl":"http:\/\/cuartetoenlaweb.com.ar\/sitio\/wp-content\/uploads\/2026\/04\/720-656.jpeg","articleSection":["DEPORTES"],"inLanguage":"es"},{"@type":"WebPage","@id":"https:\/\/cuartetoenlaweb.com.ar\/sitio\/el-hijo-de-zidane-sufrio-una-fractura-y-se-perderia-el-debut-del-mundial-ante-argentina\/","url":"https:\/\/cuartetoenlaweb.com.ar\/sitio\/el-hijo-de-zidane-sufrio-una-fractura-y-se-perderia-el-debut-del-mundial-ante-argentina\/","name":"El hijo de Zidane sufri\u00f3 una fractura y se perder\u00eda el debut del Mundial ante Argentina - Cuarteto en la Web","isPartOf":{"@id":"http:\/\/cuartetoenlaweb.com.ar\/sitio\/#website"},"primaryImageOfPage":{"@id":"https:\/\/cuartetoenlaweb.com.ar\/sitio\/el-hijo-de-zidane-sufrio-una-fractura-y-se-perderia-el-debut-del-mundial-ante-argentina\/#primaryimage"},"image":{"@id":"https:\/\/cuartetoenlaweb.com.ar\/sitio\/el-hijo-de-zidane-sufrio-una-fractura-y-se-perderia-el-debut-del-mundial-ante-argentina\/#primaryimage"},"thumbnailUrl":"http:\/\/cuartetoenlaweb.com.ar\/sitio\/wp-content\/uploads\/2026\/04\/720-656.jpeg","datePublished":"2026-04-28T06:00:07+00:00","breadcrumb":{"@id":"https:\/\/cuartetoenlaweb.com.ar\/sitio\/el-hijo-de-zidane-sufrio-una-fractura-y-se-perderia-el-debut-del-mundial-ante-argentina\/#breadcrumb"},"inLanguage":"es","potentialAction":[{"@type":"ReadAction","target":["https:\/\/cuartetoenlaweb.com.ar\/sitio\/el-hijo-de-zidane-sufrio-una-fractura-y-se-perderia-el-debut-del-mundial-ante-argentina\/"]}]},{"@type":"ImageObject","inLanguage":"es","@id":"https:\/\/cuartetoenlaweb.com.ar\/sitio\/el-hijo-de-zidane-sufrio-una-fractura-y-se-perderia-el-debut-del-mundial-ante-argentina\/#primaryimage","url":"http:\/\/cuartetoenlaweb.com.ar\/sitio\/wp-content\/uploads\/2026\/04\/720-656.jpeg","contentUrl":"http:\/\/cuartetoenlaweb.com.ar\/sitio\/wp-content\/uploads\/2026\/04\/720-656.jpeg","width":795,"height":720},{"@type":"BreadcrumbList","@id":"https:\/\/cuartetoenlaweb.com.ar\/sitio\/el-hijo-de-zidane-sufrio-una-fractura-y-se-perderia-el-debut-del-mundial-ante-argentina\/#breadcrumb","itemListElement":[{"@type":"ListItem","position":1,"name":"Portada","item":"http:\/\/cuartetoenlaweb.com.ar\/sitio\/"},{"@type":"ListItem","position":2,"name":"El hijo de Zidane sufri\u00f3 una fractura y se perder\u00eda el debut del Mundial ante Argentina"}]},{"@type":"WebSite","@id":"http:\/\/cuartetoenlaweb.com.ar\/sitio\/#website","url":"http:\/\/cuartetoenlaweb.com.ar\/sitio\/","name":"Cuarteto en la Web","description":"","publisher":{"@id":"http:\/\/cuartetoenlaweb.com.ar\/sitio\/#organization"},"potentialAction":[{"@type":"SearchAction","target":{"@type":"EntryPoint","urlTemplate":"http:\/\/cuartetoenlaweb.com.ar\/sitio\/?s={search_term_string}"},"query-input":{"@type":"PropertyValueSpecification","valueRequired":true,"valueName":"search_term_string"}}],"inLanguage":"es"},{"@type":"Organization","@id":"http:\/\/cuartetoenlaweb.com.ar\/sitio\/#organization","name":"Cuarteto en la Web","url":"http:\/\/cuartetoenlaweb.com.ar\/sitio\/","logo":{"@type":"ImageObject","inLanguage":"es","@id":"http:\/\/cuartetoenlaweb.com.ar\/sitio\/#\/schema\/logo\/image\/","url":"http:\/\/cuartetoenlaweb.com.ar\/sitio\/wp-content\/uploads\/2025\/07\/cropped-cropped-logitoweb21.png","contentUrl":"http:\/\/cuartetoenlaweb.com.ar\/sitio\/wp-content\/uploads\/2025\/07\/cropped-cropped-logitoweb21.png","width":199,"height":199,"caption":"Cuarteto en la Web"},"image":{"@id":"http:\/\/cuartetoenlaweb.com.ar\/sitio\/#\/schema\/logo\/image\/"}}]}},"_links":{"self":[{"href":"http:\/\/cuartetoenlaweb.com.ar\/sitio\/wp-json\/wp\/v2\/posts\/19152","targetHints":{"allow":["GET"]}}],"collection":[{"href":"http:\/\/cuartetoenlaweb.com.ar\/sitio\/wp-json\/wp\/v2\/posts"}],"about":[{"href":"http:\/\/cuartetoenlaweb.com.ar\/sitio\/wp-json\/wp\/v2\/types\/post"}],"replies":[{"embeddable":true,"href":"http:\/\/cuartetoenlaweb.com.ar\/sitio\/wp-json\/wp\/v2\/comments?post=19152"}],"version-history":[{"count":0,"href":"http:\/\/cuartetoenlaweb.com.ar\/sitio\/wp-json\/wp\/v2\/posts\/19152\/revisions"}],"wp:featuredmedia":[{"embeddable":true,"href":"http:\/\/cuartetoenlaweb.com.ar\/sitio\/wp-json\/wp\/v2\/media\/19153"}],"wp:attachment":[{"href":"http:\/\/cuartetoenlaweb.com.ar\/sitio\/wp-json\/wp\/v2\/media?parent=19152"}],"wp:term":[{"taxonomy":"category","embeddable":true,"href":"http:\/\/cuartetoenlaweb.com.ar\/sitio\/wp-json\/wp\/v2\/categories?post=19152"},{"taxonomy":"post_tag","embeddable":true,"href":"http:\/\/cuartetoenlaweb.com.ar\/sitio\/wp-json\/wp\/v2\/tags?post=19152"}],"curies":[{"name":"wp","href":"https:\/\/api.w.org\/{rel}","templated":true}]}}