
{"id":19148,"date":"2026-04-28T02:59:59","date_gmt":"2026-04-28T05:59:59","guid":{"rendered":"https:\/\/cuartetoenlaweb.com.ar\/sitio\/robertito-derrapo-en-vivo-con-un-comentario-sexista-y-calenton-sobre-las-tetas-de-martin-menem\/"},"modified":"2026-04-28T02:59:59","modified_gmt":"2026-04-28T05:59:59","slug":"robertito-derrapo-en-vivo-con-un-comentario-sexista-y-calenton-sobre-las-tetas-de-martin-menem","status":"publish","type":"post","link":"http:\/\/cuartetoenlaweb.com.ar\/sitio\/robertito-derrapo-en-vivo-con-un-comentario-sexista-y-calenton-sobre-las-tetas-de-martin-menem\/","title":{"rendered":"Robertito derrap\u00f3 en vivo con un comentario sexista y calent\u00f3n sobre \u201clas tetas\u201d de Mart\u00edn Menem"},"content":{"rendered":"<p>Despu\u00e9s de protagonizar un inusual m\u00f3vil viral con el diputado Ritondo, Robertito Funes Ugarte volvi\u00f3 a quedar en el centro de la escena medi\u00e1tica por uno de sus habituales comentarios sin filtro.<\/p>\n<p>En esta ocasi\u00f3n, su encendido comentario estuvo dirigido a Mart\u00edn Menem, una de las caras del oficialismo en el Congreso. <\/p>\n<p>En pleno an\u00e1lisis sobre el rol del riojano dentro de La Libertad Avanza, el conductor sorprendi\u00f3 con una frase inesperadamente hot: \u201cTiene unas tetas divinas\u201d.<\/p>\n","protected":false},"excerpt":{"rendered":"<p>Despu\u00e9s de protagonizar un inusual m\u00f3vil viral con el diputado<\/p>\n","protected":false},"author":0,"featured_media":19149,"comment_status":"","ping_status":"","sticky":false,"template":"","format":"standard","meta":{"footnotes":""},"categories":[65],"tags":[],"class_list":["post-19148","post","type-post","status-publish","format-standard","has-post-thumbnail","hentry","category-pais"],"yoast_head":"<!-- This site is optimized with the Yoast SEO plugin v27.5 - https:\/\/yoast.com\/product\/yoast-seo-wordpress\/ -->\n<title>Robertito derrap\u00f3 en vivo con un comentario sexista y calent\u00f3n sobre \u201clas tetas\u201d de Mart\u00edn Menem - Cuarteto en la Web<\/title>\n<meta name=\"robots\" content=\"index, follow, max-snippet:-1, max-image-preview:large, max-video-preview:-1\" \/>\n<link rel=\"canonical\" href=\"https:\/\/cuartetoenlaweb.com.ar\/sitio\/robertito-derrapo-en-vivo-con-un-comentario-sexista-y-calenton-sobre-las-tetas-de-martin-menem\/\" \/>\n<meta property=\"og:locale\" content=\"es_ES\" \/>\n<meta property=\"og:type\" content=\"article\" \/>\n<meta property=\"og:title\" content=\"Robertito derrap\u00f3 en vivo con un comentario sexista y calent\u00f3n sobre \u201clas tetas\u201d de Mart\u00edn Menem - Cuarteto en la Web\" \/>\n<meta property=\"og:description\" content=\"Despu\u00e9s de protagonizar un inusual m\u00f3vil viral con el diputado\" \/>\n<meta property=\"og:url\" content=\"https:\/\/cuartetoenlaweb.com.ar\/sitio\/robertito-derrapo-en-vivo-con-un-comentario-sexista-y-calenton-sobre-las-tetas-de-martin-menem\/\" \/>\n<meta property=\"og:site_name\" content=\"Cuarteto en la Web\" \/>\n<meta property=\"article:published_time\" content=\"2026-04-28T05:59:59+00:00\" \/>\n<meta property=\"og:image\" content=\"https:\/\/cuartetoenlaweb.com.ar\/sitio\/wp-content\/uploads\/2026\/04\/720-654.jpeg\" \/>\n\t<meta property=\"og:image:width\" content=\"1223\" \/>\n\t<meta property=\"og:image:height\" content=\"720\" \/>\n\t<meta property=\"og:image:type\" content=\"image\/jpeg\" \/>\n<meta name=\"twitter:card\" content=\"summary_large_image\" \/>\n<script type=\"application\/ld+json\" class=\"yoast-schema-graph\">{\"@context\":\"https:\\\/\\\/schema.org\",\"@graph\":[{\"@type\":\"Article\",\"@id\":\"https:\\\/\\\/cuartetoenlaweb.com.ar\\\/sitio\\\/robertito-derrapo-en-vivo-con-un-comentario-sexista-y-calenton-sobre-las-tetas-de-martin-menem\\\/#article\",\"isPartOf\":{\"@id\":\"https:\\\/\\\/cuartetoenlaweb.com.ar\\\/sitio\\\/robertito-derrapo-en-vivo-con-un-comentario-sexista-y-calenton-sobre-las-tetas-de-martin-menem\\\/\"},\"author\":{\"name\":\"\",\"@id\":\"\"},\"headline\":\"Robertito derrap\u00f3 en vivo con un comentario sexista y calent\u00f3n sobre \u201clas tetas\u201d de Mart\u00edn Menem\",\"datePublished\":\"2026-04-28T05:59:59+00:00\",\"mainEntityOfPage\":{\"@id\":\"https:\\\/\\\/cuartetoenlaweb.com.ar\\\/sitio\\\/robertito-derrapo-en-vivo-con-un-comentario-sexista-y-calenton-sobre-las-tetas-de-martin-menem\\\/\"},\"wordCount\":101,\"publisher\":{\"@id\":\"http:\\\/\\\/cuartetoenlaweb.com.ar\\\/sitio\\\/#organization\"},\"image\":{\"@id\":\"https:\\\/\\\/cuartetoenlaweb.com.ar\\\/sitio\\\/robertito-derrapo-en-vivo-con-un-comentario-sexista-y-calenton-sobre-las-tetas-de-martin-menem\\\/#primaryimage\"},\"thumbnailUrl\":\"http:\\\/\\\/cuartetoenlaweb.com.ar\\\/sitio\\\/wp-content\\\/uploads\\\/2026\\\/04\\\/720-654.jpeg\",\"articleSection\":[\"PAIS\"],\"inLanguage\":\"es\"},{\"@type\":\"WebPage\",\"@id\":\"https:\\\/\\\/cuartetoenlaweb.com.ar\\\/sitio\\\/robertito-derrapo-en-vivo-con-un-comentario-sexista-y-calenton-sobre-las-tetas-de-martin-menem\\\/\",\"url\":\"https:\\\/\\\/cuartetoenlaweb.com.ar\\\/sitio\\\/robertito-derrapo-en-vivo-con-un-comentario-sexista-y-calenton-sobre-las-tetas-de-martin-menem\\\/\",\"name\":\"Robertito derrap\u00f3 en vivo con un comentario sexista y calent\u00f3n sobre \u201clas tetas\u201d de Mart\u00edn Menem - Cuarteto en la Web\",\"isPartOf\":{\"@id\":\"http:\\\/\\\/cuartetoenlaweb.com.ar\\\/sitio\\\/#website\"},\"primaryImageOfPage\":{\"@id\":\"https:\\\/\\\/cuartetoenlaweb.com.ar\\\/sitio\\\/robertito-derrapo-en-vivo-con-un-comentario-sexista-y-calenton-sobre-las-tetas-de-martin-menem\\\/#primaryimage\"},\"image\":{\"@id\":\"https:\\\/\\\/cuartetoenlaweb.com.ar\\\/sitio\\\/robertito-derrapo-en-vivo-con-un-comentario-sexista-y-calenton-sobre-las-tetas-de-martin-menem\\\/#primaryimage\"},\"thumbnailUrl\":\"http:\\\/\\\/cuartetoenlaweb.com.ar\\\/sitio\\\/wp-content\\\/uploads\\\/2026\\\/04\\\/720-654.jpeg\",\"datePublished\":\"2026-04-28T05:59:59+00:00\",\"breadcrumb\":{\"@id\":\"https:\\\/\\\/cuartetoenlaweb.com.ar\\\/sitio\\\/robertito-derrapo-en-vivo-con-un-comentario-sexista-y-calenton-sobre-las-tetas-de-martin-menem\\\/#breadcrumb\"},\"inLanguage\":\"es\",\"potentialAction\":[{\"@type\":\"ReadAction\",\"target\":[\"https:\\\/\\\/cuartetoenlaweb.com.ar\\\/sitio\\\/robertito-derrapo-en-vivo-con-un-comentario-sexista-y-calenton-sobre-las-tetas-de-martin-menem\\\/\"]}]},{\"@type\":\"ImageObject\",\"inLanguage\":\"es\",\"@id\":\"https:\\\/\\\/cuartetoenlaweb.com.ar\\\/sitio\\\/robertito-derrapo-en-vivo-con-un-comentario-sexista-y-calenton-sobre-las-tetas-de-martin-menem\\\/#primaryimage\",\"url\":\"http:\\\/\\\/cuartetoenlaweb.com.ar\\\/sitio\\\/wp-content\\\/uploads\\\/2026\\\/04\\\/720-654.jpeg\",\"contentUrl\":\"http:\\\/\\\/cuartetoenlaweb.com.ar\\\/sitio\\\/wp-content\\\/uploads\\\/2026\\\/04\\\/720-654.jpeg\",\"width\":1223,\"height\":720},{\"@type\":\"BreadcrumbList\",\"@id\":\"https:\\\/\\\/cuartetoenlaweb.com.ar\\\/sitio\\\/robertito-derrapo-en-vivo-con-un-comentario-sexista-y-calenton-sobre-las-tetas-de-martin-menem\\\/#breadcrumb\",\"itemListElement\":[{\"@type\":\"ListItem\",\"position\":1,\"name\":\"Portada\",\"item\":\"http:\\\/\\\/cuartetoenlaweb.com.ar\\\/sitio\\\/\"},{\"@type\":\"ListItem\",\"position\":2,\"name\":\"Robertito derrap\u00f3 en vivo con un comentario sexista y calent\u00f3n sobre \u201clas tetas\u201d de Mart\u00edn Menem\"}]},{\"@type\":\"WebSite\",\"@id\":\"http:\\\/\\\/cuartetoenlaweb.com.ar\\\/sitio\\\/#website\",\"url\":\"http:\\\/\\\/cuartetoenlaweb.com.ar\\\/sitio\\\/\",\"name\":\"Cuarteto en la Web\",\"description\":\"\",\"publisher\":{\"@id\":\"http:\\\/\\\/cuartetoenlaweb.com.ar\\\/sitio\\\/#organization\"},\"potentialAction\":[{\"@type\":\"SearchAction\",\"target\":{\"@type\":\"EntryPoint\",\"urlTemplate\":\"http:\\\/\\\/cuartetoenlaweb.com.ar\\\/sitio\\\/?s={search_term_string}\"},\"query-input\":{\"@type\":\"PropertyValueSpecification\",\"valueRequired\":true,\"valueName\":\"search_term_string\"}}],\"inLanguage\":\"es\"},{\"@type\":\"Organization\",\"@id\":\"http:\\\/\\\/cuartetoenlaweb.com.ar\\\/sitio\\\/#organization\",\"name\":\"Cuarteto en la Web\",\"url\":\"http:\\\/\\\/cuartetoenlaweb.com.ar\\\/sitio\\\/\",\"logo\":{\"@type\":\"ImageObject\",\"inLanguage\":\"es\",\"@id\":\"http:\\\/\\\/cuartetoenlaweb.com.ar\\\/sitio\\\/#\\\/schema\\\/logo\\\/image\\\/\",\"url\":\"http:\\\/\\\/cuartetoenlaweb.com.ar\\\/sitio\\\/wp-content\\\/uploads\\\/2025\\\/07\\\/cropped-cropped-logitoweb21.png\",\"contentUrl\":\"http:\\\/\\\/cuartetoenlaweb.com.ar\\\/sitio\\\/wp-content\\\/uploads\\\/2025\\\/07\\\/cropped-cropped-logitoweb21.png\",\"width\":199,\"height\":199,\"caption\":\"Cuarteto en la Web\"},\"image\":{\"@id\":\"http:\\\/\\\/cuartetoenlaweb.com.ar\\\/sitio\\\/#\\\/schema\\\/logo\\\/image\\\/\"}}]}<\/script>\n<!-- \/ Yoast SEO plugin. -->","yoast_head_json":{"title":"Robertito derrap\u00f3 en vivo con un comentario sexista y calent\u00f3n sobre \u201clas tetas\u201d de Mart\u00edn Menem - Cuarteto en la Web","robots":{"index":"index","follow":"follow","max-snippet":"max-snippet:-1","max-image-preview":"max-image-preview:large","max-video-preview":"max-video-preview:-1"},"canonical":"https:\/\/cuartetoenlaweb.com.ar\/sitio\/robertito-derrapo-en-vivo-con-un-comentario-sexista-y-calenton-sobre-las-tetas-de-martin-menem\/","og_locale":"es_ES","og_type":"article","og_title":"Robertito derrap\u00f3 en vivo con un comentario sexista y calent\u00f3n sobre \u201clas tetas\u201d de Mart\u00edn Menem - Cuarteto en la Web","og_description":"Despu\u00e9s de protagonizar un inusual m\u00f3vil viral con el diputado","og_url":"https:\/\/cuartetoenlaweb.com.ar\/sitio\/robertito-derrapo-en-vivo-con-un-comentario-sexista-y-calenton-sobre-las-tetas-de-martin-menem\/","og_site_name":"Cuarteto en la Web","article_published_time":"2026-04-28T05:59:59+00:00","og_image":[{"width":1223,"height":720,"url":"https:\/\/cuartetoenlaweb.com.ar\/sitio\/wp-content\/uploads\/2026\/04\/720-654.jpeg","type":"image\/jpeg"}],"twitter_card":"summary_large_image","schema":{"@context":"https:\/\/schema.org","@graph":[{"@type":"Article","@id":"https:\/\/cuartetoenlaweb.com.ar\/sitio\/robertito-derrapo-en-vivo-con-un-comentario-sexista-y-calenton-sobre-las-tetas-de-martin-menem\/#article","isPartOf":{"@id":"https:\/\/cuartetoenlaweb.com.ar\/sitio\/robertito-derrapo-en-vivo-con-un-comentario-sexista-y-calenton-sobre-las-tetas-de-martin-menem\/"},"author":{"name":"","@id":""},"headline":"Robertito derrap\u00f3 en vivo con un comentario sexista y calent\u00f3n sobre \u201clas tetas\u201d de Mart\u00edn Menem","datePublished":"2026-04-28T05:59:59+00:00","mainEntityOfPage":{"@id":"https:\/\/cuartetoenlaweb.com.ar\/sitio\/robertito-derrapo-en-vivo-con-un-comentario-sexista-y-calenton-sobre-las-tetas-de-martin-menem\/"},"wordCount":101,"publisher":{"@id":"http:\/\/cuartetoenlaweb.com.ar\/sitio\/#organization"},"image":{"@id":"https:\/\/cuartetoenlaweb.com.ar\/sitio\/robertito-derrapo-en-vivo-con-un-comentario-sexista-y-calenton-sobre-las-tetas-de-martin-menem\/#primaryimage"},"thumbnailUrl":"http:\/\/cuartetoenlaweb.com.ar\/sitio\/wp-content\/uploads\/2026\/04\/720-654.jpeg","articleSection":["PAIS"],"inLanguage":"es"},{"@type":"WebPage","@id":"https:\/\/cuartetoenlaweb.com.ar\/sitio\/robertito-derrapo-en-vivo-con-un-comentario-sexista-y-calenton-sobre-las-tetas-de-martin-menem\/","url":"https:\/\/cuartetoenlaweb.com.ar\/sitio\/robertito-derrapo-en-vivo-con-un-comentario-sexista-y-calenton-sobre-las-tetas-de-martin-menem\/","name":"Robertito derrap\u00f3 en vivo con un comentario sexista y calent\u00f3n sobre \u201clas tetas\u201d de Mart\u00edn Menem - Cuarteto en la Web","isPartOf":{"@id":"http:\/\/cuartetoenlaweb.com.ar\/sitio\/#website"},"primaryImageOfPage":{"@id":"https:\/\/cuartetoenlaweb.com.ar\/sitio\/robertito-derrapo-en-vivo-con-un-comentario-sexista-y-calenton-sobre-las-tetas-de-martin-menem\/#primaryimage"},"image":{"@id":"https:\/\/cuartetoenlaweb.com.ar\/sitio\/robertito-derrapo-en-vivo-con-un-comentario-sexista-y-calenton-sobre-las-tetas-de-martin-menem\/#primaryimage"},"thumbnailUrl":"http:\/\/cuartetoenlaweb.com.ar\/sitio\/wp-content\/uploads\/2026\/04\/720-654.jpeg","datePublished":"2026-04-28T05:59:59+00:00","breadcrumb":{"@id":"https:\/\/cuartetoenlaweb.com.ar\/sitio\/robertito-derrapo-en-vivo-con-un-comentario-sexista-y-calenton-sobre-las-tetas-de-martin-menem\/#breadcrumb"},"inLanguage":"es","potentialAction":[{"@type":"ReadAction","target":["https:\/\/cuartetoenlaweb.com.ar\/sitio\/robertito-derrapo-en-vivo-con-un-comentario-sexista-y-calenton-sobre-las-tetas-de-martin-menem\/"]}]},{"@type":"ImageObject","inLanguage":"es","@id":"https:\/\/cuartetoenlaweb.com.ar\/sitio\/robertito-derrapo-en-vivo-con-un-comentario-sexista-y-calenton-sobre-las-tetas-de-martin-menem\/#primaryimage","url":"http:\/\/cuartetoenlaweb.com.ar\/sitio\/wp-content\/uploads\/2026\/04\/720-654.jpeg","contentUrl":"http:\/\/cuartetoenlaweb.com.ar\/sitio\/wp-content\/uploads\/2026\/04\/720-654.jpeg","width":1223,"height":720},{"@type":"BreadcrumbList","@id":"https:\/\/cuartetoenlaweb.com.ar\/sitio\/robertito-derrapo-en-vivo-con-un-comentario-sexista-y-calenton-sobre-las-tetas-de-martin-menem\/#breadcrumb","itemListElement":[{"@type":"ListItem","position":1,"name":"Portada","item":"http:\/\/cuartetoenlaweb.com.ar\/sitio\/"},{"@type":"ListItem","position":2,"name":"Robertito derrap\u00f3 en vivo con un comentario sexista y calent\u00f3n sobre \u201clas tetas\u201d de Mart\u00edn Menem"}]},{"@type":"WebSite","@id":"http:\/\/cuartetoenlaweb.com.ar\/sitio\/#website","url":"http:\/\/cuartetoenlaweb.com.ar\/sitio\/","name":"Cuarteto en la Web","description":"","publisher":{"@id":"http:\/\/cuartetoenlaweb.com.ar\/sitio\/#organization"},"potentialAction":[{"@type":"SearchAction","target":{"@type":"EntryPoint","urlTemplate":"http:\/\/cuartetoenlaweb.com.ar\/sitio\/?s={search_term_string}"},"query-input":{"@type":"PropertyValueSpecification","valueRequired":true,"valueName":"search_term_string"}}],"inLanguage":"es"},{"@type":"Organization","@id":"http:\/\/cuartetoenlaweb.com.ar\/sitio\/#organization","name":"Cuarteto en la Web","url":"http:\/\/cuartetoenlaweb.com.ar\/sitio\/","logo":{"@type":"ImageObject","inLanguage":"es","@id":"http:\/\/cuartetoenlaweb.com.ar\/sitio\/#\/schema\/logo\/image\/","url":"http:\/\/cuartetoenlaweb.com.ar\/sitio\/wp-content\/uploads\/2025\/07\/cropped-cropped-logitoweb21.png","contentUrl":"http:\/\/cuartetoenlaweb.com.ar\/sitio\/wp-content\/uploads\/2025\/07\/cropped-cropped-logitoweb21.png","width":199,"height":199,"caption":"Cuarteto en la Web"},"image":{"@id":"http:\/\/cuartetoenlaweb.com.ar\/sitio\/#\/schema\/logo\/image\/"}}]}},"_links":{"self":[{"href":"http:\/\/cuartetoenlaweb.com.ar\/sitio\/wp-json\/wp\/v2\/posts\/19148","targetHints":{"allow":["GET"]}}],"collection":[{"href":"http:\/\/cuartetoenlaweb.com.ar\/sitio\/wp-json\/wp\/v2\/posts"}],"about":[{"href":"http:\/\/cuartetoenlaweb.com.ar\/sitio\/wp-json\/wp\/v2\/types\/post"}],"replies":[{"embeddable":true,"href":"http:\/\/cuartetoenlaweb.com.ar\/sitio\/wp-json\/wp\/v2\/comments?post=19148"}],"version-history":[{"count":0,"href":"http:\/\/cuartetoenlaweb.com.ar\/sitio\/wp-json\/wp\/v2\/posts\/19148\/revisions"}],"wp:featuredmedia":[{"embeddable":true,"href":"http:\/\/cuartetoenlaweb.com.ar\/sitio\/wp-json\/wp\/v2\/media\/19149"}],"wp:attachment":[{"href":"http:\/\/cuartetoenlaweb.com.ar\/sitio\/wp-json\/wp\/v2\/media?parent=19148"}],"wp:term":[{"taxonomy":"category","embeddable":true,"href":"http:\/\/cuartetoenlaweb.com.ar\/sitio\/wp-json\/wp\/v2\/categories?post=19148"},{"taxonomy":"post_tag","embeddable":true,"href":"http:\/\/cuartetoenlaweb.com.ar\/sitio\/wp-json\/wp\/v2\/tags?post=19148"}],"curies":[{"name":"wp","href":"https:\/\/api.w.org\/{rel}","templated":true}]}}