
{"id":19144,"date":"2026-04-28T02:59:53","date_gmt":"2026-04-28T05:59:53","guid":{"rendered":"https:\/\/cuartetoenlaweb.com.ar\/sitio\/pablo-echarri-sorprendio-y-hablo-del-pasado-antiperonista-de-su-familia-yo-siempre-fui-defensor-de-pobres\/"},"modified":"2026-04-28T02:59:53","modified_gmt":"2026-04-28T05:59:53","slug":"pablo-echarri-sorprendio-y-hablo-del-pasado-antiperonista-de-su-familia-yo-siempre-fui-defensor-de-pobres","status":"publish","type":"post","link":"http:\/\/cuartetoenlaweb.com.ar\/sitio\/pablo-echarri-sorprendio-y-hablo-del-pasado-antiperonista-de-su-familia-yo-siempre-fui-defensor-de-pobres\/","title":{"rendered":"Pablo Echarri sorprendi\u00f3 y habl\u00f3 del pasado antiperonista de su familia: \u201cYo siempre fui defensor de pobres\u201d"},"content":{"rendered":"<p>El actor Pablo Echarri volvi\u00f3 a dejar en claro que su v\u00ednculo con la pol\u00edtica durante una extensa charla con Julia Mengolini en Futurock.<\/p>\n<p>Echarri repas\u00f3 sus primeros pasos en la militancia y record\u00f3 una advertencia que le hac\u00eda su padre: \u201cNo te metas en pol\u00edtica\u201d. <\/p>\n<p>Sin embargo, lejos de obedecer, confes\u00f3 entre risas que su viejo \u201chabr\u00e1 visto eso y debe haber dicho \u2018este cuando arranque no frena m\u00e1s\u2019\u201d.<\/p>\n<p>Con una frase que resume su pertenencia ideol\u00f3gica, Echarri lanz\u00f3: \u201cYo siempre fui defensor de pobres\u201d, dejando en evidencia que su posicionamiento pol\u00edtico no fue circunstancial.<\/p>\n","protected":false},"excerpt":{"rendered":"<p>El actor Pablo Echarri volvi\u00f3 a dejar en claro que<\/p>\n","protected":false},"author":0,"featured_media":19145,"comment_status":"","ping_status":"","sticky":false,"template":"","format":"standard","meta":{"footnotes":""},"categories":[65],"tags":[],"class_list":["post-19144","post","type-post","status-publish","format-standard","has-post-thumbnail","hentry","category-pais"],"yoast_head":"<!-- This site is optimized with the Yoast SEO plugin v27.5 - https:\/\/yoast.com\/product\/yoast-seo-wordpress\/ -->\n<title>Pablo Echarri sorprendi\u00f3 y habl\u00f3 del pasado antiperonista de su familia: \u201cYo siempre fui defensor de pobres\u201d - Cuarteto en la Web<\/title>\n<meta name=\"robots\" content=\"index, follow, max-snippet:-1, max-image-preview:large, max-video-preview:-1\" \/>\n<link rel=\"canonical\" href=\"http:\/\/cuartetoenlaweb.com.ar\/sitio\/pablo-echarri-sorprendio-y-hablo-del-pasado-antiperonista-de-su-familia-yo-siempre-fui-defensor-de-pobres\/\" \/>\n<meta property=\"og:locale\" content=\"es_ES\" \/>\n<meta property=\"og:type\" content=\"article\" \/>\n<meta property=\"og:title\" content=\"Pablo Echarri sorprendi\u00f3 y habl\u00f3 del pasado antiperonista de su familia: \u201cYo siempre fui defensor de pobres\u201d - Cuarteto en la Web\" \/>\n<meta property=\"og:description\" content=\"El actor Pablo Echarri volvi\u00f3 a dejar en claro que\" \/>\n<meta property=\"og:url\" content=\"http:\/\/cuartetoenlaweb.com.ar\/sitio\/pablo-echarri-sorprendio-y-hablo-del-pasado-antiperonista-de-su-familia-yo-siempre-fui-defensor-de-pobres\/\" \/>\n<meta property=\"og:site_name\" content=\"Cuarteto en la Web\" \/>\n<meta property=\"article:published_time\" content=\"2026-04-28T05:59:53+00:00\" \/>\n<meta property=\"og:image\" content=\"http:\/\/cuartetoenlaweb.com.ar\/sitio\/wp-content\/uploads\/2026\/04\/720-652.jpeg\" \/>\n\t<meta property=\"og:image:width\" content=\"1280\" \/>\n\t<meta property=\"og:image:height\" content=\"720\" \/>\n\t<meta property=\"og:image:type\" content=\"image\/jpeg\" \/>\n<meta name=\"twitter:card\" content=\"summary_large_image\" \/>\n<meta name=\"twitter:label1\" content=\"Tiempo de lectura\" \/>\n\t<meta name=\"twitter:data1\" content=\"1 minuto\" \/>\n<script type=\"application\/ld+json\" class=\"yoast-schema-graph\">{\"@context\":\"https:\\\/\\\/schema.org\",\"@graph\":[{\"@type\":\"Article\",\"@id\":\"http:\\\/\\\/cuartetoenlaweb.com.ar\\\/sitio\\\/pablo-echarri-sorprendio-y-hablo-del-pasado-antiperonista-de-su-familia-yo-siempre-fui-defensor-de-pobres\\\/#article\",\"isPartOf\":{\"@id\":\"http:\\\/\\\/cuartetoenlaweb.com.ar\\\/sitio\\\/pablo-echarri-sorprendio-y-hablo-del-pasado-antiperonista-de-su-familia-yo-siempre-fui-defensor-de-pobres\\\/\"},\"author\":{\"name\":\"\",\"@id\":\"\"},\"headline\":\"Pablo Echarri sorprendi\u00f3 y habl\u00f3 del pasado antiperonista de su familia: \u201cYo siempre fui defensor de pobres\u201d\",\"datePublished\":\"2026-04-28T05:59:53+00:00\",\"mainEntityOfPage\":{\"@id\":\"http:\\\/\\\/cuartetoenlaweb.com.ar\\\/sitio\\\/pablo-echarri-sorprendio-y-hablo-del-pasado-antiperonista-de-su-familia-yo-siempre-fui-defensor-de-pobres\\\/\"},\"wordCount\":120,\"publisher\":{\"@id\":\"http:\\\/\\\/cuartetoenlaweb.com.ar\\\/sitio\\\/#organization\"},\"image\":{\"@id\":\"http:\\\/\\\/cuartetoenlaweb.com.ar\\\/sitio\\\/pablo-echarri-sorprendio-y-hablo-del-pasado-antiperonista-de-su-familia-yo-siempre-fui-defensor-de-pobres\\\/#primaryimage\"},\"thumbnailUrl\":\"http:\\\/\\\/cuartetoenlaweb.com.ar\\\/sitio\\\/wp-content\\\/uploads\\\/2026\\\/04\\\/720-652.jpeg\",\"articleSection\":[\"PAIS\"],\"inLanguage\":\"es\"},{\"@type\":\"WebPage\",\"@id\":\"http:\\\/\\\/cuartetoenlaweb.com.ar\\\/sitio\\\/pablo-echarri-sorprendio-y-hablo-del-pasado-antiperonista-de-su-familia-yo-siempre-fui-defensor-de-pobres\\\/\",\"url\":\"http:\\\/\\\/cuartetoenlaweb.com.ar\\\/sitio\\\/pablo-echarri-sorprendio-y-hablo-del-pasado-antiperonista-de-su-familia-yo-siempre-fui-defensor-de-pobres\\\/\",\"name\":\"Pablo Echarri sorprendi\u00f3 y habl\u00f3 del pasado antiperonista de su familia: \u201cYo siempre fui defensor de pobres\u201d - Cuarteto en la Web\",\"isPartOf\":{\"@id\":\"http:\\\/\\\/cuartetoenlaweb.com.ar\\\/sitio\\\/#website\"},\"primaryImageOfPage\":{\"@id\":\"http:\\\/\\\/cuartetoenlaweb.com.ar\\\/sitio\\\/pablo-echarri-sorprendio-y-hablo-del-pasado-antiperonista-de-su-familia-yo-siempre-fui-defensor-de-pobres\\\/#primaryimage\"},\"image\":{\"@id\":\"http:\\\/\\\/cuartetoenlaweb.com.ar\\\/sitio\\\/pablo-echarri-sorprendio-y-hablo-del-pasado-antiperonista-de-su-familia-yo-siempre-fui-defensor-de-pobres\\\/#primaryimage\"},\"thumbnailUrl\":\"http:\\\/\\\/cuartetoenlaweb.com.ar\\\/sitio\\\/wp-content\\\/uploads\\\/2026\\\/04\\\/720-652.jpeg\",\"datePublished\":\"2026-04-28T05:59:53+00:00\",\"breadcrumb\":{\"@id\":\"http:\\\/\\\/cuartetoenlaweb.com.ar\\\/sitio\\\/pablo-echarri-sorprendio-y-hablo-del-pasado-antiperonista-de-su-familia-yo-siempre-fui-defensor-de-pobres\\\/#breadcrumb\"},\"inLanguage\":\"es\",\"potentialAction\":[{\"@type\":\"ReadAction\",\"target\":[\"http:\\\/\\\/cuartetoenlaweb.com.ar\\\/sitio\\\/pablo-echarri-sorprendio-y-hablo-del-pasado-antiperonista-de-su-familia-yo-siempre-fui-defensor-de-pobres\\\/\"]}]},{\"@type\":\"ImageObject\",\"inLanguage\":\"es\",\"@id\":\"http:\\\/\\\/cuartetoenlaweb.com.ar\\\/sitio\\\/pablo-echarri-sorprendio-y-hablo-del-pasado-antiperonista-de-su-familia-yo-siempre-fui-defensor-de-pobres\\\/#primaryimage\",\"url\":\"http:\\\/\\\/cuartetoenlaweb.com.ar\\\/sitio\\\/wp-content\\\/uploads\\\/2026\\\/04\\\/720-652.jpeg\",\"contentUrl\":\"http:\\\/\\\/cuartetoenlaweb.com.ar\\\/sitio\\\/wp-content\\\/uploads\\\/2026\\\/04\\\/720-652.jpeg\",\"width\":1280,\"height\":720},{\"@type\":\"BreadcrumbList\",\"@id\":\"http:\\\/\\\/cuartetoenlaweb.com.ar\\\/sitio\\\/pablo-echarri-sorprendio-y-hablo-del-pasado-antiperonista-de-su-familia-yo-siempre-fui-defensor-de-pobres\\\/#breadcrumb\",\"itemListElement\":[{\"@type\":\"ListItem\",\"position\":1,\"name\":\"Portada\",\"item\":\"http:\\\/\\\/cuartetoenlaweb.com.ar\\\/sitio\\\/\"},{\"@type\":\"ListItem\",\"position\":2,\"name\":\"Pablo Echarri sorprendi\u00f3 y habl\u00f3 del pasado antiperonista de su familia: \u201cYo siempre fui defensor de pobres\u201d\"}]},{\"@type\":\"WebSite\",\"@id\":\"http:\\\/\\\/cuartetoenlaweb.com.ar\\\/sitio\\\/#website\",\"url\":\"http:\\\/\\\/cuartetoenlaweb.com.ar\\\/sitio\\\/\",\"name\":\"Cuarteto en la Web\",\"description\":\"\",\"publisher\":{\"@id\":\"http:\\\/\\\/cuartetoenlaweb.com.ar\\\/sitio\\\/#organization\"},\"potentialAction\":[{\"@type\":\"SearchAction\",\"target\":{\"@type\":\"EntryPoint\",\"urlTemplate\":\"http:\\\/\\\/cuartetoenlaweb.com.ar\\\/sitio\\\/?s={search_term_string}\"},\"query-input\":{\"@type\":\"PropertyValueSpecification\",\"valueRequired\":true,\"valueName\":\"search_term_string\"}}],\"inLanguage\":\"es\"},{\"@type\":\"Organization\",\"@id\":\"http:\\\/\\\/cuartetoenlaweb.com.ar\\\/sitio\\\/#organization\",\"name\":\"Cuarteto en la Web\",\"url\":\"http:\\\/\\\/cuartetoenlaweb.com.ar\\\/sitio\\\/\",\"logo\":{\"@type\":\"ImageObject\",\"inLanguage\":\"es\",\"@id\":\"http:\\\/\\\/cuartetoenlaweb.com.ar\\\/sitio\\\/#\\\/schema\\\/logo\\\/image\\\/\",\"url\":\"http:\\\/\\\/cuartetoenlaweb.com.ar\\\/sitio\\\/wp-content\\\/uploads\\\/2025\\\/07\\\/cropped-cropped-logitoweb21.png\",\"contentUrl\":\"http:\\\/\\\/cuartetoenlaweb.com.ar\\\/sitio\\\/wp-content\\\/uploads\\\/2025\\\/07\\\/cropped-cropped-logitoweb21.png\",\"width\":199,\"height\":199,\"caption\":\"Cuarteto en la Web\"},\"image\":{\"@id\":\"http:\\\/\\\/cuartetoenlaweb.com.ar\\\/sitio\\\/#\\\/schema\\\/logo\\\/image\\\/\"}}]}<\/script>\n<!-- \/ Yoast SEO plugin. -->","yoast_head_json":{"title":"Pablo Echarri sorprendi\u00f3 y habl\u00f3 del pasado antiperonista de su familia: \u201cYo siempre fui defensor de pobres\u201d - Cuarteto en la Web","robots":{"index":"index","follow":"follow","max-snippet":"max-snippet:-1","max-image-preview":"max-image-preview:large","max-video-preview":"max-video-preview:-1"},"canonical":"http:\/\/cuartetoenlaweb.com.ar\/sitio\/pablo-echarri-sorprendio-y-hablo-del-pasado-antiperonista-de-su-familia-yo-siempre-fui-defensor-de-pobres\/","og_locale":"es_ES","og_type":"article","og_title":"Pablo Echarri sorprendi\u00f3 y habl\u00f3 del pasado antiperonista de su familia: \u201cYo siempre fui defensor de pobres\u201d - Cuarteto en la Web","og_description":"El actor Pablo Echarri volvi\u00f3 a dejar en claro que","og_url":"http:\/\/cuartetoenlaweb.com.ar\/sitio\/pablo-echarri-sorprendio-y-hablo-del-pasado-antiperonista-de-su-familia-yo-siempre-fui-defensor-de-pobres\/","og_site_name":"Cuarteto en la Web","article_published_time":"2026-04-28T05:59:53+00:00","og_image":[{"width":1280,"height":720,"url":"http:\/\/cuartetoenlaweb.com.ar\/sitio\/wp-content\/uploads\/2026\/04\/720-652.jpeg","type":"image\/jpeg"}],"twitter_card":"summary_large_image","twitter_misc":{"Tiempo de lectura":"1 minuto"},"schema":{"@context":"https:\/\/schema.org","@graph":[{"@type":"Article","@id":"http:\/\/cuartetoenlaweb.com.ar\/sitio\/pablo-echarri-sorprendio-y-hablo-del-pasado-antiperonista-de-su-familia-yo-siempre-fui-defensor-de-pobres\/#article","isPartOf":{"@id":"http:\/\/cuartetoenlaweb.com.ar\/sitio\/pablo-echarri-sorprendio-y-hablo-del-pasado-antiperonista-de-su-familia-yo-siempre-fui-defensor-de-pobres\/"},"author":{"name":"","@id":""},"headline":"Pablo Echarri sorprendi\u00f3 y habl\u00f3 del pasado antiperonista de su familia: \u201cYo siempre fui defensor de pobres\u201d","datePublished":"2026-04-28T05:59:53+00:00","mainEntityOfPage":{"@id":"http:\/\/cuartetoenlaweb.com.ar\/sitio\/pablo-echarri-sorprendio-y-hablo-del-pasado-antiperonista-de-su-familia-yo-siempre-fui-defensor-de-pobres\/"},"wordCount":120,"publisher":{"@id":"http:\/\/cuartetoenlaweb.com.ar\/sitio\/#organization"},"image":{"@id":"http:\/\/cuartetoenlaweb.com.ar\/sitio\/pablo-echarri-sorprendio-y-hablo-del-pasado-antiperonista-de-su-familia-yo-siempre-fui-defensor-de-pobres\/#primaryimage"},"thumbnailUrl":"http:\/\/cuartetoenlaweb.com.ar\/sitio\/wp-content\/uploads\/2026\/04\/720-652.jpeg","articleSection":["PAIS"],"inLanguage":"es"},{"@type":"WebPage","@id":"http:\/\/cuartetoenlaweb.com.ar\/sitio\/pablo-echarri-sorprendio-y-hablo-del-pasado-antiperonista-de-su-familia-yo-siempre-fui-defensor-de-pobres\/","url":"http:\/\/cuartetoenlaweb.com.ar\/sitio\/pablo-echarri-sorprendio-y-hablo-del-pasado-antiperonista-de-su-familia-yo-siempre-fui-defensor-de-pobres\/","name":"Pablo Echarri sorprendi\u00f3 y habl\u00f3 del pasado antiperonista de su familia: \u201cYo siempre fui defensor de pobres\u201d - Cuarteto en la Web","isPartOf":{"@id":"http:\/\/cuartetoenlaweb.com.ar\/sitio\/#website"},"primaryImageOfPage":{"@id":"http:\/\/cuartetoenlaweb.com.ar\/sitio\/pablo-echarri-sorprendio-y-hablo-del-pasado-antiperonista-de-su-familia-yo-siempre-fui-defensor-de-pobres\/#primaryimage"},"image":{"@id":"http:\/\/cuartetoenlaweb.com.ar\/sitio\/pablo-echarri-sorprendio-y-hablo-del-pasado-antiperonista-de-su-familia-yo-siempre-fui-defensor-de-pobres\/#primaryimage"},"thumbnailUrl":"http:\/\/cuartetoenlaweb.com.ar\/sitio\/wp-content\/uploads\/2026\/04\/720-652.jpeg","datePublished":"2026-04-28T05:59:53+00:00","breadcrumb":{"@id":"http:\/\/cuartetoenlaweb.com.ar\/sitio\/pablo-echarri-sorprendio-y-hablo-del-pasado-antiperonista-de-su-familia-yo-siempre-fui-defensor-de-pobres\/#breadcrumb"},"inLanguage":"es","potentialAction":[{"@type":"ReadAction","target":["http:\/\/cuartetoenlaweb.com.ar\/sitio\/pablo-echarri-sorprendio-y-hablo-del-pasado-antiperonista-de-su-familia-yo-siempre-fui-defensor-de-pobres\/"]}]},{"@type":"ImageObject","inLanguage":"es","@id":"http:\/\/cuartetoenlaweb.com.ar\/sitio\/pablo-echarri-sorprendio-y-hablo-del-pasado-antiperonista-de-su-familia-yo-siempre-fui-defensor-de-pobres\/#primaryimage","url":"http:\/\/cuartetoenlaweb.com.ar\/sitio\/wp-content\/uploads\/2026\/04\/720-652.jpeg","contentUrl":"http:\/\/cuartetoenlaweb.com.ar\/sitio\/wp-content\/uploads\/2026\/04\/720-652.jpeg","width":1280,"height":720},{"@type":"BreadcrumbList","@id":"http:\/\/cuartetoenlaweb.com.ar\/sitio\/pablo-echarri-sorprendio-y-hablo-del-pasado-antiperonista-de-su-familia-yo-siempre-fui-defensor-de-pobres\/#breadcrumb","itemListElement":[{"@type":"ListItem","position":1,"name":"Portada","item":"http:\/\/cuartetoenlaweb.com.ar\/sitio\/"},{"@type":"ListItem","position":2,"name":"Pablo Echarri sorprendi\u00f3 y habl\u00f3 del pasado antiperonista de su familia: \u201cYo siempre fui defensor de pobres\u201d"}]},{"@type":"WebSite","@id":"http:\/\/cuartetoenlaweb.com.ar\/sitio\/#website","url":"http:\/\/cuartetoenlaweb.com.ar\/sitio\/","name":"Cuarteto en la Web","description":"","publisher":{"@id":"http:\/\/cuartetoenlaweb.com.ar\/sitio\/#organization"},"potentialAction":[{"@type":"SearchAction","target":{"@type":"EntryPoint","urlTemplate":"http:\/\/cuartetoenlaweb.com.ar\/sitio\/?s={search_term_string}"},"query-input":{"@type":"PropertyValueSpecification","valueRequired":true,"valueName":"search_term_string"}}],"inLanguage":"es"},{"@type":"Organization","@id":"http:\/\/cuartetoenlaweb.com.ar\/sitio\/#organization","name":"Cuarteto en la Web","url":"http:\/\/cuartetoenlaweb.com.ar\/sitio\/","logo":{"@type":"ImageObject","inLanguage":"es","@id":"http:\/\/cuartetoenlaweb.com.ar\/sitio\/#\/schema\/logo\/image\/","url":"http:\/\/cuartetoenlaweb.com.ar\/sitio\/wp-content\/uploads\/2025\/07\/cropped-cropped-logitoweb21.png","contentUrl":"http:\/\/cuartetoenlaweb.com.ar\/sitio\/wp-content\/uploads\/2025\/07\/cropped-cropped-logitoweb21.png","width":199,"height":199,"caption":"Cuarteto en la Web"},"image":{"@id":"http:\/\/cuartetoenlaweb.com.ar\/sitio\/#\/schema\/logo\/image\/"}}]}},"_links":{"self":[{"href":"http:\/\/cuartetoenlaweb.com.ar\/sitio\/wp-json\/wp\/v2\/posts\/19144","targetHints":{"allow":["GET"]}}],"collection":[{"href":"http:\/\/cuartetoenlaweb.com.ar\/sitio\/wp-json\/wp\/v2\/posts"}],"about":[{"href":"http:\/\/cuartetoenlaweb.com.ar\/sitio\/wp-json\/wp\/v2\/types\/post"}],"replies":[{"embeddable":true,"href":"http:\/\/cuartetoenlaweb.com.ar\/sitio\/wp-json\/wp\/v2\/comments?post=19144"}],"version-history":[{"count":0,"href":"http:\/\/cuartetoenlaweb.com.ar\/sitio\/wp-json\/wp\/v2\/posts\/19144\/revisions"}],"wp:featuredmedia":[{"embeddable":true,"href":"http:\/\/cuartetoenlaweb.com.ar\/sitio\/wp-json\/wp\/v2\/media\/19145"}],"wp:attachment":[{"href":"http:\/\/cuartetoenlaweb.com.ar\/sitio\/wp-json\/wp\/v2\/media?parent=19144"}],"wp:term":[{"taxonomy":"category","embeddable":true,"href":"http:\/\/cuartetoenlaweb.com.ar\/sitio\/wp-json\/wp\/v2\/categories?post=19144"},{"taxonomy":"post_tag","embeddable":true,"href":"http:\/\/cuartetoenlaweb.com.ar\/sitio\/wp-json\/wp\/v2\/tags?post=19144"}],"curies":[{"name":"wp","href":"https:\/\/api.w.org\/{rel}","templated":true}]}}