
{"id":19136,"date":"2026-04-28T02:59:39","date_gmt":"2026-04-28T05:59:39","guid":{"rendered":"https:\/\/cuartetoenlaweb.com.ar\/sitio\/asi-fue-el-ingreso-de-la-bomba-tucumana-a-gran-hermano-para-reemplazar-a-la-maciel\/"},"modified":"2026-04-28T02:59:39","modified_gmt":"2026-04-28T05:59:39","slug":"asi-fue-el-ingreso-de-la-bomba-tucumana-a-gran-hermano-para-reemplazar-a-la-maciel","status":"publish","type":"post","link":"http:\/\/cuartetoenlaweb.com.ar\/sitio\/asi-fue-el-ingreso-de-la-bomba-tucumana-a-gran-hermano-para-reemplazar-a-la-maciel\/","title":{"rendered":"As\u00ed fue el ingreso de La Bomba Tucumana a Gran Hermano para reemplazar a La Maciel"},"content":{"rendered":"<p>La puerta parece giratoria, probablemente nunca antes se vivi\u00f3 semejante cantidad de apertura de ese portal. La casa m\u00e1s famosa experimenta una variaci\u00f3n interminable de participantes, con la b\u00fasqueda desesperada de la producci\u00f3n de <em><strong><a href=\"https:\/\/www.paparazzi.com.ar\/teve\/el-desgarrador-llanto-de-tamara-paganini-en-gran-hermano-al-recordar-la-muerte-de-sus-bebes-se-me-murio-en-mis-brazos\/\">Gran Hermano<\/a><\/strong><\/em> de enderezar el rating.<\/p>\n<p>Esta temporada del reality se caracteriza por una lista interminable de concursantes, no solo por la selecci\u00f3n primaria de casi treinta personas, sino por la mec\u00e1nica incesante de modificar la composici\u00f3n de los habitantes. As\u00ed se sumaron personajes todas las semanas.<\/p>\n<p>Los abandonos y problemas de salud se multiplicaron en el show que anima <strong>Santiago del Moro<\/strong>, como la reciente salida por motus propios de <strong>La Maciel,<\/strong> quien no aguant\u00f3 las secuelas de una denuncia en su contra en la Justicia por lo que arm\u00f3 su valija y se retir\u00f3.<\/p>\n<div class=\"mt-box \">\n<h4 class=\"mt-heading\">Mir\u00e1 Tambi\u00e9n<\/h4>\n<p><a href=\"https:\/\/www.paparazzi.com.ar\/teve\/el-desgarrador-llanto-de-tamara-paganini-en-gran-hermano-al-recordar-la-muerte-de-sus-bebes-se-me-murio-en-mis-brazos\/\"><\/p>\n<div class=\"mt-content\">\n<div class=\"mt-image-container\"><img decoding=\"async\" src=\"https:\/\/www.paparazzi.com.ar\/wp-content\/uploads\/2026\/04\/Tamara-Paganini-oko-359x226.jpg\" alt=\"El desgarrador llanto de Tamara Paganini en Gran Hermano al recordar la muerte de sus beb\u00e9s: \u201cSe me muri\u00f3 en mis brazos\u201d\" class=\"mt-image\" loading=\"lazy\" \/><\/div>\n<h5 class=\"mt-title\">El desgarrador llanto de Tamara Paganini en Gran Hermano al recordar la muerte de sus beb\u00e9s: \u201cSe me muri\u00f3 en mis brazos\u201d<\/h5>\n<\/div>\n<p><\/a><\/div>\n<p>Merced a ese hueco, la producci\u00f3n se movi\u00f3 r\u00e1pidamente y pens\u00f3 en una famosa que genere ruido con su personalidad y contrat\u00f3 a <strong>Gladys La Bomba Tucumana<\/strong>, en otra demostraci\u00f3n de la billetera gorda para invertir en famosas, como en el caso de <strong>Grecia Colmenares<\/strong>.<\/p>\n<h2 class=\"wp-block-heading\">LA BOMBA TUCUMANA ENTR\u00d3 A GRAN HERMANO<\/h2>\n<p>El lunes se produjo la entrada de la cantante, que en la previa de sumergirse en ese entramado de peleas y conflictos permanentes que es la casa, explic\u00f3 sus motivos: \u00abHay gente que no me conoce como persona. Quiero mostrar que todav\u00eda tengo sue\u00f1os y voy por ello\u00bb.<\/p>\n<p>Santiago la recibi\u00f3 en el estudio y le remarc\u00f3 lo que pretenden como programa y le manifest\u00f3: \u00abQueremos show, queremos Gran Hermano, \u00bflo prometes?\u00bb. Ante esa exigencia, La Bomba confirm\u00f3 que procurar\u00e1 generar un sacud\u00f3n: \u00abLo prometo. Estoy nerviosa, esto es una cosa muy grande. Explota todo en la casa, explota Gran Hermano\u00bb.<\/p>\n<div class=\"mt-box \">\n<h4 class=\"mt-heading\">Mir\u00e1 Tambi\u00e9n<\/h4>\n<p><a href=\"https:\/\/www.paparazzi.com.ar\/teve\/flor-vigna-revelo-su-secreto-problema-de-salud-mental-y-sorprendio-a-todos-no-tenia-ganas-de-vivir\/\"><\/p>\n<div class=\"mt-content\">\n<div class=\"mt-image-container\"><img decoding=\"async\" src=\"https:\/\/www.paparazzi.com.ar\/wp-content\/uploads\/2024\/10\/Flor-Vigna.jpg-359x226.webp\" alt=\"Flor Vigna revel\u00f3 su secreto problema de salud mental y sorprendi\u00f3 a todos: \u201cNo ten\u00eda ganas de vivir\u201d\" class=\"mt-image\" loading=\"lazy\" \/><\/div>\n<h5 class=\"mt-title\">Flor Vigna revel\u00f3 su secreto problema de salud mental y sorprendi\u00f3 a todos: \u201cNo ten\u00eda ganas de vivir\u201d<\/h5>\n<\/div>\n<p><\/a><\/div>\n<div class=\"mt-box \">\n<h4 class=\"mt-heading\">Mir\u00e1 Tambi\u00e9n<\/h4>\n<p><a href=\"https:\/\/www.paparazzi.com.ar\/teve\/yanina-latorre-conto-la-frase-escatologica-de-pampita-en-los-martin-fierro-de-la-moda-comi-tanto-que\/\"><\/p>\n<div class=\"mt-content\">\n<div class=\"mt-image-container\"><img decoding=\"async\" src=\"https:\/\/www.paparazzi.com.ar\/wp-content\/uploads\/2026\/04\/Yanina-Latorre-Pampita-359x226.jpg\" alt=\"Yanina Latorre cont\u00f3 la frase escatol\u00f3gica de Pampita en los Mart\u00edn Fierro de la Moda: \u201cCom\u00ed tanto que\u2026\u201d\" class=\"mt-image\" loading=\"lazy\" \/><\/div>\n<h5 class=\"mt-title\">Yanina Latorre cont\u00f3 la frase escatol\u00f3gica de Pampita en los Mart\u00edn Fierro de la Moda: \u201cCom\u00ed tanto que\u2026\u201d<\/h5>\n<\/div>\n<p><\/a><\/div>\n<p>The post <a href=\"https:\/\/www.paparazzi.com.ar\/teve\/asi-fue-el-ingreso-de-la-bomba-tucumana-a-gran-hermano-para-reemplazar-a-la-maciel\/\">As\u00ed fue el ingreso de La Bomba Tucumana a Gran Hermano para reemplazar a La Maciel<\/a> appeared first on <a href=\"https:\/\/www.paparazzi.com.ar\">Revista Paparazzi<\/a>.<\/p>\n","protected":false},"excerpt":{"rendered":"<p>La puerta parece giratoria, probablemente nunca antes se vivi\u00f3 semejante<\/p>\n","protected":false},"author":0,"featured_media":19137,"comment_status":"","ping_status":"","sticky":false,"template":"","format":"standard","meta":{"footnotes":""},"categories":[12],"tags":[],"class_list":["post-19136","post","type-post","status-publish","format-standard","has-post-thumbnail","hentry","category-espectaculo"],"yoast_head":"<!-- This site is optimized with the Yoast SEO plugin v27.5 - https:\/\/yoast.com\/product\/yoast-seo-wordpress\/ -->\n<title>As\u00ed fue el ingreso de La Bomba Tucumana a Gran Hermano para reemplazar a La Maciel - Cuarteto en la Web<\/title>\n<meta name=\"robots\" content=\"index, follow, max-snippet:-1, max-image-preview:large, max-video-preview:-1\" \/>\n<link rel=\"canonical\" href=\"http:\/\/cuartetoenlaweb.com.ar\/sitio\/asi-fue-el-ingreso-de-la-bomba-tucumana-a-gran-hermano-para-reemplazar-a-la-maciel\/\" \/>\n<meta property=\"og:locale\" content=\"es_ES\" \/>\n<meta property=\"og:type\" content=\"article\" \/>\n<meta property=\"og:title\" content=\"As\u00ed fue el ingreso de La Bomba Tucumana a Gran Hermano para reemplazar a La Maciel - Cuarteto en la Web\" \/>\n<meta property=\"og:description\" content=\"La puerta parece giratoria, probablemente nunca antes se vivi\u00f3 semejante\" \/>\n<meta property=\"og:url\" content=\"http:\/\/cuartetoenlaweb.com.ar\/sitio\/asi-fue-el-ingreso-de-la-bomba-tucumana-a-gran-hermano-para-reemplazar-a-la-maciel\/\" \/>\n<meta property=\"og:site_name\" content=\"Cuarteto en la Web\" \/>\n<meta property=\"article:published_time\" content=\"2026-04-28T05:59:39+00:00\" \/>\n<meta property=\"og:image\" content=\"http:\/\/cuartetoenlaweb.com.ar\/sitio\/wp-content\/uploads\/2026\/04\/Tamara-Paganini-oko-359x226-1.jpg\" \/>\n\t<meta property=\"og:image:width\" content=\"359\" \/>\n\t<meta property=\"og:image:height\" content=\"226\" \/>\n\t<meta property=\"og:image:type\" content=\"image\/jpeg\" \/>\n<meta name=\"twitter:card\" content=\"summary_large_image\" \/>\n<meta name=\"twitter:label1\" content=\"Tiempo de lectura\" \/>\n\t<meta name=\"twitter:data1\" content=\"2 minutos\" \/>\n<script type=\"application\/ld+json\" class=\"yoast-schema-graph\">{\"@context\":\"https:\\\/\\\/schema.org\",\"@graph\":[{\"@type\":\"Article\",\"@id\":\"http:\\\/\\\/cuartetoenlaweb.com.ar\\\/sitio\\\/asi-fue-el-ingreso-de-la-bomba-tucumana-a-gran-hermano-para-reemplazar-a-la-maciel\\\/#article\",\"isPartOf\":{\"@id\":\"http:\\\/\\\/cuartetoenlaweb.com.ar\\\/sitio\\\/asi-fue-el-ingreso-de-la-bomba-tucumana-a-gran-hermano-para-reemplazar-a-la-maciel\\\/\"},\"author\":{\"name\":\"\",\"@id\":\"\"},\"headline\":\"As\u00ed fue el ingreso de La Bomba Tucumana a Gran Hermano para reemplazar a La Maciel\",\"datePublished\":\"2026-04-28T05:59:39+00:00\",\"mainEntityOfPage\":{\"@id\":\"http:\\\/\\\/cuartetoenlaweb.com.ar\\\/sitio\\\/asi-fue-el-ingreso-de-la-bomba-tucumana-a-gran-hermano-para-reemplazar-a-la-maciel\\\/\"},\"wordCount\":406,\"publisher\":{\"@id\":\"http:\\\/\\\/cuartetoenlaweb.com.ar\\\/sitio\\\/#organization\"},\"image\":{\"@id\":\"http:\\\/\\\/cuartetoenlaweb.com.ar\\\/sitio\\\/asi-fue-el-ingreso-de-la-bomba-tucumana-a-gran-hermano-para-reemplazar-a-la-maciel\\\/#primaryimage\"},\"thumbnailUrl\":\"http:\\\/\\\/cuartetoenlaweb.com.ar\\\/sitio\\\/wp-content\\\/uploads\\\/2026\\\/04\\\/Tamara-Paganini-oko-359x226-1.jpg\",\"articleSection\":[\"ESPECT\u00c1CULO\"],\"inLanguage\":\"es\"},{\"@type\":\"WebPage\",\"@id\":\"http:\\\/\\\/cuartetoenlaweb.com.ar\\\/sitio\\\/asi-fue-el-ingreso-de-la-bomba-tucumana-a-gran-hermano-para-reemplazar-a-la-maciel\\\/\",\"url\":\"http:\\\/\\\/cuartetoenlaweb.com.ar\\\/sitio\\\/asi-fue-el-ingreso-de-la-bomba-tucumana-a-gran-hermano-para-reemplazar-a-la-maciel\\\/\",\"name\":\"As\u00ed fue el ingreso de La Bomba Tucumana a Gran Hermano para reemplazar a La Maciel - Cuarteto en la Web\",\"isPartOf\":{\"@id\":\"http:\\\/\\\/cuartetoenlaweb.com.ar\\\/sitio\\\/#website\"},\"primaryImageOfPage\":{\"@id\":\"http:\\\/\\\/cuartetoenlaweb.com.ar\\\/sitio\\\/asi-fue-el-ingreso-de-la-bomba-tucumana-a-gran-hermano-para-reemplazar-a-la-maciel\\\/#primaryimage\"},\"image\":{\"@id\":\"http:\\\/\\\/cuartetoenlaweb.com.ar\\\/sitio\\\/asi-fue-el-ingreso-de-la-bomba-tucumana-a-gran-hermano-para-reemplazar-a-la-maciel\\\/#primaryimage\"},\"thumbnailUrl\":\"http:\\\/\\\/cuartetoenlaweb.com.ar\\\/sitio\\\/wp-content\\\/uploads\\\/2026\\\/04\\\/Tamara-Paganini-oko-359x226-1.jpg\",\"datePublished\":\"2026-04-28T05:59:39+00:00\",\"breadcrumb\":{\"@id\":\"http:\\\/\\\/cuartetoenlaweb.com.ar\\\/sitio\\\/asi-fue-el-ingreso-de-la-bomba-tucumana-a-gran-hermano-para-reemplazar-a-la-maciel\\\/#breadcrumb\"},\"inLanguage\":\"es\",\"potentialAction\":[{\"@type\":\"ReadAction\",\"target\":[\"http:\\\/\\\/cuartetoenlaweb.com.ar\\\/sitio\\\/asi-fue-el-ingreso-de-la-bomba-tucumana-a-gran-hermano-para-reemplazar-a-la-maciel\\\/\"]}]},{\"@type\":\"ImageObject\",\"inLanguage\":\"es\",\"@id\":\"http:\\\/\\\/cuartetoenlaweb.com.ar\\\/sitio\\\/asi-fue-el-ingreso-de-la-bomba-tucumana-a-gran-hermano-para-reemplazar-a-la-maciel\\\/#primaryimage\",\"url\":\"http:\\\/\\\/cuartetoenlaweb.com.ar\\\/sitio\\\/wp-content\\\/uploads\\\/2026\\\/04\\\/Tamara-Paganini-oko-359x226-1.jpg\",\"contentUrl\":\"http:\\\/\\\/cuartetoenlaweb.com.ar\\\/sitio\\\/wp-content\\\/uploads\\\/2026\\\/04\\\/Tamara-Paganini-oko-359x226-1.jpg\",\"width\":359,\"height\":226},{\"@type\":\"BreadcrumbList\",\"@id\":\"http:\\\/\\\/cuartetoenlaweb.com.ar\\\/sitio\\\/asi-fue-el-ingreso-de-la-bomba-tucumana-a-gran-hermano-para-reemplazar-a-la-maciel\\\/#breadcrumb\",\"itemListElement\":[{\"@type\":\"ListItem\",\"position\":1,\"name\":\"Portada\",\"item\":\"http:\\\/\\\/cuartetoenlaweb.com.ar\\\/sitio\\\/\"},{\"@type\":\"ListItem\",\"position\":2,\"name\":\"As\u00ed fue el ingreso de La Bomba Tucumana a Gran Hermano para reemplazar a La Maciel\"}]},{\"@type\":\"WebSite\",\"@id\":\"http:\\\/\\\/cuartetoenlaweb.com.ar\\\/sitio\\\/#website\",\"url\":\"http:\\\/\\\/cuartetoenlaweb.com.ar\\\/sitio\\\/\",\"name\":\"Cuarteto en la Web\",\"description\":\"\",\"publisher\":{\"@id\":\"http:\\\/\\\/cuartetoenlaweb.com.ar\\\/sitio\\\/#organization\"},\"potentialAction\":[{\"@type\":\"SearchAction\",\"target\":{\"@type\":\"EntryPoint\",\"urlTemplate\":\"http:\\\/\\\/cuartetoenlaweb.com.ar\\\/sitio\\\/?s={search_term_string}\"},\"query-input\":{\"@type\":\"PropertyValueSpecification\",\"valueRequired\":true,\"valueName\":\"search_term_string\"}}],\"inLanguage\":\"es\"},{\"@type\":\"Organization\",\"@id\":\"http:\\\/\\\/cuartetoenlaweb.com.ar\\\/sitio\\\/#organization\",\"name\":\"Cuarteto en la Web\",\"url\":\"http:\\\/\\\/cuartetoenlaweb.com.ar\\\/sitio\\\/\",\"logo\":{\"@type\":\"ImageObject\",\"inLanguage\":\"es\",\"@id\":\"http:\\\/\\\/cuartetoenlaweb.com.ar\\\/sitio\\\/#\\\/schema\\\/logo\\\/image\\\/\",\"url\":\"http:\\\/\\\/cuartetoenlaweb.com.ar\\\/sitio\\\/wp-content\\\/uploads\\\/2025\\\/07\\\/cropped-cropped-logitoweb21.png\",\"contentUrl\":\"http:\\\/\\\/cuartetoenlaweb.com.ar\\\/sitio\\\/wp-content\\\/uploads\\\/2025\\\/07\\\/cropped-cropped-logitoweb21.png\",\"width\":199,\"height\":199,\"caption\":\"Cuarteto en la Web\"},\"image\":{\"@id\":\"http:\\\/\\\/cuartetoenlaweb.com.ar\\\/sitio\\\/#\\\/schema\\\/logo\\\/image\\\/\"}}]}<\/script>\n<!-- \/ Yoast SEO plugin. -->","yoast_head_json":{"title":"As\u00ed fue el ingreso de La Bomba Tucumana a Gran Hermano para reemplazar a La Maciel - Cuarteto en la Web","robots":{"index":"index","follow":"follow","max-snippet":"max-snippet:-1","max-image-preview":"max-image-preview:large","max-video-preview":"max-video-preview:-1"},"canonical":"http:\/\/cuartetoenlaweb.com.ar\/sitio\/asi-fue-el-ingreso-de-la-bomba-tucumana-a-gran-hermano-para-reemplazar-a-la-maciel\/","og_locale":"es_ES","og_type":"article","og_title":"As\u00ed fue el ingreso de La Bomba Tucumana a Gran Hermano para reemplazar a La Maciel - Cuarteto en la Web","og_description":"La puerta parece giratoria, probablemente nunca antes se vivi\u00f3 semejante","og_url":"http:\/\/cuartetoenlaweb.com.ar\/sitio\/asi-fue-el-ingreso-de-la-bomba-tucumana-a-gran-hermano-para-reemplazar-a-la-maciel\/","og_site_name":"Cuarteto en la Web","article_published_time":"2026-04-28T05:59:39+00:00","og_image":[{"width":359,"height":226,"url":"http:\/\/cuartetoenlaweb.com.ar\/sitio\/wp-content\/uploads\/2026\/04\/Tamara-Paganini-oko-359x226-1.jpg","type":"image\/jpeg"}],"twitter_card":"summary_large_image","twitter_misc":{"Tiempo de lectura":"2 minutos"},"schema":{"@context":"https:\/\/schema.org","@graph":[{"@type":"Article","@id":"http:\/\/cuartetoenlaweb.com.ar\/sitio\/asi-fue-el-ingreso-de-la-bomba-tucumana-a-gran-hermano-para-reemplazar-a-la-maciel\/#article","isPartOf":{"@id":"http:\/\/cuartetoenlaweb.com.ar\/sitio\/asi-fue-el-ingreso-de-la-bomba-tucumana-a-gran-hermano-para-reemplazar-a-la-maciel\/"},"author":{"name":"","@id":""},"headline":"As\u00ed fue el ingreso de La Bomba Tucumana a Gran Hermano para reemplazar a La Maciel","datePublished":"2026-04-28T05:59:39+00:00","mainEntityOfPage":{"@id":"http:\/\/cuartetoenlaweb.com.ar\/sitio\/asi-fue-el-ingreso-de-la-bomba-tucumana-a-gran-hermano-para-reemplazar-a-la-maciel\/"},"wordCount":406,"publisher":{"@id":"http:\/\/cuartetoenlaweb.com.ar\/sitio\/#organization"},"image":{"@id":"http:\/\/cuartetoenlaweb.com.ar\/sitio\/asi-fue-el-ingreso-de-la-bomba-tucumana-a-gran-hermano-para-reemplazar-a-la-maciel\/#primaryimage"},"thumbnailUrl":"http:\/\/cuartetoenlaweb.com.ar\/sitio\/wp-content\/uploads\/2026\/04\/Tamara-Paganini-oko-359x226-1.jpg","articleSection":["ESPECT\u00c1CULO"],"inLanguage":"es"},{"@type":"WebPage","@id":"http:\/\/cuartetoenlaweb.com.ar\/sitio\/asi-fue-el-ingreso-de-la-bomba-tucumana-a-gran-hermano-para-reemplazar-a-la-maciel\/","url":"http:\/\/cuartetoenlaweb.com.ar\/sitio\/asi-fue-el-ingreso-de-la-bomba-tucumana-a-gran-hermano-para-reemplazar-a-la-maciel\/","name":"As\u00ed fue el ingreso de La Bomba Tucumana a Gran Hermano para reemplazar a La Maciel - Cuarteto en la Web","isPartOf":{"@id":"http:\/\/cuartetoenlaweb.com.ar\/sitio\/#website"},"primaryImageOfPage":{"@id":"http:\/\/cuartetoenlaweb.com.ar\/sitio\/asi-fue-el-ingreso-de-la-bomba-tucumana-a-gran-hermano-para-reemplazar-a-la-maciel\/#primaryimage"},"image":{"@id":"http:\/\/cuartetoenlaweb.com.ar\/sitio\/asi-fue-el-ingreso-de-la-bomba-tucumana-a-gran-hermano-para-reemplazar-a-la-maciel\/#primaryimage"},"thumbnailUrl":"http:\/\/cuartetoenlaweb.com.ar\/sitio\/wp-content\/uploads\/2026\/04\/Tamara-Paganini-oko-359x226-1.jpg","datePublished":"2026-04-28T05:59:39+00:00","breadcrumb":{"@id":"http:\/\/cuartetoenlaweb.com.ar\/sitio\/asi-fue-el-ingreso-de-la-bomba-tucumana-a-gran-hermano-para-reemplazar-a-la-maciel\/#breadcrumb"},"inLanguage":"es","potentialAction":[{"@type":"ReadAction","target":["http:\/\/cuartetoenlaweb.com.ar\/sitio\/asi-fue-el-ingreso-de-la-bomba-tucumana-a-gran-hermano-para-reemplazar-a-la-maciel\/"]}]},{"@type":"ImageObject","inLanguage":"es","@id":"http:\/\/cuartetoenlaweb.com.ar\/sitio\/asi-fue-el-ingreso-de-la-bomba-tucumana-a-gran-hermano-para-reemplazar-a-la-maciel\/#primaryimage","url":"http:\/\/cuartetoenlaweb.com.ar\/sitio\/wp-content\/uploads\/2026\/04\/Tamara-Paganini-oko-359x226-1.jpg","contentUrl":"http:\/\/cuartetoenlaweb.com.ar\/sitio\/wp-content\/uploads\/2026\/04\/Tamara-Paganini-oko-359x226-1.jpg","width":359,"height":226},{"@type":"BreadcrumbList","@id":"http:\/\/cuartetoenlaweb.com.ar\/sitio\/asi-fue-el-ingreso-de-la-bomba-tucumana-a-gran-hermano-para-reemplazar-a-la-maciel\/#breadcrumb","itemListElement":[{"@type":"ListItem","position":1,"name":"Portada","item":"http:\/\/cuartetoenlaweb.com.ar\/sitio\/"},{"@type":"ListItem","position":2,"name":"As\u00ed fue el ingreso de La Bomba Tucumana a Gran Hermano para reemplazar a La Maciel"}]},{"@type":"WebSite","@id":"http:\/\/cuartetoenlaweb.com.ar\/sitio\/#website","url":"http:\/\/cuartetoenlaweb.com.ar\/sitio\/","name":"Cuarteto en la Web","description":"","publisher":{"@id":"http:\/\/cuartetoenlaweb.com.ar\/sitio\/#organization"},"potentialAction":[{"@type":"SearchAction","target":{"@type":"EntryPoint","urlTemplate":"http:\/\/cuartetoenlaweb.com.ar\/sitio\/?s={search_term_string}"},"query-input":{"@type":"PropertyValueSpecification","valueRequired":true,"valueName":"search_term_string"}}],"inLanguage":"es"},{"@type":"Organization","@id":"http:\/\/cuartetoenlaweb.com.ar\/sitio\/#organization","name":"Cuarteto en la Web","url":"http:\/\/cuartetoenlaweb.com.ar\/sitio\/","logo":{"@type":"ImageObject","inLanguage":"es","@id":"http:\/\/cuartetoenlaweb.com.ar\/sitio\/#\/schema\/logo\/image\/","url":"http:\/\/cuartetoenlaweb.com.ar\/sitio\/wp-content\/uploads\/2025\/07\/cropped-cropped-logitoweb21.png","contentUrl":"http:\/\/cuartetoenlaweb.com.ar\/sitio\/wp-content\/uploads\/2025\/07\/cropped-cropped-logitoweb21.png","width":199,"height":199,"caption":"Cuarteto en la Web"},"image":{"@id":"http:\/\/cuartetoenlaweb.com.ar\/sitio\/#\/schema\/logo\/image\/"}}]}},"_links":{"self":[{"href":"http:\/\/cuartetoenlaweb.com.ar\/sitio\/wp-json\/wp\/v2\/posts\/19136","targetHints":{"allow":["GET"]}}],"collection":[{"href":"http:\/\/cuartetoenlaweb.com.ar\/sitio\/wp-json\/wp\/v2\/posts"}],"about":[{"href":"http:\/\/cuartetoenlaweb.com.ar\/sitio\/wp-json\/wp\/v2\/types\/post"}],"replies":[{"embeddable":true,"href":"http:\/\/cuartetoenlaweb.com.ar\/sitio\/wp-json\/wp\/v2\/comments?post=19136"}],"version-history":[{"count":0,"href":"http:\/\/cuartetoenlaweb.com.ar\/sitio\/wp-json\/wp\/v2\/posts\/19136\/revisions"}],"wp:featuredmedia":[{"embeddable":true,"href":"http:\/\/cuartetoenlaweb.com.ar\/sitio\/wp-json\/wp\/v2\/media\/19137"}],"wp:attachment":[{"href":"http:\/\/cuartetoenlaweb.com.ar\/sitio\/wp-json\/wp\/v2\/media?parent=19136"}],"wp:term":[{"taxonomy":"category","embeddable":true,"href":"http:\/\/cuartetoenlaweb.com.ar\/sitio\/wp-json\/wp\/v2\/categories?post=19136"},{"taxonomy":"post_tag","embeddable":true,"href":"http:\/\/cuartetoenlaweb.com.ar\/sitio\/wp-json\/wp\/v2\/tags?post=19136"}],"curies":[{"name":"wp","href":"https:\/\/api.w.org\/{rel}","templated":true}]}}