
{"id":19114,"date":"2026-04-27T17:00:01","date_gmt":"2026-04-27T20:00:01","guid":{"rendered":"https:\/\/cuartetoenlaweb.com.ar\/sitio\/acusan-a-cole-tomas-allen-por-intento-de-asesinato-contra-donald-trump\/"},"modified":"2026-04-27T17:00:01","modified_gmt":"2026-04-27T20:00:01","slug":"acusan-a-cole-tomas-allen-por-intento-de-asesinato-contra-donald-trump","status":"publish","type":"post","link":"http:\/\/cuartetoenlaweb.com.ar\/sitio\/acusan-a-cole-tomas-allen-por-intento-de-asesinato-contra-donald-trump\/","title":{"rendered":"Acusan a Cole Tomas Allen por intento de asesinato contra Donald Trump"},"content":{"rendered":"<p>Buenos Aires, 27 abril (NA) \u2014 Cole Tomas Allen, sospechoso del tiroteo ocurrido la noche del s\u00e1bado en la cena de la Asociaci\u00f3n de Corresponsales de la Casa Blanca, fue formalmente acusado este lunes de intento de asesinato del presidente de Estados Unidos, Donald Trump.<\/p>\n<p>Allen, de 31 a\u00f1os, se present\u00f3 ante el juez federal de instrucci\u00f3n, Matthew Sharbaugh, vestido con un uniforme carcelario azul brillante. Permaneci\u00f3 mayormente inm\u00f3vil durante el procedimiento, escuchando al magistrado y respondiendo a sus preguntas en voz alta y con claridad.<\/p>\n<p>Los cargos que pesan sobre Allen son: utilizar un arma de fuego durante un delito violento; transporte de armas de fuego en el comercio interestatal con la intenci\u00f3n de cometer un delito grave; e intento de asesinato del presidente de los Estados Unidos.<\/p>\n<p>Por la tentativa de asesinato al presidente de EE. UU. podr\u00eda enfrentarse a una pena de hasta cadena perpetua en caso de ser declarado culpable. Por transportar un arma de fuego y municiones afrontar\u00eda hasta 10 a\u00f1os de prisi\u00f3n y, por disparar un arma de fuego durante un delito violento, recibir\u00eda una pena adicional con un m\u00ednimo obligatorio de 10 a\u00f1os.<\/p>\n<p>Allen dijo al juez Sharbaugh que tiene una maestr\u00eda en ciencias de la computaci\u00f3n, que no ha consumido recientemente drogas ni alcohol, y que quer\u00eda que el tribunal le designara abogados defensores para que lo representaran en el caso, informaron CNN, CBS News y supo la Agencia Noticias Argentinas.<\/p>\n<p>\u201cEl Sr. Allen viaj\u00f3 a trav\u00e9s de las fronteras estatales\u2026 armado con un arma de fuego, lleg\u00f3 a Washington\u201d, declar\u00f3 la fiscal Jocelyn Ballantine al juez al argumentar que deb\u00eda permanecer detenido mientras el caso avanza. A\u00f1adi\u00f3 que, una vez en la ciudad, Allen \u201cintent\u00f3 asesinar al presidente de los Estados Unidos, Donald J. Trump\u201d.<\/p>\n<p>\u201cSolicitamos al tribunal la detenci\u00f3n preventiva del Sr. Allen\u201d, sostuvo la fiscal.<\/p>\n<p>Allen permanecer\u00e1 bajo custodia federal al menos hasta el jueves, cuando volver\u00e1 a comparecer ante el tribunal. La audiencia de detenci\u00f3n tendr\u00e1 lugar a las 11:00 (hora local) ante otro juez de paz en Washington D.C. En la audiencia del lunes no se declar\u00f3 culpable ni inocente.<\/p>\n<p>Tambi\u00e9n se program\u00f3 una audiencia preliminar para el 11 de mayo.<\/p>\n<p>Seg\u00fan el expediente, Allen viaj\u00f3 en tren de Los \u00c1ngeles a Chicago y luego a Washington entre el 21 y el 24 de abril. Se registr\u00f3 en el hotel Hilton el mismo d\u00eda de su llegada a la capital.<\/p>\n<p>De acuerdo con registros citados en los documentos de acusaci\u00f3n, Allen compr\u00f3 una escopeta de corredera calibre 12 alrededor del 17 de agosto de 2025 a un vendedor de armas en California, y una pistola calibre .38 a otro vendedor en esa misma entidad alrededor del 6 de octubre de 2023, indic\u00f3 CBS News.<\/p>\n<p>FISCAL FEDERAL JEANET PIRRO AFIRMA QUE A\u00daN SE ESPERAN CARGOS ADICIONALES<\/p>\n<p>Jeanine Pirro, la fiscal federal principal de Washington, dijo que se presentar\u00e1n cargos adicionales contra Allen a medida que contin\u00fae la investigaci\u00f3n.<\/p>\n<p>\u201cQue no quepa duda, esto fue un intento de asesinato del presidente de los Estados Unidos, y el acusado dej\u00f3 clara su intenci\u00f3n\u201d, dijo Pirro. \u201cY esa intenci\u00f3n era derrocar al mayor n\u00famero posible de altos funcionarios del gabinete\u201d.<\/p>\n<p>Seg\u00fan declar\u00f3, el \u201ccamino de Allen hacia la rendici\u00f3n de cuentas en el sistema de justicia penal comienza hoy\u201d.<\/p>\n<p>Pirro tambi\u00e9n detall\u00f3 las armas que supuestamente portaba el sospechoso en el momento del ataque, y afirm\u00f3 que \u201ccualquier insinuaci\u00f3n de que no estaba all\u00ed para hacer da\u00f1o es absurda\u201d.<\/p>\n<p>Trump y altos funcionarios de su administraci\u00f3n fueron evacuados abruptamente el s\u00e1bado por la noche durante la cena anual de la Asociaci\u00f3n de Corresponsales en la Casa Blanca, tras escucharse detonaciones en el lobby del hotel donde se desarrollaba el evento, lo que llev\u00f3 al Servicio Secreto a activar el protocolo de seguridad.<\/p>\n<p>Seg\u00fan reportes oficiales y de testigos, los asistentes \u2014periodistas, funcionarios y legisladores\u2014 se cubrieron y se tiraron al suelo al o\u00edr los ruidos, mientras agentes del Servicio Secreto retiraban r\u00e1pidamente del sal\u00f3n al presidente; a la primera dama, Melania Trump; al vicepresidente, JD Vance, y a otros miembros del Gobierno.<\/p>\n<p>#AgenciaNA<\/p>\n","protected":false},"excerpt":{"rendered":"<p>Buenos Aires, 27 abril (NA) \u2014 Cole Tomas Allen, sospechoso<\/p>\n","protected":false},"author":0,"featured_media":19115,"comment_status":"","ping_status":"","sticky":false,"template":"","format":"standard","meta":{"footnotes":""},"categories":[65],"tags":[],"class_list":["post-19114","post","type-post","status-publish","format-standard","has-post-thumbnail","hentry","category-pais"],"yoast_head":"<!-- This site is optimized with the Yoast SEO plugin v27.5 - https:\/\/yoast.com\/product\/yoast-seo-wordpress\/ -->\n<title>Acusan a Cole Tomas Allen por intento de asesinato contra Donald Trump - Cuarteto en la Web<\/title>\n<meta name=\"robots\" content=\"index, follow, max-snippet:-1, max-image-preview:large, max-video-preview:-1\" \/>\n<link rel=\"canonical\" href=\"https:\/\/cuartetoenlaweb.com.ar\/sitio\/acusan-a-cole-tomas-allen-por-intento-de-asesinato-contra-donald-trump\/\" \/>\n<meta property=\"og:locale\" content=\"es_ES\" \/>\n<meta property=\"og:type\" content=\"article\" \/>\n<meta property=\"og:title\" content=\"Acusan a Cole Tomas Allen por intento de asesinato contra Donald Trump - Cuarteto en la Web\" \/>\n<meta property=\"og:description\" content=\"Buenos Aires, 27 abril (NA) \u2014 Cole Tomas Allen, sospechoso\" \/>\n<meta property=\"og:url\" content=\"https:\/\/cuartetoenlaweb.com.ar\/sitio\/acusan-a-cole-tomas-allen-por-intento-de-asesinato-contra-donald-trump\/\" \/>\n<meta property=\"og:site_name\" content=\"Cuarteto en la Web\" \/>\n<meta property=\"article:published_time\" content=\"2026-04-27T20:00:01+00:00\" \/>\n<meta property=\"og:image\" content=\"https:\/\/cuartetoenlaweb.com.ar\/sitio\/wp-content\/uploads\/2026\/04\/720-645.jpeg\" \/>\n\t<meta property=\"og:image:width\" content=\"995\" \/>\n\t<meta property=\"og:image:height\" content=\"720\" \/>\n\t<meta property=\"og:image:type\" content=\"image\/jpeg\" \/>\n<meta name=\"twitter:card\" content=\"summary_large_image\" \/>\n<meta name=\"twitter:label1\" content=\"Tiempo de lectura\" \/>\n\t<meta name=\"twitter:data1\" content=\"4 minutos\" \/>\n<script type=\"application\/ld+json\" class=\"yoast-schema-graph\">{\"@context\":\"https:\\\/\\\/schema.org\",\"@graph\":[{\"@type\":\"Article\",\"@id\":\"https:\\\/\\\/cuartetoenlaweb.com.ar\\\/sitio\\\/acusan-a-cole-tomas-allen-por-intento-de-asesinato-contra-donald-trump\\\/#article\",\"isPartOf\":{\"@id\":\"https:\\\/\\\/cuartetoenlaweb.com.ar\\\/sitio\\\/acusan-a-cole-tomas-allen-por-intento-de-asesinato-contra-donald-trump\\\/\"},\"author\":{\"name\":\"\",\"@id\":\"\"},\"headline\":\"Acusan a Cole Tomas Allen por intento de asesinato contra Donald Trump\",\"datePublished\":\"2026-04-27T20:00:01+00:00\",\"mainEntityOfPage\":{\"@id\":\"https:\\\/\\\/cuartetoenlaweb.com.ar\\\/sitio\\\/acusan-a-cole-tomas-allen-por-intento-de-asesinato-contra-donald-trump\\\/\"},\"wordCount\":724,\"publisher\":{\"@id\":\"http:\\\/\\\/cuartetoenlaweb.com.ar\\\/sitio\\\/#organization\"},\"image\":{\"@id\":\"https:\\\/\\\/cuartetoenlaweb.com.ar\\\/sitio\\\/acusan-a-cole-tomas-allen-por-intento-de-asesinato-contra-donald-trump\\\/#primaryimage\"},\"thumbnailUrl\":\"http:\\\/\\\/cuartetoenlaweb.com.ar\\\/sitio\\\/wp-content\\\/uploads\\\/2026\\\/04\\\/720-645.jpeg\",\"articleSection\":[\"PAIS\"],\"inLanguage\":\"es\"},{\"@type\":\"WebPage\",\"@id\":\"https:\\\/\\\/cuartetoenlaweb.com.ar\\\/sitio\\\/acusan-a-cole-tomas-allen-por-intento-de-asesinato-contra-donald-trump\\\/\",\"url\":\"https:\\\/\\\/cuartetoenlaweb.com.ar\\\/sitio\\\/acusan-a-cole-tomas-allen-por-intento-de-asesinato-contra-donald-trump\\\/\",\"name\":\"Acusan a Cole Tomas Allen por intento de asesinato contra Donald Trump - Cuarteto en la Web\",\"isPartOf\":{\"@id\":\"http:\\\/\\\/cuartetoenlaweb.com.ar\\\/sitio\\\/#website\"},\"primaryImageOfPage\":{\"@id\":\"https:\\\/\\\/cuartetoenlaweb.com.ar\\\/sitio\\\/acusan-a-cole-tomas-allen-por-intento-de-asesinato-contra-donald-trump\\\/#primaryimage\"},\"image\":{\"@id\":\"https:\\\/\\\/cuartetoenlaweb.com.ar\\\/sitio\\\/acusan-a-cole-tomas-allen-por-intento-de-asesinato-contra-donald-trump\\\/#primaryimage\"},\"thumbnailUrl\":\"http:\\\/\\\/cuartetoenlaweb.com.ar\\\/sitio\\\/wp-content\\\/uploads\\\/2026\\\/04\\\/720-645.jpeg\",\"datePublished\":\"2026-04-27T20:00:01+00:00\",\"breadcrumb\":{\"@id\":\"https:\\\/\\\/cuartetoenlaweb.com.ar\\\/sitio\\\/acusan-a-cole-tomas-allen-por-intento-de-asesinato-contra-donald-trump\\\/#breadcrumb\"},\"inLanguage\":\"es\",\"potentialAction\":[{\"@type\":\"ReadAction\",\"target\":[\"https:\\\/\\\/cuartetoenlaweb.com.ar\\\/sitio\\\/acusan-a-cole-tomas-allen-por-intento-de-asesinato-contra-donald-trump\\\/\"]}]},{\"@type\":\"ImageObject\",\"inLanguage\":\"es\",\"@id\":\"https:\\\/\\\/cuartetoenlaweb.com.ar\\\/sitio\\\/acusan-a-cole-tomas-allen-por-intento-de-asesinato-contra-donald-trump\\\/#primaryimage\",\"url\":\"http:\\\/\\\/cuartetoenlaweb.com.ar\\\/sitio\\\/wp-content\\\/uploads\\\/2026\\\/04\\\/720-645.jpeg\",\"contentUrl\":\"http:\\\/\\\/cuartetoenlaweb.com.ar\\\/sitio\\\/wp-content\\\/uploads\\\/2026\\\/04\\\/720-645.jpeg\",\"width\":995,\"height\":720},{\"@type\":\"BreadcrumbList\",\"@id\":\"https:\\\/\\\/cuartetoenlaweb.com.ar\\\/sitio\\\/acusan-a-cole-tomas-allen-por-intento-de-asesinato-contra-donald-trump\\\/#breadcrumb\",\"itemListElement\":[{\"@type\":\"ListItem\",\"position\":1,\"name\":\"Portada\",\"item\":\"http:\\\/\\\/cuartetoenlaweb.com.ar\\\/sitio\\\/\"},{\"@type\":\"ListItem\",\"position\":2,\"name\":\"Acusan a Cole Tomas Allen por intento de asesinato contra Donald Trump\"}]},{\"@type\":\"WebSite\",\"@id\":\"http:\\\/\\\/cuartetoenlaweb.com.ar\\\/sitio\\\/#website\",\"url\":\"http:\\\/\\\/cuartetoenlaweb.com.ar\\\/sitio\\\/\",\"name\":\"Cuarteto en la Web\",\"description\":\"\",\"publisher\":{\"@id\":\"http:\\\/\\\/cuartetoenlaweb.com.ar\\\/sitio\\\/#organization\"},\"potentialAction\":[{\"@type\":\"SearchAction\",\"target\":{\"@type\":\"EntryPoint\",\"urlTemplate\":\"http:\\\/\\\/cuartetoenlaweb.com.ar\\\/sitio\\\/?s={search_term_string}\"},\"query-input\":{\"@type\":\"PropertyValueSpecification\",\"valueRequired\":true,\"valueName\":\"search_term_string\"}}],\"inLanguage\":\"es\"},{\"@type\":\"Organization\",\"@id\":\"http:\\\/\\\/cuartetoenlaweb.com.ar\\\/sitio\\\/#organization\",\"name\":\"Cuarteto en la Web\",\"url\":\"http:\\\/\\\/cuartetoenlaweb.com.ar\\\/sitio\\\/\",\"logo\":{\"@type\":\"ImageObject\",\"inLanguage\":\"es\",\"@id\":\"http:\\\/\\\/cuartetoenlaweb.com.ar\\\/sitio\\\/#\\\/schema\\\/logo\\\/image\\\/\",\"url\":\"http:\\\/\\\/cuartetoenlaweb.com.ar\\\/sitio\\\/wp-content\\\/uploads\\\/2025\\\/07\\\/cropped-cropped-logitoweb21.png\",\"contentUrl\":\"http:\\\/\\\/cuartetoenlaweb.com.ar\\\/sitio\\\/wp-content\\\/uploads\\\/2025\\\/07\\\/cropped-cropped-logitoweb21.png\",\"width\":199,\"height\":199,\"caption\":\"Cuarteto en la Web\"},\"image\":{\"@id\":\"http:\\\/\\\/cuartetoenlaweb.com.ar\\\/sitio\\\/#\\\/schema\\\/logo\\\/image\\\/\"}}]}<\/script>\n<!-- \/ Yoast SEO plugin. -->","yoast_head_json":{"title":"Acusan a Cole Tomas Allen por intento de asesinato contra Donald Trump - Cuarteto en la Web","robots":{"index":"index","follow":"follow","max-snippet":"max-snippet:-1","max-image-preview":"max-image-preview:large","max-video-preview":"max-video-preview:-1"},"canonical":"https:\/\/cuartetoenlaweb.com.ar\/sitio\/acusan-a-cole-tomas-allen-por-intento-de-asesinato-contra-donald-trump\/","og_locale":"es_ES","og_type":"article","og_title":"Acusan a Cole Tomas Allen por intento de asesinato contra Donald Trump - Cuarteto en la Web","og_description":"Buenos Aires, 27 abril (NA) \u2014 Cole Tomas Allen, sospechoso","og_url":"https:\/\/cuartetoenlaweb.com.ar\/sitio\/acusan-a-cole-tomas-allen-por-intento-de-asesinato-contra-donald-trump\/","og_site_name":"Cuarteto en la Web","article_published_time":"2026-04-27T20:00:01+00:00","og_image":[{"width":995,"height":720,"url":"https:\/\/cuartetoenlaweb.com.ar\/sitio\/wp-content\/uploads\/2026\/04\/720-645.jpeg","type":"image\/jpeg"}],"twitter_card":"summary_large_image","twitter_misc":{"Tiempo de lectura":"4 minutos"},"schema":{"@context":"https:\/\/schema.org","@graph":[{"@type":"Article","@id":"https:\/\/cuartetoenlaweb.com.ar\/sitio\/acusan-a-cole-tomas-allen-por-intento-de-asesinato-contra-donald-trump\/#article","isPartOf":{"@id":"https:\/\/cuartetoenlaweb.com.ar\/sitio\/acusan-a-cole-tomas-allen-por-intento-de-asesinato-contra-donald-trump\/"},"author":{"name":"","@id":""},"headline":"Acusan a Cole Tomas Allen por intento de asesinato contra Donald Trump","datePublished":"2026-04-27T20:00:01+00:00","mainEntityOfPage":{"@id":"https:\/\/cuartetoenlaweb.com.ar\/sitio\/acusan-a-cole-tomas-allen-por-intento-de-asesinato-contra-donald-trump\/"},"wordCount":724,"publisher":{"@id":"http:\/\/cuartetoenlaweb.com.ar\/sitio\/#organization"},"image":{"@id":"https:\/\/cuartetoenlaweb.com.ar\/sitio\/acusan-a-cole-tomas-allen-por-intento-de-asesinato-contra-donald-trump\/#primaryimage"},"thumbnailUrl":"http:\/\/cuartetoenlaweb.com.ar\/sitio\/wp-content\/uploads\/2026\/04\/720-645.jpeg","articleSection":["PAIS"],"inLanguage":"es"},{"@type":"WebPage","@id":"https:\/\/cuartetoenlaweb.com.ar\/sitio\/acusan-a-cole-tomas-allen-por-intento-de-asesinato-contra-donald-trump\/","url":"https:\/\/cuartetoenlaweb.com.ar\/sitio\/acusan-a-cole-tomas-allen-por-intento-de-asesinato-contra-donald-trump\/","name":"Acusan a Cole Tomas Allen por intento de asesinato contra Donald Trump - Cuarteto en la Web","isPartOf":{"@id":"http:\/\/cuartetoenlaweb.com.ar\/sitio\/#website"},"primaryImageOfPage":{"@id":"https:\/\/cuartetoenlaweb.com.ar\/sitio\/acusan-a-cole-tomas-allen-por-intento-de-asesinato-contra-donald-trump\/#primaryimage"},"image":{"@id":"https:\/\/cuartetoenlaweb.com.ar\/sitio\/acusan-a-cole-tomas-allen-por-intento-de-asesinato-contra-donald-trump\/#primaryimage"},"thumbnailUrl":"http:\/\/cuartetoenlaweb.com.ar\/sitio\/wp-content\/uploads\/2026\/04\/720-645.jpeg","datePublished":"2026-04-27T20:00:01+00:00","breadcrumb":{"@id":"https:\/\/cuartetoenlaweb.com.ar\/sitio\/acusan-a-cole-tomas-allen-por-intento-de-asesinato-contra-donald-trump\/#breadcrumb"},"inLanguage":"es","potentialAction":[{"@type":"ReadAction","target":["https:\/\/cuartetoenlaweb.com.ar\/sitio\/acusan-a-cole-tomas-allen-por-intento-de-asesinato-contra-donald-trump\/"]}]},{"@type":"ImageObject","inLanguage":"es","@id":"https:\/\/cuartetoenlaweb.com.ar\/sitio\/acusan-a-cole-tomas-allen-por-intento-de-asesinato-contra-donald-trump\/#primaryimage","url":"http:\/\/cuartetoenlaweb.com.ar\/sitio\/wp-content\/uploads\/2026\/04\/720-645.jpeg","contentUrl":"http:\/\/cuartetoenlaweb.com.ar\/sitio\/wp-content\/uploads\/2026\/04\/720-645.jpeg","width":995,"height":720},{"@type":"BreadcrumbList","@id":"https:\/\/cuartetoenlaweb.com.ar\/sitio\/acusan-a-cole-tomas-allen-por-intento-de-asesinato-contra-donald-trump\/#breadcrumb","itemListElement":[{"@type":"ListItem","position":1,"name":"Portada","item":"http:\/\/cuartetoenlaweb.com.ar\/sitio\/"},{"@type":"ListItem","position":2,"name":"Acusan a Cole Tomas Allen por intento de asesinato contra Donald Trump"}]},{"@type":"WebSite","@id":"http:\/\/cuartetoenlaweb.com.ar\/sitio\/#website","url":"http:\/\/cuartetoenlaweb.com.ar\/sitio\/","name":"Cuarteto en la Web","description":"","publisher":{"@id":"http:\/\/cuartetoenlaweb.com.ar\/sitio\/#organization"},"potentialAction":[{"@type":"SearchAction","target":{"@type":"EntryPoint","urlTemplate":"http:\/\/cuartetoenlaweb.com.ar\/sitio\/?s={search_term_string}"},"query-input":{"@type":"PropertyValueSpecification","valueRequired":true,"valueName":"search_term_string"}}],"inLanguage":"es"},{"@type":"Organization","@id":"http:\/\/cuartetoenlaweb.com.ar\/sitio\/#organization","name":"Cuarteto en la Web","url":"http:\/\/cuartetoenlaweb.com.ar\/sitio\/","logo":{"@type":"ImageObject","inLanguage":"es","@id":"http:\/\/cuartetoenlaweb.com.ar\/sitio\/#\/schema\/logo\/image\/","url":"http:\/\/cuartetoenlaweb.com.ar\/sitio\/wp-content\/uploads\/2025\/07\/cropped-cropped-logitoweb21.png","contentUrl":"http:\/\/cuartetoenlaweb.com.ar\/sitio\/wp-content\/uploads\/2025\/07\/cropped-cropped-logitoweb21.png","width":199,"height":199,"caption":"Cuarteto en la Web"},"image":{"@id":"http:\/\/cuartetoenlaweb.com.ar\/sitio\/#\/schema\/logo\/image\/"}}]}},"_links":{"self":[{"href":"http:\/\/cuartetoenlaweb.com.ar\/sitio\/wp-json\/wp\/v2\/posts\/19114","targetHints":{"allow":["GET"]}}],"collection":[{"href":"http:\/\/cuartetoenlaweb.com.ar\/sitio\/wp-json\/wp\/v2\/posts"}],"about":[{"href":"http:\/\/cuartetoenlaweb.com.ar\/sitio\/wp-json\/wp\/v2\/types\/post"}],"replies":[{"embeddable":true,"href":"http:\/\/cuartetoenlaweb.com.ar\/sitio\/wp-json\/wp\/v2\/comments?post=19114"}],"version-history":[{"count":0,"href":"http:\/\/cuartetoenlaweb.com.ar\/sitio\/wp-json\/wp\/v2\/posts\/19114\/revisions"}],"wp:featuredmedia":[{"embeddable":true,"href":"http:\/\/cuartetoenlaweb.com.ar\/sitio\/wp-json\/wp\/v2\/media\/19115"}],"wp:attachment":[{"href":"http:\/\/cuartetoenlaweb.com.ar\/sitio\/wp-json\/wp\/v2\/media?parent=19114"}],"wp:term":[{"taxonomy":"category","embeddable":true,"href":"http:\/\/cuartetoenlaweb.com.ar\/sitio\/wp-json\/wp\/v2\/categories?post=19114"},{"taxonomy":"post_tag","embeddable":true,"href":"http:\/\/cuartetoenlaweb.com.ar\/sitio\/wp-json\/wp\/v2\/tags?post=19114"}],"curies":[{"name":"wp","href":"https:\/\/api.w.org\/{rel}","templated":true}]}}