
{"id":19112,"date":"2026-04-27T14:00:46","date_gmt":"2026-04-27T17:00:46","guid":{"rendered":"http:\/\/cuartetoenlaweb.com.ar\/sitio\/emergencia-por-cuadros-respiratorios-en-el-materno-el-virus-que-esta-circulando-este-ano-es-mucho-mas-transmisible\/"},"modified":"2026-04-27T14:00:46","modified_gmt":"2026-04-27T17:00:46","slug":"emergencia-por-cuadros-respiratorios-en-el-materno-el-virus-que-esta-circulando-este-ano-es-mucho-mas-transmisible","status":"publish","type":"post","link":"http:\/\/cuartetoenlaweb.com.ar\/sitio\/emergencia-por-cuadros-respiratorios-en-el-materno-el-virus-que-esta-circulando-este-ano-es-mucho-mas-transmisible\/","title":{"rendered":"Emergencia por cuadros respiratorios en el Materno: &quot;El virus que est\u00e1 circulando este a\u00f1o es mucho m\u00e1s transmisible&quot;"},"content":{"rendered":"<p>La situaci\u00f3n de las infecciones respiratorias en la provincia de Salta ha generado preocupaci\u00f3n en las \u00faltimas semanas, principalmente debido a un aumento en las consultas diarias relacionadas con s\u00edntomas respiratorios. La <strong>doctora Mar\u00eda Paula Herrera<\/strong>, jefa del \u00e1rea de Infectolog\u00eda, brind\u00f3 detalles sobre este panorama, las posibles consecuencias de la falta de vacunaci\u00f3n y las medidas preventivas que se deben tomar para proteger a la poblaci\u00f3n.<\/p>\n<p>En di\u00e1logo con <strong>Radio Salta<\/strong>, la doctora Herrera destac\u00f3 que la situaci\u00f3n es esperable para esta \u00e9poca del a\u00f1o. \u201cEn las \u00faltimas semanas se observ\u00f3 un aumento de consultas de pacientes con s\u00edntomas respiratorios, lo cual est\u00e1 relacionado con los cambios de temperatura que hemos tenido\u201d, explic\u00f3. Adem\u00e1s, agreg\u00f3 que este tipo de brotes es habitual durante la temporada de transici\u00f3n entre estaciones. \u201cLo que est\u00e1 circulando son algunos virus que son esperables para esta \u00e9poca del a\u00f1o, como el <strong>H3N2<\/strong> de la influenza, que suele generar picos en las consultas. Esto tambi\u00e9n est\u00e1 documentado en los boletines de epidemiolog\u00eda que se publican semanalmente\u201d, destac\u00f3.<\/p>\n<p><img decoding=\"async\" src=\"https:\/\/uscdn.eltribuno.com\/042026\/1777301204115.jpg\" \/><\/p>\n<p>Cuando se le pregunt\u00f3 sobre si este aumento en las consultas era algo comparable con a\u00f1os anteriores, la doctora indic\u00f3 que, en t\u00e9rminos generales, los picos de infecciones respiratorias siguen una curva similar a la de a\u00f1os anteriores. \u201cEn algunos casos, como los de influenza, el pico se ha corrido un poco en el tiempo. El a\u00f1o pasado el aumento de los casos ocurri\u00f3 un poco antes, pero en general los n\u00fameros siguen una tendencia similar a la de a\u00f1os previos\u201d, explic\u00f3 Herrera. Esto, sin embargo, no debe restar importancia a la situaci\u00f3n, ya que el virus que est\u00e1 circulando este a\u00f1o tiene una caracter\u00edstica particular: es mucho m\u00e1s transmisible.<\/p>\n<p>Un tema de especial preocupaci\u00f3n que la doctora se\u00f1al\u00f3 es la baja tasa de vacunaci\u00f3n contra la influenza, algo que tambi\u00e9n fue mencionado por el ministro de Salud de la provincia. \u201cLo que m\u00e1s preocupa es la falta de vacunaci\u00f3n, especialmente en ni\u00f1os. La vacuna no previene el contagio, pero s\u00ed previene la forma grave de la enfermedad\u201d, explic\u00f3 la jefa del \u00e1rea de Infectolog\u00eda. A pesar de que la vacuna no evita que una persona se contagie de influenza, s\u00ed reduce significativamente el riesgo de complicaciones graves que pueden llevar a la internaci\u00f3n e incluso a la muerte. \u201cLo que estamos viendo en el sistema de salud son m\u00e1s internaciones por la falta de vacunaci\u00f3n, lo cual es preocupante porque esto impacta directamente en la salud de las personas y sobrecarga los servicios de salud\u201d, se\u00f1al\u00f3.<\/p>\n<p>La <strong>influenza H3N2<\/strong> es el virus que actualmente est\u00e1 circulando en la provincia, y seg\u00fan la doctora, ha mostrado una mayor capacidad de propagaci\u00f3n en comparaci\u00f3n con otros a\u00f1os. \u201cEl virus H3N2 es muy transmisible, lo que significa que hay m\u00e1s personas expuestas a \u00e9l, incluyendo aquellas que tienen factores de riesgo, como personas con enfermedades cr\u00f3nicas, mayores de 65 a\u00f1os, embarazadas y ni\u00f1os peque\u00f1os\u201d, detall\u00f3. Esto aumenta la posibilidad de que se generen m\u00e1s casos graves y se disparen las internaciones. La vacunaci\u00f3n se convierte, entonces, en la principal herramienta para reducir este riesgo.<\/p>\n<p>La doctora tambi\u00e9n destac\u00f3 que el aumento de las internaciones no ha sido tan marcado como en a\u00f1os anteriores, pero que sigue siendo un tema preocupante. \u201cEstamos manejando los n\u00fameros dentro de lo esperado para esta \u00e9poca del a\u00f1o, aunque es cierto que las internaciones por enfermedades respiratorias han comenzado m\u00e1s tarde que el a\u00f1o pasado. Por ahora, no tenemos grandes cambios con respecto a a\u00f1os anteriores, pero seguimos de cerca la situaci\u00f3n\u201d, indic\u00f3.<\/p>\n<p>Sobre la vacuna contra el <strong>COVID-19<\/strong>, la doctora explic\u00f3 que, en Salta, no se ha registrado un aumento significativo en la demanda, a pesar de que en otros lugares se ha observado una mayor solicitud. \u201cNo hemos notado un aumento importante en la demanda de la vacuna contra el COVID-19, pero la recomendaci\u00f3n sigue siendo la misma: todas las personas con factores de riesgo deben recibir la vacuna tanto contra la influenza como contra el COVID, de manera anual\u201d, recomend\u00f3.<\/p>\n<p><img decoding=\"async\" src=\"https:\/\/uscdn.eltribuno.com\/042026\/1777301205675.jpg\" \/><\/p>\n<p>En cuanto a las medidas preventivas, la doctora Herrera recalc\u00f3 que el cuidado personal es esencial para evitar las complicaciones por infecciones respiratorias. \u201cLo m\u00e1s importante es el estado de salud previo. Las personas que tienen enfermedades preexistentes, como enfermedades respiratorias cr\u00f3nicas, diabetes o hipertensi\u00f3n, tienen mucho mayor riesgo de desarrollar formas graves de estas enfermedades. Por eso, es fundamental que esas personas se controlen regularmente con su m\u00e9dico, sigan las indicaciones y tomen las precauciones necesarias\u201d, dijo.<\/p>\n<p>Adem\u00e1s, la doctora hizo un llamado a no automedicarse. \u201cEs importante no automedicarse cuando se presentan s\u00edntomas respiratorios. Si nos sentimos mal, lo mejor es consultar a tiempo con un m\u00e9dico. Esperar varios d\u00edas antes de consultar puede ser riesgoso, porque muchas veces llegamos tarde para tratar la enfermedad\u201d, alert\u00f3. En este sentido, insisti\u00f3 en que la atenci\u00f3n temprana puede evitar complicaciones graves que requieran internaci\u00f3n.<\/p>\n<p>Finalmente, la doctora Herrera destac\u00f3 que la prevenci\u00f3n es la clave para evitar que las infecciones respiratorias afecten gravemente a la poblaci\u00f3n. \u201cEs fundamental que sigamos las recomendaciones de vacunaci\u00f3n, control de enfermedades preexistentes y consulta m\u00e9dica temprana. Solo as\u00ed podremos reducir el riesgo de complicaciones graves y proteger a la poblaci\u00f3n de las consecuencias de estos brotes\u201d, concluy\u00f3.<\/p>\n<p>El mensaje final de la doctora es claro: <strong>cuidarnos es la mejor forma de prevenir las enfermedades respiratorias graves<\/strong>, y para ello, la vacunaci\u00f3n, el control m\u00e9dico y la consulta temprana son herramientas fundamentales para evitar que las infecciones respiratorias se conviertan en un problema de salud p\u00fablica m\u00e1s grave.<\/p>\n","protected":false},"excerpt":{"rendered":"<p>La situaci\u00f3n de las infecciones respiratorias en la provincia de<\/p>\n","protected":false},"author":0,"featured_media":19113,"comment_status":"","ping_status":"","sticky":false,"template":"","format":"standard","meta":{"footnotes":""},"categories":[65],"tags":[],"class_list":["post-19112","post","type-post","status-publish","format-standard","has-post-thumbnail","hentry","category-pais"],"yoast_head":"<!-- This site is optimized with the Yoast SEO plugin v27.5 - https:\/\/yoast.com\/product\/yoast-seo-wordpress\/ -->\n<title>Emergencia por cuadros respiratorios en el Materno: &quot;El virus que est\u00e1 circulando este a\u00f1o es mucho m\u00e1s transmisible&quot; - Cuarteto en la Web<\/title>\n<meta name=\"robots\" content=\"index, follow, max-snippet:-1, max-image-preview:large, max-video-preview:-1\" \/>\n<link rel=\"canonical\" href=\"http:\/\/cuartetoenlaweb.com.ar\/sitio\/emergencia-por-cuadros-respiratorios-en-el-materno-el-virus-que-esta-circulando-este-ano-es-mucho-mas-transmisible\/\" \/>\n<meta property=\"og:locale\" content=\"es_ES\" \/>\n<meta property=\"og:type\" content=\"article\" \/>\n<meta property=\"og:title\" content=\"Emergencia por cuadros respiratorios en el Materno: &quot;El virus que est\u00e1 circulando este a\u00f1o es mucho m\u00e1s transmisible&quot; - Cuarteto en la Web\" \/>\n<meta property=\"og:description\" content=\"La situaci\u00f3n de las infecciones respiratorias en la provincia de\" \/>\n<meta property=\"og:url\" content=\"http:\/\/cuartetoenlaweb.com.ar\/sitio\/emergencia-por-cuadros-respiratorios-en-el-materno-el-virus-que-esta-circulando-este-ano-es-mucho-mas-transmisible\/\" \/>\n<meta property=\"og:site_name\" content=\"Cuarteto en la Web\" \/>\n<meta property=\"article:published_time\" content=\"2026-04-27T17:00:46+00:00\" \/>\n<meta property=\"og:image\" content=\"http:\/\/cuartetoenlaweb.com.ar\/sitio\/wp-content\/uploads\/2026\/04\/1777301204115.jpg\" \/>\n\t<meta property=\"og:image:width\" content=\"1500\" \/>\n\t<meta property=\"og:image:height\" content=\"1000\" \/>\n\t<meta property=\"og:image:type\" content=\"image\/jpeg\" \/>\n<meta name=\"twitter:card\" content=\"summary_large_image\" \/>\n<meta name=\"twitter:label1\" content=\"Tiempo de lectura\" \/>\n\t<meta name=\"twitter:data1\" content=\"5 minutos\" \/>\n<script type=\"application\/ld+json\" class=\"yoast-schema-graph\">{\"@context\":\"https:\\\/\\\/schema.org\",\"@graph\":[{\"@type\":\"Article\",\"@id\":\"http:\\\/\\\/cuartetoenlaweb.com.ar\\\/sitio\\\/emergencia-por-cuadros-respiratorios-en-el-materno-el-virus-que-esta-circulando-este-ano-es-mucho-mas-transmisible\\\/#article\",\"isPartOf\":{\"@id\":\"http:\\\/\\\/cuartetoenlaweb.com.ar\\\/sitio\\\/emergencia-por-cuadros-respiratorios-en-el-materno-el-virus-que-esta-circulando-este-ano-es-mucho-mas-transmisible\\\/\"},\"author\":{\"name\":\"\",\"@id\":\"\"},\"headline\":\"Emergencia por cuadros respiratorios en el Materno: &quot;El virus que est\u00e1 circulando este a\u00f1o es mucho m\u00e1s transmisible&quot;\",\"datePublished\":\"2026-04-27T17:00:46+00:00\",\"mainEntityOfPage\":{\"@id\":\"http:\\\/\\\/cuartetoenlaweb.com.ar\\\/sitio\\\/emergencia-por-cuadros-respiratorios-en-el-materno-el-virus-que-esta-circulando-este-ano-es-mucho-mas-transmisible\\\/\"},\"wordCount\":1022,\"publisher\":{\"@id\":\"http:\\\/\\\/cuartetoenlaweb.com.ar\\\/sitio\\\/#organization\"},\"image\":{\"@id\":\"http:\\\/\\\/cuartetoenlaweb.com.ar\\\/sitio\\\/emergencia-por-cuadros-respiratorios-en-el-materno-el-virus-que-esta-circulando-este-ano-es-mucho-mas-transmisible\\\/#primaryimage\"},\"thumbnailUrl\":\"http:\\\/\\\/cuartetoenlaweb.com.ar\\\/sitio\\\/wp-content\\\/uploads\\\/2026\\\/04\\\/1777301204115.jpg\",\"articleSection\":[\"PAIS\"],\"inLanguage\":\"es\"},{\"@type\":\"WebPage\",\"@id\":\"http:\\\/\\\/cuartetoenlaweb.com.ar\\\/sitio\\\/emergencia-por-cuadros-respiratorios-en-el-materno-el-virus-que-esta-circulando-este-ano-es-mucho-mas-transmisible\\\/\",\"url\":\"http:\\\/\\\/cuartetoenlaweb.com.ar\\\/sitio\\\/emergencia-por-cuadros-respiratorios-en-el-materno-el-virus-que-esta-circulando-este-ano-es-mucho-mas-transmisible\\\/\",\"name\":\"Emergencia por cuadros respiratorios en el Materno: &quot;El virus que est\u00e1 circulando este a\u00f1o es mucho m\u00e1s transmisible&quot; - Cuarteto en la Web\",\"isPartOf\":{\"@id\":\"http:\\\/\\\/cuartetoenlaweb.com.ar\\\/sitio\\\/#website\"},\"primaryImageOfPage\":{\"@id\":\"http:\\\/\\\/cuartetoenlaweb.com.ar\\\/sitio\\\/emergencia-por-cuadros-respiratorios-en-el-materno-el-virus-que-esta-circulando-este-ano-es-mucho-mas-transmisible\\\/#primaryimage\"},\"image\":{\"@id\":\"http:\\\/\\\/cuartetoenlaweb.com.ar\\\/sitio\\\/emergencia-por-cuadros-respiratorios-en-el-materno-el-virus-que-esta-circulando-este-ano-es-mucho-mas-transmisible\\\/#primaryimage\"},\"thumbnailUrl\":\"http:\\\/\\\/cuartetoenlaweb.com.ar\\\/sitio\\\/wp-content\\\/uploads\\\/2026\\\/04\\\/1777301204115.jpg\",\"datePublished\":\"2026-04-27T17:00:46+00:00\",\"breadcrumb\":{\"@id\":\"http:\\\/\\\/cuartetoenlaweb.com.ar\\\/sitio\\\/emergencia-por-cuadros-respiratorios-en-el-materno-el-virus-que-esta-circulando-este-ano-es-mucho-mas-transmisible\\\/#breadcrumb\"},\"inLanguage\":\"es\",\"potentialAction\":[{\"@type\":\"ReadAction\",\"target\":[\"http:\\\/\\\/cuartetoenlaweb.com.ar\\\/sitio\\\/emergencia-por-cuadros-respiratorios-en-el-materno-el-virus-que-esta-circulando-este-ano-es-mucho-mas-transmisible\\\/\"]}]},{\"@type\":\"ImageObject\",\"inLanguage\":\"es\",\"@id\":\"http:\\\/\\\/cuartetoenlaweb.com.ar\\\/sitio\\\/emergencia-por-cuadros-respiratorios-en-el-materno-el-virus-que-esta-circulando-este-ano-es-mucho-mas-transmisible\\\/#primaryimage\",\"url\":\"http:\\\/\\\/cuartetoenlaweb.com.ar\\\/sitio\\\/wp-content\\\/uploads\\\/2026\\\/04\\\/1777301204115.jpg\",\"contentUrl\":\"http:\\\/\\\/cuartetoenlaweb.com.ar\\\/sitio\\\/wp-content\\\/uploads\\\/2026\\\/04\\\/1777301204115.jpg\",\"width\":1500,\"height\":1000},{\"@type\":\"BreadcrumbList\",\"@id\":\"http:\\\/\\\/cuartetoenlaweb.com.ar\\\/sitio\\\/emergencia-por-cuadros-respiratorios-en-el-materno-el-virus-que-esta-circulando-este-ano-es-mucho-mas-transmisible\\\/#breadcrumb\",\"itemListElement\":[{\"@type\":\"ListItem\",\"position\":1,\"name\":\"Portada\",\"item\":\"http:\\\/\\\/cuartetoenlaweb.com.ar\\\/sitio\\\/\"},{\"@type\":\"ListItem\",\"position\":2,\"name\":\"Emergencia por cuadros respiratorios en el Materno: &quot;El virus que est\u00e1 circulando este a\u00f1o es mucho m\u00e1s transmisible&quot;\"}]},{\"@type\":\"WebSite\",\"@id\":\"http:\\\/\\\/cuartetoenlaweb.com.ar\\\/sitio\\\/#website\",\"url\":\"http:\\\/\\\/cuartetoenlaweb.com.ar\\\/sitio\\\/\",\"name\":\"Cuarteto en la Web\",\"description\":\"\",\"publisher\":{\"@id\":\"http:\\\/\\\/cuartetoenlaweb.com.ar\\\/sitio\\\/#organization\"},\"potentialAction\":[{\"@type\":\"SearchAction\",\"target\":{\"@type\":\"EntryPoint\",\"urlTemplate\":\"http:\\\/\\\/cuartetoenlaweb.com.ar\\\/sitio\\\/?s={search_term_string}\"},\"query-input\":{\"@type\":\"PropertyValueSpecification\",\"valueRequired\":true,\"valueName\":\"search_term_string\"}}],\"inLanguage\":\"es\"},{\"@type\":\"Organization\",\"@id\":\"http:\\\/\\\/cuartetoenlaweb.com.ar\\\/sitio\\\/#organization\",\"name\":\"Cuarteto en la Web\",\"url\":\"http:\\\/\\\/cuartetoenlaweb.com.ar\\\/sitio\\\/\",\"logo\":{\"@type\":\"ImageObject\",\"inLanguage\":\"es\",\"@id\":\"http:\\\/\\\/cuartetoenlaweb.com.ar\\\/sitio\\\/#\\\/schema\\\/logo\\\/image\\\/\",\"url\":\"http:\\\/\\\/cuartetoenlaweb.com.ar\\\/sitio\\\/wp-content\\\/uploads\\\/2025\\\/07\\\/cropped-cropped-logitoweb21.png\",\"contentUrl\":\"http:\\\/\\\/cuartetoenlaweb.com.ar\\\/sitio\\\/wp-content\\\/uploads\\\/2025\\\/07\\\/cropped-cropped-logitoweb21.png\",\"width\":199,\"height\":199,\"caption\":\"Cuarteto en la Web\"},\"image\":{\"@id\":\"http:\\\/\\\/cuartetoenlaweb.com.ar\\\/sitio\\\/#\\\/schema\\\/logo\\\/image\\\/\"}}]}<\/script>\n<!-- \/ Yoast SEO plugin. -->","yoast_head_json":{"title":"Emergencia por cuadros respiratorios en el Materno: &quot;El virus que est\u00e1 circulando este a\u00f1o es mucho m\u00e1s transmisible&quot; - Cuarteto en la Web","robots":{"index":"index","follow":"follow","max-snippet":"max-snippet:-1","max-image-preview":"max-image-preview:large","max-video-preview":"max-video-preview:-1"},"canonical":"http:\/\/cuartetoenlaweb.com.ar\/sitio\/emergencia-por-cuadros-respiratorios-en-el-materno-el-virus-que-esta-circulando-este-ano-es-mucho-mas-transmisible\/","og_locale":"es_ES","og_type":"article","og_title":"Emergencia por cuadros respiratorios en el Materno: &quot;El virus que est\u00e1 circulando este a\u00f1o es mucho m\u00e1s transmisible&quot; - Cuarteto en la Web","og_description":"La situaci\u00f3n de las infecciones respiratorias en la provincia de","og_url":"http:\/\/cuartetoenlaweb.com.ar\/sitio\/emergencia-por-cuadros-respiratorios-en-el-materno-el-virus-que-esta-circulando-este-ano-es-mucho-mas-transmisible\/","og_site_name":"Cuarteto en la Web","article_published_time":"2026-04-27T17:00:46+00:00","og_image":[{"width":1500,"height":1000,"url":"http:\/\/cuartetoenlaweb.com.ar\/sitio\/wp-content\/uploads\/2026\/04\/1777301204115.jpg","type":"image\/jpeg"}],"twitter_card":"summary_large_image","twitter_misc":{"Tiempo de lectura":"5 minutos"},"schema":{"@context":"https:\/\/schema.org","@graph":[{"@type":"Article","@id":"http:\/\/cuartetoenlaweb.com.ar\/sitio\/emergencia-por-cuadros-respiratorios-en-el-materno-el-virus-que-esta-circulando-este-ano-es-mucho-mas-transmisible\/#article","isPartOf":{"@id":"http:\/\/cuartetoenlaweb.com.ar\/sitio\/emergencia-por-cuadros-respiratorios-en-el-materno-el-virus-que-esta-circulando-este-ano-es-mucho-mas-transmisible\/"},"author":{"name":"","@id":""},"headline":"Emergencia por cuadros respiratorios en el Materno: &quot;El virus que est\u00e1 circulando este a\u00f1o es mucho m\u00e1s transmisible&quot;","datePublished":"2026-04-27T17:00:46+00:00","mainEntityOfPage":{"@id":"http:\/\/cuartetoenlaweb.com.ar\/sitio\/emergencia-por-cuadros-respiratorios-en-el-materno-el-virus-que-esta-circulando-este-ano-es-mucho-mas-transmisible\/"},"wordCount":1022,"publisher":{"@id":"http:\/\/cuartetoenlaweb.com.ar\/sitio\/#organization"},"image":{"@id":"http:\/\/cuartetoenlaweb.com.ar\/sitio\/emergencia-por-cuadros-respiratorios-en-el-materno-el-virus-que-esta-circulando-este-ano-es-mucho-mas-transmisible\/#primaryimage"},"thumbnailUrl":"http:\/\/cuartetoenlaweb.com.ar\/sitio\/wp-content\/uploads\/2026\/04\/1777301204115.jpg","articleSection":["PAIS"],"inLanguage":"es"},{"@type":"WebPage","@id":"http:\/\/cuartetoenlaweb.com.ar\/sitio\/emergencia-por-cuadros-respiratorios-en-el-materno-el-virus-que-esta-circulando-este-ano-es-mucho-mas-transmisible\/","url":"http:\/\/cuartetoenlaweb.com.ar\/sitio\/emergencia-por-cuadros-respiratorios-en-el-materno-el-virus-que-esta-circulando-este-ano-es-mucho-mas-transmisible\/","name":"Emergencia por cuadros respiratorios en el Materno: &quot;El virus que est\u00e1 circulando este a\u00f1o es mucho m\u00e1s transmisible&quot; - Cuarteto en la Web","isPartOf":{"@id":"http:\/\/cuartetoenlaweb.com.ar\/sitio\/#website"},"primaryImageOfPage":{"@id":"http:\/\/cuartetoenlaweb.com.ar\/sitio\/emergencia-por-cuadros-respiratorios-en-el-materno-el-virus-que-esta-circulando-este-ano-es-mucho-mas-transmisible\/#primaryimage"},"image":{"@id":"http:\/\/cuartetoenlaweb.com.ar\/sitio\/emergencia-por-cuadros-respiratorios-en-el-materno-el-virus-que-esta-circulando-este-ano-es-mucho-mas-transmisible\/#primaryimage"},"thumbnailUrl":"http:\/\/cuartetoenlaweb.com.ar\/sitio\/wp-content\/uploads\/2026\/04\/1777301204115.jpg","datePublished":"2026-04-27T17:00:46+00:00","breadcrumb":{"@id":"http:\/\/cuartetoenlaweb.com.ar\/sitio\/emergencia-por-cuadros-respiratorios-en-el-materno-el-virus-que-esta-circulando-este-ano-es-mucho-mas-transmisible\/#breadcrumb"},"inLanguage":"es","potentialAction":[{"@type":"ReadAction","target":["http:\/\/cuartetoenlaweb.com.ar\/sitio\/emergencia-por-cuadros-respiratorios-en-el-materno-el-virus-que-esta-circulando-este-ano-es-mucho-mas-transmisible\/"]}]},{"@type":"ImageObject","inLanguage":"es","@id":"http:\/\/cuartetoenlaweb.com.ar\/sitio\/emergencia-por-cuadros-respiratorios-en-el-materno-el-virus-que-esta-circulando-este-ano-es-mucho-mas-transmisible\/#primaryimage","url":"http:\/\/cuartetoenlaweb.com.ar\/sitio\/wp-content\/uploads\/2026\/04\/1777301204115.jpg","contentUrl":"http:\/\/cuartetoenlaweb.com.ar\/sitio\/wp-content\/uploads\/2026\/04\/1777301204115.jpg","width":1500,"height":1000},{"@type":"BreadcrumbList","@id":"http:\/\/cuartetoenlaweb.com.ar\/sitio\/emergencia-por-cuadros-respiratorios-en-el-materno-el-virus-que-esta-circulando-este-ano-es-mucho-mas-transmisible\/#breadcrumb","itemListElement":[{"@type":"ListItem","position":1,"name":"Portada","item":"http:\/\/cuartetoenlaweb.com.ar\/sitio\/"},{"@type":"ListItem","position":2,"name":"Emergencia por cuadros respiratorios en el Materno: &quot;El virus que est\u00e1 circulando este a\u00f1o es mucho m\u00e1s transmisible&quot;"}]},{"@type":"WebSite","@id":"http:\/\/cuartetoenlaweb.com.ar\/sitio\/#website","url":"http:\/\/cuartetoenlaweb.com.ar\/sitio\/","name":"Cuarteto en la Web","description":"","publisher":{"@id":"http:\/\/cuartetoenlaweb.com.ar\/sitio\/#organization"},"potentialAction":[{"@type":"SearchAction","target":{"@type":"EntryPoint","urlTemplate":"http:\/\/cuartetoenlaweb.com.ar\/sitio\/?s={search_term_string}"},"query-input":{"@type":"PropertyValueSpecification","valueRequired":true,"valueName":"search_term_string"}}],"inLanguage":"es"},{"@type":"Organization","@id":"http:\/\/cuartetoenlaweb.com.ar\/sitio\/#organization","name":"Cuarteto en la Web","url":"http:\/\/cuartetoenlaweb.com.ar\/sitio\/","logo":{"@type":"ImageObject","inLanguage":"es","@id":"http:\/\/cuartetoenlaweb.com.ar\/sitio\/#\/schema\/logo\/image\/","url":"http:\/\/cuartetoenlaweb.com.ar\/sitio\/wp-content\/uploads\/2025\/07\/cropped-cropped-logitoweb21.png","contentUrl":"http:\/\/cuartetoenlaweb.com.ar\/sitio\/wp-content\/uploads\/2025\/07\/cropped-cropped-logitoweb21.png","width":199,"height":199,"caption":"Cuarteto en la Web"},"image":{"@id":"http:\/\/cuartetoenlaweb.com.ar\/sitio\/#\/schema\/logo\/image\/"}}]}},"_links":{"self":[{"href":"http:\/\/cuartetoenlaweb.com.ar\/sitio\/wp-json\/wp\/v2\/posts\/19112","targetHints":{"allow":["GET"]}}],"collection":[{"href":"http:\/\/cuartetoenlaweb.com.ar\/sitio\/wp-json\/wp\/v2\/posts"}],"about":[{"href":"http:\/\/cuartetoenlaweb.com.ar\/sitio\/wp-json\/wp\/v2\/types\/post"}],"replies":[{"embeddable":true,"href":"http:\/\/cuartetoenlaweb.com.ar\/sitio\/wp-json\/wp\/v2\/comments?post=19112"}],"version-history":[{"count":0,"href":"http:\/\/cuartetoenlaweb.com.ar\/sitio\/wp-json\/wp\/v2\/posts\/19112\/revisions"}],"wp:featuredmedia":[{"embeddable":true,"href":"http:\/\/cuartetoenlaweb.com.ar\/sitio\/wp-json\/wp\/v2\/media\/19113"}],"wp:attachment":[{"href":"http:\/\/cuartetoenlaweb.com.ar\/sitio\/wp-json\/wp\/v2\/media?parent=19112"}],"wp:term":[{"taxonomy":"category","embeddable":true,"href":"http:\/\/cuartetoenlaweb.com.ar\/sitio\/wp-json\/wp\/v2\/categories?post=19112"},{"taxonomy":"post_tag","embeddable":true,"href":"http:\/\/cuartetoenlaweb.com.ar\/sitio\/wp-json\/wp\/v2\/tags?post=19112"}],"curies":[{"name":"wp","href":"https:\/\/api.w.org\/{rel}","templated":true}]}}