
{"id":19106,"date":"2026-04-27T14:00:35","date_gmt":"2026-04-27T17:00:35","guid":{"rendered":"http:\/\/cuartetoenlaweb.com.ar\/sitio\/incendios-en-salta-dos-siniestros-en-viviendas-de-la-ciudad\/"},"modified":"2026-04-27T14:00:35","modified_gmt":"2026-04-27T17:00:35","slug":"incendios-en-salta-dos-siniestros-en-viviendas-de-la-ciudad","status":"publish","type":"post","link":"http:\/\/cuartetoenlaweb.com.ar\/sitio\/incendios-en-salta-dos-siniestros-en-viviendas-de-la-ciudad\/","title":{"rendered":"Incendios en Salta: dos siniestros en viviendas de la ciudad"},"content":{"rendered":"<\/p>\n<p>La seguridad dom\u00e9stica qued\u00f3 expuesta una vez m\u00e1s en la capital salte\u00f1a tras dos incidentes \u00edgneos que, aunque de or\u00edgenes distintos, comparten el denominador com\u00fan del peligro latente en el hogar. Entre la tarde del domingo y la madrugada de este lunes, el <b>Sistema de Emergencias 911<\/b> se convirti\u00f3 en el epicentro de reportes que alertaban sobre columnas de humo negro ganando el cielo en la zona sur y sureste, obligando a un despliegue coordinado de <b>bomberos de la Polic\u00eda de Salta<\/b> y voluntarios.<\/p>\n<p>El primer episodio, cargado de dramatismo, tuvo lugar alrededor de las 16:30 en un <b>inquilinato de barrio Primera Junta<\/b>. Lo que comenz\u00f3 como una tarde de descanso se transform\u00f3 en una escena de p\u00e1nico cuando un <b>espiral encendido<\/b> cay\u00f3 accidentalmente sobre un acolchado. La presencia de materiales de alta combusti\u00f3n, como <b>maderas y telas<\/b>, actu\u00f3 como combustible inmediato, permitiendo que las llamas se propagaran en cuesti\u00f3n de segundos.<\/p>\n<p>En medio de la desesperaci\u00f3n por salvar sus pertenencias, un hombre intent\u00f3 sofocar el foco \u00edgneo por sus propios medios. Si bien logr\u00f3 contener parte del avance antes del arribo de los especialistas, sufri\u00f3 <b>quemaduras de primer grado<\/b>. Afortunadamente, tras ser asistido por personal m\u00e9dico, se constat\u00f3 que las lesiones no revest\u00edan gravedad y <b>no fue necesaria su internaci\u00f3n<\/b>, aunque el susto y la p\u00e9rdida material calaron hondo entre los vecinos de la zona sureste.<\/p>\n<p><strong>Siniestro en la madrugada<\/strong><\/p>\n<p>Pocas horas despu\u00e9s, la alarma volvi\u00f3 a encenderse. A las 5.30 de hoy, el fuego se hizo presente en una vivienda del <b>barrio San Calixto<\/b>, en las inmediaciones de San Remo. A diferencia del caso anterior, el silencio de la madrugada evit\u00f3 que el siniestro fuera detectado de inmediato por los propietarios, quienes <b>no se encontraban en el inmueble<\/b> al momento del hecho.<\/p>\n<p>Los peritajes preliminares realizados por los peritos de bomberos apuntan a un <b>cortocircuito<\/b> localizado en una de las habitaciones. La falla el\u00e9ctrica gener\u00f3 un incendio voraz que, a pesar del r\u00e1pido accionar de las dotaciones que llegaron al lugar, provoc\u00f3 <b>da\u00f1os totales<\/b> en el dormitorio afectado. El mobiliario, prendas de vestir y la estructura misma de la habitaci\u00f3n quedaron reducidos a cenizas, aunque se logr\u00f3 evitar que el fuego avanzara hacia el resto de la propiedad o viviendas colindantes.<\/p>\n<h3> <\/h3>\n","protected":false},"excerpt":{"rendered":"<p>La seguridad dom\u00e9stica qued\u00f3 expuesta una vez m\u00e1s en la<\/p>\n","protected":false},"author":0,"featured_media":19107,"comment_status":"","ping_status":"","sticky":false,"template":"","format":"standard","meta":{"footnotes":""},"categories":[65],"tags":[],"class_list":["post-19106","post","type-post","status-publish","format-standard","has-post-thumbnail","hentry","category-pais"],"yoast_head":"<!-- This site is optimized with the Yoast SEO plugin v27.5 - https:\/\/yoast.com\/product\/yoast-seo-wordpress\/ -->\n<title>Incendios en Salta: dos siniestros en viviendas de la ciudad - Cuarteto en la Web<\/title>\n<meta name=\"robots\" content=\"index, follow, max-snippet:-1, max-image-preview:large, max-video-preview:-1\" \/>\n<link rel=\"canonical\" href=\"http:\/\/cuartetoenlaweb.com.ar\/sitio\/incendios-en-salta-dos-siniestros-en-viviendas-de-la-ciudad\/\" \/>\n<meta property=\"og:locale\" content=\"es_ES\" \/>\n<meta property=\"og:type\" content=\"article\" \/>\n<meta property=\"og:title\" content=\"Incendios en Salta: dos siniestros en viviendas de la ciudad - Cuarteto en la Web\" \/>\n<meta property=\"og:description\" content=\"La seguridad dom\u00e9stica qued\u00f3 expuesta una vez m\u00e1s en la\" \/>\n<meta property=\"og:url\" content=\"http:\/\/cuartetoenlaweb.com.ar\/sitio\/incendios-en-salta-dos-siniestros-en-viviendas-de-la-ciudad\/\" \/>\n<meta property=\"og:site_name\" content=\"Cuarteto en la Web\" \/>\n<meta property=\"article:published_time\" content=\"2026-04-27T17:00:35+00:00\" \/>\n<meta property=\"og:image\" content=\"http:\/\/cuartetoenlaweb.com.ar\/sitio\/wp-content\/uploads\/2026\/04\/portadax-188.png\" \/>\n\t<meta property=\"og:image:width\" content=\"1366\" \/>\n\t<meta property=\"og:image:height\" content=\"768\" \/>\n\t<meta property=\"og:image:type\" content=\"image\/png\" \/>\n<meta name=\"twitter:card\" content=\"summary_large_image\" \/>\n<meta name=\"twitter:label1\" content=\"Tiempo de lectura\" \/>\n\t<meta name=\"twitter:data1\" content=\"2 minutos\" \/>\n<script type=\"application\/ld+json\" class=\"yoast-schema-graph\">{\"@context\":\"https:\\\/\\\/schema.org\",\"@graph\":[{\"@type\":\"Article\",\"@id\":\"http:\\\/\\\/cuartetoenlaweb.com.ar\\\/sitio\\\/incendios-en-salta-dos-siniestros-en-viviendas-de-la-ciudad\\\/#article\",\"isPartOf\":{\"@id\":\"http:\\\/\\\/cuartetoenlaweb.com.ar\\\/sitio\\\/incendios-en-salta-dos-siniestros-en-viviendas-de-la-ciudad\\\/\"},\"author\":{\"name\":\"\",\"@id\":\"\"},\"headline\":\"Incendios en Salta: dos siniestros en viviendas de la ciudad\",\"datePublished\":\"2026-04-27T17:00:35+00:00\",\"mainEntityOfPage\":{\"@id\":\"http:\\\/\\\/cuartetoenlaweb.com.ar\\\/sitio\\\/incendios-en-salta-dos-siniestros-en-viviendas-de-la-ciudad\\\/\"},\"wordCount\":399,\"publisher\":{\"@id\":\"http:\\\/\\\/cuartetoenlaweb.com.ar\\\/sitio\\\/#organization\"},\"image\":{\"@id\":\"http:\\\/\\\/cuartetoenlaweb.com.ar\\\/sitio\\\/incendios-en-salta-dos-siniestros-en-viviendas-de-la-ciudad\\\/#primaryimage\"},\"thumbnailUrl\":\"http:\\\/\\\/cuartetoenlaweb.com.ar\\\/sitio\\\/wp-content\\\/uploads\\\/2026\\\/04\\\/portadax-188.png\",\"articleSection\":[\"PAIS\"],\"inLanguage\":\"es\"},{\"@type\":\"WebPage\",\"@id\":\"http:\\\/\\\/cuartetoenlaweb.com.ar\\\/sitio\\\/incendios-en-salta-dos-siniestros-en-viviendas-de-la-ciudad\\\/\",\"url\":\"http:\\\/\\\/cuartetoenlaweb.com.ar\\\/sitio\\\/incendios-en-salta-dos-siniestros-en-viviendas-de-la-ciudad\\\/\",\"name\":\"Incendios en Salta: dos siniestros en viviendas de la ciudad - Cuarteto en la Web\",\"isPartOf\":{\"@id\":\"http:\\\/\\\/cuartetoenlaweb.com.ar\\\/sitio\\\/#website\"},\"primaryImageOfPage\":{\"@id\":\"http:\\\/\\\/cuartetoenlaweb.com.ar\\\/sitio\\\/incendios-en-salta-dos-siniestros-en-viviendas-de-la-ciudad\\\/#primaryimage\"},\"image\":{\"@id\":\"http:\\\/\\\/cuartetoenlaweb.com.ar\\\/sitio\\\/incendios-en-salta-dos-siniestros-en-viviendas-de-la-ciudad\\\/#primaryimage\"},\"thumbnailUrl\":\"http:\\\/\\\/cuartetoenlaweb.com.ar\\\/sitio\\\/wp-content\\\/uploads\\\/2026\\\/04\\\/portadax-188.png\",\"datePublished\":\"2026-04-27T17:00:35+00:00\",\"breadcrumb\":{\"@id\":\"http:\\\/\\\/cuartetoenlaweb.com.ar\\\/sitio\\\/incendios-en-salta-dos-siniestros-en-viviendas-de-la-ciudad\\\/#breadcrumb\"},\"inLanguage\":\"es\",\"potentialAction\":[{\"@type\":\"ReadAction\",\"target\":[\"http:\\\/\\\/cuartetoenlaweb.com.ar\\\/sitio\\\/incendios-en-salta-dos-siniestros-en-viviendas-de-la-ciudad\\\/\"]}]},{\"@type\":\"ImageObject\",\"inLanguage\":\"es\",\"@id\":\"http:\\\/\\\/cuartetoenlaweb.com.ar\\\/sitio\\\/incendios-en-salta-dos-siniestros-en-viviendas-de-la-ciudad\\\/#primaryimage\",\"url\":\"http:\\\/\\\/cuartetoenlaweb.com.ar\\\/sitio\\\/wp-content\\\/uploads\\\/2026\\\/04\\\/portadax-188.png\",\"contentUrl\":\"http:\\\/\\\/cuartetoenlaweb.com.ar\\\/sitio\\\/wp-content\\\/uploads\\\/2026\\\/04\\\/portadax-188.png\",\"width\":1366,\"height\":768},{\"@type\":\"BreadcrumbList\",\"@id\":\"http:\\\/\\\/cuartetoenlaweb.com.ar\\\/sitio\\\/incendios-en-salta-dos-siniestros-en-viviendas-de-la-ciudad\\\/#breadcrumb\",\"itemListElement\":[{\"@type\":\"ListItem\",\"position\":1,\"name\":\"Portada\",\"item\":\"http:\\\/\\\/cuartetoenlaweb.com.ar\\\/sitio\\\/\"},{\"@type\":\"ListItem\",\"position\":2,\"name\":\"Incendios en Salta: dos siniestros en viviendas de la ciudad\"}]},{\"@type\":\"WebSite\",\"@id\":\"http:\\\/\\\/cuartetoenlaweb.com.ar\\\/sitio\\\/#website\",\"url\":\"http:\\\/\\\/cuartetoenlaweb.com.ar\\\/sitio\\\/\",\"name\":\"Cuarteto en la Web\",\"description\":\"\",\"publisher\":{\"@id\":\"http:\\\/\\\/cuartetoenlaweb.com.ar\\\/sitio\\\/#organization\"},\"potentialAction\":[{\"@type\":\"SearchAction\",\"target\":{\"@type\":\"EntryPoint\",\"urlTemplate\":\"http:\\\/\\\/cuartetoenlaweb.com.ar\\\/sitio\\\/?s={search_term_string}\"},\"query-input\":{\"@type\":\"PropertyValueSpecification\",\"valueRequired\":true,\"valueName\":\"search_term_string\"}}],\"inLanguage\":\"es\"},{\"@type\":\"Organization\",\"@id\":\"http:\\\/\\\/cuartetoenlaweb.com.ar\\\/sitio\\\/#organization\",\"name\":\"Cuarteto en la Web\",\"url\":\"http:\\\/\\\/cuartetoenlaweb.com.ar\\\/sitio\\\/\",\"logo\":{\"@type\":\"ImageObject\",\"inLanguage\":\"es\",\"@id\":\"http:\\\/\\\/cuartetoenlaweb.com.ar\\\/sitio\\\/#\\\/schema\\\/logo\\\/image\\\/\",\"url\":\"http:\\\/\\\/cuartetoenlaweb.com.ar\\\/sitio\\\/wp-content\\\/uploads\\\/2025\\\/07\\\/cropped-cropped-logitoweb21.png\",\"contentUrl\":\"http:\\\/\\\/cuartetoenlaweb.com.ar\\\/sitio\\\/wp-content\\\/uploads\\\/2025\\\/07\\\/cropped-cropped-logitoweb21.png\",\"width\":199,\"height\":199,\"caption\":\"Cuarteto en la Web\"},\"image\":{\"@id\":\"http:\\\/\\\/cuartetoenlaweb.com.ar\\\/sitio\\\/#\\\/schema\\\/logo\\\/image\\\/\"}}]}<\/script>\n<!-- \/ Yoast SEO plugin. -->","yoast_head_json":{"title":"Incendios en Salta: dos siniestros en viviendas de la ciudad - Cuarteto en la Web","robots":{"index":"index","follow":"follow","max-snippet":"max-snippet:-1","max-image-preview":"max-image-preview:large","max-video-preview":"max-video-preview:-1"},"canonical":"http:\/\/cuartetoenlaweb.com.ar\/sitio\/incendios-en-salta-dos-siniestros-en-viviendas-de-la-ciudad\/","og_locale":"es_ES","og_type":"article","og_title":"Incendios en Salta: dos siniestros en viviendas de la ciudad - Cuarteto en la Web","og_description":"La seguridad dom\u00e9stica qued\u00f3 expuesta una vez m\u00e1s en la","og_url":"http:\/\/cuartetoenlaweb.com.ar\/sitio\/incendios-en-salta-dos-siniestros-en-viviendas-de-la-ciudad\/","og_site_name":"Cuarteto en la Web","article_published_time":"2026-04-27T17:00:35+00:00","og_image":[{"width":1366,"height":768,"url":"http:\/\/cuartetoenlaweb.com.ar\/sitio\/wp-content\/uploads\/2026\/04\/portadax-188.png","type":"image\/png"}],"twitter_card":"summary_large_image","twitter_misc":{"Tiempo de lectura":"2 minutos"},"schema":{"@context":"https:\/\/schema.org","@graph":[{"@type":"Article","@id":"http:\/\/cuartetoenlaweb.com.ar\/sitio\/incendios-en-salta-dos-siniestros-en-viviendas-de-la-ciudad\/#article","isPartOf":{"@id":"http:\/\/cuartetoenlaweb.com.ar\/sitio\/incendios-en-salta-dos-siniestros-en-viviendas-de-la-ciudad\/"},"author":{"name":"","@id":""},"headline":"Incendios en Salta: dos siniestros en viviendas de la ciudad","datePublished":"2026-04-27T17:00:35+00:00","mainEntityOfPage":{"@id":"http:\/\/cuartetoenlaweb.com.ar\/sitio\/incendios-en-salta-dos-siniestros-en-viviendas-de-la-ciudad\/"},"wordCount":399,"publisher":{"@id":"http:\/\/cuartetoenlaweb.com.ar\/sitio\/#organization"},"image":{"@id":"http:\/\/cuartetoenlaweb.com.ar\/sitio\/incendios-en-salta-dos-siniestros-en-viviendas-de-la-ciudad\/#primaryimage"},"thumbnailUrl":"http:\/\/cuartetoenlaweb.com.ar\/sitio\/wp-content\/uploads\/2026\/04\/portadax-188.png","articleSection":["PAIS"],"inLanguage":"es"},{"@type":"WebPage","@id":"http:\/\/cuartetoenlaweb.com.ar\/sitio\/incendios-en-salta-dos-siniestros-en-viviendas-de-la-ciudad\/","url":"http:\/\/cuartetoenlaweb.com.ar\/sitio\/incendios-en-salta-dos-siniestros-en-viviendas-de-la-ciudad\/","name":"Incendios en Salta: dos siniestros en viviendas de la ciudad - Cuarteto en la Web","isPartOf":{"@id":"http:\/\/cuartetoenlaweb.com.ar\/sitio\/#website"},"primaryImageOfPage":{"@id":"http:\/\/cuartetoenlaweb.com.ar\/sitio\/incendios-en-salta-dos-siniestros-en-viviendas-de-la-ciudad\/#primaryimage"},"image":{"@id":"http:\/\/cuartetoenlaweb.com.ar\/sitio\/incendios-en-salta-dos-siniestros-en-viviendas-de-la-ciudad\/#primaryimage"},"thumbnailUrl":"http:\/\/cuartetoenlaweb.com.ar\/sitio\/wp-content\/uploads\/2026\/04\/portadax-188.png","datePublished":"2026-04-27T17:00:35+00:00","breadcrumb":{"@id":"http:\/\/cuartetoenlaweb.com.ar\/sitio\/incendios-en-salta-dos-siniestros-en-viviendas-de-la-ciudad\/#breadcrumb"},"inLanguage":"es","potentialAction":[{"@type":"ReadAction","target":["http:\/\/cuartetoenlaweb.com.ar\/sitio\/incendios-en-salta-dos-siniestros-en-viviendas-de-la-ciudad\/"]}]},{"@type":"ImageObject","inLanguage":"es","@id":"http:\/\/cuartetoenlaweb.com.ar\/sitio\/incendios-en-salta-dos-siniestros-en-viviendas-de-la-ciudad\/#primaryimage","url":"http:\/\/cuartetoenlaweb.com.ar\/sitio\/wp-content\/uploads\/2026\/04\/portadax-188.png","contentUrl":"http:\/\/cuartetoenlaweb.com.ar\/sitio\/wp-content\/uploads\/2026\/04\/portadax-188.png","width":1366,"height":768},{"@type":"BreadcrumbList","@id":"http:\/\/cuartetoenlaweb.com.ar\/sitio\/incendios-en-salta-dos-siniestros-en-viviendas-de-la-ciudad\/#breadcrumb","itemListElement":[{"@type":"ListItem","position":1,"name":"Portada","item":"http:\/\/cuartetoenlaweb.com.ar\/sitio\/"},{"@type":"ListItem","position":2,"name":"Incendios en Salta: dos siniestros en viviendas de la ciudad"}]},{"@type":"WebSite","@id":"http:\/\/cuartetoenlaweb.com.ar\/sitio\/#website","url":"http:\/\/cuartetoenlaweb.com.ar\/sitio\/","name":"Cuarteto en la Web","description":"","publisher":{"@id":"http:\/\/cuartetoenlaweb.com.ar\/sitio\/#organization"},"potentialAction":[{"@type":"SearchAction","target":{"@type":"EntryPoint","urlTemplate":"http:\/\/cuartetoenlaweb.com.ar\/sitio\/?s={search_term_string}"},"query-input":{"@type":"PropertyValueSpecification","valueRequired":true,"valueName":"search_term_string"}}],"inLanguage":"es"},{"@type":"Organization","@id":"http:\/\/cuartetoenlaweb.com.ar\/sitio\/#organization","name":"Cuarteto en la Web","url":"http:\/\/cuartetoenlaweb.com.ar\/sitio\/","logo":{"@type":"ImageObject","inLanguage":"es","@id":"http:\/\/cuartetoenlaweb.com.ar\/sitio\/#\/schema\/logo\/image\/","url":"http:\/\/cuartetoenlaweb.com.ar\/sitio\/wp-content\/uploads\/2025\/07\/cropped-cropped-logitoweb21.png","contentUrl":"http:\/\/cuartetoenlaweb.com.ar\/sitio\/wp-content\/uploads\/2025\/07\/cropped-cropped-logitoweb21.png","width":199,"height":199,"caption":"Cuarteto en la Web"},"image":{"@id":"http:\/\/cuartetoenlaweb.com.ar\/sitio\/#\/schema\/logo\/image\/"}}]}},"_links":{"self":[{"href":"http:\/\/cuartetoenlaweb.com.ar\/sitio\/wp-json\/wp\/v2\/posts\/19106","targetHints":{"allow":["GET"]}}],"collection":[{"href":"http:\/\/cuartetoenlaweb.com.ar\/sitio\/wp-json\/wp\/v2\/posts"}],"about":[{"href":"http:\/\/cuartetoenlaweb.com.ar\/sitio\/wp-json\/wp\/v2\/types\/post"}],"replies":[{"embeddable":true,"href":"http:\/\/cuartetoenlaweb.com.ar\/sitio\/wp-json\/wp\/v2\/comments?post=19106"}],"version-history":[{"count":0,"href":"http:\/\/cuartetoenlaweb.com.ar\/sitio\/wp-json\/wp\/v2\/posts\/19106\/revisions"}],"wp:featuredmedia":[{"embeddable":true,"href":"http:\/\/cuartetoenlaweb.com.ar\/sitio\/wp-json\/wp\/v2\/media\/19107"}],"wp:attachment":[{"href":"http:\/\/cuartetoenlaweb.com.ar\/sitio\/wp-json\/wp\/v2\/media?parent=19106"}],"wp:term":[{"taxonomy":"category","embeddable":true,"href":"http:\/\/cuartetoenlaweb.com.ar\/sitio\/wp-json\/wp\/v2\/categories?post=19106"},{"taxonomy":"post_tag","embeddable":true,"href":"http:\/\/cuartetoenlaweb.com.ar\/sitio\/wp-json\/wp\/v2\/tags?post=19106"}],"curies":[{"name":"wp","href":"https:\/\/api.w.org\/{rel}","templated":true}]}}