
{"id":19098,"date":"2026-04-27T14:00:24","date_gmt":"2026-04-27T17:00:24","guid":{"rendered":"http:\/\/cuartetoenlaweb.com.ar\/sitio\/no-es-normal-el-video-de-la-liga-acb-de-espana-tras-otra-actuacion-estelar-de-gonzalo-corbalan\/"},"modified":"2026-04-27T14:00:24","modified_gmt":"2026-04-27T17:00:24","slug":"no-es-normal-el-video-de-la-liga-acb-de-espana-tras-otra-actuacion-estelar-de-gonzalo-corbalan","status":"publish","type":"post","link":"http:\/\/cuartetoenlaweb.com.ar\/sitio\/no-es-normal-el-video-de-la-liga-acb-de-espana-tras-otra-actuacion-estelar-de-gonzalo-corbalan\/","title":{"rendered":"\u201cNo es normal\u201d: el video de la Liga ACB de Espa\u00f1a tras otra actuaci\u00f3n estelar de Gonzalo Corbal\u00e1n"},"content":{"rendered":"<p>Gonzalo Corbal\u00e1n est\u00e1 en su prime. El escolta argentino de 24 a\u00f1os construye partido a partido un presente impresionante en la Liga ACB de Espa\u00f1a, la m\u00e1s importante de Europa y del mundo luego de la NBA. <\/p>\n<p>Este domingo, el jugador de la Selecci\u00f3n Argentina -que tanta conexi\u00f3n encontr\u00f3 con Facundo Campazzo- condujo a San Pablo Burgos a un triunfo clave ante Baxi Manresa en Catalu\u00f1a por 101-94 en el que fue la figura con 25 puntos y 5 asistencias. El chaque\u00f1o no tuvo p\u00e9rdidas y emboc\u00f3 12 de los 14 tiros de campo. <\/p>\n<p>\u201cNo es normal\u201d, reconoci\u00f3 la cuenta de la Liga ACB, que le dedic\u00f3 este video con su actuaci\u00f3n estelar, que lo tiene entre los diez jugadores con mejor valoraci\u00f3n del torneo. <\/p>\n<p>&gt; Lo de GONZALO CORBAL\u00c1N durante esta temporada en #LigaEndesa no es normal \ud83d\udca5<br \/>\n&gt;<br \/>\n&gt; \ud83d\udd25 2\u20e35\u20e3 puntos, 2\u20e38\u20e3 de valoraci\u00f3n y otra actuaci\u00f3n decisiva del argentina para que @SanPabloBurgos sume una victoria important\u00edsima frente a @BasquetManresa. pic.twitter.com\/KjeeFiN26y<br \/>\n&gt;<br \/>\n&gt; \u2014 Liga Endesa (@ACBCOM) April 27, 2026<\/p>\n<p>En un equipo que pelea por no descender, y entre los presupuestos mounstruosos de Real Madrid, Barcelona, Baskonia y Valencia, lo de Corba -tal su apodo en la Selecci\u00f3n- es de destacar.  <\/p>\n<p>\u201cNOS VOLVIMOS A ILUSIONAR\u201d<\/p>\n<p>El posteo de San Pablo Burgos, bien argento. <\/p>\n<p>El conjunto azul y blanco se ilusiona con la Permanencia, no la tiene f\u00e1cil a falta de cinco fechas para el final de la Fase Regular de la Liga. <\/p>\n<p>La actuaci\u00f3n del argentino lo ha puesto en el radar de varios equipos. En el contrato de Corbal\u00e1n, figura una cl\u00e1usula que lo invita a seguir en Burgos si el equipo mantiene la categor\u00eda. <\/p>\n<p>Aunque hay periodistas espa\u00f1oles que indican que a pesar de ello, el futuro de Gonzalo puede estar en un club con m\u00e1s aspiraciones. <\/p>\n<p>Las redes opinan:<\/p>\n<p>&gt; Gran partido de Gonzalo Corbal\u00e1n hoy en Manresa. @SanPabloBurgos @ACBCOM \ud83d\udc9c pic.twitter.com\/Iquw4qbxL0<br \/>\n&gt;<br \/>\n&gt; \u2014 MaraGoTa y EnaNo (@maragotayenano2) April 26, 2026<\/p>\n","protected":false},"excerpt":{"rendered":"<p>Gonzalo Corbal\u00e1n est\u00e1 en su prime. El escolta argentino de<\/p>\n","protected":false},"author":0,"featured_media":19099,"comment_status":"","ping_status":"","sticky":false,"template":"","format":"standard","meta":{"footnotes":""},"categories":[65],"tags":[],"class_list":["post-19098","post","type-post","status-publish","format-standard","has-post-thumbnail","hentry","category-pais"],"yoast_head":"<!-- This site is optimized with the Yoast SEO plugin v27.5 - https:\/\/yoast.com\/product\/yoast-seo-wordpress\/ -->\n<title>\u201cNo es normal\u201d: el video de la Liga ACB de Espa\u00f1a tras otra actuaci\u00f3n estelar de Gonzalo Corbal\u00e1n - Cuarteto en la Web<\/title>\n<meta name=\"robots\" content=\"index, follow, max-snippet:-1, max-image-preview:large, max-video-preview:-1\" \/>\n<link rel=\"canonical\" href=\"http:\/\/cuartetoenlaweb.com.ar\/sitio\/no-es-normal-el-video-de-la-liga-acb-de-espana-tras-otra-actuacion-estelar-de-gonzalo-corbalan\/\" \/>\n<meta property=\"og:locale\" content=\"es_ES\" \/>\n<meta property=\"og:type\" content=\"article\" \/>\n<meta property=\"og:title\" content=\"\u201cNo es normal\u201d: el video de la Liga ACB de Espa\u00f1a tras otra actuaci\u00f3n estelar de Gonzalo Corbal\u00e1n - Cuarteto en la Web\" \/>\n<meta property=\"og:description\" content=\"Gonzalo Corbal\u00e1n est\u00e1 en su prime. El escolta argentino de\" \/>\n<meta property=\"og:url\" content=\"http:\/\/cuartetoenlaweb.com.ar\/sitio\/no-es-normal-el-video-de-la-liga-acb-de-espana-tras-otra-actuacion-estelar-de-gonzalo-corbalan\/\" \/>\n<meta property=\"og:site_name\" content=\"Cuarteto en la Web\" \/>\n<meta property=\"article:published_time\" content=\"2026-04-27T17:00:24+00:00\" \/>\n<meta property=\"og:image\" content=\"http:\/\/cuartetoenlaweb.com.ar\/sitio\/wp-content\/uploads\/2026\/04\/720-642.jpeg\" \/>\n\t<meta property=\"og:image:width\" content=\"1087\" \/>\n\t<meta property=\"og:image:height\" content=\"720\" \/>\n\t<meta property=\"og:image:type\" content=\"image\/jpeg\" \/>\n<meta name=\"twitter:card\" content=\"summary_large_image\" \/>\n<meta name=\"twitter:label1\" content=\"Tiempo de lectura\" \/>\n\t<meta name=\"twitter:data1\" content=\"2 minutos\" \/>\n<script type=\"application\/ld+json\" class=\"yoast-schema-graph\">{\"@context\":\"https:\\\/\\\/schema.org\",\"@graph\":[{\"@type\":\"Article\",\"@id\":\"http:\\\/\\\/cuartetoenlaweb.com.ar\\\/sitio\\\/no-es-normal-el-video-de-la-liga-acb-de-espana-tras-otra-actuacion-estelar-de-gonzalo-corbalan\\\/#article\",\"isPartOf\":{\"@id\":\"http:\\\/\\\/cuartetoenlaweb.com.ar\\\/sitio\\\/no-es-normal-el-video-de-la-liga-acb-de-espana-tras-otra-actuacion-estelar-de-gonzalo-corbalan\\\/\"},\"author\":{\"name\":\"\",\"@id\":\"\"},\"headline\":\"\u201cNo es normal\u201d: el video de la Liga ACB de Espa\u00f1a tras otra actuaci\u00f3n estelar de Gonzalo Corbal\u00e1n\",\"datePublished\":\"2026-04-27T17:00:24+00:00\",\"mainEntityOfPage\":{\"@id\":\"http:\\\/\\\/cuartetoenlaweb.com.ar\\\/sitio\\\/no-es-normal-el-video-de-la-liga-acb-de-espana-tras-otra-actuacion-estelar-de-gonzalo-corbalan\\\/\"},\"wordCount\":366,\"publisher\":{\"@id\":\"http:\\\/\\\/cuartetoenlaweb.com.ar\\\/sitio\\\/#organization\"},\"image\":{\"@id\":\"http:\\\/\\\/cuartetoenlaweb.com.ar\\\/sitio\\\/no-es-normal-el-video-de-la-liga-acb-de-espana-tras-otra-actuacion-estelar-de-gonzalo-corbalan\\\/#primaryimage\"},\"thumbnailUrl\":\"http:\\\/\\\/cuartetoenlaweb.com.ar\\\/sitio\\\/wp-content\\\/uploads\\\/2026\\\/04\\\/720-642.jpeg\",\"articleSection\":[\"PAIS\"],\"inLanguage\":\"es\"},{\"@type\":\"WebPage\",\"@id\":\"http:\\\/\\\/cuartetoenlaweb.com.ar\\\/sitio\\\/no-es-normal-el-video-de-la-liga-acb-de-espana-tras-otra-actuacion-estelar-de-gonzalo-corbalan\\\/\",\"url\":\"http:\\\/\\\/cuartetoenlaweb.com.ar\\\/sitio\\\/no-es-normal-el-video-de-la-liga-acb-de-espana-tras-otra-actuacion-estelar-de-gonzalo-corbalan\\\/\",\"name\":\"\u201cNo es normal\u201d: el video de la Liga ACB de Espa\u00f1a tras otra actuaci\u00f3n estelar de Gonzalo Corbal\u00e1n - Cuarteto en la Web\",\"isPartOf\":{\"@id\":\"http:\\\/\\\/cuartetoenlaweb.com.ar\\\/sitio\\\/#website\"},\"primaryImageOfPage\":{\"@id\":\"http:\\\/\\\/cuartetoenlaweb.com.ar\\\/sitio\\\/no-es-normal-el-video-de-la-liga-acb-de-espana-tras-otra-actuacion-estelar-de-gonzalo-corbalan\\\/#primaryimage\"},\"image\":{\"@id\":\"http:\\\/\\\/cuartetoenlaweb.com.ar\\\/sitio\\\/no-es-normal-el-video-de-la-liga-acb-de-espana-tras-otra-actuacion-estelar-de-gonzalo-corbalan\\\/#primaryimage\"},\"thumbnailUrl\":\"http:\\\/\\\/cuartetoenlaweb.com.ar\\\/sitio\\\/wp-content\\\/uploads\\\/2026\\\/04\\\/720-642.jpeg\",\"datePublished\":\"2026-04-27T17:00:24+00:00\",\"breadcrumb\":{\"@id\":\"http:\\\/\\\/cuartetoenlaweb.com.ar\\\/sitio\\\/no-es-normal-el-video-de-la-liga-acb-de-espana-tras-otra-actuacion-estelar-de-gonzalo-corbalan\\\/#breadcrumb\"},\"inLanguage\":\"es\",\"potentialAction\":[{\"@type\":\"ReadAction\",\"target\":[\"http:\\\/\\\/cuartetoenlaweb.com.ar\\\/sitio\\\/no-es-normal-el-video-de-la-liga-acb-de-espana-tras-otra-actuacion-estelar-de-gonzalo-corbalan\\\/\"]}]},{\"@type\":\"ImageObject\",\"inLanguage\":\"es\",\"@id\":\"http:\\\/\\\/cuartetoenlaweb.com.ar\\\/sitio\\\/no-es-normal-el-video-de-la-liga-acb-de-espana-tras-otra-actuacion-estelar-de-gonzalo-corbalan\\\/#primaryimage\",\"url\":\"http:\\\/\\\/cuartetoenlaweb.com.ar\\\/sitio\\\/wp-content\\\/uploads\\\/2026\\\/04\\\/720-642.jpeg\",\"contentUrl\":\"http:\\\/\\\/cuartetoenlaweb.com.ar\\\/sitio\\\/wp-content\\\/uploads\\\/2026\\\/04\\\/720-642.jpeg\",\"width\":1087,\"height\":720},{\"@type\":\"BreadcrumbList\",\"@id\":\"http:\\\/\\\/cuartetoenlaweb.com.ar\\\/sitio\\\/no-es-normal-el-video-de-la-liga-acb-de-espana-tras-otra-actuacion-estelar-de-gonzalo-corbalan\\\/#breadcrumb\",\"itemListElement\":[{\"@type\":\"ListItem\",\"position\":1,\"name\":\"Portada\",\"item\":\"http:\\\/\\\/cuartetoenlaweb.com.ar\\\/sitio\\\/\"},{\"@type\":\"ListItem\",\"position\":2,\"name\":\"\u201cNo es normal\u201d: el video de la Liga ACB de Espa\u00f1a tras otra actuaci\u00f3n estelar de Gonzalo Corbal\u00e1n\"}]},{\"@type\":\"WebSite\",\"@id\":\"http:\\\/\\\/cuartetoenlaweb.com.ar\\\/sitio\\\/#website\",\"url\":\"http:\\\/\\\/cuartetoenlaweb.com.ar\\\/sitio\\\/\",\"name\":\"Cuarteto en la Web\",\"description\":\"\",\"publisher\":{\"@id\":\"http:\\\/\\\/cuartetoenlaweb.com.ar\\\/sitio\\\/#organization\"},\"potentialAction\":[{\"@type\":\"SearchAction\",\"target\":{\"@type\":\"EntryPoint\",\"urlTemplate\":\"http:\\\/\\\/cuartetoenlaweb.com.ar\\\/sitio\\\/?s={search_term_string}\"},\"query-input\":{\"@type\":\"PropertyValueSpecification\",\"valueRequired\":true,\"valueName\":\"search_term_string\"}}],\"inLanguage\":\"es\"},{\"@type\":\"Organization\",\"@id\":\"http:\\\/\\\/cuartetoenlaweb.com.ar\\\/sitio\\\/#organization\",\"name\":\"Cuarteto en la Web\",\"url\":\"http:\\\/\\\/cuartetoenlaweb.com.ar\\\/sitio\\\/\",\"logo\":{\"@type\":\"ImageObject\",\"inLanguage\":\"es\",\"@id\":\"http:\\\/\\\/cuartetoenlaweb.com.ar\\\/sitio\\\/#\\\/schema\\\/logo\\\/image\\\/\",\"url\":\"http:\\\/\\\/cuartetoenlaweb.com.ar\\\/sitio\\\/wp-content\\\/uploads\\\/2025\\\/07\\\/cropped-cropped-logitoweb21.png\",\"contentUrl\":\"http:\\\/\\\/cuartetoenlaweb.com.ar\\\/sitio\\\/wp-content\\\/uploads\\\/2025\\\/07\\\/cropped-cropped-logitoweb21.png\",\"width\":199,\"height\":199,\"caption\":\"Cuarteto en la Web\"},\"image\":{\"@id\":\"http:\\\/\\\/cuartetoenlaweb.com.ar\\\/sitio\\\/#\\\/schema\\\/logo\\\/image\\\/\"}}]}<\/script>\n<!-- \/ Yoast SEO plugin. -->","yoast_head_json":{"title":"\u201cNo es normal\u201d: el video de la Liga ACB de Espa\u00f1a tras otra actuaci\u00f3n estelar de Gonzalo Corbal\u00e1n - Cuarteto en la Web","robots":{"index":"index","follow":"follow","max-snippet":"max-snippet:-1","max-image-preview":"max-image-preview:large","max-video-preview":"max-video-preview:-1"},"canonical":"http:\/\/cuartetoenlaweb.com.ar\/sitio\/no-es-normal-el-video-de-la-liga-acb-de-espana-tras-otra-actuacion-estelar-de-gonzalo-corbalan\/","og_locale":"es_ES","og_type":"article","og_title":"\u201cNo es normal\u201d: el video de la Liga ACB de Espa\u00f1a tras otra actuaci\u00f3n estelar de Gonzalo Corbal\u00e1n - Cuarteto en la Web","og_description":"Gonzalo Corbal\u00e1n est\u00e1 en su prime. El escolta argentino de","og_url":"http:\/\/cuartetoenlaweb.com.ar\/sitio\/no-es-normal-el-video-de-la-liga-acb-de-espana-tras-otra-actuacion-estelar-de-gonzalo-corbalan\/","og_site_name":"Cuarteto en la Web","article_published_time":"2026-04-27T17:00:24+00:00","og_image":[{"width":1087,"height":720,"url":"http:\/\/cuartetoenlaweb.com.ar\/sitio\/wp-content\/uploads\/2026\/04\/720-642.jpeg","type":"image\/jpeg"}],"twitter_card":"summary_large_image","twitter_misc":{"Tiempo de lectura":"2 minutos"},"schema":{"@context":"https:\/\/schema.org","@graph":[{"@type":"Article","@id":"http:\/\/cuartetoenlaweb.com.ar\/sitio\/no-es-normal-el-video-de-la-liga-acb-de-espana-tras-otra-actuacion-estelar-de-gonzalo-corbalan\/#article","isPartOf":{"@id":"http:\/\/cuartetoenlaweb.com.ar\/sitio\/no-es-normal-el-video-de-la-liga-acb-de-espana-tras-otra-actuacion-estelar-de-gonzalo-corbalan\/"},"author":{"name":"","@id":""},"headline":"\u201cNo es normal\u201d: el video de la Liga ACB de Espa\u00f1a tras otra actuaci\u00f3n estelar de Gonzalo Corbal\u00e1n","datePublished":"2026-04-27T17:00:24+00:00","mainEntityOfPage":{"@id":"http:\/\/cuartetoenlaweb.com.ar\/sitio\/no-es-normal-el-video-de-la-liga-acb-de-espana-tras-otra-actuacion-estelar-de-gonzalo-corbalan\/"},"wordCount":366,"publisher":{"@id":"http:\/\/cuartetoenlaweb.com.ar\/sitio\/#organization"},"image":{"@id":"http:\/\/cuartetoenlaweb.com.ar\/sitio\/no-es-normal-el-video-de-la-liga-acb-de-espana-tras-otra-actuacion-estelar-de-gonzalo-corbalan\/#primaryimage"},"thumbnailUrl":"http:\/\/cuartetoenlaweb.com.ar\/sitio\/wp-content\/uploads\/2026\/04\/720-642.jpeg","articleSection":["PAIS"],"inLanguage":"es"},{"@type":"WebPage","@id":"http:\/\/cuartetoenlaweb.com.ar\/sitio\/no-es-normal-el-video-de-la-liga-acb-de-espana-tras-otra-actuacion-estelar-de-gonzalo-corbalan\/","url":"http:\/\/cuartetoenlaweb.com.ar\/sitio\/no-es-normal-el-video-de-la-liga-acb-de-espana-tras-otra-actuacion-estelar-de-gonzalo-corbalan\/","name":"\u201cNo es normal\u201d: el video de la Liga ACB de Espa\u00f1a tras otra actuaci\u00f3n estelar de Gonzalo Corbal\u00e1n - Cuarteto en la Web","isPartOf":{"@id":"http:\/\/cuartetoenlaweb.com.ar\/sitio\/#website"},"primaryImageOfPage":{"@id":"http:\/\/cuartetoenlaweb.com.ar\/sitio\/no-es-normal-el-video-de-la-liga-acb-de-espana-tras-otra-actuacion-estelar-de-gonzalo-corbalan\/#primaryimage"},"image":{"@id":"http:\/\/cuartetoenlaweb.com.ar\/sitio\/no-es-normal-el-video-de-la-liga-acb-de-espana-tras-otra-actuacion-estelar-de-gonzalo-corbalan\/#primaryimage"},"thumbnailUrl":"http:\/\/cuartetoenlaweb.com.ar\/sitio\/wp-content\/uploads\/2026\/04\/720-642.jpeg","datePublished":"2026-04-27T17:00:24+00:00","breadcrumb":{"@id":"http:\/\/cuartetoenlaweb.com.ar\/sitio\/no-es-normal-el-video-de-la-liga-acb-de-espana-tras-otra-actuacion-estelar-de-gonzalo-corbalan\/#breadcrumb"},"inLanguage":"es","potentialAction":[{"@type":"ReadAction","target":["http:\/\/cuartetoenlaweb.com.ar\/sitio\/no-es-normal-el-video-de-la-liga-acb-de-espana-tras-otra-actuacion-estelar-de-gonzalo-corbalan\/"]}]},{"@type":"ImageObject","inLanguage":"es","@id":"http:\/\/cuartetoenlaweb.com.ar\/sitio\/no-es-normal-el-video-de-la-liga-acb-de-espana-tras-otra-actuacion-estelar-de-gonzalo-corbalan\/#primaryimage","url":"http:\/\/cuartetoenlaweb.com.ar\/sitio\/wp-content\/uploads\/2026\/04\/720-642.jpeg","contentUrl":"http:\/\/cuartetoenlaweb.com.ar\/sitio\/wp-content\/uploads\/2026\/04\/720-642.jpeg","width":1087,"height":720},{"@type":"BreadcrumbList","@id":"http:\/\/cuartetoenlaweb.com.ar\/sitio\/no-es-normal-el-video-de-la-liga-acb-de-espana-tras-otra-actuacion-estelar-de-gonzalo-corbalan\/#breadcrumb","itemListElement":[{"@type":"ListItem","position":1,"name":"Portada","item":"http:\/\/cuartetoenlaweb.com.ar\/sitio\/"},{"@type":"ListItem","position":2,"name":"\u201cNo es normal\u201d: el video de la Liga ACB de Espa\u00f1a tras otra actuaci\u00f3n estelar de Gonzalo Corbal\u00e1n"}]},{"@type":"WebSite","@id":"http:\/\/cuartetoenlaweb.com.ar\/sitio\/#website","url":"http:\/\/cuartetoenlaweb.com.ar\/sitio\/","name":"Cuarteto en la Web","description":"","publisher":{"@id":"http:\/\/cuartetoenlaweb.com.ar\/sitio\/#organization"},"potentialAction":[{"@type":"SearchAction","target":{"@type":"EntryPoint","urlTemplate":"http:\/\/cuartetoenlaweb.com.ar\/sitio\/?s={search_term_string}"},"query-input":{"@type":"PropertyValueSpecification","valueRequired":true,"valueName":"search_term_string"}}],"inLanguage":"es"},{"@type":"Organization","@id":"http:\/\/cuartetoenlaweb.com.ar\/sitio\/#organization","name":"Cuarteto en la Web","url":"http:\/\/cuartetoenlaweb.com.ar\/sitio\/","logo":{"@type":"ImageObject","inLanguage":"es","@id":"http:\/\/cuartetoenlaweb.com.ar\/sitio\/#\/schema\/logo\/image\/","url":"http:\/\/cuartetoenlaweb.com.ar\/sitio\/wp-content\/uploads\/2025\/07\/cropped-cropped-logitoweb21.png","contentUrl":"http:\/\/cuartetoenlaweb.com.ar\/sitio\/wp-content\/uploads\/2025\/07\/cropped-cropped-logitoweb21.png","width":199,"height":199,"caption":"Cuarteto en la Web"},"image":{"@id":"http:\/\/cuartetoenlaweb.com.ar\/sitio\/#\/schema\/logo\/image\/"}}]}},"_links":{"self":[{"href":"http:\/\/cuartetoenlaweb.com.ar\/sitio\/wp-json\/wp\/v2\/posts\/19098","targetHints":{"allow":["GET"]}}],"collection":[{"href":"http:\/\/cuartetoenlaweb.com.ar\/sitio\/wp-json\/wp\/v2\/posts"}],"about":[{"href":"http:\/\/cuartetoenlaweb.com.ar\/sitio\/wp-json\/wp\/v2\/types\/post"}],"replies":[{"embeddable":true,"href":"http:\/\/cuartetoenlaweb.com.ar\/sitio\/wp-json\/wp\/v2\/comments?post=19098"}],"version-history":[{"count":0,"href":"http:\/\/cuartetoenlaweb.com.ar\/sitio\/wp-json\/wp\/v2\/posts\/19098\/revisions"}],"wp:featuredmedia":[{"embeddable":true,"href":"http:\/\/cuartetoenlaweb.com.ar\/sitio\/wp-json\/wp\/v2\/media\/19099"}],"wp:attachment":[{"href":"http:\/\/cuartetoenlaweb.com.ar\/sitio\/wp-json\/wp\/v2\/media?parent=19098"}],"wp:term":[{"taxonomy":"category","embeddable":true,"href":"http:\/\/cuartetoenlaweb.com.ar\/sitio\/wp-json\/wp\/v2\/categories?post=19098"},{"taxonomy":"post_tag","embeddable":true,"href":"http:\/\/cuartetoenlaweb.com.ar\/sitio\/wp-json\/wp\/v2\/tags?post=19098"}],"curies":[{"name":"wp","href":"https:\/\/api.w.org\/{rel}","templated":true}]}}