
{"id":19094,"date":"2026-04-27T14:00:18","date_gmt":"2026-04-27T17:00:18","guid":{"rendered":"http:\/\/cuartetoenlaweb.com.ar\/sitio\/eres-una-persona-horrible-donald-trump-se-enfurecio-con-una-periodista-y-corto-la-entrevista\/"},"modified":"2026-04-27T14:00:18","modified_gmt":"2026-04-27T17:00:18","slug":"eres-una-persona-horrible-donald-trump-se-enfurecio-con-una-periodista-y-corto-la-entrevista","status":"publish","type":"post","link":"http:\/\/cuartetoenlaweb.com.ar\/sitio\/eres-una-persona-horrible-donald-trump-se-enfurecio-con-una-periodista-y-corto-la-entrevista\/","title":{"rendered":"\u201cEres una persona horrible\u201d: Donald Trump se enfureci\u00f3 con una periodista y cort\u00f3 la entrevista"},"content":{"rendered":"<p>Un nuevo episodio de tensi\u00f3n volvi\u00f3 a tener como protagonista a Donald Trump, esta vez durante una entrevista televisiva, donde tuvo una actitud completamente nefasta hacia una comunicadora. <\/p>\n<p>Todo parec\u00eda ir tranquilo hasta que la periodista introdujo un tema sensible: las acusaciones en su contra por su relaci\u00f3n cercana con Jeffrey Epstein donde lo relacionan con m\u00faltiples casos de violaci\u00f3n y abuso sexual.<\/p>\n<p>A partir de ese momento, Trump reaccion\u00f3 con enojo y pas\u00f3 al ataque directo. Visiblemente molesto, interrumpi\u00f3 el desarrollo de la nota y lanz\u00f3 una serie de descalificaciones: \u201cEres una persona horrible\u201d, dispar\u00f3.<\/p>\n<p>Luego redobl\u00f3 la apuesta: \u201cLe\u00edste esa mierda de una persona enferma\u201d, dijo en referencia a la informaci\u00f3n que la periodista estaba citando.<\/p>\n<p>La situaci\u00f3n se volvi\u00f3 insostenible cuando el presidente decidi\u00f3 poner fin al di\u00e1logo: \u201cTerminemos la entrevista\u201d, concluy\u00f3, dando por cerrado el intercambio de manera abrupta.<\/p>\n<p>No es la primera vez que el mandatario protagoniza este tipo de cruces con periodistas, especialmente cuando se le formulan preguntas cr\u00edticas o se citan investigaciones en su contra.<\/p>\n","protected":false},"excerpt":{"rendered":"<p>Un nuevo episodio de tensi\u00f3n volvi\u00f3 a tener como protagonista<\/p>\n","protected":false},"author":0,"featured_media":19095,"comment_status":"","ping_status":"","sticky":false,"template":"","format":"standard","meta":{"footnotes":""},"categories":[65],"tags":[],"class_list":["post-19094","post","type-post","status-publish","format-standard","has-post-thumbnail","hentry","category-pais"],"yoast_head":"<!-- This site is optimized with the Yoast SEO plugin v27.5 - https:\/\/yoast.com\/product\/yoast-seo-wordpress\/ -->\n<title>\u201cEres una persona horrible\u201d: Donald Trump se enfureci\u00f3 con una periodista y cort\u00f3 la entrevista - Cuarteto en la Web<\/title>\n<meta name=\"robots\" content=\"index, follow, max-snippet:-1, max-image-preview:large, max-video-preview:-1\" \/>\n<link rel=\"canonical\" href=\"http:\/\/cuartetoenlaweb.com.ar\/sitio\/eres-una-persona-horrible-donald-trump-se-enfurecio-con-una-periodista-y-corto-la-entrevista\/\" \/>\n<meta property=\"og:locale\" content=\"es_ES\" \/>\n<meta property=\"og:type\" content=\"article\" \/>\n<meta property=\"og:title\" content=\"\u201cEres una persona horrible\u201d: Donald Trump se enfureci\u00f3 con una periodista y cort\u00f3 la entrevista - Cuarteto en la Web\" \/>\n<meta property=\"og:description\" content=\"Un nuevo episodio de tensi\u00f3n volvi\u00f3 a tener como protagonista\" \/>\n<meta property=\"og:url\" content=\"http:\/\/cuartetoenlaweb.com.ar\/sitio\/eres-una-persona-horrible-donald-trump-se-enfurecio-con-una-periodista-y-corto-la-entrevista\/\" \/>\n<meta property=\"og:site_name\" content=\"Cuarteto en la Web\" \/>\n<meta property=\"article:published_time\" content=\"2026-04-27T17:00:18+00:00\" \/>\n<meta property=\"og:image\" content=\"http:\/\/cuartetoenlaweb.com.ar\/sitio\/wp-content\/uploads\/2026\/04\/720-640.jpeg\" \/>\n\t<meta property=\"og:image:width\" content=\"1198\" \/>\n\t<meta property=\"og:image:height\" content=\"720\" \/>\n\t<meta property=\"og:image:type\" content=\"image\/jpeg\" \/>\n<meta name=\"twitter:card\" content=\"summary_large_image\" \/>\n<meta name=\"twitter:label1\" content=\"Tiempo de lectura\" \/>\n\t<meta name=\"twitter:data1\" content=\"1 minuto\" \/>\n<script type=\"application\/ld+json\" class=\"yoast-schema-graph\">{\"@context\":\"https:\\\/\\\/schema.org\",\"@graph\":[{\"@type\":\"Article\",\"@id\":\"http:\\\/\\\/cuartetoenlaweb.com.ar\\\/sitio\\\/eres-una-persona-horrible-donald-trump-se-enfurecio-con-una-periodista-y-corto-la-entrevista\\\/#article\",\"isPartOf\":{\"@id\":\"http:\\\/\\\/cuartetoenlaweb.com.ar\\\/sitio\\\/eres-una-persona-horrible-donald-trump-se-enfurecio-con-una-periodista-y-corto-la-entrevista\\\/\"},\"author\":{\"name\":\"\",\"@id\":\"\"},\"headline\":\"\u201cEres una persona horrible\u201d: Donald Trump se enfureci\u00f3 con una periodista y cort\u00f3 la entrevista\",\"datePublished\":\"2026-04-27T17:00:18+00:00\",\"mainEntityOfPage\":{\"@id\":\"http:\\\/\\\/cuartetoenlaweb.com.ar\\\/sitio\\\/eres-una-persona-horrible-donald-trump-se-enfurecio-con-una-periodista-y-corto-la-entrevista\\\/\"},\"wordCount\":197,\"publisher\":{\"@id\":\"http:\\\/\\\/cuartetoenlaweb.com.ar\\\/sitio\\\/#organization\"},\"image\":{\"@id\":\"http:\\\/\\\/cuartetoenlaweb.com.ar\\\/sitio\\\/eres-una-persona-horrible-donald-trump-se-enfurecio-con-una-periodista-y-corto-la-entrevista\\\/#primaryimage\"},\"thumbnailUrl\":\"http:\\\/\\\/cuartetoenlaweb.com.ar\\\/sitio\\\/wp-content\\\/uploads\\\/2026\\\/04\\\/720-640.jpeg\",\"articleSection\":[\"PAIS\"],\"inLanguage\":\"es\"},{\"@type\":\"WebPage\",\"@id\":\"http:\\\/\\\/cuartetoenlaweb.com.ar\\\/sitio\\\/eres-una-persona-horrible-donald-trump-se-enfurecio-con-una-periodista-y-corto-la-entrevista\\\/\",\"url\":\"http:\\\/\\\/cuartetoenlaweb.com.ar\\\/sitio\\\/eres-una-persona-horrible-donald-trump-se-enfurecio-con-una-periodista-y-corto-la-entrevista\\\/\",\"name\":\"\u201cEres una persona horrible\u201d: Donald Trump se enfureci\u00f3 con una periodista y cort\u00f3 la entrevista - Cuarteto en la Web\",\"isPartOf\":{\"@id\":\"http:\\\/\\\/cuartetoenlaweb.com.ar\\\/sitio\\\/#website\"},\"primaryImageOfPage\":{\"@id\":\"http:\\\/\\\/cuartetoenlaweb.com.ar\\\/sitio\\\/eres-una-persona-horrible-donald-trump-se-enfurecio-con-una-periodista-y-corto-la-entrevista\\\/#primaryimage\"},\"image\":{\"@id\":\"http:\\\/\\\/cuartetoenlaweb.com.ar\\\/sitio\\\/eres-una-persona-horrible-donald-trump-se-enfurecio-con-una-periodista-y-corto-la-entrevista\\\/#primaryimage\"},\"thumbnailUrl\":\"http:\\\/\\\/cuartetoenlaweb.com.ar\\\/sitio\\\/wp-content\\\/uploads\\\/2026\\\/04\\\/720-640.jpeg\",\"datePublished\":\"2026-04-27T17:00:18+00:00\",\"breadcrumb\":{\"@id\":\"http:\\\/\\\/cuartetoenlaweb.com.ar\\\/sitio\\\/eres-una-persona-horrible-donald-trump-se-enfurecio-con-una-periodista-y-corto-la-entrevista\\\/#breadcrumb\"},\"inLanguage\":\"es\",\"potentialAction\":[{\"@type\":\"ReadAction\",\"target\":[\"http:\\\/\\\/cuartetoenlaweb.com.ar\\\/sitio\\\/eres-una-persona-horrible-donald-trump-se-enfurecio-con-una-periodista-y-corto-la-entrevista\\\/\"]}]},{\"@type\":\"ImageObject\",\"inLanguage\":\"es\",\"@id\":\"http:\\\/\\\/cuartetoenlaweb.com.ar\\\/sitio\\\/eres-una-persona-horrible-donald-trump-se-enfurecio-con-una-periodista-y-corto-la-entrevista\\\/#primaryimage\",\"url\":\"http:\\\/\\\/cuartetoenlaweb.com.ar\\\/sitio\\\/wp-content\\\/uploads\\\/2026\\\/04\\\/720-640.jpeg\",\"contentUrl\":\"http:\\\/\\\/cuartetoenlaweb.com.ar\\\/sitio\\\/wp-content\\\/uploads\\\/2026\\\/04\\\/720-640.jpeg\",\"width\":1198,\"height\":720},{\"@type\":\"BreadcrumbList\",\"@id\":\"http:\\\/\\\/cuartetoenlaweb.com.ar\\\/sitio\\\/eres-una-persona-horrible-donald-trump-se-enfurecio-con-una-periodista-y-corto-la-entrevista\\\/#breadcrumb\",\"itemListElement\":[{\"@type\":\"ListItem\",\"position\":1,\"name\":\"Portada\",\"item\":\"http:\\\/\\\/cuartetoenlaweb.com.ar\\\/sitio\\\/\"},{\"@type\":\"ListItem\",\"position\":2,\"name\":\"\u201cEres una persona horrible\u201d: Donald Trump se enfureci\u00f3 con una periodista y cort\u00f3 la entrevista\"}]},{\"@type\":\"WebSite\",\"@id\":\"http:\\\/\\\/cuartetoenlaweb.com.ar\\\/sitio\\\/#website\",\"url\":\"http:\\\/\\\/cuartetoenlaweb.com.ar\\\/sitio\\\/\",\"name\":\"Cuarteto en la Web\",\"description\":\"\",\"publisher\":{\"@id\":\"http:\\\/\\\/cuartetoenlaweb.com.ar\\\/sitio\\\/#organization\"},\"potentialAction\":[{\"@type\":\"SearchAction\",\"target\":{\"@type\":\"EntryPoint\",\"urlTemplate\":\"http:\\\/\\\/cuartetoenlaweb.com.ar\\\/sitio\\\/?s={search_term_string}\"},\"query-input\":{\"@type\":\"PropertyValueSpecification\",\"valueRequired\":true,\"valueName\":\"search_term_string\"}}],\"inLanguage\":\"es\"},{\"@type\":\"Organization\",\"@id\":\"http:\\\/\\\/cuartetoenlaweb.com.ar\\\/sitio\\\/#organization\",\"name\":\"Cuarteto en la Web\",\"url\":\"http:\\\/\\\/cuartetoenlaweb.com.ar\\\/sitio\\\/\",\"logo\":{\"@type\":\"ImageObject\",\"inLanguage\":\"es\",\"@id\":\"http:\\\/\\\/cuartetoenlaweb.com.ar\\\/sitio\\\/#\\\/schema\\\/logo\\\/image\\\/\",\"url\":\"http:\\\/\\\/cuartetoenlaweb.com.ar\\\/sitio\\\/wp-content\\\/uploads\\\/2025\\\/07\\\/cropped-cropped-logitoweb21.png\",\"contentUrl\":\"http:\\\/\\\/cuartetoenlaweb.com.ar\\\/sitio\\\/wp-content\\\/uploads\\\/2025\\\/07\\\/cropped-cropped-logitoweb21.png\",\"width\":199,\"height\":199,\"caption\":\"Cuarteto en la Web\"},\"image\":{\"@id\":\"http:\\\/\\\/cuartetoenlaweb.com.ar\\\/sitio\\\/#\\\/schema\\\/logo\\\/image\\\/\"}}]}<\/script>\n<!-- \/ Yoast SEO plugin. -->","yoast_head_json":{"title":"\u201cEres una persona horrible\u201d: Donald Trump se enfureci\u00f3 con una periodista y cort\u00f3 la entrevista - Cuarteto en la Web","robots":{"index":"index","follow":"follow","max-snippet":"max-snippet:-1","max-image-preview":"max-image-preview:large","max-video-preview":"max-video-preview:-1"},"canonical":"http:\/\/cuartetoenlaweb.com.ar\/sitio\/eres-una-persona-horrible-donald-trump-se-enfurecio-con-una-periodista-y-corto-la-entrevista\/","og_locale":"es_ES","og_type":"article","og_title":"\u201cEres una persona horrible\u201d: Donald Trump se enfureci\u00f3 con una periodista y cort\u00f3 la entrevista - Cuarteto en la Web","og_description":"Un nuevo episodio de tensi\u00f3n volvi\u00f3 a tener como protagonista","og_url":"http:\/\/cuartetoenlaweb.com.ar\/sitio\/eres-una-persona-horrible-donald-trump-se-enfurecio-con-una-periodista-y-corto-la-entrevista\/","og_site_name":"Cuarteto en la Web","article_published_time":"2026-04-27T17:00:18+00:00","og_image":[{"width":1198,"height":720,"url":"http:\/\/cuartetoenlaweb.com.ar\/sitio\/wp-content\/uploads\/2026\/04\/720-640.jpeg","type":"image\/jpeg"}],"twitter_card":"summary_large_image","twitter_misc":{"Tiempo de lectura":"1 minuto"},"schema":{"@context":"https:\/\/schema.org","@graph":[{"@type":"Article","@id":"http:\/\/cuartetoenlaweb.com.ar\/sitio\/eres-una-persona-horrible-donald-trump-se-enfurecio-con-una-periodista-y-corto-la-entrevista\/#article","isPartOf":{"@id":"http:\/\/cuartetoenlaweb.com.ar\/sitio\/eres-una-persona-horrible-donald-trump-se-enfurecio-con-una-periodista-y-corto-la-entrevista\/"},"author":{"name":"","@id":""},"headline":"\u201cEres una persona horrible\u201d: Donald Trump se enfureci\u00f3 con una periodista y cort\u00f3 la entrevista","datePublished":"2026-04-27T17:00:18+00:00","mainEntityOfPage":{"@id":"http:\/\/cuartetoenlaweb.com.ar\/sitio\/eres-una-persona-horrible-donald-trump-se-enfurecio-con-una-periodista-y-corto-la-entrevista\/"},"wordCount":197,"publisher":{"@id":"http:\/\/cuartetoenlaweb.com.ar\/sitio\/#organization"},"image":{"@id":"http:\/\/cuartetoenlaweb.com.ar\/sitio\/eres-una-persona-horrible-donald-trump-se-enfurecio-con-una-periodista-y-corto-la-entrevista\/#primaryimage"},"thumbnailUrl":"http:\/\/cuartetoenlaweb.com.ar\/sitio\/wp-content\/uploads\/2026\/04\/720-640.jpeg","articleSection":["PAIS"],"inLanguage":"es"},{"@type":"WebPage","@id":"http:\/\/cuartetoenlaweb.com.ar\/sitio\/eres-una-persona-horrible-donald-trump-se-enfurecio-con-una-periodista-y-corto-la-entrevista\/","url":"http:\/\/cuartetoenlaweb.com.ar\/sitio\/eres-una-persona-horrible-donald-trump-se-enfurecio-con-una-periodista-y-corto-la-entrevista\/","name":"\u201cEres una persona horrible\u201d: Donald Trump se enfureci\u00f3 con una periodista y cort\u00f3 la entrevista - Cuarteto en la Web","isPartOf":{"@id":"http:\/\/cuartetoenlaweb.com.ar\/sitio\/#website"},"primaryImageOfPage":{"@id":"http:\/\/cuartetoenlaweb.com.ar\/sitio\/eres-una-persona-horrible-donald-trump-se-enfurecio-con-una-periodista-y-corto-la-entrevista\/#primaryimage"},"image":{"@id":"http:\/\/cuartetoenlaweb.com.ar\/sitio\/eres-una-persona-horrible-donald-trump-se-enfurecio-con-una-periodista-y-corto-la-entrevista\/#primaryimage"},"thumbnailUrl":"http:\/\/cuartetoenlaweb.com.ar\/sitio\/wp-content\/uploads\/2026\/04\/720-640.jpeg","datePublished":"2026-04-27T17:00:18+00:00","breadcrumb":{"@id":"http:\/\/cuartetoenlaweb.com.ar\/sitio\/eres-una-persona-horrible-donald-trump-se-enfurecio-con-una-periodista-y-corto-la-entrevista\/#breadcrumb"},"inLanguage":"es","potentialAction":[{"@type":"ReadAction","target":["http:\/\/cuartetoenlaweb.com.ar\/sitio\/eres-una-persona-horrible-donald-trump-se-enfurecio-con-una-periodista-y-corto-la-entrevista\/"]}]},{"@type":"ImageObject","inLanguage":"es","@id":"http:\/\/cuartetoenlaweb.com.ar\/sitio\/eres-una-persona-horrible-donald-trump-se-enfurecio-con-una-periodista-y-corto-la-entrevista\/#primaryimage","url":"http:\/\/cuartetoenlaweb.com.ar\/sitio\/wp-content\/uploads\/2026\/04\/720-640.jpeg","contentUrl":"http:\/\/cuartetoenlaweb.com.ar\/sitio\/wp-content\/uploads\/2026\/04\/720-640.jpeg","width":1198,"height":720},{"@type":"BreadcrumbList","@id":"http:\/\/cuartetoenlaweb.com.ar\/sitio\/eres-una-persona-horrible-donald-trump-se-enfurecio-con-una-periodista-y-corto-la-entrevista\/#breadcrumb","itemListElement":[{"@type":"ListItem","position":1,"name":"Portada","item":"http:\/\/cuartetoenlaweb.com.ar\/sitio\/"},{"@type":"ListItem","position":2,"name":"\u201cEres una persona horrible\u201d: Donald Trump se enfureci\u00f3 con una periodista y cort\u00f3 la entrevista"}]},{"@type":"WebSite","@id":"http:\/\/cuartetoenlaweb.com.ar\/sitio\/#website","url":"http:\/\/cuartetoenlaweb.com.ar\/sitio\/","name":"Cuarteto en la Web","description":"","publisher":{"@id":"http:\/\/cuartetoenlaweb.com.ar\/sitio\/#organization"},"potentialAction":[{"@type":"SearchAction","target":{"@type":"EntryPoint","urlTemplate":"http:\/\/cuartetoenlaweb.com.ar\/sitio\/?s={search_term_string}"},"query-input":{"@type":"PropertyValueSpecification","valueRequired":true,"valueName":"search_term_string"}}],"inLanguage":"es"},{"@type":"Organization","@id":"http:\/\/cuartetoenlaweb.com.ar\/sitio\/#organization","name":"Cuarteto en la Web","url":"http:\/\/cuartetoenlaweb.com.ar\/sitio\/","logo":{"@type":"ImageObject","inLanguage":"es","@id":"http:\/\/cuartetoenlaweb.com.ar\/sitio\/#\/schema\/logo\/image\/","url":"http:\/\/cuartetoenlaweb.com.ar\/sitio\/wp-content\/uploads\/2025\/07\/cropped-cropped-logitoweb21.png","contentUrl":"http:\/\/cuartetoenlaweb.com.ar\/sitio\/wp-content\/uploads\/2025\/07\/cropped-cropped-logitoweb21.png","width":199,"height":199,"caption":"Cuarteto en la Web"},"image":{"@id":"http:\/\/cuartetoenlaweb.com.ar\/sitio\/#\/schema\/logo\/image\/"}}]}},"_links":{"self":[{"href":"http:\/\/cuartetoenlaweb.com.ar\/sitio\/wp-json\/wp\/v2\/posts\/19094","targetHints":{"allow":["GET"]}}],"collection":[{"href":"http:\/\/cuartetoenlaweb.com.ar\/sitio\/wp-json\/wp\/v2\/posts"}],"about":[{"href":"http:\/\/cuartetoenlaweb.com.ar\/sitio\/wp-json\/wp\/v2\/types\/post"}],"replies":[{"embeddable":true,"href":"http:\/\/cuartetoenlaweb.com.ar\/sitio\/wp-json\/wp\/v2\/comments?post=19094"}],"version-history":[{"count":0,"href":"http:\/\/cuartetoenlaweb.com.ar\/sitio\/wp-json\/wp\/v2\/posts\/19094\/revisions"}],"wp:featuredmedia":[{"embeddable":true,"href":"http:\/\/cuartetoenlaweb.com.ar\/sitio\/wp-json\/wp\/v2\/media\/19095"}],"wp:attachment":[{"href":"http:\/\/cuartetoenlaweb.com.ar\/sitio\/wp-json\/wp\/v2\/media?parent=19094"}],"wp:term":[{"taxonomy":"category","embeddable":true,"href":"http:\/\/cuartetoenlaweb.com.ar\/sitio\/wp-json\/wp\/v2\/categories?post=19094"},{"taxonomy":"post_tag","embeddable":true,"href":"http:\/\/cuartetoenlaweb.com.ar\/sitio\/wp-json\/wp\/v2\/tags?post=19094"}],"curies":[{"name":"wp","href":"https:\/\/api.w.org\/{rel}","templated":true}]}}