
{"id":19090,"date":"2026-04-27T14:00:02","date_gmt":"2026-04-27T17:00:02","guid":{"rendered":"http:\/\/cuartetoenlaweb.com.ar\/sitio\/polemico-festejo-de-johanna-villafane-tras-la-violencia-de-genero-que-sufrio-pamela-pombo-la-vida-devuelve-lo-que-das\/"},"modified":"2026-04-27T14:00:02","modified_gmt":"2026-04-27T17:00:02","slug":"polemico-festejo-de-johanna-villafane-tras-la-violencia-de-genero-que-sufrio-pamela-pombo-la-vida-devuelve-lo-que-das","status":"publish","type":"post","link":"http:\/\/cuartetoenlaweb.com.ar\/sitio\/polemico-festejo-de-johanna-villafane-tras-la-violencia-de-genero-que-sufrio-pamela-pombo-la-vida-devuelve-lo-que-das\/","title":{"rendered":"Pol\u00e9mico &quot;festejo&quot; de Johanna Villafa\u00f1e tras la violencia de g\u00e9nero que sufri\u00f3 Pamela Pombo: \u201cLa vida devuelve lo que das\u201d"},"content":{"rendered":"<p>El viernes 24 de abril <strong>Pamela Pombo r<\/strong>eapareci\u00f3 en los medios cuando rompi\u00f3 el silencio en SQP y narr\u00f3 los estremecedores episodios de violencia que vivi\u00f3 en la intimidad de su hogar con quien era su esposo. De esa forma, aportando im\u00e1genes exclusivas, la ex vedette y actual fisicoculturista, expuso pruebas de los golpes e insultos que recib\u00eda.<\/p>\n<p>Pero con la noticia y el testimonio de la mendocina, que denunci\u00f3 al ex rugbier de los Pumas <strong>Patricio Albacete<\/strong> circulando por todos los medios y redes sociales, quien llam\u00f3 la atenci\u00f3n por la forma que reaccion\u00f3 fue <strong>Johanna Villafa\u00f1e<\/strong>, la modelo que supo ser su \u201chermana\u201d art\u00edstica.\u00a0<\/p>\n<p>La cuenta del programa de <strong>Yanina Latorre<\/strong>, como de costumbre, public\u00f3 <a href=\"https:\/\/www.paparazzi.com.ar\/teve\/fuerte-video-la-vedette-pamela-pombo-sufrio-una-terrible-golpiza-en-manos-de-su-ex-el-rugbier-martin-albacete\/\" id=\"https:\/\/www.paparazzi.com.ar\/teve\/fuerte-video-la-vedette-pamela-pombo-sufrio-una-terrible-golpiza-en-manos-de-su-ex-el-rugbier-martin-albacete\/\">un reel con el recorte de las declaraciones de Pamela<\/a>. Y fue debajo de este posteo que su colega y ex intima, reaccion\u00f3. \u201cLa vida te devuelve lo que das. \u00bfTe acordas Pame &#8230; cuando yo sufr\u00eda violencia de g\u00e9nero y vos sub\u00edas al departamento a mi ex sin mi consentimiento para que me golpee?\u201d, comenz\u00f3 Joy.<\/p>\n<div class=\"mt-box \">\n<h4 class=\"mt-heading\">Mir\u00e1 Tambi\u00e9n<\/h4>\n<p><a href=\"https:\/\/www.paparazzi.com.ar\/teve\/el-furioso-reclamo-de-susana-gimenez-tras-recibir-el-martin-fierro-de-la-moda-donde-estan-el-oro-y-los-brillantes\/\"><\/p>\n<div class=\"mt-content\">\n<div class=\"mt-image-container\"><img decoding=\"async\" src=\"https:\/\/www.paparazzi.com.ar\/wp-content\/uploads\/2026\/04\/Susana-Gimenez-MF-Moda-359x226.jpg\" alt=\"El furioso reclamo de Susana Gim\u00e9nez tras recibir el Mart\u00edn Fierro de la Moda: \u201c\u00bfD\u00f3nde est\u00e1n el oro y los brillantes?\u201d\" class=\"mt-image\" loading=\"lazy\" \/><\/div>\n<h5 class=\"mt-title\">El furioso reclamo de Susana Gim\u00e9nez tras recibir el Mart\u00edn Fierro de la Moda: \u201c\u00bfD\u00f3nde est\u00e1n el oro y los brillantes?\u201d<\/h5>\n<\/div>\n<p><\/a><\/div>\n<p>Y Villafa\u00f1e, desde su instagram joha_remax sum\u00f3: \u201c\u00bfTe acordas el da\u00f1o que ocasionaste con tus comentarios agresivos hacia mi familia en un momento tan dif\u00edcil como la p\u00e9rdida de mi hermanito?\u201d. Al ver estas fuertes declaraciones, la periodista <strong>Luciana Elbusto<\/strong>, quien algo sab\u00eda del trasfondo de esa pelea entre las mujeres oriundas de Mendoza, que supieron ser amigas y compartir departamento mucho tiempo, se contact\u00f3 con Johanna.<\/p>\n<h2 class=\"wp-block-heading\">JOHANNA VILLAFA\u00d1E \u00abFESTEJO\u00bb DESPU\u00c9S DE QUE PAMELA POMBO DENUNCIO VIOLENCIA DE GENERO<\/h2>\n<p>Fue en esa charla que, en exclusiva para <em><strong>Paparazzi<\/strong><\/em> la actual vendedora inmobiliaria, confirm\u00f3 haber sido ella quien tip\u00e9o cada una de esas palabras y profundiz\u00f3 sobre la interna que, luego de vivir tambi\u00e9n otro episodio de violencia y abuso, termin\u00f3 la relaci\u00f3n con Pombo.<\/p>\n<p>Para ponerse en tema, la historia medi\u00e1tica de Johanna y <a href=\"https:\/\/www.paparazzi.com.ar\/teve\/sorpresa-pamela-pombo-se-caso-con-un-ex-jugador-de-los-pumas-con-solo-seis-meses-de-noviazgo-las-mejores-fotos\/\" id=\"https:\/\/www.paparazzi.com.ar\/teve\/sorpresa-pamela-pombo-se-caso-con-un-ex-jugador-de-los-pumas-con-solo-seis-meses-de-noviazgo-las-mejores-fotos\/\">Pamela<\/a> comienza cuando all\u00e1 por el 2011 ambas mendocinas llegan juntas a Buenos Aires en busca de un sue\u00f1o: Meterse en el ambiente art\u00edstico. As\u00ed, un d\u00eda terminaron siento noticia y tapa de revistas por haber sido descubiertas cuando sal\u00edan de la casa del <strong>Ogro Fabbiani <\/strong>en Puerto Madero.<\/p>\n<div class=\"mt-box \">\n<h4 class=\"mt-heading\">Mir\u00e1 Tambi\u00e9n<\/h4>\n<p><a href=\"https:\/\/www.paparazzi.com.ar\/romances\/la-china-suarez-impacto-en-turquia-con-un-look-inquietante-cinturon-de-castidad-para-mauro-icardi\/\"><\/p>\n<div class=\"mt-content\">\n<div class=\"mt-image-container\"><img decoding=\"async\" src=\"https:\/\/www.paparazzi.com.ar\/wp-content\/uploads\/2026\/04\/china-suarez-mauro-icardi-1-359x226.jpg\" alt=\"La China Su\u00e1rez impact\u00f3 en Turqu\u00eda con un detalle inquietante: \u00bfcintur\u00f3n de castidad para Mauro Icardi?\" class=\"mt-image\" loading=\"lazy\" \/><\/div>\n<h5 class=\"mt-title\">La China Su\u00e1rez impact\u00f3 en Turqu\u00eda con un detalle inquietante: \u00bfcintur\u00f3n de castidad para Mauro Icardi?<\/h5>\n<\/div>\n<p><\/a><\/div>\n<p>Desde entonces, popularmente se hicieron conocidas como \u201cLas Pombo\u201d acusando ser hermanas, cuando en realidad solo eran mejores amigas. El tiempo pas\u00f3, ambas hicieron carrera, protagonizaron obras de teatro, campa\u00f1as, desfiles y participaron de infinidad de programas de televisi\u00f3n.<\/p>\n<p>En el caso de Johanna se le conocieron algunos romances, entre ellos <strong>Juan<\/strong> <strong>Mart\u00edn del Potro<\/strong> y <strong>Coco Basile.<\/strong> Pero fue el noviazgo con <strong>Pipi Silva,<\/strong> ex futbolista el que llev\u00f3 a que se rompa la amistad entre las vedettes, dato hasta ahora desconocido por muchos.&nbsp;<\/p>\n<div class=\"mt-box \">\n<h4 class=\"mt-heading\">Mir\u00e1 Tambi\u00e9n<\/h4>\n<p><a href=\"https:\/\/www.paparazzi.com.ar\/teve\/mirtha-legrand-la-gran-ausente-en-la-noche-de-los-martin-fierro-como-esta-de-salud-y-que-hizo-durante-la-gala\/\"><\/p>\n<div class=\"mt-content\">\n<div class=\"mt-image-container\"><img decoding=\"async\" src=\"https:\/\/www.paparazzi.com.ar\/wp-content\/uploads\/2026\/04\/mirtha-legrand-2-359x226.jpg\" alt=\"Mirtha Legrand, la gran ausente en la noche de los Mart\u00edn Fierro: c\u00f3mo est\u00e1 de salud y qu\u00e9 hizo durante la gala\" class=\"mt-image\" loading=\"lazy\" \/><\/div>\n<h5 class=\"mt-title\">Mirtha Legrand, la gran ausente en la noche de los Mart\u00edn Fierro: c\u00f3mo est\u00e1 de salud y qu\u00e9 hizo durante la gala<\/h5>\n<\/div>\n<p><\/a><\/div>\n<p>Es que, en tanto compart\u00edan departamento, Villafa\u00f1e sal\u00eda con el deportista y comenz\u00f3 a ser v\u00edctima de violencia verbal, reacciones agresivas y hasta denunci\u00f3 al jugador por abuso. Pero lo que hizo enojar a la, ahora morocha, fue el hecho de que, mientras ella dorm\u00eda y sabiendo de estos repudiables episodios,&nbsp; quien dec\u00eda aser su amiga y hermana, le abr\u00eda la puerta y la hab\u00eda subir.<\/p>\n<p>\u201cEl ven\u00eda de joda, se met\u00eda en el cuarto y abusaba\u201d, habr\u00eda declarado Johana en la justicia en aquel entonces. Y siendo que Pamela no la ayudaba y se hac\u00eda la amiga de su ex, Villafa\u00f1e decide dejar el departamento e irse defraudada por la actitud de su colega.<\/p>\n<div class=\"mt-box \">\n<h4 class=\"mt-heading\">Mir\u00e1 Tambi\u00e9n<\/h4>\n<p><a href=\"https:\/\/www.paparazzi.com.ar\/teve\/escandalo-acusan-a-brian-sarmiento-de-escupir-la-comida-de-sus-companeros-en-gran-hermano-y-una-foto-genero-repudio-total\/\"><\/p>\n<div class=\"mt-content\">\n<div class=\"mt-image-container\"><img decoding=\"async\" src=\"https:\/\/www.paparazzi.com.ar\/wp-content\/uploads\/2026\/04\/brian-sarmiento-359x226.jpg\" alt=\"\u00a1Esc\u00e1ndalo! Acusan a Brian Sarmiento de escupir la comida de sus compa\u00f1eros en Gran Hermano y una foto gener\u00f3 repudio total\" class=\"mt-image\" loading=\"lazy\" \/><\/div>\n<h5 class=\"mt-title\">\u00a1Esc\u00e1ndalo! Acusan a Brian Sarmiento de escupir la comida de sus compa\u00f1eros en Gran Hermano y una foto gener\u00f3 repudio total<\/h5>\n<\/div>\n<p><\/a><\/div>\n<p>Y es ese hecho en particular, el que vivi\u00f3 y sufri\u00f3 Joy, el que no pudo perdonarle a Pamela y por el cual reaccion\u00f3 con esas palabras al reel de SQP dejando en claro que las \u201cPombo\u201d, como se conocen popularmente, tienen una historia similar, atravesada por relaciones con deportistas y v\u00edctimas de violencia.<\/p>\n<p>Pero lo que m\u00e1s enoj\u00f3 a <a href=\"https:\/\/www.paparazzi.com.ar\/teve\/la-nueva-vida-de-johana-villafane-una-de-las-polemicas-hermanas-pombo-estoy-separada-y-vivo-de-la\/\" id=\"https:\/\/www.paparazzi.com.ar\/teve\/la-nueva-vida-de-johana-villafane-una-de-las-polemicas-hermanas-pombo-estoy-separada-y-vivo-de-la\/\">Villafa\u00f1e<\/a> fue otro episodio posterior cuando fallece su hermanito de 6 a\u00f1os y, siendo que estaban distanciadas, la ex de Albacete sale a dar notas sobre el desgarrador episodio y no tiene muy gratas palabras para con la familia de Johanna quien, seg\u00fan se supo, era humilde y estaba sumergida en el dolor de la p\u00e9rdida.<\/p>\n<figure class=\"wp-block-image size-large\"><img decoding=\"async\" src=\"https:\/\/www.paparazzi.com.ar\/wp-content\/uploads\/2026\/04\/johana-villafane-en-sqp-470x1024.jpeg.webp\" loading=\"lazy\" alt=\"\" class=\"wp-image-475561\" \/><\/figure>\n<figure class=\"wp-block-image size-full\"><img decoding=\"async\" width=\"624\" height=\"468\" src=\"https:\/\/www.paparazzi.com.ar\/wp-content\/uploads\/2026\/04\/las-pombo.jpeg.webp\" loading=\"lazy\" alt=\"\" class=\"wp-image-475565\" \/><\/figure>\n<figure class=\"wp-block-image size-full\"><img decoding=\"async\" width=\"350\" height=\"263\" src=\"https:\/\/www.paparazzi.com.ar\/wp-content\/uploads\/2026\/04\/las-pombo-1.jpeg.webp\" loading=\"lazy\" alt=\"\" class=\"wp-image-475563\" \/><\/figure>\n<figure class=\"wp-block-image size-full\"><img decoding=\"async\" width=\"532\" height=\"299\" src=\"https:\/\/www.paparazzi.com.ar\/wp-content\/uploads\/2026\/04\/las-pombo-2.jpeg.webp\" loading=\"lazy\" alt=\"\" class=\"wp-image-475564\" \/><\/figure>\n<div class=\"mt-box \">\n<h4 class=\"mt-heading\">Mir\u00e1 Tambi\u00e9n<\/h4>\n<p><a href=\"https:\/\/www.paparazzi.com.ar\/looks\/moria-casan-fue-fatal-con-el-look-de-susana-gimenez-en-el-martin-fierro-de-moda-y-exploto-la-guerra-de-divas-da-mama-cora\/https:\/\/www.paparazzi.com.ar\/looks\/moria-casan-fue-fatal-con-el-look-de-susana-gimenez-en-el-martin-fierro-de-moda-y-exploto-la-guerra-de-divas-da-mama-cora\/\"><\/p>\n<div class=\"mt-content\">\n<div class=\"mt-image-container\"><img decoding=\"async\" src=\"https:\/\/www.paparazzi.com.ar\/wp-content\/uploads\/2026\/04\/moria-1-1-359x226.jpg\" alt=\"Moria Cas\u00e1n fue fatal con el look de Susana Gim\u00e9nez en el Mart\u00edn Fierro de Moda y explot\u00f3 la guerra de divas: &quot;Da Mam\u00e1 Cora&quot;\" class=\"mt-image\" loading=\"lazy\" \/><\/div>\n<h5 class=\"mt-title\">Moria Cas\u00e1n fue fatal con el look de Susana Gim\u00e9nez en el Mart\u00edn Fierro de Moda y explot\u00f3 la guerra de divas: \u00abDa Mam\u00e1 Cora\u00bb<\/h5>\n<\/div>\n<p><\/a><\/div>\n<div class=\"mt-box \">\n<h4 class=\"mt-heading\">Mir\u00e1 Tambi\u00e9n<\/h4>\n<p><a href=\"https:\/\/www.paparazzi.com.ar\/looks\/para-moria-casan-filtro-el-chimento-mas-caliente-de-los-martin-fierro-entre-ivan-de-pineda-y-flor-de-la-ve-comentario-hetero\/\"><\/p>\n<div class=\"mt-content\">\n<div class=\"mt-image-container\"><img decoding=\"async\" src=\"https:\/\/www.paparazzi.com.ar\/wp-content\/uploads\/2026\/04\/Moria-Ivan-Moria-1-359x226.jpg\" alt=\"Moria Cas\u00e1n filtr\u00f3 el chimento m\u00e1s caliente de los Mart\u00edn Fierro entre Iv\u00e1n de Pineda y Flor de la Ve: &quot;Comentario hetero&quot;\" class=\"mt-image\" loading=\"lazy\" \/><\/div>\n<h5 class=\"mt-title\">Moria Cas\u00e1n filtr\u00f3 el chimento m\u00e1s caliente de los Mart\u00edn Fierro entre Iv\u00e1n de Pineda y Flor de la Ve: \u00abComentario hetero\u00bb<\/h5>\n<\/div>\n<p><\/a><\/div>\n<p>The post <a href=\"https:\/\/www.paparazzi.com.ar\/teve\/polemico-festejo-de-johanna-villafane-tras-la-violencia-de-genero-que-sufrio-pamela-pombo-la-vida-devuelve-lo-que-das\/\">Pol\u00e9mico &quot;festejo&quot; de Johanna Villafa\u00f1e tras la violencia de g\u00e9nero que sufri\u00f3 Pamela Pombo: \u201cLa vida devuelve lo que das\u201d<\/a> appeared first on <a href=\"https:\/\/www.paparazzi.com.ar\">Revista Paparazzi<\/a>.<\/p>\n","protected":false},"excerpt":{"rendered":"<p>El viernes 24 de abril Pamela Pombo reapareci\u00f3 en los<\/p>\n","protected":false},"author":0,"featured_media":19091,"comment_status":"","ping_status":"","sticky":false,"template":"","format":"standard","meta":{"footnotes":""},"categories":[12],"tags":[],"class_list":["post-19090","post","type-post","status-publish","format-standard","has-post-thumbnail","hentry","category-espectaculo"],"yoast_head":"<!-- This site is optimized with the Yoast SEO plugin v27.5 - https:\/\/yoast.com\/product\/yoast-seo-wordpress\/ -->\n<title>Pol\u00e9mico &quot;festejo&quot; de Johanna Villafa\u00f1e tras la violencia de g\u00e9nero que sufri\u00f3 Pamela Pombo: \u201cLa vida devuelve lo que das\u201d - Cuarteto en la Web<\/title>\n<meta name=\"robots\" content=\"index, follow, max-snippet:-1, max-image-preview:large, max-video-preview:-1\" \/>\n<link rel=\"canonical\" href=\"https:\/\/cuartetoenlaweb.com.ar\/sitio\/polemico-festejo-de-johanna-villafane-tras-la-violencia-de-genero-que-sufrio-pamela-pombo-la-vida-devuelve-lo-que-das\/\" \/>\n<meta property=\"og:locale\" content=\"es_ES\" \/>\n<meta property=\"og:type\" content=\"article\" \/>\n<meta property=\"og:title\" content=\"Pol\u00e9mico &quot;festejo&quot; de Johanna Villafa\u00f1e tras la violencia de g\u00e9nero que sufri\u00f3 Pamela Pombo: \u201cLa vida devuelve lo que das\u201d - Cuarteto en la Web\" \/>\n<meta property=\"og:description\" content=\"El viernes 24 de abril Pamela Pombo reapareci\u00f3 en los\" \/>\n<meta property=\"og:url\" content=\"https:\/\/cuartetoenlaweb.com.ar\/sitio\/polemico-festejo-de-johanna-villafane-tras-la-violencia-de-genero-que-sufrio-pamela-pombo-la-vida-devuelve-lo-que-das\/\" \/>\n<meta property=\"og:site_name\" content=\"Cuarteto en la Web\" \/>\n<meta property=\"article:published_time\" content=\"2026-04-27T17:00:02+00:00\" \/>\n<meta property=\"og:image\" content=\"https:\/\/cuartetoenlaweb.com.ar\/sitio\/wp-content\/uploads\/2026\/04\/Susana-Gimenez-MF-Moda-359x226-1.jpg\" \/>\n\t<meta property=\"og:image:width\" content=\"359\" \/>\n\t<meta property=\"og:image:height\" content=\"226\" \/>\n\t<meta property=\"og:image:type\" content=\"image\/jpeg\" \/>\n<meta name=\"twitter:card\" content=\"summary_large_image\" \/>\n<meta name=\"twitter:label1\" content=\"Tiempo de lectura\" \/>\n\t<meta name=\"twitter:data1\" content=\"5 minutos\" \/>\n<script type=\"application\/ld+json\" class=\"yoast-schema-graph\">{\"@context\":\"https:\\\/\\\/schema.org\",\"@graph\":[{\"@type\":\"Article\",\"@id\":\"https:\\\/\\\/cuartetoenlaweb.com.ar\\\/sitio\\\/polemico-festejo-de-johanna-villafane-tras-la-violencia-de-genero-que-sufrio-pamela-pombo-la-vida-devuelve-lo-que-das\\\/#article\",\"isPartOf\":{\"@id\":\"https:\\\/\\\/cuartetoenlaweb.com.ar\\\/sitio\\\/polemico-festejo-de-johanna-villafane-tras-la-violencia-de-genero-que-sufrio-pamela-pombo-la-vida-devuelve-lo-que-das\\\/\"},\"author\":{\"name\":\"\",\"@id\":\"\"},\"headline\":\"Pol\u00e9mico &quot;festejo&quot; de Johanna Villafa\u00f1e tras la violencia de g\u00e9nero que sufri\u00f3 Pamela Pombo: \u201cLa vida devuelve lo que das\u201d\",\"datePublished\":\"2026-04-27T17:00:02+00:00\",\"mainEntityOfPage\":{\"@id\":\"https:\\\/\\\/cuartetoenlaweb.com.ar\\\/sitio\\\/polemico-festejo-de-johanna-villafane-tras-la-violencia-de-genero-que-sufrio-pamela-pombo-la-vida-devuelve-lo-que-das\\\/\"},\"wordCount\":937,\"publisher\":{\"@id\":\"http:\\\/\\\/cuartetoenlaweb.com.ar\\\/sitio\\\/#organization\"},\"image\":{\"@id\":\"https:\\\/\\\/cuartetoenlaweb.com.ar\\\/sitio\\\/polemico-festejo-de-johanna-villafane-tras-la-violencia-de-genero-que-sufrio-pamela-pombo-la-vida-devuelve-lo-que-das\\\/#primaryimage\"},\"thumbnailUrl\":\"http:\\\/\\\/cuartetoenlaweb.com.ar\\\/sitio\\\/wp-content\\\/uploads\\\/2026\\\/04\\\/Susana-Gimenez-MF-Moda-359x226-1.jpg\",\"articleSection\":[\"ESPECT\u00c1CULO\"],\"inLanguage\":\"es\"},{\"@type\":\"WebPage\",\"@id\":\"https:\\\/\\\/cuartetoenlaweb.com.ar\\\/sitio\\\/polemico-festejo-de-johanna-villafane-tras-la-violencia-de-genero-que-sufrio-pamela-pombo-la-vida-devuelve-lo-que-das\\\/\",\"url\":\"https:\\\/\\\/cuartetoenlaweb.com.ar\\\/sitio\\\/polemico-festejo-de-johanna-villafane-tras-la-violencia-de-genero-que-sufrio-pamela-pombo-la-vida-devuelve-lo-que-das\\\/\",\"name\":\"Pol\u00e9mico &quot;festejo&quot; de Johanna Villafa\u00f1e tras la violencia de g\u00e9nero que sufri\u00f3 Pamela Pombo: \u201cLa vida devuelve lo que das\u201d - Cuarteto en la Web\",\"isPartOf\":{\"@id\":\"http:\\\/\\\/cuartetoenlaweb.com.ar\\\/sitio\\\/#website\"},\"primaryImageOfPage\":{\"@id\":\"https:\\\/\\\/cuartetoenlaweb.com.ar\\\/sitio\\\/polemico-festejo-de-johanna-villafane-tras-la-violencia-de-genero-que-sufrio-pamela-pombo-la-vida-devuelve-lo-que-das\\\/#primaryimage\"},\"image\":{\"@id\":\"https:\\\/\\\/cuartetoenlaweb.com.ar\\\/sitio\\\/polemico-festejo-de-johanna-villafane-tras-la-violencia-de-genero-que-sufrio-pamela-pombo-la-vida-devuelve-lo-que-das\\\/#primaryimage\"},\"thumbnailUrl\":\"http:\\\/\\\/cuartetoenlaweb.com.ar\\\/sitio\\\/wp-content\\\/uploads\\\/2026\\\/04\\\/Susana-Gimenez-MF-Moda-359x226-1.jpg\",\"datePublished\":\"2026-04-27T17:00:02+00:00\",\"breadcrumb\":{\"@id\":\"https:\\\/\\\/cuartetoenlaweb.com.ar\\\/sitio\\\/polemico-festejo-de-johanna-villafane-tras-la-violencia-de-genero-que-sufrio-pamela-pombo-la-vida-devuelve-lo-que-das\\\/#breadcrumb\"},\"inLanguage\":\"es\",\"potentialAction\":[{\"@type\":\"ReadAction\",\"target\":[\"https:\\\/\\\/cuartetoenlaweb.com.ar\\\/sitio\\\/polemico-festejo-de-johanna-villafane-tras-la-violencia-de-genero-que-sufrio-pamela-pombo-la-vida-devuelve-lo-que-das\\\/\"]}]},{\"@type\":\"ImageObject\",\"inLanguage\":\"es\",\"@id\":\"https:\\\/\\\/cuartetoenlaweb.com.ar\\\/sitio\\\/polemico-festejo-de-johanna-villafane-tras-la-violencia-de-genero-que-sufrio-pamela-pombo-la-vida-devuelve-lo-que-das\\\/#primaryimage\",\"url\":\"http:\\\/\\\/cuartetoenlaweb.com.ar\\\/sitio\\\/wp-content\\\/uploads\\\/2026\\\/04\\\/Susana-Gimenez-MF-Moda-359x226-1.jpg\",\"contentUrl\":\"http:\\\/\\\/cuartetoenlaweb.com.ar\\\/sitio\\\/wp-content\\\/uploads\\\/2026\\\/04\\\/Susana-Gimenez-MF-Moda-359x226-1.jpg\",\"width\":359,\"height\":226},{\"@type\":\"BreadcrumbList\",\"@id\":\"https:\\\/\\\/cuartetoenlaweb.com.ar\\\/sitio\\\/polemico-festejo-de-johanna-villafane-tras-la-violencia-de-genero-que-sufrio-pamela-pombo-la-vida-devuelve-lo-que-das\\\/#breadcrumb\",\"itemListElement\":[{\"@type\":\"ListItem\",\"position\":1,\"name\":\"Portada\",\"item\":\"http:\\\/\\\/cuartetoenlaweb.com.ar\\\/sitio\\\/\"},{\"@type\":\"ListItem\",\"position\":2,\"name\":\"Pol\u00e9mico &quot;festejo&quot; de Johanna Villafa\u00f1e tras la violencia de g\u00e9nero que sufri\u00f3 Pamela Pombo: \u201cLa vida devuelve lo que das\u201d\"}]},{\"@type\":\"WebSite\",\"@id\":\"http:\\\/\\\/cuartetoenlaweb.com.ar\\\/sitio\\\/#website\",\"url\":\"http:\\\/\\\/cuartetoenlaweb.com.ar\\\/sitio\\\/\",\"name\":\"Cuarteto en la Web\",\"description\":\"\",\"publisher\":{\"@id\":\"http:\\\/\\\/cuartetoenlaweb.com.ar\\\/sitio\\\/#organization\"},\"potentialAction\":[{\"@type\":\"SearchAction\",\"target\":{\"@type\":\"EntryPoint\",\"urlTemplate\":\"http:\\\/\\\/cuartetoenlaweb.com.ar\\\/sitio\\\/?s={search_term_string}\"},\"query-input\":{\"@type\":\"PropertyValueSpecification\",\"valueRequired\":true,\"valueName\":\"search_term_string\"}}],\"inLanguage\":\"es\"},{\"@type\":\"Organization\",\"@id\":\"http:\\\/\\\/cuartetoenlaweb.com.ar\\\/sitio\\\/#organization\",\"name\":\"Cuarteto en la Web\",\"url\":\"http:\\\/\\\/cuartetoenlaweb.com.ar\\\/sitio\\\/\",\"logo\":{\"@type\":\"ImageObject\",\"inLanguage\":\"es\",\"@id\":\"http:\\\/\\\/cuartetoenlaweb.com.ar\\\/sitio\\\/#\\\/schema\\\/logo\\\/image\\\/\",\"url\":\"http:\\\/\\\/cuartetoenlaweb.com.ar\\\/sitio\\\/wp-content\\\/uploads\\\/2025\\\/07\\\/cropped-cropped-logitoweb21.png\",\"contentUrl\":\"http:\\\/\\\/cuartetoenlaweb.com.ar\\\/sitio\\\/wp-content\\\/uploads\\\/2025\\\/07\\\/cropped-cropped-logitoweb21.png\",\"width\":199,\"height\":199,\"caption\":\"Cuarteto en la Web\"},\"image\":{\"@id\":\"http:\\\/\\\/cuartetoenlaweb.com.ar\\\/sitio\\\/#\\\/schema\\\/logo\\\/image\\\/\"}}]}<\/script>\n<!-- \/ Yoast SEO plugin. -->","yoast_head_json":{"title":"Pol\u00e9mico &quot;festejo&quot; de Johanna Villafa\u00f1e tras la violencia de g\u00e9nero que sufri\u00f3 Pamela Pombo: \u201cLa vida devuelve lo que das\u201d - Cuarteto en la Web","robots":{"index":"index","follow":"follow","max-snippet":"max-snippet:-1","max-image-preview":"max-image-preview:large","max-video-preview":"max-video-preview:-1"},"canonical":"https:\/\/cuartetoenlaweb.com.ar\/sitio\/polemico-festejo-de-johanna-villafane-tras-la-violencia-de-genero-que-sufrio-pamela-pombo-la-vida-devuelve-lo-que-das\/","og_locale":"es_ES","og_type":"article","og_title":"Pol\u00e9mico &quot;festejo&quot; de Johanna Villafa\u00f1e tras la violencia de g\u00e9nero que sufri\u00f3 Pamela Pombo: \u201cLa vida devuelve lo que das\u201d - Cuarteto en la Web","og_description":"El viernes 24 de abril Pamela Pombo reapareci\u00f3 en los","og_url":"https:\/\/cuartetoenlaweb.com.ar\/sitio\/polemico-festejo-de-johanna-villafane-tras-la-violencia-de-genero-que-sufrio-pamela-pombo-la-vida-devuelve-lo-que-das\/","og_site_name":"Cuarteto en la Web","article_published_time":"2026-04-27T17:00:02+00:00","og_image":[{"width":359,"height":226,"url":"https:\/\/cuartetoenlaweb.com.ar\/sitio\/wp-content\/uploads\/2026\/04\/Susana-Gimenez-MF-Moda-359x226-1.jpg","type":"image\/jpeg"}],"twitter_card":"summary_large_image","twitter_misc":{"Tiempo de lectura":"5 minutos"},"schema":{"@context":"https:\/\/schema.org","@graph":[{"@type":"Article","@id":"https:\/\/cuartetoenlaweb.com.ar\/sitio\/polemico-festejo-de-johanna-villafane-tras-la-violencia-de-genero-que-sufrio-pamela-pombo-la-vida-devuelve-lo-que-das\/#article","isPartOf":{"@id":"https:\/\/cuartetoenlaweb.com.ar\/sitio\/polemico-festejo-de-johanna-villafane-tras-la-violencia-de-genero-que-sufrio-pamela-pombo-la-vida-devuelve-lo-que-das\/"},"author":{"name":"","@id":""},"headline":"Pol\u00e9mico &quot;festejo&quot; de Johanna Villafa\u00f1e tras la violencia de g\u00e9nero que sufri\u00f3 Pamela Pombo: \u201cLa vida devuelve lo que das\u201d","datePublished":"2026-04-27T17:00:02+00:00","mainEntityOfPage":{"@id":"https:\/\/cuartetoenlaweb.com.ar\/sitio\/polemico-festejo-de-johanna-villafane-tras-la-violencia-de-genero-que-sufrio-pamela-pombo-la-vida-devuelve-lo-que-das\/"},"wordCount":937,"publisher":{"@id":"http:\/\/cuartetoenlaweb.com.ar\/sitio\/#organization"},"image":{"@id":"https:\/\/cuartetoenlaweb.com.ar\/sitio\/polemico-festejo-de-johanna-villafane-tras-la-violencia-de-genero-que-sufrio-pamela-pombo-la-vida-devuelve-lo-que-das\/#primaryimage"},"thumbnailUrl":"http:\/\/cuartetoenlaweb.com.ar\/sitio\/wp-content\/uploads\/2026\/04\/Susana-Gimenez-MF-Moda-359x226-1.jpg","articleSection":["ESPECT\u00c1CULO"],"inLanguage":"es"},{"@type":"WebPage","@id":"https:\/\/cuartetoenlaweb.com.ar\/sitio\/polemico-festejo-de-johanna-villafane-tras-la-violencia-de-genero-que-sufrio-pamela-pombo-la-vida-devuelve-lo-que-das\/","url":"https:\/\/cuartetoenlaweb.com.ar\/sitio\/polemico-festejo-de-johanna-villafane-tras-la-violencia-de-genero-que-sufrio-pamela-pombo-la-vida-devuelve-lo-que-das\/","name":"Pol\u00e9mico &quot;festejo&quot; de Johanna Villafa\u00f1e tras la violencia de g\u00e9nero que sufri\u00f3 Pamela Pombo: \u201cLa vida devuelve lo que das\u201d - Cuarteto en la Web","isPartOf":{"@id":"http:\/\/cuartetoenlaweb.com.ar\/sitio\/#website"},"primaryImageOfPage":{"@id":"https:\/\/cuartetoenlaweb.com.ar\/sitio\/polemico-festejo-de-johanna-villafane-tras-la-violencia-de-genero-que-sufrio-pamela-pombo-la-vida-devuelve-lo-que-das\/#primaryimage"},"image":{"@id":"https:\/\/cuartetoenlaweb.com.ar\/sitio\/polemico-festejo-de-johanna-villafane-tras-la-violencia-de-genero-que-sufrio-pamela-pombo-la-vida-devuelve-lo-que-das\/#primaryimage"},"thumbnailUrl":"http:\/\/cuartetoenlaweb.com.ar\/sitio\/wp-content\/uploads\/2026\/04\/Susana-Gimenez-MF-Moda-359x226-1.jpg","datePublished":"2026-04-27T17:00:02+00:00","breadcrumb":{"@id":"https:\/\/cuartetoenlaweb.com.ar\/sitio\/polemico-festejo-de-johanna-villafane-tras-la-violencia-de-genero-que-sufrio-pamela-pombo-la-vida-devuelve-lo-que-das\/#breadcrumb"},"inLanguage":"es","potentialAction":[{"@type":"ReadAction","target":["https:\/\/cuartetoenlaweb.com.ar\/sitio\/polemico-festejo-de-johanna-villafane-tras-la-violencia-de-genero-que-sufrio-pamela-pombo-la-vida-devuelve-lo-que-das\/"]}]},{"@type":"ImageObject","inLanguage":"es","@id":"https:\/\/cuartetoenlaweb.com.ar\/sitio\/polemico-festejo-de-johanna-villafane-tras-la-violencia-de-genero-que-sufrio-pamela-pombo-la-vida-devuelve-lo-que-das\/#primaryimage","url":"http:\/\/cuartetoenlaweb.com.ar\/sitio\/wp-content\/uploads\/2026\/04\/Susana-Gimenez-MF-Moda-359x226-1.jpg","contentUrl":"http:\/\/cuartetoenlaweb.com.ar\/sitio\/wp-content\/uploads\/2026\/04\/Susana-Gimenez-MF-Moda-359x226-1.jpg","width":359,"height":226},{"@type":"BreadcrumbList","@id":"https:\/\/cuartetoenlaweb.com.ar\/sitio\/polemico-festejo-de-johanna-villafane-tras-la-violencia-de-genero-que-sufrio-pamela-pombo-la-vida-devuelve-lo-que-das\/#breadcrumb","itemListElement":[{"@type":"ListItem","position":1,"name":"Portada","item":"http:\/\/cuartetoenlaweb.com.ar\/sitio\/"},{"@type":"ListItem","position":2,"name":"Pol\u00e9mico &quot;festejo&quot; de Johanna Villafa\u00f1e tras la violencia de g\u00e9nero que sufri\u00f3 Pamela Pombo: \u201cLa vida devuelve lo que das\u201d"}]},{"@type":"WebSite","@id":"http:\/\/cuartetoenlaweb.com.ar\/sitio\/#website","url":"http:\/\/cuartetoenlaweb.com.ar\/sitio\/","name":"Cuarteto en la Web","description":"","publisher":{"@id":"http:\/\/cuartetoenlaweb.com.ar\/sitio\/#organization"},"potentialAction":[{"@type":"SearchAction","target":{"@type":"EntryPoint","urlTemplate":"http:\/\/cuartetoenlaweb.com.ar\/sitio\/?s={search_term_string}"},"query-input":{"@type":"PropertyValueSpecification","valueRequired":true,"valueName":"search_term_string"}}],"inLanguage":"es"},{"@type":"Organization","@id":"http:\/\/cuartetoenlaweb.com.ar\/sitio\/#organization","name":"Cuarteto en la Web","url":"http:\/\/cuartetoenlaweb.com.ar\/sitio\/","logo":{"@type":"ImageObject","inLanguage":"es","@id":"http:\/\/cuartetoenlaweb.com.ar\/sitio\/#\/schema\/logo\/image\/","url":"http:\/\/cuartetoenlaweb.com.ar\/sitio\/wp-content\/uploads\/2025\/07\/cropped-cropped-logitoweb21.png","contentUrl":"http:\/\/cuartetoenlaweb.com.ar\/sitio\/wp-content\/uploads\/2025\/07\/cropped-cropped-logitoweb21.png","width":199,"height":199,"caption":"Cuarteto en la Web"},"image":{"@id":"http:\/\/cuartetoenlaweb.com.ar\/sitio\/#\/schema\/logo\/image\/"}}]}},"_links":{"self":[{"href":"http:\/\/cuartetoenlaweb.com.ar\/sitio\/wp-json\/wp\/v2\/posts\/19090","targetHints":{"allow":["GET"]}}],"collection":[{"href":"http:\/\/cuartetoenlaweb.com.ar\/sitio\/wp-json\/wp\/v2\/posts"}],"about":[{"href":"http:\/\/cuartetoenlaweb.com.ar\/sitio\/wp-json\/wp\/v2\/types\/post"}],"replies":[{"embeddable":true,"href":"http:\/\/cuartetoenlaweb.com.ar\/sitio\/wp-json\/wp\/v2\/comments?post=19090"}],"version-history":[{"count":0,"href":"http:\/\/cuartetoenlaweb.com.ar\/sitio\/wp-json\/wp\/v2\/posts\/19090\/revisions"}],"wp:featuredmedia":[{"embeddable":true,"href":"http:\/\/cuartetoenlaweb.com.ar\/sitio\/wp-json\/wp\/v2\/media\/19091"}],"wp:attachment":[{"href":"http:\/\/cuartetoenlaweb.com.ar\/sitio\/wp-json\/wp\/v2\/media?parent=19090"}],"wp:term":[{"taxonomy":"category","embeddable":true,"href":"http:\/\/cuartetoenlaweb.com.ar\/sitio\/wp-json\/wp\/v2\/categories?post=19090"},{"taxonomy":"post_tag","embeddable":true,"href":"http:\/\/cuartetoenlaweb.com.ar\/sitio\/wp-json\/wp\/v2\/tags?post=19090"}],"curies":[{"name":"wp","href":"https:\/\/api.w.org\/{rel}","templated":true}]}}