
{"id":19088,"date":"2026-04-27T14:00:00","date_gmt":"2026-04-27T17:00:00","guid":{"rendered":"http:\/\/cuartetoenlaweb.com.ar\/sitio\/el-disenador-del-vestido-de-allegra-cubero-aparecio-y-conto-la-verdad-del-escandalo-por-su-fiesta-de-15\/"},"modified":"2026-04-27T14:00:00","modified_gmt":"2026-04-27T17:00:00","slug":"el-disenador-del-vestido-de-allegra-cubero-aparecio-y-conto-la-verdad-del-escandalo-por-su-fiesta-de-15","status":"publish","type":"post","link":"http:\/\/cuartetoenlaweb.com.ar\/sitio\/el-disenador-del-vestido-de-allegra-cubero-aparecio-y-conto-la-verdad-del-escandalo-por-su-fiesta-de-15\/","title":{"rendered":"El dise\u00f1ador del vestido de Allegra Cubero apareci\u00f3 y cont\u00f3 la verdad del esc\u00e1ndalo por su fiesta de 15"},"content":{"rendered":"<p>La fiesta de 15 de<strong>Allegra Cubero<\/strong> sigue dando qu\u00e9 hablar. Aunque la adolescente celebr\u00f3 su segundo evento el pasado viernes 24 de abril, todo se dio en el marco de una noche tan esperada como pol\u00e9mica. \u00bfPor qu\u00e9? Porque se habl\u00f3 de un supuesto conflicto alrededor del vestido principal que us\u00f3 la ni\u00f1a, dise\u00f1ado por <strong>Laurencio Adot<\/strong>, amigo \u00edntimo de <strong>Nicole Neumann<\/strong>. Y hubo un foco clave sobre <strong>Fabi\u00e1n Cubero<\/strong> y <strong>Mica Viciconte<\/strong>.<\/p>\n<p>El esc\u00e1ndalo que se sembr\u00f3 fue el siguiente: se dijo que <strong>Cubero<\/strong> y <strong>Viciconte<\/strong> no hab\u00edan invitado a <strong>Adot<\/strong> a la fiesta de 15 de <strong><a href=\"https:\/\/www.paparazzi.com.ar\/teve\/el-fuerte-video-de-allegra-llorando-en-medio-de-su-fiesta-de-15-anos-por-fabian-cubero\/\">Allegra<\/a><\/strong>, y que por esa decisi\u00f3n el dise\u00f1ador estar\u00eda muy enojado. Cabe destacar que el hombre tambi\u00e9n hab\u00eda vestido a la joven en su primera celebraci\u00f3n de cumplea\u00f1os, en aquel evento que organiz\u00f3 <strong>Nicole<\/strong>. Ah\u00ed s\u00ed hab\u00eda estado invitado, asisti\u00f3 al festejo y hasta se hab\u00eda fotografiado con la ni\u00f1a.<\/p>\n<p>Por eso su ausencia de esta segunda fiesta de 15 de <strong>Allegra<\/strong> sorprendi\u00f3. Y todos los ca\u00f1ones apuntaron a una decisi\u00f3n tajante de <strong>Cubero<\/strong> y <strong><a href=\"https:\/\/www.paparazzi.com.ar\/teve\/la-actitud-de-mica-viciconte-y-fabian-cubero-en-la-fiesta-de-15-de-allegra-que-genero-un-escandalo-no-es-la-madre\/\">Mica<\/a><\/strong>. Sin embargo, lejos de entrar en conflicto, el dise\u00f1ador habl\u00f3 con Infama y explic\u00f3 por qu\u00e9 no estuvo presente, advirtiendo que se fue de viaje fuera del pa\u00eds y que por eso no particip\u00f3 del evento.<\/p>\n<div class=\"mt-box \">\n<h4 class=\"mt-heading\">Mir\u00e1 Tambi\u00e9n<\/h4>\n<p><a href=\"https:\/\/www.paparazzi.com.ar\/romances\/yanina-latorre-destapo-la-verdad-de-la-infidelidad-de-rodrigo-de-paul-a-tini-stoessel-con-flor-regidor-se-enfiestaba-en\/\"><\/p>\n<div class=\"mt-content\">\n<div class=\"mt-image-container\"><img decoding=\"async\" src=\"https:\/\/www.paparazzi.com.ar\/wp-content\/uploads\/2026\/04\/Yanina-Latorre-Rodrigo-de-Paul-Tini-Stoessel-Flor-Regidor-359x226.jpg\" alt=\"Yanina Latorre destap\u00f3 la verdad de la infidelidad de Rodrigo de Paul a Tini Stoessel con Flor Regidor: \u201cSe enfiestaba en\u2026\u201d\" class=\"mt-image\" loading=\"lazy\" \/><\/div>\n<h5 class=\"mt-title\">Yanina Latorre destap\u00f3 la verdad de la infidelidad de Rodrigo de Paul a Tini Stoessel con Flor Regidor: \u201cSe enfiestaba en\u2026\u201d<\/h5>\n<\/div>\n<p><\/a><\/div>\n<p>\u201cEl principal vestido fue de Laurencio Adot. Vieron que en las \u00faltimas horas hubo rumores de que Laurencio estaba muy enojado porque no lo invitaron. Ahora la producci\u00f3n se comunic\u00f3 con \u00e9l, y dijo que nada que ver\u201d, comenz\u00f3 diciendo <strong>Marcela Tauro<\/strong> sobre la charla que se dio con <strong>Adot<\/strong> alrededor del vestido de <strong><a href=\"https:\/\/www.paparazzi.com.ar\/teve\/exploto-todo-se-filtro-la-pelea-que-provoco-el-vestido-de-15-de-allegra-por-venganza-contra-nicole-neumann\/\">Allegra<\/a><\/strong> y su faltazo a los 15.<\/p>\n<h2 class=\"wp-block-heading\">LAURENCIO ADOT CONT\u00d3 QU\u00c9 PAS\u00d3 CON EL VESTIDO DE 15 DE ALLEGRA Y POR QU\u00c9 NO FUE A LA FIESTA<\/h2>\n<p>\u201cVoy a leer textual: Nada que ver, estoy en Brasil. Buena onda. El principal (vestido) era m\u00edo y canjearon los otros\u201d, sigui\u00f3 <strong>Tauro<\/strong> mientras ve\u00eda en su tel\u00e9fono los mensajes del dise\u00f1ador. Con esto, desactiv\u00f3 cualquier conflicto con <strong>Allegra<\/strong> y hasta explic\u00f3 los motivos de su ausencia. Entonces surgi\u00f3 otra pregunta: \u00bfSi los otros dos vestidos fueron de canje, el que confeccion\u00f3 \u00e9l lo tuvieron que pagar?<\/p>\n<p>Esa pregunta se termin\u00f3 instalando en el piso de Am\u00e9rica hasta que el propio <strong>Adot<\/strong> volvi\u00f3 a comunicarse con la producci\u00f3n del programa y explic\u00f3 qu\u00e9 pas\u00f3 con su vestido. \u201cFue un regalo\u201d, cont\u00f3. De hecho la habr\u00eda invitado a <strong>Allegra<\/strong> a que elija el vestido que m\u00e1s le gustara, con esa libertad para poder confeccionarle uno.<\/p>\n<div class=\"mt-box \">\n<h4 class=\"mt-heading\">Mir\u00e1 Tambi\u00e9n<\/h4>\n<p><a href=\"https:\/\/www.paparazzi.com.ar\/teve\/el-fuerte-video-de-allegra-llorando-en-medio-de-su-fiesta-de-15-anos-por-fabian-cubero\/\"><\/p>\n<div class=\"mt-content\">\n<div class=\"mt-image-container\"><img decoding=\"async\" src=\"https:\/\/www.paparazzi.com.ar\/wp-content\/uploads\/2026\/04\/Allegra-Cubero-Fabian-Cubero-1-359x226.jpg\" alt=\"El fuerte video de Allegra llorando en medio de su fiesta de 15 a\u00f1os por Fabi\u00e1n Cubero\" class=\"mt-image\" loading=\"lazy\" \/><\/div>\n<h5 class=\"mt-title\">El fuerte video de Allegra llorando en medio de su fiesta de 15 a\u00f1os por Fabi\u00e1n Cubero<\/h5>\n<\/div>\n<p><\/a><\/div>\n<p>Lo que sorprendi\u00f3 fue la forma que utiliz\u00f3 el dise\u00f1ador para referirse a los otros dos vestidos de <strong>Allegra<\/strong>, advirtiendo que eran \u201cde canje\u201d. \u00bfFue una indirecta? Porque esto volvi\u00f3 a poner los ojos sobre <strong>Cubero<\/strong> y <strong>Viciconte<\/strong>, a quienes criticaron durante todo el fin de semana por no hacer un esfuerzo econ\u00f3mico por la ni\u00f1a y armar toda la fiesta alrededor de acuerdos de publicidad con las marcas.<\/p>\n<div class=\"mt-box \">\n<h4 class=\"mt-heading\">Mir\u00e1 Tambi\u00e9n<\/h4>\n<p><a href=\"https:\/\/www.paparazzi.com.ar\/teve\/la-actitud-de-mica-viciconte-y-fabian-cubero-en-la-fiesta-de-15-de-allegra-que-genero-un-escandalo-no-es-la-madre\/\"><\/p>\n<div class=\"mt-content\">\n<div class=\"mt-image-container\"><img decoding=\"async\" src=\"https:\/\/www.paparazzi.com.ar\/wp-content\/uploads\/2026\/04\/Fabian-Cubero-Mica-Viciconte-Allegra-Cubero-359x226.jpg\" alt=\"La actitud de Mica Viciconte y Fabi\u00e1n Cubero en la fiesta de 15 de Allegra que gener\u00f3 un esc\u00e1ndalo: \u201cNo es la madre\u2026\u201d\" class=\"mt-image\" loading=\"lazy\" \/><\/div>\n<h5 class=\"mt-title\">La actitud de Mica Viciconte y Fabi\u00e1n Cubero en la fiesta de 15 de Allegra que gener\u00f3 un esc\u00e1ndalo: \u201cNo es la madre\u2026\u201d<\/h5>\n<\/div>\n<p><\/a><\/div>\n<div class=\"mt-box \">\n<h4 class=\"mt-heading\">Mir\u00e1 Tambi\u00e9n<\/h4>\n<p><a href=\"https:\/\/www.paparazzi.com.ar\/teve\/exploto-todo-se-filtro-la-pelea-que-provoco-el-vestido-de-15-de-allegra-por-venganza-contra-nicole-neumann\/\"><\/p>\n<div class=\"mt-content\">\n<div class=\"mt-image-container\"><img decoding=\"async\" src=\"https:\/\/www.paparazzi.com.ar\/wp-content\/uploads\/2026\/04\/Allegra-Cubero-Nicole-Neumann-1-1-359x226.jpg\" alt=\"Explot\u00f3 todo: se filtr\u00f3 la pelea que provoc\u00f3 el vestido de 15 de Allegra por venganza contra Nicole Neumann\" class=\"mt-image\" loading=\"lazy\" \/><\/div>\n<h5 class=\"mt-title\">Explot\u00f3 todo: se filtr\u00f3 la pelea que provoc\u00f3 el vestido de 15 de Allegra por venganza contra Nicole Neumann<\/h5>\n<\/div>\n<p><\/a><\/div>\n<p>The post <a href=\"https:\/\/www.paparazzi.com.ar\/teve\/el-disenador-del-vestido-de-allegra-cubero-aparecio-y-conto-la-verdad-del-escandalo-por-su-fiesta-de-15\/\">El dise\u00f1ador del vestido de Allegra Cubero apareci\u00f3 y cont\u00f3 la verdad del esc\u00e1ndalo por su fiesta de 15<\/a> appeared first on <a href=\"https:\/\/www.paparazzi.com.ar\">Revista Paparazzi<\/a>.<\/p>\n","protected":false},"excerpt":{"rendered":"<p>La fiesta de 15 deAllegra Cubero sigue dando qu\u00e9 hablar.<\/p>\n","protected":false},"author":0,"featured_media":19089,"comment_status":"","ping_status":"","sticky":false,"template":"","format":"standard","meta":{"footnotes":""},"categories":[12],"tags":[],"class_list":["post-19088","post","type-post","status-publish","format-standard","has-post-thumbnail","hentry","category-espectaculo"],"yoast_head":"<!-- This site is optimized with the Yoast SEO plugin v27.5 - https:\/\/yoast.com\/product\/yoast-seo-wordpress\/ -->\n<title>El dise\u00f1ador del vestido de Allegra Cubero apareci\u00f3 y cont\u00f3 la verdad del esc\u00e1ndalo por su fiesta de 15 - Cuarteto en la Web<\/title>\n<meta name=\"robots\" content=\"index, follow, max-snippet:-1, max-image-preview:large, max-video-preview:-1\" \/>\n<link rel=\"canonical\" href=\"https:\/\/cuartetoenlaweb.com.ar\/sitio\/el-disenador-del-vestido-de-allegra-cubero-aparecio-y-conto-la-verdad-del-escandalo-por-su-fiesta-de-15\/\" \/>\n<meta property=\"og:locale\" content=\"es_ES\" \/>\n<meta property=\"og:type\" content=\"article\" \/>\n<meta property=\"og:title\" content=\"El dise\u00f1ador del vestido de Allegra Cubero apareci\u00f3 y cont\u00f3 la verdad del esc\u00e1ndalo por su fiesta de 15 - Cuarteto en la Web\" \/>\n<meta property=\"og:description\" content=\"La fiesta de 15 deAllegra Cubero sigue dando qu\u00e9 hablar.\" \/>\n<meta property=\"og:url\" content=\"https:\/\/cuartetoenlaweb.com.ar\/sitio\/el-disenador-del-vestido-de-allegra-cubero-aparecio-y-conto-la-verdad-del-escandalo-por-su-fiesta-de-15\/\" \/>\n<meta property=\"og:site_name\" content=\"Cuarteto en la Web\" \/>\n<meta property=\"article:published_time\" content=\"2026-04-27T17:00:00+00:00\" \/>\n<meta property=\"og:image\" content=\"https:\/\/cuartetoenlaweb.com.ar\/sitio\/wp-content\/uploads\/2026\/04\/Yanina-Latorre-Rodrigo-de-Paul-Tini-Stoessel-Flor-Regidor-359x226-3.jpg\" \/>\n\t<meta property=\"og:image:width\" content=\"359\" \/>\n\t<meta property=\"og:image:height\" content=\"226\" \/>\n\t<meta property=\"og:image:type\" content=\"image\/jpeg\" \/>\n<meta name=\"twitter:card\" content=\"summary_large_image\" \/>\n<meta name=\"twitter:label1\" content=\"Tiempo de lectura\" \/>\n\t<meta name=\"twitter:data1\" content=\"3 minutos\" \/>\n<script type=\"application\/ld+json\" class=\"yoast-schema-graph\">{\"@context\":\"https:\\\/\\\/schema.org\",\"@graph\":[{\"@type\":\"Article\",\"@id\":\"https:\\\/\\\/cuartetoenlaweb.com.ar\\\/sitio\\\/el-disenador-del-vestido-de-allegra-cubero-aparecio-y-conto-la-verdad-del-escandalo-por-su-fiesta-de-15\\\/#article\",\"isPartOf\":{\"@id\":\"https:\\\/\\\/cuartetoenlaweb.com.ar\\\/sitio\\\/el-disenador-del-vestido-de-allegra-cubero-aparecio-y-conto-la-verdad-del-escandalo-por-su-fiesta-de-15\\\/\"},\"author\":{\"name\":\"\",\"@id\":\"\"},\"headline\":\"El dise\u00f1ador del vestido de Allegra Cubero apareci\u00f3 y cont\u00f3 la verdad del esc\u00e1ndalo por su fiesta de 15\",\"datePublished\":\"2026-04-27T17:00:00+00:00\",\"mainEntityOfPage\":{\"@id\":\"https:\\\/\\\/cuartetoenlaweb.com.ar\\\/sitio\\\/el-disenador-del-vestido-de-allegra-cubero-aparecio-y-conto-la-verdad-del-escandalo-por-su-fiesta-de-15\\\/\"},\"wordCount\":650,\"publisher\":{\"@id\":\"http:\\\/\\\/cuartetoenlaweb.com.ar\\\/sitio\\\/#organization\"},\"image\":{\"@id\":\"https:\\\/\\\/cuartetoenlaweb.com.ar\\\/sitio\\\/el-disenador-del-vestido-de-allegra-cubero-aparecio-y-conto-la-verdad-del-escandalo-por-su-fiesta-de-15\\\/#primaryimage\"},\"thumbnailUrl\":\"http:\\\/\\\/cuartetoenlaweb.com.ar\\\/sitio\\\/wp-content\\\/uploads\\\/2026\\\/04\\\/Yanina-Latorre-Rodrigo-de-Paul-Tini-Stoessel-Flor-Regidor-359x226-3.jpg\",\"articleSection\":[\"ESPECT\u00c1CULO\"],\"inLanguage\":\"es\"},{\"@type\":\"WebPage\",\"@id\":\"https:\\\/\\\/cuartetoenlaweb.com.ar\\\/sitio\\\/el-disenador-del-vestido-de-allegra-cubero-aparecio-y-conto-la-verdad-del-escandalo-por-su-fiesta-de-15\\\/\",\"url\":\"https:\\\/\\\/cuartetoenlaweb.com.ar\\\/sitio\\\/el-disenador-del-vestido-de-allegra-cubero-aparecio-y-conto-la-verdad-del-escandalo-por-su-fiesta-de-15\\\/\",\"name\":\"El dise\u00f1ador del vestido de Allegra Cubero apareci\u00f3 y cont\u00f3 la verdad del esc\u00e1ndalo por su fiesta de 15 - Cuarteto en la Web\",\"isPartOf\":{\"@id\":\"http:\\\/\\\/cuartetoenlaweb.com.ar\\\/sitio\\\/#website\"},\"primaryImageOfPage\":{\"@id\":\"https:\\\/\\\/cuartetoenlaweb.com.ar\\\/sitio\\\/el-disenador-del-vestido-de-allegra-cubero-aparecio-y-conto-la-verdad-del-escandalo-por-su-fiesta-de-15\\\/#primaryimage\"},\"image\":{\"@id\":\"https:\\\/\\\/cuartetoenlaweb.com.ar\\\/sitio\\\/el-disenador-del-vestido-de-allegra-cubero-aparecio-y-conto-la-verdad-del-escandalo-por-su-fiesta-de-15\\\/#primaryimage\"},\"thumbnailUrl\":\"http:\\\/\\\/cuartetoenlaweb.com.ar\\\/sitio\\\/wp-content\\\/uploads\\\/2026\\\/04\\\/Yanina-Latorre-Rodrigo-de-Paul-Tini-Stoessel-Flor-Regidor-359x226-3.jpg\",\"datePublished\":\"2026-04-27T17:00:00+00:00\",\"breadcrumb\":{\"@id\":\"https:\\\/\\\/cuartetoenlaweb.com.ar\\\/sitio\\\/el-disenador-del-vestido-de-allegra-cubero-aparecio-y-conto-la-verdad-del-escandalo-por-su-fiesta-de-15\\\/#breadcrumb\"},\"inLanguage\":\"es\",\"potentialAction\":[{\"@type\":\"ReadAction\",\"target\":[\"https:\\\/\\\/cuartetoenlaweb.com.ar\\\/sitio\\\/el-disenador-del-vestido-de-allegra-cubero-aparecio-y-conto-la-verdad-del-escandalo-por-su-fiesta-de-15\\\/\"]}]},{\"@type\":\"ImageObject\",\"inLanguage\":\"es\",\"@id\":\"https:\\\/\\\/cuartetoenlaweb.com.ar\\\/sitio\\\/el-disenador-del-vestido-de-allegra-cubero-aparecio-y-conto-la-verdad-del-escandalo-por-su-fiesta-de-15\\\/#primaryimage\",\"url\":\"http:\\\/\\\/cuartetoenlaweb.com.ar\\\/sitio\\\/wp-content\\\/uploads\\\/2026\\\/04\\\/Yanina-Latorre-Rodrigo-de-Paul-Tini-Stoessel-Flor-Regidor-359x226-3.jpg\",\"contentUrl\":\"http:\\\/\\\/cuartetoenlaweb.com.ar\\\/sitio\\\/wp-content\\\/uploads\\\/2026\\\/04\\\/Yanina-Latorre-Rodrigo-de-Paul-Tini-Stoessel-Flor-Regidor-359x226-3.jpg\",\"width\":359,\"height\":226},{\"@type\":\"BreadcrumbList\",\"@id\":\"https:\\\/\\\/cuartetoenlaweb.com.ar\\\/sitio\\\/el-disenador-del-vestido-de-allegra-cubero-aparecio-y-conto-la-verdad-del-escandalo-por-su-fiesta-de-15\\\/#breadcrumb\",\"itemListElement\":[{\"@type\":\"ListItem\",\"position\":1,\"name\":\"Portada\",\"item\":\"http:\\\/\\\/cuartetoenlaweb.com.ar\\\/sitio\\\/\"},{\"@type\":\"ListItem\",\"position\":2,\"name\":\"El dise\u00f1ador del vestido de Allegra Cubero apareci\u00f3 y cont\u00f3 la verdad del esc\u00e1ndalo por su fiesta de 15\"}]},{\"@type\":\"WebSite\",\"@id\":\"http:\\\/\\\/cuartetoenlaweb.com.ar\\\/sitio\\\/#website\",\"url\":\"http:\\\/\\\/cuartetoenlaweb.com.ar\\\/sitio\\\/\",\"name\":\"Cuarteto en la Web\",\"description\":\"\",\"publisher\":{\"@id\":\"http:\\\/\\\/cuartetoenlaweb.com.ar\\\/sitio\\\/#organization\"},\"potentialAction\":[{\"@type\":\"SearchAction\",\"target\":{\"@type\":\"EntryPoint\",\"urlTemplate\":\"http:\\\/\\\/cuartetoenlaweb.com.ar\\\/sitio\\\/?s={search_term_string}\"},\"query-input\":{\"@type\":\"PropertyValueSpecification\",\"valueRequired\":true,\"valueName\":\"search_term_string\"}}],\"inLanguage\":\"es\"},{\"@type\":\"Organization\",\"@id\":\"http:\\\/\\\/cuartetoenlaweb.com.ar\\\/sitio\\\/#organization\",\"name\":\"Cuarteto en la Web\",\"url\":\"http:\\\/\\\/cuartetoenlaweb.com.ar\\\/sitio\\\/\",\"logo\":{\"@type\":\"ImageObject\",\"inLanguage\":\"es\",\"@id\":\"http:\\\/\\\/cuartetoenlaweb.com.ar\\\/sitio\\\/#\\\/schema\\\/logo\\\/image\\\/\",\"url\":\"http:\\\/\\\/cuartetoenlaweb.com.ar\\\/sitio\\\/wp-content\\\/uploads\\\/2025\\\/07\\\/cropped-cropped-logitoweb21.png\",\"contentUrl\":\"http:\\\/\\\/cuartetoenlaweb.com.ar\\\/sitio\\\/wp-content\\\/uploads\\\/2025\\\/07\\\/cropped-cropped-logitoweb21.png\",\"width\":199,\"height\":199,\"caption\":\"Cuarteto en la Web\"},\"image\":{\"@id\":\"http:\\\/\\\/cuartetoenlaweb.com.ar\\\/sitio\\\/#\\\/schema\\\/logo\\\/image\\\/\"}}]}<\/script>\n<!-- \/ Yoast SEO plugin. -->","yoast_head_json":{"title":"El dise\u00f1ador del vestido de Allegra Cubero apareci\u00f3 y cont\u00f3 la verdad del esc\u00e1ndalo por su fiesta de 15 - Cuarteto en la Web","robots":{"index":"index","follow":"follow","max-snippet":"max-snippet:-1","max-image-preview":"max-image-preview:large","max-video-preview":"max-video-preview:-1"},"canonical":"https:\/\/cuartetoenlaweb.com.ar\/sitio\/el-disenador-del-vestido-de-allegra-cubero-aparecio-y-conto-la-verdad-del-escandalo-por-su-fiesta-de-15\/","og_locale":"es_ES","og_type":"article","og_title":"El dise\u00f1ador del vestido de Allegra Cubero apareci\u00f3 y cont\u00f3 la verdad del esc\u00e1ndalo por su fiesta de 15 - Cuarteto en la Web","og_description":"La fiesta de 15 deAllegra Cubero sigue dando qu\u00e9 hablar.","og_url":"https:\/\/cuartetoenlaweb.com.ar\/sitio\/el-disenador-del-vestido-de-allegra-cubero-aparecio-y-conto-la-verdad-del-escandalo-por-su-fiesta-de-15\/","og_site_name":"Cuarteto en la Web","article_published_time":"2026-04-27T17:00:00+00:00","og_image":[{"width":359,"height":226,"url":"https:\/\/cuartetoenlaweb.com.ar\/sitio\/wp-content\/uploads\/2026\/04\/Yanina-Latorre-Rodrigo-de-Paul-Tini-Stoessel-Flor-Regidor-359x226-3.jpg","type":"image\/jpeg"}],"twitter_card":"summary_large_image","twitter_misc":{"Tiempo de lectura":"3 minutos"},"schema":{"@context":"https:\/\/schema.org","@graph":[{"@type":"Article","@id":"https:\/\/cuartetoenlaweb.com.ar\/sitio\/el-disenador-del-vestido-de-allegra-cubero-aparecio-y-conto-la-verdad-del-escandalo-por-su-fiesta-de-15\/#article","isPartOf":{"@id":"https:\/\/cuartetoenlaweb.com.ar\/sitio\/el-disenador-del-vestido-de-allegra-cubero-aparecio-y-conto-la-verdad-del-escandalo-por-su-fiesta-de-15\/"},"author":{"name":"","@id":""},"headline":"El dise\u00f1ador del vestido de Allegra Cubero apareci\u00f3 y cont\u00f3 la verdad del esc\u00e1ndalo por su fiesta de 15","datePublished":"2026-04-27T17:00:00+00:00","mainEntityOfPage":{"@id":"https:\/\/cuartetoenlaweb.com.ar\/sitio\/el-disenador-del-vestido-de-allegra-cubero-aparecio-y-conto-la-verdad-del-escandalo-por-su-fiesta-de-15\/"},"wordCount":650,"publisher":{"@id":"http:\/\/cuartetoenlaweb.com.ar\/sitio\/#organization"},"image":{"@id":"https:\/\/cuartetoenlaweb.com.ar\/sitio\/el-disenador-del-vestido-de-allegra-cubero-aparecio-y-conto-la-verdad-del-escandalo-por-su-fiesta-de-15\/#primaryimage"},"thumbnailUrl":"http:\/\/cuartetoenlaweb.com.ar\/sitio\/wp-content\/uploads\/2026\/04\/Yanina-Latorre-Rodrigo-de-Paul-Tini-Stoessel-Flor-Regidor-359x226-3.jpg","articleSection":["ESPECT\u00c1CULO"],"inLanguage":"es"},{"@type":"WebPage","@id":"https:\/\/cuartetoenlaweb.com.ar\/sitio\/el-disenador-del-vestido-de-allegra-cubero-aparecio-y-conto-la-verdad-del-escandalo-por-su-fiesta-de-15\/","url":"https:\/\/cuartetoenlaweb.com.ar\/sitio\/el-disenador-del-vestido-de-allegra-cubero-aparecio-y-conto-la-verdad-del-escandalo-por-su-fiesta-de-15\/","name":"El dise\u00f1ador del vestido de Allegra Cubero apareci\u00f3 y cont\u00f3 la verdad del esc\u00e1ndalo por su fiesta de 15 - Cuarteto en la Web","isPartOf":{"@id":"http:\/\/cuartetoenlaweb.com.ar\/sitio\/#website"},"primaryImageOfPage":{"@id":"https:\/\/cuartetoenlaweb.com.ar\/sitio\/el-disenador-del-vestido-de-allegra-cubero-aparecio-y-conto-la-verdad-del-escandalo-por-su-fiesta-de-15\/#primaryimage"},"image":{"@id":"https:\/\/cuartetoenlaweb.com.ar\/sitio\/el-disenador-del-vestido-de-allegra-cubero-aparecio-y-conto-la-verdad-del-escandalo-por-su-fiesta-de-15\/#primaryimage"},"thumbnailUrl":"http:\/\/cuartetoenlaweb.com.ar\/sitio\/wp-content\/uploads\/2026\/04\/Yanina-Latorre-Rodrigo-de-Paul-Tini-Stoessel-Flor-Regidor-359x226-3.jpg","datePublished":"2026-04-27T17:00:00+00:00","breadcrumb":{"@id":"https:\/\/cuartetoenlaweb.com.ar\/sitio\/el-disenador-del-vestido-de-allegra-cubero-aparecio-y-conto-la-verdad-del-escandalo-por-su-fiesta-de-15\/#breadcrumb"},"inLanguage":"es","potentialAction":[{"@type":"ReadAction","target":["https:\/\/cuartetoenlaweb.com.ar\/sitio\/el-disenador-del-vestido-de-allegra-cubero-aparecio-y-conto-la-verdad-del-escandalo-por-su-fiesta-de-15\/"]}]},{"@type":"ImageObject","inLanguage":"es","@id":"https:\/\/cuartetoenlaweb.com.ar\/sitio\/el-disenador-del-vestido-de-allegra-cubero-aparecio-y-conto-la-verdad-del-escandalo-por-su-fiesta-de-15\/#primaryimage","url":"http:\/\/cuartetoenlaweb.com.ar\/sitio\/wp-content\/uploads\/2026\/04\/Yanina-Latorre-Rodrigo-de-Paul-Tini-Stoessel-Flor-Regidor-359x226-3.jpg","contentUrl":"http:\/\/cuartetoenlaweb.com.ar\/sitio\/wp-content\/uploads\/2026\/04\/Yanina-Latorre-Rodrigo-de-Paul-Tini-Stoessel-Flor-Regidor-359x226-3.jpg","width":359,"height":226},{"@type":"BreadcrumbList","@id":"https:\/\/cuartetoenlaweb.com.ar\/sitio\/el-disenador-del-vestido-de-allegra-cubero-aparecio-y-conto-la-verdad-del-escandalo-por-su-fiesta-de-15\/#breadcrumb","itemListElement":[{"@type":"ListItem","position":1,"name":"Portada","item":"http:\/\/cuartetoenlaweb.com.ar\/sitio\/"},{"@type":"ListItem","position":2,"name":"El dise\u00f1ador del vestido de Allegra Cubero apareci\u00f3 y cont\u00f3 la verdad del esc\u00e1ndalo por su fiesta de 15"}]},{"@type":"WebSite","@id":"http:\/\/cuartetoenlaweb.com.ar\/sitio\/#website","url":"http:\/\/cuartetoenlaweb.com.ar\/sitio\/","name":"Cuarteto en la Web","description":"","publisher":{"@id":"http:\/\/cuartetoenlaweb.com.ar\/sitio\/#organization"},"potentialAction":[{"@type":"SearchAction","target":{"@type":"EntryPoint","urlTemplate":"http:\/\/cuartetoenlaweb.com.ar\/sitio\/?s={search_term_string}"},"query-input":{"@type":"PropertyValueSpecification","valueRequired":true,"valueName":"search_term_string"}}],"inLanguage":"es"},{"@type":"Organization","@id":"http:\/\/cuartetoenlaweb.com.ar\/sitio\/#organization","name":"Cuarteto en la Web","url":"http:\/\/cuartetoenlaweb.com.ar\/sitio\/","logo":{"@type":"ImageObject","inLanguage":"es","@id":"http:\/\/cuartetoenlaweb.com.ar\/sitio\/#\/schema\/logo\/image\/","url":"http:\/\/cuartetoenlaweb.com.ar\/sitio\/wp-content\/uploads\/2025\/07\/cropped-cropped-logitoweb21.png","contentUrl":"http:\/\/cuartetoenlaweb.com.ar\/sitio\/wp-content\/uploads\/2025\/07\/cropped-cropped-logitoweb21.png","width":199,"height":199,"caption":"Cuarteto en la Web"},"image":{"@id":"http:\/\/cuartetoenlaweb.com.ar\/sitio\/#\/schema\/logo\/image\/"}}]}},"_links":{"self":[{"href":"http:\/\/cuartetoenlaweb.com.ar\/sitio\/wp-json\/wp\/v2\/posts\/19088","targetHints":{"allow":["GET"]}}],"collection":[{"href":"http:\/\/cuartetoenlaweb.com.ar\/sitio\/wp-json\/wp\/v2\/posts"}],"about":[{"href":"http:\/\/cuartetoenlaweb.com.ar\/sitio\/wp-json\/wp\/v2\/types\/post"}],"replies":[{"embeddable":true,"href":"http:\/\/cuartetoenlaweb.com.ar\/sitio\/wp-json\/wp\/v2\/comments?post=19088"}],"version-history":[{"count":0,"href":"http:\/\/cuartetoenlaweb.com.ar\/sitio\/wp-json\/wp\/v2\/posts\/19088\/revisions"}],"wp:featuredmedia":[{"embeddable":true,"href":"http:\/\/cuartetoenlaweb.com.ar\/sitio\/wp-json\/wp\/v2\/media\/19089"}],"wp:attachment":[{"href":"http:\/\/cuartetoenlaweb.com.ar\/sitio\/wp-json\/wp\/v2\/media?parent=19088"}],"wp:term":[{"taxonomy":"category","embeddable":true,"href":"http:\/\/cuartetoenlaweb.com.ar\/sitio\/wp-json\/wp\/v2\/categories?post=19088"},{"taxonomy":"post_tag","embeddable":true,"href":"http:\/\/cuartetoenlaweb.com.ar\/sitio\/wp-json\/wp\/v2\/tags?post=19088"}],"curies":[{"name":"wp","href":"https:\/\/api.w.org\/{rel}","templated":true}]}}