
{"id":19086,"date":"2026-04-27T13:59:58","date_gmt":"2026-04-27T16:59:58","guid":{"rendered":"http:\/\/cuartetoenlaweb.com.ar\/sitio\/la-angustia-de-luis-ventura-por-la-salud-de-su-hijo-antonito-en-su-cumpleanos-de-12-estaba-raro\/"},"modified":"2026-04-27T13:59:58","modified_gmt":"2026-04-27T16:59:58","slug":"la-angustia-de-luis-ventura-por-la-salud-de-su-hijo-antonito-en-su-cumpleanos-de-12-estaba-raro","status":"publish","type":"post","link":"http:\/\/cuartetoenlaweb.com.ar\/sitio\/la-angustia-de-luis-ventura-por-la-salud-de-su-hijo-antonito-en-su-cumpleanos-de-12-estaba-raro\/","title":{"rendered":"La angustia de Luis Ventura por la salud de su hijo Anto\u00f1ito en su cumplea\u00f1os de 12: \u201cEstaba raro\u201d"},"content":{"rendered":"<p>Este a\u00f1o, la vor\u00e1gine de la ceremonia de los <strong>Mart\u00edn Fierro de Moda 2026<\/strong> coincidi\u00f3 para <strong>Luis Ventura <\/strong>con un d\u00eda muy especial: el cumplea\u00f1os de su hijo <strong>Anto\u00f1ito<\/strong>, que ya tiene 12 a\u00f1os. Y a horas de celebrar el evento, luego de tantas corridas, <a href=\"https:\/\/www.paparazzi.com.ar\/tag\/luis-ventura\/\" id=\"https:\/\/www.paparazzi.com.ar\/tag\/luis-ventura\/\">Ventura <\/a>sali\u00f3 al aire con <strong>Moria Cas\u00e1n <\/strong>y revel\u00f3 un percance que no se esperaba: un tema de salud del nene.<\/p>\n<p>\u201cAnte la multiplicidad de obligaciones, muchas veces hay que doblarse. Yo, por ejemplo, estoy volviendo reci\u00e9n ahora, estoy varado ac\u00e1 en General Paz y Rivadavia, porque Antonito ayer cumpli\u00f3 12 a\u00f1os\u201d, cont\u00f3 Luis en el programa de <em>El Trece<\/em>.&nbsp;&nbsp;<\/p>\n<div class=\"mt-box \">\n<h4 class=\"mt-heading\">Mir\u00e1 Tambi\u00e9n<\/h4>\n<p><a href=\"https:\/\/www.paparazzi.com.ar\/romances\/yanina-latorre-destapo-la-verdad-de-la-infidelidad-de-rodrigo-de-paul-a-tini-stoessel-con-flor-regidor-se-enfiestaba-en\/\n\"><\/p>\n<div class=\"mt-content\">\n<div class=\"mt-image-container\"><img decoding=\"async\" src=\"https:\/\/www.paparazzi.com.ar\/wp-content\/uploads\/2026\/04\/Yanina-Latorre-Rodrigo-de-Paul-Tini-Stoessel-Flor-Regidor-359x226.jpg\" alt=\"Yanina Latorre destap\u00f3 la verdad de la infidelidad de Rodrigo de Paul a Tini Stoessel con Flor Regidor: \u201cSe enfiestaba en\u2026\u201d\" class=\"mt-image\" loading=\"lazy\" \/><\/div>\n<h5 class=\"mt-title\">Yanina Latorre destap\u00f3 la verdad de la infidelidad de Rodrigo de Paul a Tini Stoessel con Flor Regidor: \u201cSe enfiestaba en\u2026\u201d<\/h5>\n<\/div>\n<p><\/a><\/div>\n<p>El presidente de APTRA repas\u00f3 todo lo que ocurri\u00f3 ese d\u00eda tan movido en el que tambi\u00e9n le toc\u00f3 dirigir a Victoriano Arenas en Berazategui. \u201cFui a dirigir, sal\u00ed corriendo, fui a buscar estatuillas, vine a darle un beso en la frente a Antonito\u201d, cont\u00f3. Fue ah\u00ed, al llegar a la casa de Fabiana Liuzzim cuando not\u00f3&nbsp; que el nene \u201cno estaba bien\u201d.&nbsp;<\/p>\n<p>\u201cLa mam\u00e1 lo estaba llevando ah\u00ed a una guardia para ver qu\u00e9 era lo que le pasaba, estaba raro\u201d, dijo Luis, y se sincer\u00f3 sobre la multiplicidad de tareas y preocupaciones aquella noche: \u201cEra engorroso tener la cabeza en la cancha, en APTRA, en Los Mart\u00edn Fierro y en mi hijo\u201d. Asimismo, asegur\u00f3 que en los pr\u00f3ximos d\u00edas le celebrar\u00e1n a su hijo la fiesta que merece. \u201cSe la vamos a hacer entre familia y alg\u00fan amigo. Seguro\u201d, anticip\u00f3.<\/p>\n<h2 class=\"wp-block-heading\">QU\u00c9 TIENE ANTO\u00d1ITO, EL HIJO DE LUIS VENTURA<\/h2>\n<p>Anto\u00f1ito, el hijo de Luis Ventura y Fabiana Liuzzi, arrastra desde su nacimiento un cuadro neurol\u00f3gico complejo. Naci\u00f3 prematuro, con apenas seis meses y medio de gestaci\u00f3n, y fue diagnosticado con una encefalopat\u00eda cr\u00f3nica no evolutiva, una condici\u00f3n cerebral que no empeora pero s\u00ed deja secuelas en el desarrollo, especialmente en el habla y el comportamiento.<\/p>\n<p>Con el paso de los a\u00f1os, el propio Ventura fue poniendo en palabras lo que vive puertas adentro: \u201cYo tengo un hijo que no habla\u2026 se hace entender\u201d, cont\u00f3, al tiempo que explic\u00f3 que el diagn\u00f3stico nunca fue del todo lineal y que incluso se lo vincula a una \u201crama del autismo\u201d y a lesiones cerebrales que se van recuperando lentamente. En ese contexto, cada episodio o cambio en su estado \u2014como golpes, convulsiones o alteraciones de conducta\u2014 enciende la alarma en la familia, que convive con una evoluci\u00f3n d\u00eda a d\u00eda, sin certezas absolutas.<\/p>\n<p>The post <a href=\"https:\/\/www.paparazzi.com.ar\/teve\/la-angustia-de-luis-ventura-por-la-salud-de-su-hijo-antonito-en-su-cumpleanos-de-12-estaba-raro\/\">La angustia de Luis Ventura por la salud de su hijo Anto\u00f1ito en su cumplea\u00f1os de 12: \u201cEstaba raro\u201d<\/a> appeared first on <a href=\"https:\/\/www.paparazzi.com.ar\">Revista Paparazzi<\/a>.<\/p>\n","protected":false},"excerpt":{"rendered":"<p>Este a\u00f1o, la vor\u00e1gine de la ceremonia de los Mart\u00edn<\/p>\n","protected":false},"author":0,"featured_media":19087,"comment_status":"","ping_status":"","sticky":false,"template":"","format":"standard","meta":{"footnotes":""},"categories":[12],"tags":[],"class_list":["post-19086","post","type-post","status-publish","format-standard","has-post-thumbnail","hentry","category-espectaculo"],"yoast_head":"<!-- This site is optimized with the Yoast SEO plugin v27.5 - https:\/\/yoast.com\/product\/yoast-seo-wordpress\/ -->\n<title>La angustia de Luis Ventura por la salud de su hijo Anto\u00f1ito en su cumplea\u00f1os de 12: \u201cEstaba raro\u201d - Cuarteto en la Web<\/title>\n<meta name=\"robots\" content=\"index, follow, max-snippet:-1, max-image-preview:large, max-video-preview:-1\" \/>\n<link rel=\"canonical\" href=\"http:\/\/cuartetoenlaweb.com.ar\/sitio\/la-angustia-de-luis-ventura-por-la-salud-de-su-hijo-antonito-en-su-cumpleanos-de-12-estaba-raro\/\" \/>\n<meta property=\"og:locale\" content=\"es_ES\" \/>\n<meta property=\"og:type\" content=\"article\" \/>\n<meta property=\"og:title\" content=\"La angustia de Luis Ventura por la salud de su hijo Anto\u00f1ito en su cumplea\u00f1os de 12: \u201cEstaba raro\u201d - Cuarteto en la Web\" \/>\n<meta property=\"og:description\" content=\"Este a\u00f1o, la vor\u00e1gine de la ceremonia de los Mart\u00edn\" \/>\n<meta property=\"og:url\" content=\"http:\/\/cuartetoenlaweb.com.ar\/sitio\/la-angustia-de-luis-ventura-por-la-salud-de-su-hijo-antonito-en-su-cumpleanos-de-12-estaba-raro\/\" \/>\n<meta property=\"og:site_name\" content=\"Cuarteto en la Web\" \/>\n<meta property=\"article:published_time\" content=\"2026-04-27T16:59:58+00:00\" \/>\n<meta property=\"og:image\" content=\"http:\/\/cuartetoenlaweb.com.ar\/sitio\/wp-content\/uploads\/2026\/04\/Yanina-Latorre-Rodrigo-de-Paul-Tini-Stoessel-Flor-Regidor-359x226-2.jpg\" \/>\n\t<meta property=\"og:image:width\" content=\"359\" \/>\n\t<meta property=\"og:image:height\" content=\"226\" \/>\n\t<meta property=\"og:image:type\" content=\"image\/jpeg\" \/>\n<meta name=\"twitter:card\" content=\"summary_large_image\" \/>\n<meta name=\"twitter:label1\" content=\"Tiempo de lectura\" \/>\n\t<meta name=\"twitter:data1\" content=\"2 minutos\" \/>\n<script type=\"application\/ld+json\" class=\"yoast-schema-graph\">{\"@context\":\"https:\\\/\\\/schema.org\",\"@graph\":[{\"@type\":\"Article\",\"@id\":\"http:\\\/\\\/cuartetoenlaweb.com.ar\\\/sitio\\\/la-angustia-de-luis-ventura-por-la-salud-de-su-hijo-antonito-en-su-cumpleanos-de-12-estaba-raro\\\/#article\",\"isPartOf\":{\"@id\":\"http:\\\/\\\/cuartetoenlaweb.com.ar\\\/sitio\\\/la-angustia-de-luis-ventura-por-la-salud-de-su-hijo-antonito-en-su-cumpleanos-de-12-estaba-raro\\\/\"},\"author\":{\"name\":\"\",\"@id\":\"\"},\"headline\":\"La angustia de Luis Ventura por la salud de su hijo Anto\u00f1ito en su cumplea\u00f1os de 12: \u201cEstaba raro\u201d\",\"datePublished\":\"2026-04-27T16:59:58+00:00\",\"mainEntityOfPage\":{\"@id\":\"http:\\\/\\\/cuartetoenlaweb.com.ar\\\/sitio\\\/la-angustia-de-luis-ventura-por-la-salud-de-su-hijo-antonito-en-su-cumpleanos-de-12-estaba-raro\\\/\"},\"wordCount\":507,\"publisher\":{\"@id\":\"http:\\\/\\\/cuartetoenlaweb.com.ar\\\/sitio\\\/#organization\"},\"image\":{\"@id\":\"http:\\\/\\\/cuartetoenlaweb.com.ar\\\/sitio\\\/la-angustia-de-luis-ventura-por-la-salud-de-su-hijo-antonito-en-su-cumpleanos-de-12-estaba-raro\\\/#primaryimage\"},\"thumbnailUrl\":\"http:\\\/\\\/cuartetoenlaweb.com.ar\\\/sitio\\\/wp-content\\\/uploads\\\/2026\\\/04\\\/Yanina-Latorre-Rodrigo-de-Paul-Tini-Stoessel-Flor-Regidor-359x226-2.jpg\",\"articleSection\":[\"ESPECT\u00c1CULO\"],\"inLanguage\":\"es\"},{\"@type\":\"WebPage\",\"@id\":\"http:\\\/\\\/cuartetoenlaweb.com.ar\\\/sitio\\\/la-angustia-de-luis-ventura-por-la-salud-de-su-hijo-antonito-en-su-cumpleanos-de-12-estaba-raro\\\/\",\"url\":\"http:\\\/\\\/cuartetoenlaweb.com.ar\\\/sitio\\\/la-angustia-de-luis-ventura-por-la-salud-de-su-hijo-antonito-en-su-cumpleanos-de-12-estaba-raro\\\/\",\"name\":\"La angustia de Luis Ventura por la salud de su hijo Anto\u00f1ito en su cumplea\u00f1os de 12: \u201cEstaba raro\u201d - Cuarteto en la Web\",\"isPartOf\":{\"@id\":\"http:\\\/\\\/cuartetoenlaweb.com.ar\\\/sitio\\\/#website\"},\"primaryImageOfPage\":{\"@id\":\"http:\\\/\\\/cuartetoenlaweb.com.ar\\\/sitio\\\/la-angustia-de-luis-ventura-por-la-salud-de-su-hijo-antonito-en-su-cumpleanos-de-12-estaba-raro\\\/#primaryimage\"},\"image\":{\"@id\":\"http:\\\/\\\/cuartetoenlaweb.com.ar\\\/sitio\\\/la-angustia-de-luis-ventura-por-la-salud-de-su-hijo-antonito-en-su-cumpleanos-de-12-estaba-raro\\\/#primaryimage\"},\"thumbnailUrl\":\"http:\\\/\\\/cuartetoenlaweb.com.ar\\\/sitio\\\/wp-content\\\/uploads\\\/2026\\\/04\\\/Yanina-Latorre-Rodrigo-de-Paul-Tini-Stoessel-Flor-Regidor-359x226-2.jpg\",\"datePublished\":\"2026-04-27T16:59:58+00:00\",\"breadcrumb\":{\"@id\":\"http:\\\/\\\/cuartetoenlaweb.com.ar\\\/sitio\\\/la-angustia-de-luis-ventura-por-la-salud-de-su-hijo-antonito-en-su-cumpleanos-de-12-estaba-raro\\\/#breadcrumb\"},\"inLanguage\":\"es\",\"potentialAction\":[{\"@type\":\"ReadAction\",\"target\":[\"http:\\\/\\\/cuartetoenlaweb.com.ar\\\/sitio\\\/la-angustia-de-luis-ventura-por-la-salud-de-su-hijo-antonito-en-su-cumpleanos-de-12-estaba-raro\\\/\"]}]},{\"@type\":\"ImageObject\",\"inLanguage\":\"es\",\"@id\":\"http:\\\/\\\/cuartetoenlaweb.com.ar\\\/sitio\\\/la-angustia-de-luis-ventura-por-la-salud-de-su-hijo-antonito-en-su-cumpleanos-de-12-estaba-raro\\\/#primaryimage\",\"url\":\"http:\\\/\\\/cuartetoenlaweb.com.ar\\\/sitio\\\/wp-content\\\/uploads\\\/2026\\\/04\\\/Yanina-Latorre-Rodrigo-de-Paul-Tini-Stoessel-Flor-Regidor-359x226-2.jpg\",\"contentUrl\":\"http:\\\/\\\/cuartetoenlaweb.com.ar\\\/sitio\\\/wp-content\\\/uploads\\\/2026\\\/04\\\/Yanina-Latorre-Rodrigo-de-Paul-Tini-Stoessel-Flor-Regidor-359x226-2.jpg\",\"width\":359,\"height\":226},{\"@type\":\"BreadcrumbList\",\"@id\":\"http:\\\/\\\/cuartetoenlaweb.com.ar\\\/sitio\\\/la-angustia-de-luis-ventura-por-la-salud-de-su-hijo-antonito-en-su-cumpleanos-de-12-estaba-raro\\\/#breadcrumb\",\"itemListElement\":[{\"@type\":\"ListItem\",\"position\":1,\"name\":\"Portada\",\"item\":\"http:\\\/\\\/cuartetoenlaweb.com.ar\\\/sitio\\\/\"},{\"@type\":\"ListItem\",\"position\":2,\"name\":\"La angustia de Luis Ventura por la salud de su hijo Anto\u00f1ito en su cumplea\u00f1os de 12: \u201cEstaba raro\u201d\"}]},{\"@type\":\"WebSite\",\"@id\":\"http:\\\/\\\/cuartetoenlaweb.com.ar\\\/sitio\\\/#website\",\"url\":\"http:\\\/\\\/cuartetoenlaweb.com.ar\\\/sitio\\\/\",\"name\":\"Cuarteto en la Web\",\"description\":\"\",\"publisher\":{\"@id\":\"http:\\\/\\\/cuartetoenlaweb.com.ar\\\/sitio\\\/#organization\"},\"potentialAction\":[{\"@type\":\"SearchAction\",\"target\":{\"@type\":\"EntryPoint\",\"urlTemplate\":\"http:\\\/\\\/cuartetoenlaweb.com.ar\\\/sitio\\\/?s={search_term_string}\"},\"query-input\":{\"@type\":\"PropertyValueSpecification\",\"valueRequired\":true,\"valueName\":\"search_term_string\"}}],\"inLanguage\":\"es\"},{\"@type\":\"Organization\",\"@id\":\"http:\\\/\\\/cuartetoenlaweb.com.ar\\\/sitio\\\/#organization\",\"name\":\"Cuarteto en la Web\",\"url\":\"http:\\\/\\\/cuartetoenlaweb.com.ar\\\/sitio\\\/\",\"logo\":{\"@type\":\"ImageObject\",\"inLanguage\":\"es\",\"@id\":\"http:\\\/\\\/cuartetoenlaweb.com.ar\\\/sitio\\\/#\\\/schema\\\/logo\\\/image\\\/\",\"url\":\"http:\\\/\\\/cuartetoenlaweb.com.ar\\\/sitio\\\/wp-content\\\/uploads\\\/2025\\\/07\\\/cropped-cropped-logitoweb21.png\",\"contentUrl\":\"http:\\\/\\\/cuartetoenlaweb.com.ar\\\/sitio\\\/wp-content\\\/uploads\\\/2025\\\/07\\\/cropped-cropped-logitoweb21.png\",\"width\":199,\"height\":199,\"caption\":\"Cuarteto en la Web\"},\"image\":{\"@id\":\"http:\\\/\\\/cuartetoenlaweb.com.ar\\\/sitio\\\/#\\\/schema\\\/logo\\\/image\\\/\"}}]}<\/script>\n<!-- \/ Yoast SEO plugin. -->","yoast_head_json":{"title":"La angustia de Luis Ventura por la salud de su hijo Anto\u00f1ito en su cumplea\u00f1os de 12: \u201cEstaba raro\u201d - Cuarteto en la Web","robots":{"index":"index","follow":"follow","max-snippet":"max-snippet:-1","max-image-preview":"max-image-preview:large","max-video-preview":"max-video-preview:-1"},"canonical":"http:\/\/cuartetoenlaweb.com.ar\/sitio\/la-angustia-de-luis-ventura-por-la-salud-de-su-hijo-antonito-en-su-cumpleanos-de-12-estaba-raro\/","og_locale":"es_ES","og_type":"article","og_title":"La angustia de Luis Ventura por la salud de su hijo Anto\u00f1ito en su cumplea\u00f1os de 12: \u201cEstaba raro\u201d - Cuarteto en la Web","og_description":"Este a\u00f1o, la vor\u00e1gine de la ceremonia de los Mart\u00edn","og_url":"http:\/\/cuartetoenlaweb.com.ar\/sitio\/la-angustia-de-luis-ventura-por-la-salud-de-su-hijo-antonito-en-su-cumpleanos-de-12-estaba-raro\/","og_site_name":"Cuarteto en la Web","article_published_time":"2026-04-27T16:59:58+00:00","og_image":[{"width":359,"height":226,"url":"http:\/\/cuartetoenlaweb.com.ar\/sitio\/wp-content\/uploads\/2026\/04\/Yanina-Latorre-Rodrigo-de-Paul-Tini-Stoessel-Flor-Regidor-359x226-2.jpg","type":"image\/jpeg"}],"twitter_card":"summary_large_image","twitter_misc":{"Tiempo de lectura":"2 minutos"},"schema":{"@context":"https:\/\/schema.org","@graph":[{"@type":"Article","@id":"http:\/\/cuartetoenlaweb.com.ar\/sitio\/la-angustia-de-luis-ventura-por-la-salud-de-su-hijo-antonito-en-su-cumpleanos-de-12-estaba-raro\/#article","isPartOf":{"@id":"http:\/\/cuartetoenlaweb.com.ar\/sitio\/la-angustia-de-luis-ventura-por-la-salud-de-su-hijo-antonito-en-su-cumpleanos-de-12-estaba-raro\/"},"author":{"name":"","@id":""},"headline":"La angustia de Luis Ventura por la salud de su hijo Anto\u00f1ito en su cumplea\u00f1os de 12: \u201cEstaba raro\u201d","datePublished":"2026-04-27T16:59:58+00:00","mainEntityOfPage":{"@id":"http:\/\/cuartetoenlaweb.com.ar\/sitio\/la-angustia-de-luis-ventura-por-la-salud-de-su-hijo-antonito-en-su-cumpleanos-de-12-estaba-raro\/"},"wordCount":507,"publisher":{"@id":"http:\/\/cuartetoenlaweb.com.ar\/sitio\/#organization"},"image":{"@id":"http:\/\/cuartetoenlaweb.com.ar\/sitio\/la-angustia-de-luis-ventura-por-la-salud-de-su-hijo-antonito-en-su-cumpleanos-de-12-estaba-raro\/#primaryimage"},"thumbnailUrl":"http:\/\/cuartetoenlaweb.com.ar\/sitio\/wp-content\/uploads\/2026\/04\/Yanina-Latorre-Rodrigo-de-Paul-Tini-Stoessel-Flor-Regidor-359x226-2.jpg","articleSection":["ESPECT\u00c1CULO"],"inLanguage":"es"},{"@type":"WebPage","@id":"http:\/\/cuartetoenlaweb.com.ar\/sitio\/la-angustia-de-luis-ventura-por-la-salud-de-su-hijo-antonito-en-su-cumpleanos-de-12-estaba-raro\/","url":"http:\/\/cuartetoenlaweb.com.ar\/sitio\/la-angustia-de-luis-ventura-por-la-salud-de-su-hijo-antonito-en-su-cumpleanos-de-12-estaba-raro\/","name":"La angustia de Luis Ventura por la salud de su hijo Anto\u00f1ito en su cumplea\u00f1os de 12: \u201cEstaba raro\u201d - Cuarteto en la Web","isPartOf":{"@id":"http:\/\/cuartetoenlaweb.com.ar\/sitio\/#website"},"primaryImageOfPage":{"@id":"http:\/\/cuartetoenlaweb.com.ar\/sitio\/la-angustia-de-luis-ventura-por-la-salud-de-su-hijo-antonito-en-su-cumpleanos-de-12-estaba-raro\/#primaryimage"},"image":{"@id":"http:\/\/cuartetoenlaweb.com.ar\/sitio\/la-angustia-de-luis-ventura-por-la-salud-de-su-hijo-antonito-en-su-cumpleanos-de-12-estaba-raro\/#primaryimage"},"thumbnailUrl":"http:\/\/cuartetoenlaweb.com.ar\/sitio\/wp-content\/uploads\/2026\/04\/Yanina-Latorre-Rodrigo-de-Paul-Tini-Stoessel-Flor-Regidor-359x226-2.jpg","datePublished":"2026-04-27T16:59:58+00:00","breadcrumb":{"@id":"http:\/\/cuartetoenlaweb.com.ar\/sitio\/la-angustia-de-luis-ventura-por-la-salud-de-su-hijo-antonito-en-su-cumpleanos-de-12-estaba-raro\/#breadcrumb"},"inLanguage":"es","potentialAction":[{"@type":"ReadAction","target":["http:\/\/cuartetoenlaweb.com.ar\/sitio\/la-angustia-de-luis-ventura-por-la-salud-de-su-hijo-antonito-en-su-cumpleanos-de-12-estaba-raro\/"]}]},{"@type":"ImageObject","inLanguage":"es","@id":"http:\/\/cuartetoenlaweb.com.ar\/sitio\/la-angustia-de-luis-ventura-por-la-salud-de-su-hijo-antonito-en-su-cumpleanos-de-12-estaba-raro\/#primaryimage","url":"http:\/\/cuartetoenlaweb.com.ar\/sitio\/wp-content\/uploads\/2026\/04\/Yanina-Latorre-Rodrigo-de-Paul-Tini-Stoessel-Flor-Regidor-359x226-2.jpg","contentUrl":"http:\/\/cuartetoenlaweb.com.ar\/sitio\/wp-content\/uploads\/2026\/04\/Yanina-Latorre-Rodrigo-de-Paul-Tini-Stoessel-Flor-Regidor-359x226-2.jpg","width":359,"height":226},{"@type":"BreadcrumbList","@id":"http:\/\/cuartetoenlaweb.com.ar\/sitio\/la-angustia-de-luis-ventura-por-la-salud-de-su-hijo-antonito-en-su-cumpleanos-de-12-estaba-raro\/#breadcrumb","itemListElement":[{"@type":"ListItem","position":1,"name":"Portada","item":"http:\/\/cuartetoenlaweb.com.ar\/sitio\/"},{"@type":"ListItem","position":2,"name":"La angustia de Luis Ventura por la salud de su hijo Anto\u00f1ito en su cumplea\u00f1os de 12: \u201cEstaba raro\u201d"}]},{"@type":"WebSite","@id":"http:\/\/cuartetoenlaweb.com.ar\/sitio\/#website","url":"http:\/\/cuartetoenlaweb.com.ar\/sitio\/","name":"Cuarteto en la Web","description":"","publisher":{"@id":"http:\/\/cuartetoenlaweb.com.ar\/sitio\/#organization"},"potentialAction":[{"@type":"SearchAction","target":{"@type":"EntryPoint","urlTemplate":"http:\/\/cuartetoenlaweb.com.ar\/sitio\/?s={search_term_string}"},"query-input":{"@type":"PropertyValueSpecification","valueRequired":true,"valueName":"search_term_string"}}],"inLanguage":"es"},{"@type":"Organization","@id":"http:\/\/cuartetoenlaweb.com.ar\/sitio\/#organization","name":"Cuarteto en la Web","url":"http:\/\/cuartetoenlaweb.com.ar\/sitio\/","logo":{"@type":"ImageObject","inLanguage":"es","@id":"http:\/\/cuartetoenlaweb.com.ar\/sitio\/#\/schema\/logo\/image\/","url":"http:\/\/cuartetoenlaweb.com.ar\/sitio\/wp-content\/uploads\/2025\/07\/cropped-cropped-logitoweb21.png","contentUrl":"http:\/\/cuartetoenlaweb.com.ar\/sitio\/wp-content\/uploads\/2025\/07\/cropped-cropped-logitoweb21.png","width":199,"height":199,"caption":"Cuarteto en la Web"},"image":{"@id":"http:\/\/cuartetoenlaweb.com.ar\/sitio\/#\/schema\/logo\/image\/"}}]}},"_links":{"self":[{"href":"http:\/\/cuartetoenlaweb.com.ar\/sitio\/wp-json\/wp\/v2\/posts\/19086","targetHints":{"allow":["GET"]}}],"collection":[{"href":"http:\/\/cuartetoenlaweb.com.ar\/sitio\/wp-json\/wp\/v2\/posts"}],"about":[{"href":"http:\/\/cuartetoenlaweb.com.ar\/sitio\/wp-json\/wp\/v2\/types\/post"}],"replies":[{"embeddable":true,"href":"http:\/\/cuartetoenlaweb.com.ar\/sitio\/wp-json\/wp\/v2\/comments?post=19086"}],"version-history":[{"count":0,"href":"http:\/\/cuartetoenlaweb.com.ar\/sitio\/wp-json\/wp\/v2\/posts\/19086\/revisions"}],"wp:featuredmedia":[{"embeddable":true,"href":"http:\/\/cuartetoenlaweb.com.ar\/sitio\/wp-json\/wp\/v2\/media\/19087"}],"wp:attachment":[{"href":"http:\/\/cuartetoenlaweb.com.ar\/sitio\/wp-json\/wp\/v2\/media?parent=19086"}],"wp:term":[{"taxonomy":"category","embeddable":true,"href":"http:\/\/cuartetoenlaweb.com.ar\/sitio\/wp-json\/wp\/v2\/categories?post=19086"},{"taxonomy":"post_tag","embeddable":true,"href":"http:\/\/cuartetoenlaweb.com.ar\/sitio\/wp-json\/wp\/v2\/tags?post=19086"}],"curies":[{"name":"wp","href":"https:\/\/api.w.org\/{rel}","templated":true}]}}