
{"id":19084,"date":"2026-04-27T13:59:57","date_gmt":"2026-04-27T16:59:57","guid":{"rendered":"http:\/\/cuartetoenlaweb.com.ar\/sitio\/frio-polar-en-buenos-aires-cuanto-falta-para-que-suba-la-temperatura-y-que-dicen-los-pronosticos\/"},"modified":"2026-04-27T13:59:57","modified_gmt":"2026-04-27T16:59:57","slug":"frio-polar-en-buenos-aires-cuanto-falta-para-que-suba-la-temperatura-y-que-dicen-los-pronosticos","status":"publish","type":"post","link":"http:\/\/cuartetoenlaweb.com.ar\/sitio\/frio-polar-en-buenos-aires-cuanto-falta-para-que-suba-la-temperatura-y-que-dicen-los-pronosticos\/","title":{"rendered":"Fr\u00edo polar en Buenos Aires: cu\u00e1nto falta para que suba la temperatura y qu\u00e9 dicen los pron\u00f3sticos"},"content":{"rendered":"<p>El <strong>fr\u00edo polar<\/strong> <strong>ya se instal\u00f3 en Buenos Aires y en gran parte del pa\u00eds<\/strong>, con temperaturas que <strong>sorprendieron por su intensidad<\/strong> para esta \u00e9poca del a\u00f1o. El fen\u00f3meno est\u00e1 asociado al ingreso de una masa de aire muy fr\u00eda proveniente del sur, que avanz\u00f3 sobre la regi\u00f3n central y gener\u00f3 <strong>m\u00ednimas muy bajas<\/strong>, sensaciones t\u00e9rmicas a\u00fan m\u00e1s <strong>extremas<\/strong> y jornadas con poco ascenso t\u00e9rmico.<\/p>\n<p>Seg\u00fan los especialistas, este tipo de irrupciones de aire polar suelen provocar <strong>varios d\u00edas consecutivos de fr\u00edo persistente<\/strong>. En el \u00c1rea Metropolitana de Buenos Aires (AMBA), las m\u00ednimas se mantendr\u00e1n en valores bajos, con registros cercanos a los 5 grados o incluso por debajo en algunas zonas, mientras que las m\u00e1ximas apenas lograr\u00e1n superar los 15 grados.<\/p>\n<div class=\"mt-box \">\n<h4 class=\"mt-heading\">Mir\u00e1 Tambi\u00e9n<\/h4>\n<p><a href=\"https:\/\/www.paparazzi.com.ar\/no-home\/el-habito-de-la-manana-que-parece-inofensivo-pero-puede-arruinar-tu-energia-todo-el-dia\/\"><\/p>\n<div class=\"mt-content\">\n<div class=\"mt-image-container\"><img decoding=\"async\" src=\"https:\/\/www.paparazzi.com.ar\/wp-content\/uploads\/2026\/04\/El-habito-de-la-manana-que-parece-inofensivo-pero-puede-arruinar-tu-energia-todo-el-dia-359x226.jpg\" alt=\"El h\u00e1bito de la ma\u00f1ana que parece inofensivo pero puede arruinar tu energ\u00eda todo el d\u00eda\" class=\"mt-image\" loading=\"lazy\" \/><\/div>\n<h5 class=\"mt-title\">El h\u00e1bito de la ma\u00f1ana que parece inofensivo pero puede arruinar tu energ\u00eda todo el d\u00eda<\/h5>\n<\/div>\n<p><\/a><\/div>\n<p>El fen\u00f3meno no solo impacta en las temperaturas, sino tambi\u00e9n en la estabilidad del clima. La presencia de <strong>aire seco<\/strong> y fr\u00edo favorece cielos mayormente despejados y <strong>reduce la probabilidad de lluvias<\/strong>, lo que a su vez potencia el enfriamiento durante la noche y la madrugada.<\/p>\n<p>De acuerdo a los pron\u00f3sticos, el fr\u00edo polar se mantendr\u00e1 al durante varios d\u00edas m\u00e1s. Reci\u00e9n hacia el final de la semana podr\u00eda comenzar a notarse un leve ascenso t\u00e9rmico, aunque sin cambios bruscos. Es decir, el alivio llegar\u00e1 de manera gradual y no implicar\u00e1 un regreso inmediato a condiciones templadas.<\/p>\n<h3 class=\"wp-block-heading\">Qu\u00e9 esperar del fr\u00edo polar en Buenos Aires<\/h3>\n<ul class=\"wp-block-list\">\n<li>Las temperaturas m\u00ednimas seguir\u00e1n siendo muy bajas, especialmente durante la madrugada y la ma\u00f1ana.<\/li>\n<li>Las m\u00e1ximas tendr\u00e1n poco margen de recuperaci\u00f3n, manteniendo jornadas frescas o fr\u00edas.<\/li>\n<li>Se prev\u00e9 estabilidad atmosf\u00e9rica, con baja probabilidad de lluvias.<\/li>\n<li>El repunte t\u00e9rmico ser\u00e1 lento y reci\u00e9n comenzar\u00eda hacia el fin de la semana.<\/li>\n<\/ul>\n<p>Mientras tanto, las autoridades recomiendan extremar los cuidados, especialmente en los grupos m\u00e1s vulnerables, como ni\u00f1os y adultos mayores. El fr\u00edo intenso puede generar complicaciones en la salud si no se toman precauciones adecuadas.<\/p>\n<div class=\"mt-box \">\n<h4 class=\"mt-heading\">Mir\u00e1 Tambi\u00e9n<\/h4>\n<p><a href=\"https:\/\/www.paparazzi.com.ar\/no-home\/el-error-que-todos-cometen-al-guardar-las-frutas-y-hace-que-se-pudran-en-pocos-dias\/\"><\/p>\n<div class=\"mt-content\">\n<div class=\"mt-image-container\"><img decoding=\"async\" src=\"https:\/\/www.paparazzi.com.ar\/wp-content\/uploads\/2026\/04\/El-error-que-todos-cometen-al-guardar-las-frutas-y-hace-que-se-pudran-en-pocos-dias-359x226.jpg\" alt=\"El error que todos cometen al guardar las frutas y hace que se pudran en pocos d\u00edas\" class=\"mt-image\" loading=\"lazy\" \/><\/div>\n<h5 class=\"mt-title\">El error que todos cometen al guardar las frutas y hace que se pudran en pocos d\u00edas<\/h5>\n<\/div>\n<p><\/a><\/div>\n<p>Todo indica que el fr\u00edo polar seguir\u00e1 siendo protagonista en Buenos Aires durante varios d\u00edas m\u00e1s. Aunque el pron\u00f3stico anticipa una mejora progresiva, el invierno parece haber dado un anticipo contundente que obliga a prepararse para jornadas todav\u00eda heladas en el corto plazo.<\/p>\n<div class=\"mt-box \">\n<h4 class=\"mt-heading\">Mir\u00e1 Tambi\u00e9n<\/h4>\n<p><a href=\"https:\/\/www.paparazzi.com.ar\/no-home\/no-es-falta-de-ganas-la-razon-psicologica-por-la-que-postergas-todo-y-como-salir-de-ese-habito\/\"><\/p>\n<div class=\"mt-content\">\n<div class=\"mt-image-container\"><img decoding=\"async\" src=\"https:\/\/www.paparazzi.com.ar\/wp-content\/uploads\/2026\/04\/No-es-falta-de-ganas_-la-razon-psicologica-por-la-que-postergas-todo-y-como-salir-de-ese-habito-359x226.jpg\" alt=\"No es falta de ganas: la raz\u00f3n psicol\u00f3gica por la que posterg\u00e1s todo (y c\u00f3mo salir de ese h\u00e1bito)\" class=\"mt-image\" loading=\"lazy\" \/><\/div>\n<h5 class=\"mt-title\">No es falta de ganas: la raz\u00f3n psicol\u00f3gica por la que posterg\u00e1s todo (y c\u00f3mo salir de ese h\u00e1bito)<\/h5>\n<\/div>\n<p><\/a><\/div>\n<p>The post <a href=\"https:\/\/www.paparazzi.com.ar\/no-home\/frio-polar-en-buenos-aires-cuanto-falta-para-que-suba-la-temperatura-y-que-dicen-los-pronosticos\/\">Fr\u00edo polar en Buenos Aires: cu\u00e1nto falta para que suba la temperatura y qu\u00e9 dicen los pron\u00f3sticos<\/a> appeared first on <a href=\"https:\/\/www.paparazzi.com.ar\">Revista Paparazzi<\/a>.<\/p>\n","protected":false},"excerpt":{"rendered":"<p>El fr\u00edo polar ya se instal\u00f3 en Buenos Aires y<\/p>\n","protected":false},"author":0,"featured_media":19085,"comment_status":"","ping_status":"","sticky":false,"template":"","format":"standard","meta":{"footnotes":""},"categories":[12],"tags":[],"class_list":["post-19084","post","type-post","status-publish","format-standard","has-post-thumbnail","hentry","category-espectaculo"],"yoast_head":"<!-- This site is optimized with the Yoast SEO plugin v27.5 - https:\/\/yoast.com\/product\/yoast-seo-wordpress\/ -->\n<title>Fr\u00edo polar en Buenos Aires: cu\u00e1nto falta para que suba la temperatura y qu\u00e9 dicen los pron\u00f3sticos - Cuarteto en la Web<\/title>\n<meta name=\"robots\" content=\"index, follow, max-snippet:-1, max-image-preview:large, max-video-preview:-1\" \/>\n<link rel=\"canonical\" href=\"http:\/\/cuartetoenlaweb.com.ar\/sitio\/frio-polar-en-buenos-aires-cuanto-falta-para-que-suba-la-temperatura-y-que-dicen-los-pronosticos\/\" \/>\n<meta property=\"og:locale\" content=\"es_ES\" \/>\n<meta property=\"og:type\" content=\"article\" \/>\n<meta property=\"og:title\" content=\"Fr\u00edo polar en Buenos Aires: cu\u00e1nto falta para que suba la temperatura y qu\u00e9 dicen los pron\u00f3sticos - Cuarteto en la Web\" \/>\n<meta property=\"og:description\" content=\"El fr\u00edo polar ya se instal\u00f3 en Buenos Aires y\" \/>\n<meta property=\"og:url\" content=\"http:\/\/cuartetoenlaweb.com.ar\/sitio\/frio-polar-en-buenos-aires-cuanto-falta-para-que-suba-la-temperatura-y-que-dicen-los-pronosticos\/\" \/>\n<meta property=\"og:site_name\" content=\"Cuarteto en la Web\" \/>\n<meta property=\"article:published_time\" content=\"2026-04-27T16:59:57+00:00\" \/>\n<meta property=\"og:image\" content=\"http:\/\/cuartetoenlaweb.com.ar\/sitio\/wp-content\/uploads\/2026\/04\/El-habito-de-la-manana-que-parece-inofensivo-pero-puede-arruinar-tu-energia-todo-el-dia-359x226-1.jpg\" \/>\n\t<meta property=\"og:image:width\" content=\"359\" \/>\n\t<meta property=\"og:image:height\" content=\"226\" \/>\n\t<meta property=\"og:image:type\" content=\"image\/jpeg\" \/>\n<meta name=\"twitter:card\" content=\"summary_large_image\" \/>\n<meta name=\"twitter:label1\" content=\"Tiempo de lectura\" \/>\n\t<meta name=\"twitter:data1\" content=\"2 minutos\" \/>\n<script type=\"application\/ld+json\" class=\"yoast-schema-graph\">{\"@context\":\"https:\\\/\\\/schema.org\",\"@graph\":[{\"@type\":\"Article\",\"@id\":\"http:\\\/\\\/cuartetoenlaweb.com.ar\\\/sitio\\\/frio-polar-en-buenos-aires-cuanto-falta-para-que-suba-la-temperatura-y-que-dicen-los-pronosticos\\\/#article\",\"isPartOf\":{\"@id\":\"http:\\\/\\\/cuartetoenlaweb.com.ar\\\/sitio\\\/frio-polar-en-buenos-aires-cuanto-falta-para-que-suba-la-temperatura-y-que-dicen-los-pronosticos\\\/\"},\"author\":{\"name\":\"\",\"@id\":\"\"},\"headline\":\"Fr\u00edo polar en Buenos Aires: cu\u00e1nto falta para que suba la temperatura y qu\u00e9 dicen los pron\u00f3sticos\",\"datePublished\":\"2026-04-27T16:59:57+00:00\",\"mainEntityOfPage\":{\"@id\":\"http:\\\/\\\/cuartetoenlaweb.com.ar\\\/sitio\\\/frio-polar-en-buenos-aires-cuanto-falta-para-que-suba-la-temperatura-y-que-dicen-los-pronosticos\\\/\"},\"wordCount\":517,\"publisher\":{\"@id\":\"http:\\\/\\\/cuartetoenlaweb.com.ar\\\/sitio\\\/#organization\"},\"image\":{\"@id\":\"http:\\\/\\\/cuartetoenlaweb.com.ar\\\/sitio\\\/frio-polar-en-buenos-aires-cuanto-falta-para-que-suba-la-temperatura-y-que-dicen-los-pronosticos\\\/#primaryimage\"},\"thumbnailUrl\":\"http:\\\/\\\/cuartetoenlaweb.com.ar\\\/sitio\\\/wp-content\\\/uploads\\\/2026\\\/04\\\/El-habito-de-la-manana-que-parece-inofensivo-pero-puede-arruinar-tu-energia-todo-el-dia-359x226-1.jpg\",\"articleSection\":[\"ESPECT\u00c1CULO\"],\"inLanguage\":\"es\"},{\"@type\":\"WebPage\",\"@id\":\"http:\\\/\\\/cuartetoenlaweb.com.ar\\\/sitio\\\/frio-polar-en-buenos-aires-cuanto-falta-para-que-suba-la-temperatura-y-que-dicen-los-pronosticos\\\/\",\"url\":\"http:\\\/\\\/cuartetoenlaweb.com.ar\\\/sitio\\\/frio-polar-en-buenos-aires-cuanto-falta-para-que-suba-la-temperatura-y-que-dicen-los-pronosticos\\\/\",\"name\":\"Fr\u00edo polar en Buenos Aires: cu\u00e1nto falta para que suba la temperatura y qu\u00e9 dicen los pron\u00f3sticos - Cuarteto en la Web\",\"isPartOf\":{\"@id\":\"http:\\\/\\\/cuartetoenlaweb.com.ar\\\/sitio\\\/#website\"},\"primaryImageOfPage\":{\"@id\":\"http:\\\/\\\/cuartetoenlaweb.com.ar\\\/sitio\\\/frio-polar-en-buenos-aires-cuanto-falta-para-que-suba-la-temperatura-y-que-dicen-los-pronosticos\\\/#primaryimage\"},\"image\":{\"@id\":\"http:\\\/\\\/cuartetoenlaweb.com.ar\\\/sitio\\\/frio-polar-en-buenos-aires-cuanto-falta-para-que-suba-la-temperatura-y-que-dicen-los-pronosticos\\\/#primaryimage\"},\"thumbnailUrl\":\"http:\\\/\\\/cuartetoenlaweb.com.ar\\\/sitio\\\/wp-content\\\/uploads\\\/2026\\\/04\\\/El-habito-de-la-manana-que-parece-inofensivo-pero-puede-arruinar-tu-energia-todo-el-dia-359x226-1.jpg\",\"datePublished\":\"2026-04-27T16:59:57+00:00\",\"breadcrumb\":{\"@id\":\"http:\\\/\\\/cuartetoenlaweb.com.ar\\\/sitio\\\/frio-polar-en-buenos-aires-cuanto-falta-para-que-suba-la-temperatura-y-que-dicen-los-pronosticos\\\/#breadcrumb\"},\"inLanguage\":\"es\",\"potentialAction\":[{\"@type\":\"ReadAction\",\"target\":[\"http:\\\/\\\/cuartetoenlaweb.com.ar\\\/sitio\\\/frio-polar-en-buenos-aires-cuanto-falta-para-que-suba-la-temperatura-y-que-dicen-los-pronosticos\\\/\"]}]},{\"@type\":\"ImageObject\",\"inLanguage\":\"es\",\"@id\":\"http:\\\/\\\/cuartetoenlaweb.com.ar\\\/sitio\\\/frio-polar-en-buenos-aires-cuanto-falta-para-que-suba-la-temperatura-y-que-dicen-los-pronosticos\\\/#primaryimage\",\"url\":\"http:\\\/\\\/cuartetoenlaweb.com.ar\\\/sitio\\\/wp-content\\\/uploads\\\/2026\\\/04\\\/El-habito-de-la-manana-que-parece-inofensivo-pero-puede-arruinar-tu-energia-todo-el-dia-359x226-1.jpg\",\"contentUrl\":\"http:\\\/\\\/cuartetoenlaweb.com.ar\\\/sitio\\\/wp-content\\\/uploads\\\/2026\\\/04\\\/El-habito-de-la-manana-que-parece-inofensivo-pero-puede-arruinar-tu-energia-todo-el-dia-359x226-1.jpg\",\"width\":359,\"height\":226},{\"@type\":\"BreadcrumbList\",\"@id\":\"http:\\\/\\\/cuartetoenlaweb.com.ar\\\/sitio\\\/frio-polar-en-buenos-aires-cuanto-falta-para-que-suba-la-temperatura-y-que-dicen-los-pronosticos\\\/#breadcrumb\",\"itemListElement\":[{\"@type\":\"ListItem\",\"position\":1,\"name\":\"Portada\",\"item\":\"http:\\\/\\\/cuartetoenlaweb.com.ar\\\/sitio\\\/\"},{\"@type\":\"ListItem\",\"position\":2,\"name\":\"Fr\u00edo polar en Buenos Aires: cu\u00e1nto falta para que suba la temperatura y qu\u00e9 dicen los pron\u00f3sticos\"}]},{\"@type\":\"WebSite\",\"@id\":\"http:\\\/\\\/cuartetoenlaweb.com.ar\\\/sitio\\\/#website\",\"url\":\"http:\\\/\\\/cuartetoenlaweb.com.ar\\\/sitio\\\/\",\"name\":\"Cuarteto en la Web\",\"description\":\"\",\"publisher\":{\"@id\":\"http:\\\/\\\/cuartetoenlaweb.com.ar\\\/sitio\\\/#organization\"},\"potentialAction\":[{\"@type\":\"SearchAction\",\"target\":{\"@type\":\"EntryPoint\",\"urlTemplate\":\"http:\\\/\\\/cuartetoenlaweb.com.ar\\\/sitio\\\/?s={search_term_string}\"},\"query-input\":{\"@type\":\"PropertyValueSpecification\",\"valueRequired\":true,\"valueName\":\"search_term_string\"}}],\"inLanguage\":\"es\"},{\"@type\":\"Organization\",\"@id\":\"http:\\\/\\\/cuartetoenlaweb.com.ar\\\/sitio\\\/#organization\",\"name\":\"Cuarteto en la Web\",\"url\":\"http:\\\/\\\/cuartetoenlaweb.com.ar\\\/sitio\\\/\",\"logo\":{\"@type\":\"ImageObject\",\"inLanguage\":\"es\",\"@id\":\"http:\\\/\\\/cuartetoenlaweb.com.ar\\\/sitio\\\/#\\\/schema\\\/logo\\\/image\\\/\",\"url\":\"http:\\\/\\\/cuartetoenlaweb.com.ar\\\/sitio\\\/wp-content\\\/uploads\\\/2025\\\/07\\\/cropped-cropped-logitoweb21.png\",\"contentUrl\":\"http:\\\/\\\/cuartetoenlaweb.com.ar\\\/sitio\\\/wp-content\\\/uploads\\\/2025\\\/07\\\/cropped-cropped-logitoweb21.png\",\"width\":199,\"height\":199,\"caption\":\"Cuarteto en la Web\"},\"image\":{\"@id\":\"http:\\\/\\\/cuartetoenlaweb.com.ar\\\/sitio\\\/#\\\/schema\\\/logo\\\/image\\\/\"}}]}<\/script>\n<!-- \/ Yoast SEO plugin. -->","yoast_head_json":{"title":"Fr\u00edo polar en Buenos Aires: cu\u00e1nto falta para que suba la temperatura y qu\u00e9 dicen los pron\u00f3sticos - Cuarteto en la Web","robots":{"index":"index","follow":"follow","max-snippet":"max-snippet:-1","max-image-preview":"max-image-preview:large","max-video-preview":"max-video-preview:-1"},"canonical":"http:\/\/cuartetoenlaweb.com.ar\/sitio\/frio-polar-en-buenos-aires-cuanto-falta-para-que-suba-la-temperatura-y-que-dicen-los-pronosticos\/","og_locale":"es_ES","og_type":"article","og_title":"Fr\u00edo polar en Buenos Aires: cu\u00e1nto falta para que suba la temperatura y qu\u00e9 dicen los pron\u00f3sticos - Cuarteto en la Web","og_description":"El fr\u00edo polar ya se instal\u00f3 en Buenos Aires y","og_url":"http:\/\/cuartetoenlaweb.com.ar\/sitio\/frio-polar-en-buenos-aires-cuanto-falta-para-que-suba-la-temperatura-y-que-dicen-los-pronosticos\/","og_site_name":"Cuarteto en la Web","article_published_time":"2026-04-27T16:59:57+00:00","og_image":[{"width":359,"height":226,"url":"http:\/\/cuartetoenlaweb.com.ar\/sitio\/wp-content\/uploads\/2026\/04\/El-habito-de-la-manana-que-parece-inofensivo-pero-puede-arruinar-tu-energia-todo-el-dia-359x226-1.jpg","type":"image\/jpeg"}],"twitter_card":"summary_large_image","twitter_misc":{"Tiempo de lectura":"2 minutos"},"schema":{"@context":"https:\/\/schema.org","@graph":[{"@type":"Article","@id":"http:\/\/cuartetoenlaweb.com.ar\/sitio\/frio-polar-en-buenos-aires-cuanto-falta-para-que-suba-la-temperatura-y-que-dicen-los-pronosticos\/#article","isPartOf":{"@id":"http:\/\/cuartetoenlaweb.com.ar\/sitio\/frio-polar-en-buenos-aires-cuanto-falta-para-que-suba-la-temperatura-y-que-dicen-los-pronosticos\/"},"author":{"name":"","@id":""},"headline":"Fr\u00edo polar en Buenos Aires: cu\u00e1nto falta para que suba la temperatura y qu\u00e9 dicen los pron\u00f3sticos","datePublished":"2026-04-27T16:59:57+00:00","mainEntityOfPage":{"@id":"http:\/\/cuartetoenlaweb.com.ar\/sitio\/frio-polar-en-buenos-aires-cuanto-falta-para-que-suba-la-temperatura-y-que-dicen-los-pronosticos\/"},"wordCount":517,"publisher":{"@id":"http:\/\/cuartetoenlaweb.com.ar\/sitio\/#organization"},"image":{"@id":"http:\/\/cuartetoenlaweb.com.ar\/sitio\/frio-polar-en-buenos-aires-cuanto-falta-para-que-suba-la-temperatura-y-que-dicen-los-pronosticos\/#primaryimage"},"thumbnailUrl":"http:\/\/cuartetoenlaweb.com.ar\/sitio\/wp-content\/uploads\/2026\/04\/El-habito-de-la-manana-que-parece-inofensivo-pero-puede-arruinar-tu-energia-todo-el-dia-359x226-1.jpg","articleSection":["ESPECT\u00c1CULO"],"inLanguage":"es"},{"@type":"WebPage","@id":"http:\/\/cuartetoenlaweb.com.ar\/sitio\/frio-polar-en-buenos-aires-cuanto-falta-para-que-suba-la-temperatura-y-que-dicen-los-pronosticos\/","url":"http:\/\/cuartetoenlaweb.com.ar\/sitio\/frio-polar-en-buenos-aires-cuanto-falta-para-que-suba-la-temperatura-y-que-dicen-los-pronosticos\/","name":"Fr\u00edo polar en Buenos Aires: cu\u00e1nto falta para que suba la temperatura y qu\u00e9 dicen los pron\u00f3sticos - Cuarteto en la Web","isPartOf":{"@id":"http:\/\/cuartetoenlaweb.com.ar\/sitio\/#website"},"primaryImageOfPage":{"@id":"http:\/\/cuartetoenlaweb.com.ar\/sitio\/frio-polar-en-buenos-aires-cuanto-falta-para-que-suba-la-temperatura-y-que-dicen-los-pronosticos\/#primaryimage"},"image":{"@id":"http:\/\/cuartetoenlaweb.com.ar\/sitio\/frio-polar-en-buenos-aires-cuanto-falta-para-que-suba-la-temperatura-y-que-dicen-los-pronosticos\/#primaryimage"},"thumbnailUrl":"http:\/\/cuartetoenlaweb.com.ar\/sitio\/wp-content\/uploads\/2026\/04\/El-habito-de-la-manana-que-parece-inofensivo-pero-puede-arruinar-tu-energia-todo-el-dia-359x226-1.jpg","datePublished":"2026-04-27T16:59:57+00:00","breadcrumb":{"@id":"http:\/\/cuartetoenlaweb.com.ar\/sitio\/frio-polar-en-buenos-aires-cuanto-falta-para-que-suba-la-temperatura-y-que-dicen-los-pronosticos\/#breadcrumb"},"inLanguage":"es","potentialAction":[{"@type":"ReadAction","target":["http:\/\/cuartetoenlaweb.com.ar\/sitio\/frio-polar-en-buenos-aires-cuanto-falta-para-que-suba-la-temperatura-y-que-dicen-los-pronosticos\/"]}]},{"@type":"ImageObject","inLanguage":"es","@id":"http:\/\/cuartetoenlaweb.com.ar\/sitio\/frio-polar-en-buenos-aires-cuanto-falta-para-que-suba-la-temperatura-y-que-dicen-los-pronosticos\/#primaryimage","url":"http:\/\/cuartetoenlaweb.com.ar\/sitio\/wp-content\/uploads\/2026\/04\/El-habito-de-la-manana-que-parece-inofensivo-pero-puede-arruinar-tu-energia-todo-el-dia-359x226-1.jpg","contentUrl":"http:\/\/cuartetoenlaweb.com.ar\/sitio\/wp-content\/uploads\/2026\/04\/El-habito-de-la-manana-que-parece-inofensivo-pero-puede-arruinar-tu-energia-todo-el-dia-359x226-1.jpg","width":359,"height":226},{"@type":"BreadcrumbList","@id":"http:\/\/cuartetoenlaweb.com.ar\/sitio\/frio-polar-en-buenos-aires-cuanto-falta-para-que-suba-la-temperatura-y-que-dicen-los-pronosticos\/#breadcrumb","itemListElement":[{"@type":"ListItem","position":1,"name":"Portada","item":"http:\/\/cuartetoenlaweb.com.ar\/sitio\/"},{"@type":"ListItem","position":2,"name":"Fr\u00edo polar en Buenos Aires: cu\u00e1nto falta para que suba la temperatura y qu\u00e9 dicen los pron\u00f3sticos"}]},{"@type":"WebSite","@id":"http:\/\/cuartetoenlaweb.com.ar\/sitio\/#website","url":"http:\/\/cuartetoenlaweb.com.ar\/sitio\/","name":"Cuarteto en la Web","description":"","publisher":{"@id":"http:\/\/cuartetoenlaweb.com.ar\/sitio\/#organization"},"potentialAction":[{"@type":"SearchAction","target":{"@type":"EntryPoint","urlTemplate":"http:\/\/cuartetoenlaweb.com.ar\/sitio\/?s={search_term_string}"},"query-input":{"@type":"PropertyValueSpecification","valueRequired":true,"valueName":"search_term_string"}}],"inLanguage":"es"},{"@type":"Organization","@id":"http:\/\/cuartetoenlaweb.com.ar\/sitio\/#organization","name":"Cuarteto en la Web","url":"http:\/\/cuartetoenlaweb.com.ar\/sitio\/","logo":{"@type":"ImageObject","inLanguage":"es","@id":"http:\/\/cuartetoenlaweb.com.ar\/sitio\/#\/schema\/logo\/image\/","url":"http:\/\/cuartetoenlaweb.com.ar\/sitio\/wp-content\/uploads\/2025\/07\/cropped-cropped-logitoweb21.png","contentUrl":"http:\/\/cuartetoenlaweb.com.ar\/sitio\/wp-content\/uploads\/2025\/07\/cropped-cropped-logitoweb21.png","width":199,"height":199,"caption":"Cuarteto en la Web"},"image":{"@id":"http:\/\/cuartetoenlaweb.com.ar\/sitio\/#\/schema\/logo\/image\/"}}]}},"_links":{"self":[{"href":"http:\/\/cuartetoenlaweb.com.ar\/sitio\/wp-json\/wp\/v2\/posts\/19084","targetHints":{"allow":["GET"]}}],"collection":[{"href":"http:\/\/cuartetoenlaweb.com.ar\/sitio\/wp-json\/wp\/v2\/posts"}],"about":[{"href":"http:\/\/cuartetoenlaweb.com.ar\/sitio\/wp-json\/wp\/v2\/types\/post"}],"replies":[{"embeddable":true,"href":"http:\/\/cuartetoenlaweb.com.ar\/sitio\/wp-json\/wp\/v2\/comments?post=19084"}],"version-history":[{"count":0,"href":"http:\/\/cuartetoenlaweb.com.ar\/sitio\/wp-json\/wp\/v2\/posts\/19084\/revisions"}],"wp:featuredmedia":[{"embeddable":true,"href":"http:\/\/cuartetoenlaweb.com.ar\/sitio\/wp-json\/wp\/v2\/media\/19085"}],"wp:attachment":[{"href":"http:\/\/cuartetoenlaweb.com.ar\/sitio\/wp-json\/wp\/v2\/media?parent=19084"}],"wp:term":[{"taxonomy":"category","embeddable":true,"href":"http:\/\/cuartetoenlaweb.com.ar\/sitio\/wp-json\/wp\/v2\/categories?post=19084"},{"taxonomy":"post_tag","embeddable":true,"href":"http:\/\/cuartetoenlaweb.com.ar\/sitio\/wp-json\/wp\/v2\/tags?post=19084"}],"curies":[{"name":"wp","href":"https:\/\/api.w.org\/{rel}","templated":true}]}}