
{"id":19082,"date":"2026-04-27T13:59:56","date_gmt":"2026-04-27T16:59:56","guid":{"rendered":"http:\/\/cuartetoenlaweb.com.ar\/sitio\/fina-o-grasa-polemica-por-el-look-provocador-de-zaira-nara-en-el-martin-fierro-de-la-moda-es-de-familia-ya\/"},"modified":"2026-04-27T13:59:56","modified_gmt":"2026-04-27T16:59:56","slug":"fina-o-grasa-polemica-por-el-look-provocador-de-zaira-nara-en-el-martin-fierro-de-la-moda-es-de-familia-ya","status":"publish","type":"post","link":"http:\/\/cuartetoenlaweb.com.ar\/sitio\/fina-o-grasa-polemica-por-el-look-provocador-de-zaira-nara-en-el-martin-fierro-de-la-moda-es-de-familia-ya\/","title":{"rendered":"\u00bfFina o grasa? Pol\u00e9mica por el look &quot;provocador&quot; de Zaira Nara en el Mart\u00edn Fierro de la moda: &quot;Es de familia ya&quot;"},"content":{"rendered":"<p>La ausencia de Mirtha, el oro para su nieta Juanita, las quejas de Susana porque su premio no ten\u00eda brillos ni diamantes, la burla de Moria Cas\u00e1n a los zapatos de Susana, el comentario de Iv\u00e1n de Pineda que habr\u00eda molestado a Flor de la Ve, la dedicatoria de Sol P\u00e9rez que no incluy\u00f3 a su marido y gener\u00f3 rumores de crisis, el dise\u00f1o de Romina Gateani que ocup\u00f3 tres asientos. Ni todas esas cosas juntas, de por s\u00ed explosivas, generaron tanto ruido y tanta pol\u00e9mica como los dos looks osados, provocativos \u00aby llenos de transparencias\u00bb que luci\u00f3 Zaira Nara en la gran fiesta de los Mart\u00edn Fierro de moda. <\/p>\n<p>Comentarios del tipo de \u00abes raro este mondo cool, si eso se lo pone otra la destrozan, ahora lo luce ella y dicen que est\u00e1 divina y elegante\u00bb o \u00abse puso cualquier cosa, a un evento de moda no se puede ir desnuda\u00bb invadieron la televisi\u00f3n y los stream en las horas posteriores a la entrega de los premios m\u00e1s deseados del pa\u00eds. Muchos \u00abse hacen los interesantes\u00bb y se desentienden del tema, pero en el fondo todos quieren estar nominados, asistir a la gala y, desde ya, ganar una estatuilla.<\/p>\n<p>Zaira us\u00f3 dos cambios, o dos vestidos o dise\u00f1os completamente distintos. Los dos tuvieron un par de coincidencias: el tono oscuro y las transparencias, que se vienen repitiendo mucho en sus \u00aboutfits\u00bb \u00faltimamente, tanto que hasta se pudo escuchar a una it girl sentenciar que \u00abella es bell\u00edsima y es muy sensual, pero hay que ser sinceros y decir que un poco est\u00e1 cansando con las transparencias. Las usa siempre, ya est\u00e1, \u00bfNo?\u00bb. Poco a poco, la morocha fue sumando voces cr\u00edticas.<\/p>\n<div class=\"mt-box \">\n<h4 class=\"mt-heading\">Mir\u00e1 Tambi\u00e9n<\/h4>\n<p><a href=\"https:\/\/www.paparazzi.com.ar\/looks\/moria-casan-fue-fatal-con-el-look-de-susana-gimenez-en-el-martin-fierro-de-moda-y-exploto-la-guerra-de-divas-da-mama-cora\/\"><\/p>\n<div class=\"mt-content\">\n<div class=\"mt-image-container\"><img decoding=\"async\" src=\"https:\/\/www.paparazzi.com.ar\/wp-content\/uploads\/2026\/04\/moria-1-1-359x226.jpg\" alt=\"Moria Cas\u00e1n fue fatal con el look de Susana Gim\u00e9nez en el Mart\u00edn Fierro de Moda y explot\u00f3 la guerra de divas: &quot;Da Mam\u00e1 Cora&quot;\" class=\"mt-image\" loading=\"lazy\" \/><\/div>\n<h5 class=\"mt-title\">Moria Cas\u00e1n fue fatal con el look de Susana Gim\u00e9nez en el Mart\u00edn Fierro de Moda y explot\u00f3 la guerra de divas: \u00abDa Mam\u00e1 Cora\u00bb<\/h5>\n<\/div>\n<p><\/a><\/div>\n<p>El mundo de la moda literalmente se dividi\u00f3 en dos. Los que apoyaron los atuendos de Zaira y aquellos que lo criticaron, ya sea por los modelos en s\u00ed como por la ocasi\u00f3n elegida para usarla. \u00abEntiendo que en este tipo de ocasiones se busca \u00abuna perfo\u00bb para llamar la atenci\u00f3n, pero no s\u00e9 si da ir en tanga a un Mart\u00edn Fierro. Por m\u00e1s bella que sea, que s\u00ed lo es, mucho, es un poco mucho. Aparte, \u00bfNo se mor\u00eda de fr\u00edo con el chiflete que hizo?\u00bb sali\u00f3 de otra de las lenguas que la \u00abagujerearon\u00bb de arriba a abajo.<\/p>\n<h2 class=\"wp-block-heading\">POLEMICA POR EL LOOK DE ZAIRA NARA EN LOS MARTIN FIERRO DE MODA: ALGUNOS DICEN QUE FUE GRASA Y OTRAS MUY FINA<\/h2>\n<p>En el medio del barull\u00f3 surgi\u00f3 otra inquietud acerca de los dos \u00abmotivos\u00bb que eligi\u00f3 Zaira para ir a la fiesta que organiz\u00f3 APTRA: \u00bfSe est\u00e1 poniendo cada vez m\u00e1s parecida a Wanda, siempre m\u00e1s exuberante y explosiva que ella? A Wanda siempre se le dijo \u00abvedette\u00bb y a Zaira siempre se la consider\u00f3 \u00abmodelo\u00bb en esa diferencia medio extra\u00f1a que se hace entre las mujeres del ambiente. Las \u00abvedettes\u00bb siempre fueron consideradas \u00abm\u00e1s populares\u00bb y las modelos \u00abdivinas\u00bb.<\/p>\n<p>\u00abNa, si eso se lo llegaba a poner Wanda se paraba el evento, hubiese sido tremendo y los comentarios casi todos negativos, la habr\u00edan destrozado\u00bb siguieron por ah\u00ed. Los chats -de la far\u00e1ndula y m\u00e1s all\u00e1 tambi\u00e9n- se llenaron de menciones, de fotos y de comentarios. \u00abEs Nara, viene de familia\u00bb se escuch\u00f3 en el programa de Moria Cas\u00e1n. \u00bfFina o grasa? \u00bfElegante o bizarra? \u00bfApropiada o inoportuna? Zaira hizo hablar a toda la far\u00e1ndula. Misi\u00f3n cumplida.<\/p>\n<figure class=\"wp-block-image size-full\"><img decoding=\"async\" width=\"396\" height=\"694\" src=\"https:\/\/www.paparazzi.com.ar\/wp-content\/uploads\/2026\/04\/Zaira-2.jpg.webp\" loading=\"lazy\" alt=\"EL PRIMER CAMBIO, DE FRENTE\" class=\"wp-image-475586\" \/><figcaption class=\"wp-element-caption\"><strong>EL PRIMER CAMBIO, DE FRENTE<\/strong><\/figcaption><\/figure>\n<figure class=\"wp-block-image size-full\"><img decoding=\"async\" width=\"459\" height=\"694\" src=\"https:\/\/www.paparazzi.com.ar\/wp-content\/uploads\/2026\/04\/ZAIRA-3.jpg.webp\" loading=\"lazy\" alt=\"EL SEGUNDO CAMBIO DE ZAIRA, DE FRENTE.\" class=\"wp-image-475591\" \/><figcaption class=\"wp-element-caption\"><strong>EL SEGUNDO CAMBIO DE ZAIRA, DE FRENTE.<\/strong><\/figcaption><\/figure>\n<figure class=\"wp-block-image size-full\"><img decoding=\"async\" width=\"480\" height=\"720\" src=\"https:\/\/www.paparazzi.com.ar\/wp-content\/uploads\/2026\/04\/1777289062254.jpg.webp\" loading=\"lazy\" alt=\"EL SEGUNDO CAMBIO DE ZAIRA, DE ESPALDA\" class=\"wp-image-475588\" \/><figcaption class=\"wp-element-caption\"><strong>EL PRIMER CAMBIO, DE FRENTE<\/strong><\/figcaption><\/figure>\n<div class=\"mt-box \">\n<h4 class=\"mt-heading\">Mir\u00e1 Tambi\u00e9n<\/h4>\n<p><a href=\"https:\/\/www.paparazzi.com.ar\/looks\/para-moria-casan-filtro-el-chimento-mas-caliente-de-los-martin-fierro-entre-ivan-de-pineda-y-flor-de-la-ve-comentario-hetero\/\"><\/p>\n<div class=\"mt-content\">\n<div class=\"mt-image-container\"><img decoding=\"async\" src=\"https:\/\/www.paparazzi.com.ar\/wp-content\/uploads\/2026\/04\/Moria-Ivan-Moria-1-359x226.jpg\" alt=\"Moria Cas\u00e1n filtr\u00f3 el chimento m\u00e1s caliente de los Mart\u00edn Fierro entre Iv\u00e1n de Pineda y Flor de la Ve: &quot;Comentario hetero&quot;\" class=\"mt-image\" loading=\"lazy\" \/><\/div>\n<h5 class=\"mt-title\">Moria Cas\u00e1n filtr\u00f3 el chimento m\u00e1s caliente de los Mart\u00edn Fierro entre Iv\u00e1n de Pineda y Flor de la Ve: \u00abComentario hetero\u00bb<\/h5>\n<\/div>\n<p><\/a><\/div>\n<div class=\"mt-box \">\n<h4 class=\"mt-heading\">Mir\u00e1 Tambi\u00e9n<\/h4>\n<p><a href=\"https:\/\/www.paparazzi.com.ar\/romances\/la-separacion-de-guido-kaczka-y-flor-bertotti-la-infidelidad-mas-dolorosa-de-la-historia-y-la-novela-maldita-que-marco-el-final\/\"><\/p>\n<div class=\"mt-content\">\n<div class=\"mt-image-container\"><img decoding=\"async\" src=\"https:\/\/www.paparazzi.com.ar\/wp-content\/uploads\/2026\/04\/Flor-Bertotti-Guido-Kaczka-y-Federico-Amador-portada-Archivo-359x226.jpg\" alt=\"La separaci\u00f3n de Guido Kaczka y Flor Bertotti: la infidelidad m\u00e1s dolorosa de la historia y la novela maldita que marc\u00f3 el final\" class=\"mt-image\" loading=\"lazy\" \/><\/div>\n<h5 class=\"mt-title\">La separaci\u00f3n de Guido Kaczka y Flor Bertotti: la infidelidad m\u00e1s dolorosa de la historia y la novela maldita que marc\u00f3 el final<\/h5>\n<\/div>\n<p><\/a><\/div>\n<p>The post <a href=\"https:\/\/www.paparazzi.com.ar\/looks\/fina-o-grasa-polemica-por-el-look-provocador-de-zaira-nara-en-el-martin-fierro-de-la-moda-es-de-familia-ya\/\">\u00bfFina o grasa? Pol\u00e9mica por el look &quot;provocador&quot; de Zaira Nara en el Mart\u00edn Fierro de la moda: &quot;Es de familia ya&quot;<\/a> appeared first on <a href=\"https:\/\/www.paparazzi.com.ar\">Revista Paparazzi<\/a>.<\/p>\n","protected":false},"excerpt":{"rendered":"<p>La ausencia de Mirtha, el oro para su nieta Juanita,<\/p>\n","protected":false},"author":0,"featured_media":19083,"comment_status":"","ping_status":"","sticky":false,"template":"","format":"standard","meta":{"footnotes":""},"categories":[12],"tags":[],"class_list":["post-19082","post","type-post","status-publish","format-standard","has-post-thumbnail","hentry","category-espectaculo"],"yoast_head":"<!-- This site is optimized with the Yoast SEO plugin v27.5 - https:\/\/yoast.com\/product\/yoast-seo-wordpress\/ -->\n<title>\u00bfFina o grasa? Pol\u00e9mica por el look &quot;provocador&quot; de Zaira Nara en el Mart\u00edn Fierro de la moda: &quot;Es de familia ya&quot; - Cuarteto en la Web<\/title>\n<meta name=\"robots\" content=\"index, follow, max-snippet:-1, max-image-preview:large, max-video-preview:-1\" \/>\n<link rel=\"canonical\" href=\"http:\/\/cuartetoenlaweb.com.ar\/sitio\/fina-o-grasa-polemica-por-el-look-provocador-de-zaira-nara-en-el-martin-fierro-de-la-moda-es-de-familia-ya\/\" \/>\n<meta property=\"og:locale\" content=\"es_ES\" \/>\n<meta property=\"og:type\" content=\"article\" \/>\n<meta property=\"og:title\" content=\"\u00bfFina o grasa? Pol\u00e9mica por el look &quot;provocador&quot; de Zaira Nara en el Mart\u00edn Fierro de la moda: &quot;Es de familia ya&quot; - Cuarteto en la Web\" \/>\n<meta property=\"og:description\" content=\"La ausencia de Mirtha, el oro para su nieta Juanita,\" \/>\n<meta property=\"og:url\" content=\"http:\/\/cuartetoenlaweb.com.ar\/sitio\/fina-o-grasa-polemica-por-el-look-provocador-de-zaira-nara-en-el-martin-fierro-de-la-moda-es-de-familia-ya\/\" \/>\n<meta property=\"og:site_name\" content=\"Cuarteto en la Web\" \/>\n<meta property=\"article:published_time\" content=\"2026-04-27T16:59:56+00:00\" \/>\n<meta property=\"og:image\" content=\"http:\/\/cuartetoenlaweb.com.ar\/sitio\/wp-content\/uploads\/2026\/04\/moria-1-1-359x226-1.jpg\" \/>\n\t<meta property=\"og:image:width\" content=\"359\" \/>\n\t<meta property=\"og:image:height\" content=\"226\" \/>\n\t<meta property=\"og:image:type\" content=\"image\/jpeg\" \/>\n<meta name=\"twitter:card\" content=\"summary_large_image\" \/>\n<meta name=\"twitter:label1\" content=\"Tiempo de lectura\" \/>\n\t<meta name=\"twitter:data1\" content=\"4 minutos\" \/>\n<script type=\"application\/ld+json\" class=\"yoast-schema-graph\">{\"@context\":\"https:\\\/\\\/schema.org\",\"@graph\":[{\"@type\":\"Article\",\"@id\":\"http:\\\/\\\/cuartetoenlaweb.com.ar\\\/sitio\\\/fina-o-grasa-polemica-por-el-look-provocador-de-zaira-nara-en-el-martin-fierro-de-la-moda-es-de-familia-ya\\\/#article\",\"isPartOf\":{\"@id\":\"http:\\\/\\\/cuartetoenlaweb.com.ar\\\/sitio\\\/fina-o-grasa-polemica-por-el-look-provocador-de-zaira-nara-en-el-martin-fierro-de-la-moda-es-de-familia-ya\\\/\"},\"author\":{\"name\":\"\",\"@id\":\"\"},\"headline\":\"\u00bfFina o grasa? Pol\u00e9mica por el look &quot;provocador&quot; de Zaira Nara en el Mart\u00edn Fierro de la moda: &quot;Es de familia ya&quot;\",\"datePublished\":\"2026-04-27T16:59:56+00:00\",\"mainEntityOfPage\":{\"@id\":\"http:\\\/\\\/cuartetoenlaweb.com.ar\\\/sitio\\\/fina-o-grasa-polemica-por-el-look-provocador-de-zaira-nara-en-el-martin-fierro-de-la-moda-es-de-familia-ya\\\/\"},\"wordCount\":761,\"publisher\":{\"@id\":\"http:\\\/\\\/cuartetoenlaweb.com.ar\\\/sitio\\\/#organization\"},\"image\":{\"@id\":\"http:\\\/\\\/cuartetoenlaweb.com.ar\\\/sitio\\\/fina-o-grasa-polemica-por-el-look-provocador-de-zaira-nara-en-el-martin-fierro-de-la-moda-es-de-familia-ya\\\/#primaryimage\"},\"thumbnailUrl\":\"http:\\\/\\\/cuartetoenlaweb.com.ar\\\/sitio\\\/wp-content\\\/uploads\\\/2026\\\/04\\\/moria-1-1-359x226-1.jpg\",\"articleSection\":[\"ESPECT\u00c1CULO\"],\"inLanguage\":\"es\"},{\"@type\":\"WebPage\",\"@id\":\"http:\\\/\\\/cuartetoenlaweb.com.ar\\\/sitio\\\/fina-o-grasa-polemica-por-el-look-provocador-de-zaira-nara-en-el-martin-fierro-de-la-moda-es-de-familia-ya\\\/\",\"url\":\"http:\\\/\\\/cuartetoenlaweb.com.ar\\\/sitio\\\/fina-o-grasa-polemica-por-el-look-provocador-de-zaira-nara-en-el-martin-fierro-de-la-moda-es-de-familia-ya\\\/\",\"name\":\"\u00bfFina o grasa? Pol\u00e9mica por el look &quot;provocador&quot; de Zaira Nara en el Mart\u00edn Fierro de la moda: &quot;Es de familia ya&quot; - Cuarteto en la Web\",\"isPartOf\":{\"@id\":\"http:\\\/\\\/cuartetoenlaweb.com.ar\\\/sitio\\\/#website\"},\"primaryImageOfPage\":{\"@id\":\"http:\\\/\\\/cuartetoenlaweb.com.ar\\\/sitio\\\/fina-o-grasa-polemica-por-el-look-provocador-de-zaira-nara-en-el-martin-fierro-de-la-moda-es-de-familia-ya\\\/#primaryimage\"},\"image\":{\"@id\":\"http:\\\/\\\/cuartetoenlaweb.com.ar\\\/sitio\\\/fina-o-grasa-polemica-por-el-look-provocador-de-zaira-nara-en-el-martin-fierro-de-la-moda-es-de-familia-ya\\\/#primaryimage\"},\"thumbnailUrl\":\"http:\\\/\\\/cuartetoenlaweb.com.ar\\\/sitio\\\/wp-content\\\/uploads\\\/2026\\\/04\\\/moria-1-1-359x226-1.jpg\",\"datePublished\":\"2026-04-27T16:59:56+00:00\",\"breadcrumb\":{\"@id\":\"http:\\\/\\\/cuartetoenlaweb.com.ar\\\/sitio\\\/fina-o-grasa-polemica-por-el-look-provocador-de-zaira-nara-en-el-martin-fierro-de-la-moda-es-de-familia-ya\\\/#breadcrumb\"},\"inLanguage\":\"es\",\"potentialAction\":[{\"@type\":\"ReadAction\",\"target\":[\"http:\\\/\\\/cuartetoenlaweb.com.ar\\\/sitio\\\/fina-o-grasa-polemica-por-el-look-provocador-de-zaira-nara-en-el-martin-fierro-de-la-moda-es-de-familia-ya\\\/\"]}]},{\"@type\":\"ImageObject\",\"inLanguage\":\"es\",\"@id\":\"http:\\\/\\\/cuartetoenlaweb.com.ar\\\/sitio\\\/fina-o-grasa-polemica-por-el-look-provocador-de-zaira-nara-en-el-martin-fierro-de-la-moda-es-de-familia-ya\\\/#primaryimage\",\"url\":\"http:\\\/\\\/cuartetoenlaweb.com.ar\\\/sitio\\\/wp-content\\\/uploads\\\/2026\\\/04\\\/moria-1-1-359x226-1.jpg\",\"contentUrl\":\"http:\\\/\\\/cuartetoenlaweb.com.ar\\\/sitio\\\/wp-content\\\/uploads\\\/2026\\\/04\\\/moria-1-1-359x226-1.jpg\",\"width\":359,\"height\":226},{\"@type\":\"BreadcrumbList\",\"@id\":\"http:\\\/\\\/cuartetoenlaweb.com.ar\\\/sitio\\\/fina-o-grasa-polemica-por-el-look-provocador-de-zaira-nara-en-el-martin-fierro-de-la-moda-es-de-familia-ya\\\/#breadcrumb\",\"itemListElement\":[{\"@type\":\"ListItem\",\"position\":1,\"name\":\"Portada\",\"item\":\"http:\\\/\\\/cuartetoenlaweb.com.ar\\\/sitio\\\/\"},{\"@type\":\"ListItem\",\"position\":2,\"name\":\"\u00bfFina o grasa? Pol\u00e9mica por el look &quot;provocador&quot; de Zaira Nara en el Mart\u00edn Fierro de la moda: &quot;Es de familia ya&quot;\"}]},{\"@type\":\"WebSite\",\"@id\":\"http:\\\/\\\/cuartetoenlaweb.com.ar\\\/sitio\\\/#website\",\"url\":\"http:\\\/\\\/cuartetoenlaweb.com.ar\\\/sitio\\\/\",\"name\":\"Cuarteto en la Web\",\"description\":\"\",\"publisher\":{\"@id\":\"http:\\\/\\\/cuartetoenlaweb.com.ar\\\/sitio\\\/#organization\"},\"potentialAction\":[{\"@type\":\"SearchAction\",\"target\":{\"@type\":\"EntryPoint\",\"urlTemplate\":\"http:\\\/\\\/cuartetoenlaweb.com.ar\\\/sitio\\\/?s={search_term_string}\"},\"query-input\":{\"@type\":\"PropertyValueSpecification\",\"valueRequired\":true,\"valueName\":\"search_term_string\"}}],\"inLanguage\":\"es\"},{\"@type\":\"Organization\",\"@id\":\"http:\\\/\\\/cuartetoenlaweb.com.ar\\\/sitio\\\/#organization\",\"name\":\"Cuarteto en la Web\",\"url\":\"http:\\\/\\\/cuartetoenlaweb.com.ar\\\/sitio\\\/\",\"logo\":{\"@type\":\"ImageObject\",\"inLanguage\":\"es\",\"@id\":\"http:\\\/\\\/cuartetoenlaweb.com.ar\\\/sitio\\\/#\\\/schema\\\/logo\\\/image\\\/\",\"url\":\"http:\\\/\\\/cuartetoenlaweb.com.ar\\\/sitio\\\/wp-content\\\/uploads\\\/2025\\\/07\\\/cropped-cropped-logitoweb21.png\",\"contentUrl\":\"http:\\\/\\\/cuartetoenlaweb.com.ar\\\/sitio\\\/wp-content\\\/uploads\\\/2025\\\/07\\\/cropped-cropped-logitoweb21.png\",\"width\":199,\"height\":199,\"caption\":\"Cuarteto en la Web\"},\"image\":{\"@id\":\"http:\\\/\\\/cuartetoenlaweb.com.ar\\\/sitio\\\/#\\\/schema\\\/logo\\\/image\\\/\"}}]}<\/script>\n<!-- \/ Yoast SEO plugin. -->","yoast_head_json":{"title":"\u00bfFina o grasa? Pol\u00e9mica por el look &quot;provocador&quot; de Zaira Nara en el Mart\u00edn Fierro de la moda: &quot;Es de familia ya&quot; - Cuarteto en la Web","robots":{"index":"index","follow":"follow","max-snippet":"max-snippet:-1","max-image-preview":"max-image-preview:large","max-video-preview":"max-video-preview:-1"},"canonical":"http:\/\/cuartetoenlaweb.com.ar\/sitio\/fina-o-grasa-polemica-por-el-look-provocador-de-zaira-nara-en-el-martin-fierro-de-la-moda-es-de-familia-ya\/","og_locale":"es_ES","og_type":"article","og_title":"\u00bfFina o grasa? Pol\u00e9mica por el look &quot;provocador&quot; de Zaira Nara en el Mart\u00edn Fierro de la moda: &quot;Es de familia ya&quot; - Cuarteto en la Web","og_description":"La ausencia de Mirtha, el oro para su nieta Juanita,","og_url":"http:\/\/cuartetoenlaweb.com.ar\/sitio\/fina-o-grasa-polemica-por-el-look-provocador-de-zaira-nara-en-el-martin-fierro-de-la-moda-es-de-familia-ya\/","og_site_name":"Cuarteto en la Web","article_published_time":"2026-04-27T16:59:56+00:00","og_image":[{"width":359,"height":226,"url":"http:\/\/cuartetoenlaweb.com.ar\/sitio\/wp-content\/uploads\/2026\/04\/moria-1-1-359x226-1.jpg","type":"image\/jpeg"}],"twitter_card":"summary_large_image","twitter_misc":{"Tiempo de lectura":"4 minutos"},"schema":{"@context":"https:\/\/schema.org","@graph":[{"@type":"Article","@id":"http:\/\/cuartetoenlaweb.com.ar\/sitio\/fina-o-grasa-polemica-por-el-look-provocador-de-zaira-nara-en-el-martin-fierro-de-la-moda-es-de-familia-ya\/#article","isPartOf":{"@id":"http:\/\/cuartetoenlaweb.com.ar\/sitio\/fina-o-grasa-polemica-por-el-look-provocador-de-zaira-nara-en-el-martin-fierro-de-la-moda-es-de-familia-ya\/"},"author":{"name":"","@id":""},"headline":"\u00bfFina o grasa? Pol\u00e9mica por el look &quot;provocador&quot; de Zaira Nara en el Mart\u00edn Fierro de la moda: &quot;Es de familia ya&quot;","datePublished":"2026-04-27T16:59:56+00:00","mainEntityOfPage":{"@id":"http:\/\/cuartetoenlaweb.com.ar\/sitio\/fina-o-grasa-polemica-por-el-look-provocador-de-zaira-nara-en-el-martin-fierro-de-la-moda-es-de-familia-ya\/"},"wordCount":761,"publisher":{"@id":"http:\/\/cuartetoenlaweb.com.ar\/sitio\/#organization"},"image":{"@id":"http:\/\/cuartetoenlaweb.com.ar\/sitio\/fina-o-grasa-polemica-por-el-look-provocador-de-zaira-nara-en-el-martin-fierro-de-la-moda-es-de-familia-ya\/#primaryimage"},"thumbnailUrl":"http:\/\/cuartetoenlaweb.com.ar\/sitio\/wp-content\/uploads\/2026\/04\/moria-1-1-359x226-1.jpg","articleSection":["ESPECT\u00c1CULO"],"inLanguage":"es"},{"@type":"WebPage","@id":"http:\/\/cuartetoenlaweb.com.ar\/sitio\/fina-o-grasa-polemica-por-el-look-provocador-de-zaira-nara-en-el-martin-fierro-de-la-moda-es-de-familia-ya\/","url":"http:\/\/cuartetoenlaweb.com.ar\/sitio\/fina-o-grasa-polemica-por-el-look-provocador-de-zaira-nara-en-el-martin-fierro-de-la-moda-es-de-familia-ya\/","name":"\u00bfFina o grasa? Pol\u00e9mica por el look &quot;provocador&quot; de Zaira Nara en el Mart\u00edn Fierro de la moda: &quot;Es de familia ya&quot; - Cuarteto en la Web","isPartOf":{"@id":"http:\/\/cuartetoenlaweb.com.ar\/sitio\/#website"},"primaryImageOfPage":{"@id":"http:\/\/cuartetoenlaweb.com.ar\/sitio\/fina-o-grasa-polemica-por-el-look-provocador-de-zaira-nara-en-el-martin-fierro-de-la-moda-es-de-familia-ya\/#primaryimage"},"image":{"@id":"http:\/\/cuartetoenlaweb.com.ar\/sitio\/fina-o-grasa-polemica-por-el-look-provocador-de-zaira-nara-en-el-martin-fierro-de-la-moda-es-de-familia-ya\/#primaryimage"},"thumbnailUrl":"http:\/\/cuartetoenlaweb.com.ar\/sitio\/wp-content\/uploads\/2026\/04\/moria-1-1-359x226-1.jpg","datePublished":"2026-04-27T16:59:56+00:00","breadcrumb":{"@id":"http:\/\/cuartetoenlaweb.com.ar\/sitio\/fina-o-grasa-polemica-por-el-look-provocador-de-zaira-nara-en-el-martin-fierro-de-la-moda-es-de-familia-ya\/#breadcrumb"},"inLanguage":"es","potentialAction":[{"@type":"ReadAction","target":["http:\/\/cuartetoenlaweb.com.ar\/sitio\/fina-o-grasa-polemica-por-el-look-provocador-de-zaira-nara-en-el-martin-fierro-de-la-moda-es-de-familia-ya\/"]}]},{"@type":"ImageObject","inLanguage":"es","@id":"http:\/\/cuartetoenlaweb.com.ar\/sitio\/fina-o-grasa-polemica-por-el-look-provocador-de-zaira-nara-en-el-martin-fierro-de-la-moda-es-de-familia-ya\/#primaryimage","url":"http:\/\/cuartetoenlaweb.com.ar\/sitio\/wp-content\/uploads\/2026\/04\/moria-1-1-359x226-1.jpg","contentUrl":"http:\/\/cuartetoenlaweb.com.ar\/sitio\/wp-content\/uploads\/2026\/04\/moria-1-1-359x226-1.jpg","width":359,"height":226},{"@type":"BreadcrumbList","@id":"http:\/\/cuartetoenlaweb.com.ar\/sitio\/fina-o-grasa-polemica-por-el-look-provocador-de-zaira-nara-en-el-martin-fierro-de-la-moda-es-de-familia-ya\/#breadcrumb","itemListElement":[{"@type":"ListItem","position":1,"name":"Portada","item":"http:\/\/cuartetoenlaweb.com.ar\/sitio\/"},{"@type":"ListItem","position":2,"name":"\u00bfFina o grasa? Pol\u00e9mica por el look &quot;provocador&quot; de Zaira Nara en el Mart\u00edn Fierro de la moda: &quot;Es de familia ya&quot;"}]},{"@type":"WebSite","@id":"http:\/\/cuartetoenlaweb.com.ar\/sitio\/#website","url":"http:\/\/cuartetoenlaweb.com.ar\/sitio\/","name":"Cuarteto en la Web","description":"","publisher":{"@id":"http:\/\/cuartetoenlaweb.com.ar\/sitio\/#organization"},"potentialAction":[{"@type":"SearchAction","target":{"@type":"EntryPoint","urlTemplate":"http:\/\/cuartetoenlaweb.com.ar\/sitio\/?s={search_term_string}"},"query-input":{"@type":"PropertyValueSpecification","valueRequired":true,"valueName":"search_term_string"}}],"inLanguage":"es"},{"@type":"Organization","@id":"http:\/\/cuartetoenlaweb.com.ar\/sitio\/#organization","name":"Cuarteto en la Web","url":"http:\/\/cuartetoenlaweb.com.ar\/sitio\/","logo":{"@type":"ImageObject","inLanguage":"es","@id":"http:\/\/cuartetoenlaweb.com.ar\/sitio\/#\/schema\/logo\/image\/","url":"http:\/\/cuartetoenlaweb.com.ar\/sitio\/wp-content\/uploads\/2025\/07\/cropped-cropped-logitoweb21.png","contentUrl":"http:\/\/cuartetoenlaweb.com.ar\/sitio\/wp-content\/uploads\/2025\/07\/cropped-cropped-logitoweb21.png","width":199,"height":199,"caption":"Cuarteto en la Web"},"image":{"@id":"http:\/\/cuartetoenlaweb.com.ar\/sitio\/#\/schema\/logo\/image\/"}}]}},"_links":{"self":[{"href":"http:\/\/cuartetoenlaweb.com.ar\/sitio\/wp-json\/wp\/v2\/posts\/19082","targetHints":{"allow":["GET"]}}],"collection":[{"href":"http:\/\/cuartetoenlaweb.com.ar\/sitio\/wp-json\/wp\/v2\/posts"}],"about":[{"href":"http:\/\/cuartetoenlaweb.com.ar\/sitio\/wp-json\/wp\/v2\/types\/post"}],"replies":[{"embeddable":true,"href":"http:\/\/cuartetoenlaweb.com.ar\/sitio\/wp-json\/wp\/v2\/comments?post=19082"}],"version-history":[{"count":0,"href":"http:\/\/cuartetoenlaweb.com.ar\/sitio\/wp-json\/wp\/v2\/posts\/19082\/revisions"}],"wp:featuredmedia":[{"embeddable":true,"href":"http:\/\/cuartetoenlaweb.com.ar\/sitio\/wp-json\/wp\/v2\/media\/19083"}],"wp:attachment":[{"href":"http:\/\/cuartetoenlaweb.com.ar\/sitio\/wp-json\/wp\/v2\/media?parent=19082"}],"wp:term":[{"taxonomy":"category","embeddable":true,"href":"http:\/\/cuartetoenlaweb.com.ar\/sitio\/wp-json\/wp\/v2\/categories?post=19082"},{"taxonomy":"post_tag","embeddable":true,"href":"http:\/\/cuartetoenlaweb.com.ar\/sitio\/wp-json\/wp\/v2\/tags?post=19082"}],"curies":[{"name":"wp","href":"https:\/\/api.w.org\/{rel}","templated":true}]}}