
{"id":18924,"date":"2026-04-26T00:59:50","date_gmt":"2026-04-26T03:59:50","guid":{"rendered":"https:\/\/cuartetoenlaweb.com.ar\/sitio\/todas-las-miradas-en-sienna-cubero-el-look-que-se-robo-protagonismo-en-los-15-de-allegra-cubero\/"},"modified":"2026-04-26T00:59:50","modified_gmt":"2026-04-26T03:59:50","slug":"todas-las-miradas-en-sienna-cubero-el-look-que-se-robo-protagonismo-en-los-15-de-allegra-cubero","status":"publish","type":"post","link":"http:\/\/cuartetoenlaweb.com.ar\/sitio\/todas-las-miradas-en-sienna-cubero-el-look-que-se-robo-protagonismo-en-los-15-de-allegra-cubero\/","title":{"rendered":"Todas las miradas en Sienna Cubero: el look que se rob\u00f3 protagonismo en los 15 de Allegra Cubero"},"content":{"rendered":"<p>En una noche donde el glamour fue protagonista absoluto, <strong><a href=\"https:\/\/www.paparazzi.com.ar\/?s=Sienna+Cubero\">Sienna Cubero<\/a><\/strong> logr\u00f3 destacarse con un look que no pas\u00f3 desapercibido y r\u00e1pidamente se meti\u00f3 entre los m\u00e1s comentados de los 15 de <strong>Allegra Cubero<\/strong>.<\/p>\n<p>La hija menor de <strong>Nicole Neumann <\/strong>y <strong>Fabi\u00e1n Cubero<\/strong> <a href=\"https:\/\/www.paparazzi.com.ar\/teve\/los-impactantes-looks-de-allegra-cubero-en-sus-15-brillos-transparencias-y-un-estilo-que-dio-que-hablar\/\">apost\u00f3 por un vestido en azul profundo con acabado satinado<\/a>, un tono que capt\u00f3 la luz del sal\u00f3n y acompa\u00f1\u00f3 a la perfecci\u00f3n la est\u00e9tica nocturna del evento.<\/p>\n<p>El dise\u00f1o, de silueta al cuerpo, resalt\u00f3 por su ca\u00edda fluida y su movimiento. Con escote halter y hombros al descubierto, el vestido combin\u00f3 delicadeza y modernidad, mientras que el drapeado en la zona del torso estiliz\u00f3 la figura y sum\u00f3 textura al conjunto.<\/p>\n<div class=\"mt-box \">\n<h4 class=\"mt-heading\">Mir\u00e1 Tambi\u00e9n<\/h4>\n<p><a href=\"https:\/\/www.paparazzi.com.ar\/videos\/exclusivo-belen-francese-hablo-de-la-maternidad-el-sexo-en-el-matrimonio-y-su-futuro-en-20-anos-me-veo-como-una-diva-de-la-argentina\/\"><\/p>\n<div class=\"mt-content\">\n<div class=\"mt-image-container\"><img decoding=\"async\" src=\"https:\/\/www.paparazzi.com.ar\/wp-content\/uploads\/2026\/04\/PAPARAZZI-A-SOLAS-BELEN-FRANCESE-PORTADA-359x226.jpg\" alt=\"\u00a1Exclusivo! Bel\u00e9n Francese habl\u00f3 de la maternidad, el sexo en el matrimonio y su futuro: \u201cEn 20 a\u00f1os, me veo como una diva de la Argentina\u201d\" class=\"mt-image\" loading=\"lazy\" \/><\/div>\n<h5 class=\"mt-title\">\u00a1Exclusivo! Bel\u00e9n Francese habl\u00f3 de la maternidad, el sexo en el matrimonio y su futuro: \u201cEn 20 a\u00f1os, me veo como una diva de la Argentina\u201d<\/h5>\n<\/div>\n<p><\/a><\/div>\n<p>Pero uno de los detalles que m\u00e1s llam\u00f3 la atenci\u00f3n fue la falda irregular, con volados y una leve cola, que generaba un efecto din\u00e1mico al caminar y <a href=\"https:\/\/www.paparazzi.com.ar\/teve\/de-entrecasa-a-diosa-total-el-video-de-allegra-cubero-con-fabian-cubero-que-exploto-en-redes\/\">elevaba el impacto visual del look sin perder frescura<\/a>. Un equilibrio justo entre elegancia y actitud.<\/p>\n<figure class=\"wp-block-image size-large\"><img decoding=\"async\" src=\"https:\/\/www.paparazzi.com.ar\/wp-content\/uploads\/2026\/04\/Sienna-Cubero-627x1024.png.webp\" loading=\"lazy\" alt=\"\" class=\"wp-image-475351\" \/><\/figure>\n<p>Para completar el outfit, Sienna Cubero eligi\u00f3 sandalias plateadas de plataforma con tiras finas, un cl\u00e1sico que sum\u00f3 brillo y acompa\u00f1\u00f3 la impronta glam de la noche. En cuanto a los accesorios, opt\u00f3 por la simpleza, dejando que el vestido sea el verdadero protagonista.<\/p>\n<div class=\"mt-box \">\n<h4 class=\"mt-heading\">Mir\u00e1 Tambi\u00e9n<\/h4>\n<p><a href=\"https:\/\/www.paparazzi.com.ar\/teve\/los-impactantes-looks-de-allegra-cubero-en-sus-15-brillos-transparencias-y-un-estilo-que-dio-que-hablar\/\"><\/p>\n<div class=\"mt-content\">\n<div class=\"mt-image-container\"><img decoding=\"async\" src=\"https:\/\/www.paparazzi.com.ar\/wp-content\/uploads\/2026\/04\/Allegra-Cubero-looks-01-359x226.jpg\" alt=\"Los impactantes looks de Allegra Cubero en sus 15: brillos, transparencias y un estilo que dio que hablar\" class=\"mt-image\" loading=\"lazy\" \/><\/div>\n<h5 class=\"mt-title\">Los impactantes looks de Allegra Cubero en sus 15: brillos, transparencias y un estilo que dio que hablar<\/h5>\n<\/div>\n<p><\/a><\/div>\n<p>El beauty look sigui\u00f3 la misma l\u00ednea: cabello suelto con ondas suaves y maquillaje natural, con piel luminosa y tonos neutros. Una elecci\u00f3n que equilibr\u00f3 el impacto del outfit y reforz\u00f3 una est\u00e9tica sofisticada pero relajada.<\/p>\n<figure class=\"wp-block-image size-large\"><img decoding=\"async\" src=\"https:\/\/www.paparazzi.com.ar\/wp-content\/uploads\/2026\/04\/Sienna-Cubero-012-633x1024.png.webp\" loading=\"lazy\" alt=\"\" class=\"wp-image-475352\" \/><\/figure>\n<p>En un evento donde cada detalle estuvo pensado \u2014desde la ambientaci\u00f3n con luces y pantallas hasta los m\u00faltiples cambios de vestuario de la protagonista\u2014, no era f\u00e1cil sobresalir. Sin embargo, Sienna Cubero lo logr\u00f3.<\/p>\n<div class=\"mt-box \">\n<h4 class=\"mt-heading\">Mir\u00e1 Tambi\u00e9n<\/h4>\n<p><a href=\"https:\/\/www.paparazzi.com.ar\/teve\/cubero-o-viciconte-a-quien-eligio-allegra-para-que-la-acompane-a-entrar-en-su-fiesta-de-15\/\"><\/p>\n<div class=\"mt-content\">\n<div class=\"mt-image-container\"><img decoding=\"async\" src=\"https:\/\/www.paparazzi.com.ar\/wp-content\/uploads\/2026\/04\/Allegra-Cubero-15-x-359x226.jpg\" alt=\"\u00bfCubero o Viciconte? A qui\u00e9n eligi\u00f3 Allegra para que la acompa\u00f1e a entrar en su fiesta de 15\" class=\"mt-image\" loading=\"lazy\" \/><\/div>\n<h5 class=\"mt-title\">\u00bfCubero o Viciconte? A qui\u00e9n eligi\u00f3 Allegra para que la acompa\u00f1e a entrar en su fiesta de 15<\/h5>\n<\/div>\n<p><\/a><\/div>\n<p>Su look no solo se aline\u00f3 con el esp\u00edritu de la fiesta, sino que tambi\u00e9n mostr\u00f3 una impronta propia, marcando presencia sin necesidad de excesos. Y en redes, eso se tradujo en comentarios, reacciones y comparaciones con otros outfits de la noche.<\/p>\n<figure class=\"wp-block-image size-large\"><img decoding=\"async\" src=\"https:\/\/www.paparazzi.com.ar\/wp-content\/uploads\/2026\/04\/Sienna-Cubero-04-637x1024.png.webp\" loading=\"lazy\" alt=\"\" class=\"wp-image-475353\" \/><\/figure>\n<p>As\u00ed, en medio de una celebraci\u00f3n cargada de est\u00edmulos visuales, la menor del clan Cubero-Neumann se hizo notar. Y dej\u00f3 en claro que, incluso en una fiesta donde todo brilla, siempre hay looks que logran destacar un poco m\u00e1s.<\/p>\n<blockquote class=\"wp-block-quote is-layout-flow wp-block-quote-is-layout-flow\">\n<div class=\"mt-box \">\n<h4 class=\"mt-heading\">Mir\u00e1 Tambi\u00e9n<\/h4>\n<p><a href=\"https:\/\/www.paparazzi.com.ar\/teve\/la-torta-tematica-que-nicole-neumann-eligio-para-los-11-anos-de-su-hija-sienna-cubero-mi-pequena\/\"><\/p>\n<div class=\"mt-content\">\n<div class=\"mt-image-container\"><img decoding=\"async\" src=\"https:\/\/www.paparazzi.com.ar\/wp-content\/uploads\/2025\/07\/nicole-neumann-sienna-cubero-1.jpg-359x226.webp\" alt=\"La torta tem\u00e1tica que Nicole Neumann eligi\u00f3 para los 11 a\u00f1os de su hija Sienna Cubero: \u201cMi peque\u00f1a\u2026\u201d\" class=\"mt-image\" loading=\"lazy\" \/><\/div>\n<h5 class=\"mt-title\">La torta tem\u00e1tica que Nicole Neumann eligi\u00f3 para los 11 a\u00f1os de su hija Sienna Cubero: \u201cMi peque\u00f1a\u2026\u201d<\/h5>\n<\/div>\n<p><\/a><\/div>\n<\/blockquote>\n<div class=\"mt-box \">\n<h4 class=\"mt-heading\">Mir\u00e1 Tambi\u00e9n<\/h4>\n<p><a href=\"https:\/\/www.paparazzi.com.ar\/teve\/de-entrecasa-a-diosa-total-el-video-de-allegra-cubero-con-fabian-cubero-que-exploto-en-redes\/\"><\/p>\n<div class=\"mt-content\">\n<div class=\"mt-image-container\"><img decoding=\"async\" src=\"https:\/\/www.paparazzi.com.ar\/wp-content\/uploads\/2026\/04\/Fabian-Cubero-y-Allegra-359x226.jpg\" alt=\"De entrecasa a diosa total: el video de Allegra Cubero con Fabi\u00e1n Cubero que explot\u00f3 en redes\" class=\"mt-image\" loading=\"lazy\" \/><\/div>\n<h5 class=\"mt-title\">De entrecasa a diosa total: el video de Allegra Cubero con Fabi\u00e1n Cubero que explot\u00f3 en redes<\/h5>\n<\/div>\n<p><\/a><\/div>\n<p>The post <a href=\"https:\/\/www.paparazzi.com.ar\/teve\/todas-las-miradas-en-sienna-cubero-el-look-que-se-robo-protagonismo-en-los-15-de-allegra-cubero\/\">Todas las miradas en Sienna Cubero: el look que se rob\u00f3 protagonismo en los 15 de Allegra Cubero<\/a> appeared first on <a href=\"https:\/\/www.paparazzi.com.ar\">Revista Paparazzi<\/a>.<\/p>\n","protected":false},"excerpt":{"rendered":"<p>En una noche donde el glamour fue protagonista absoluto, Sienna<\/p>\n","protected":false},"author":0,"featured_media":18925,"comment_status":"","ping_status":"","sticky":false,"template":"","format":"standard","meta":{"footnotes":""},"categories":[12],"tags":[],"class_list":["post-18924","post","type-post","status-publish","format-standard","has-post-thumbnail","hentry","category-espectaculo"],"yoast_head":"<!-- This site is optimized with the Yoast SEO plugin v27.4 - https:\/\/yoast.com\/product\/yoast-seo-wordpress\/ -->\n<title>Todas las miradas en Sienna Cubero: el look que se rob\u00f3 protagonismo en los 15 de Allegra Cubero - Cuarteto en la Web<\/title>\n<meta name=\"robots\" content=\"index, follow, max-snippet:-1, max-image-preview:large, max-video-preview:-1\" \/>\n<link rel=\"canonical\" href=\"https:\/\/cuartetoenlaweb.com.ar\/sitio\/todas-las-miradas-en-sienna-cubero-el-look-que-se-robo-protagonismo-en-los-15-de-allegra-cubero\/\" \/>\n<meta property=\"og:locale\" content=\"es_ES\" \/>\n<meta property=\"og:type\" content=\"article\" \/>\n<meta property=\"og:title\" content=\"Todas las miradas en Sienna Cubero: el look que se rob\u00f3 protagonismo en los 15 de Allegra Cubero - Cuarteto en la Web\" \/>\n<meta property=\"og:description\" content=\"En una noche donde el glamour fue protagonista absoluto, Sienna\" \/>\n<meta property=\"og:url\" content=\"https:\/\/cuartetoenlaweb.com.ar\/sitio\/todas-las-miradas-en-sienna-cubero-el-look-que-se-robo-protagonismo-en-los-15-de-allegra-cubero\/\" \/>\n<meta property=\"og:site_name\" content=\"Cuarteto en la Web\" \/>\n<meta property=\"article:published_time\" content=\"2026-04-26T03:59:50+00:00\" \/>\n<meta property=\"og:image\" content=\"https:\/\/www.paparazzi.com.ar\/wp-content\/uploads\/2026\/04\/PAPARAZZI-A-SOLAS-BELEN-FRANCESE-PORTADA-359x226.jpg\" \/>\n<meta name=\"twitter:card\" content=\"summary_large_image\" \/>\n<meta name=\"twitter:label1\" content=\"Tiempo de lectura\" \/>\n\t<meta name=\"twitter:data1\" content=\"3 minutos\" \/>\n<script type=\"application\/ld+json\" class=\"yoast-schema-graph\">{\"@context\":\"https:\\\/\\\/schema.org\",\"@graph\":[{\"@type\":\"Article\",\"@id\":\"https:\\\/\\\/cuartetoenlaweb.com.ar\\\/sitio\\\/todas-las-miradas-en-sienna-cubero-el-look-que-se-robo-protagonismo-en-los-15-de-allegra-cubero\\\/#article\",\"isPartOf\":{\"@id\":\"https:\\\/\\\/cuartetoenlaweb.com.ar\\\/sitio\\\/todas-las-miradas-en-sienna-cubero-el-look-que-se-robo-protagonismo-en-los-15-de-allegra-cubero\\\/\"},\"author\":{\"name\":\"\",\"@id\":\"\"},\"headline\":\"Todas las miradas en Sienna Cubero: el look que se rob\u00f3 protagonismo en los 15 de Allegra Cubero\",\"datePublished\":\"2026-04-26T03:59:50+00:00\",\"mainEntityOfPage\":{\"@id\":\"https:\\\/\\\/cuartetoenlaweb.com.ar\\\/sitio\\\/todas-las-miradas-en-sienna-cubero-el-look-que-se-robo-protagonismo-en-los-15-de-allegra-cubero\\\/\"},\"wordCount\":533,\"publisher\":{\"@id\":\"http:\\\/\\\/cuartetoenlaweb.com.ar\\\/sitio\\\/#organization\"},\"image\":{\"@id\":\"https:\\\/\\\/cuartetoenlaweb.com.ar\\\/sitio\\\/todas-las-miradas-en-sienna-cubero-el-look-que-se-robo-protagonismo-en-los-15-de-allegra-cubero\\\/#primaryimage\"},\"thumbnailUrl\":\"http:\\\/\\\/cuartetoenlaweb.com.ar\\\/sitio\\\/wp-content\\\/uploads\\\/2026\\\/04\\\/PAPARAZZI-A-SOLAS-BELEN-FRANCESE-PORTADA-359x226-4.jpg\",\"articleSection\":[\"ESPECT\u00c1CULO\"],\"inLanguage\":\"es\"},{\"@type\":\"WebPage\",\"@id\":\"https:\\\/\\\/cuartetoenlaweb.com.ar\\\/sitio\\\/todas-las-miradas-en-sienna-cubero-el-look-que-se-robo-protagonismo-en-los-15-de-allegra-cubero\\\/\",\"url\":\"https:\\\/\\\/cuartetoenlaweb.com.ar\\\/sitio\\\/todas-las-miradas-en-sienna-cubero-el-look-que-se-robo-protagonismo-en-los-15-de-allegra-cubero\\\/\",\"name\":\"Todas las miradas en Sienna Cubero: el look que se rob\u00f3 protagonismo en los 15 de Allegra Cubero - Cuarteto en la Web\",\"isPartOf\":{\"@id\":\"http:\\\/\\\/cuartetoenlaweb.com.ar\\\/sitio\\\/#website\"},\"primaryImageOfPage\":{\"@id\":\"https:\\\/\\\/cuartetoenlaweb.com.ar\\\/sitio\\\/todas-las-miradas-en-sienna-cubero-el-look-que-se-robo-protagonismo-en-los-15-de-allegra-cubero\\\/#primaryimage\"},\"image\":{\"@id\":\"https:\\\/\\\/cuartetoenlaweb.com.ar\\\/sitio\\\/todas-las-miradas-en-sienna-cubero-el-look-que-se-robo-protagonismo-en-los-15-de-allegra-cubero\\\/#primaryimage\"},\"thumbnailUrl\":\"http:\\\/\\\/cuartetoenlaweb.com.ar\\\/sitio\\\/wp-content\\\/uploads\\\/2026\\\/04\\\/PAPARAZZI-A-SOLAS-BELEN-FRANCESE-PORTADA-359x226-4.jpg\",\"datePublished\":\"2026-04-26T03:59:50+00:00\",\"breadcrumb\":{\"@id\":\"https:\\\/\\\/cuartetoenlaweb.com.ar\\\/sitio\\\/todas-las-miradas-en-sienna-cubero-el-look-que-se-robo-protagonismo-en-los-15-de-allegra-cubero\\\/#breadcrumb\"},\"inLanguage\":\"es\",\"potentialAction\":[{\"@type\":\"ReadAction\",\"target\":[\"https:\\\/\\\/cuartetoenlaweb.com.ar\\\/sitio\\\/todas-las-miradas-en-sienna-cubero-el-look-que-se-robo-protagonismo-en-los-15-de-allegra-cubero\\\/\"]}]},{\"@type\":\"ImageObject\",\"inLanguage\":\"es\",\"@id\":\"https:\\\/\\\/cuartetoenlaweb.com.ar\\\/sitio\\\/todas-las-miradas-en-sienna-cubero-el-look-que-se-robo-protagonismo-en-los-15-de-allegra-cubero\\\/#primaryimage\",\"url\":\"http:\\\/\\\/cuartetoenlaweb.com.ar\\\/sitio\\\/wp-content\\\/uploads\\\/2026\\\/04\\\/PAPARAZZI-A-SOLAS-BELEN-FRANCESE-PORTADA-359x226-4.jpg\",\"contentUrl\":\"http:\\\/\\\/cuartetoenlaweb.com.ar\\\/sitio\\\/wp-content\\\/uploads\\\/2026\\\/04\\\/PAPARAZZI-A-SOLAS-BELEN-FRANCESE-PORTADA-359x226-4.jpg\",\"width\":359,\"height\":226},{\"@type\":\"BreadcrumbList\",\"@id\":\"https:\\\/\\\/cuartetoenlaweb.com.ar\\\/sitio\\\/todas-las-miradas-en-sienna-cubero-el-look-que-se-robo-protagonismo-en-los-15-de-allegra-cubero\\\/#breadcrumb\",\"itemListElement\":[{\"@type\":\"ListItem\",\"position\":1,\"name\":\"Portada\",\"item\":\"http:\\\/\\\/cuartetoenlaweb.com.ar\\\/sitio\\\/\"},{\"@type\":\"ListItem\",\"position\":2,\"name\":\"Todas las miradas en Sienna Cubero: el look que se rob\u00f3 protagonismo en los 15 de Allegra Cubero\"}]},{\"@type\":\"WebSite\",\"@id\":\"http:\\\/\\\/cuartetoenlaweb.com.ar\\\/sitio\\\/#website\",\"url\":\"http:\\\/\\\/cuartetoenlaweb.com.ar\\\/sitio\\\/\",\"name\":\"Cuarteto en la Web\",\"description\":\"\",\"publisher\":{\"@id\":\"http:\\\/\\\/cuartetoenlaweb.com.ar\\\/sitio\\\/#organization\"},\"potentialAction\":[{\"@type\":\"SearchAction\",\"target\":{\"@type\":\"EntryPoint\",\"urlTemplate\":\"http:\\\/\\\/cuartetoenlaweb.com.ar\\\/sitio\\\/?s={search_term_string}\"},\"query-input\":{\"@type\":\"PropertyValueSpecification\",\"valueRequired\":true,\"valueName\":\"search_term_string\"}}],\"inLanguage\":\"es\"},{\"@type\":\"Organization\",\"@id\":\"http:\\\/\\\/cuartetoenlaweb.com.ar\\\/sitio\\\/#organization\",\"name\":\"Cuarteto en la Web\",\"url\":\"http:\\\/\\\/cuartetoenlaweb.com.ar\\\/sitio\\\/\",\"logo\":{\"@type\":\"ImageObject\",\"inLanguage\":\"es\",\"@id\":\"http:\\\/\\\/cuartetoenlaweb.com.ar\\\/sitio\\\/#\\\/schema\\\/logo\\\/image\\\/\",\"url\":\"http:\\\/\\\/cuartetoenlaweb.com.ar\\\/sitio\\\/wp-content\\\/uploads\\\/2025\\\/07\\\/cropped-cropped-logitoweb21.png\",\"contentUrl\":\"http:\\\/\\\/cuartetoenlaweb.com.ar\\\/sitio\\\/wp-content\\\/uploads\\\/2025\\\/07\\\/cropped-cropped-logitoweb21.png\",\"width\":199,\"height\":199,\"caption\":\"Cuarteto en la Web\"},\"image\":{\"@id\":\"http:\\\/\\\/cuartetoenlaweb.com.ar\\\/sitio\\\/#\\\/schema\\\/logo\\\/image\\\/\"}}]}<\/script>\n<!-- \/ Yoast SEO plugin. -->","yoast_head_json":{"title":"Todas las miradas en Sienna Cubero: el look que se rob\u00f3 protagonismo en los 15 de Allegra Cubero - Cuarteto en la Web","robots":{"index":"index","follow":"follow","max-snippet":"max-snippet:-1","max-image-preview":"max-image-preview:large","max-video-preview":"max-video-preview:-1"},"canonical":"https:\/\/cuartetoenlaweb.com.ar\/sitio\/todas-las-miradas-en-sienna-cubero-el-look-que-se-robo-protagonismo-en-los-15-de-allegra-cubero\/","og_locale":"es_ES","og_type":"article","og_title":"Todas las miradas en Sienna Cubero: el look que se rob\u00f3 protagonismo en los 15 de Allegra Cubero - Cuarteto en la Web","og_description":"En una noche donde el glamour fue protagonista absoluto, Sienna","og_url":"https:\/\/cuartetoenlaweb.com.ar\/sitio\/todas-las-miradas-en-sienna-cubero-el-look-que-se-robo-protagonismo-en-los-15-de-allegra-cubero\/","og_site_name":"Cuarteto en la Web","article_published_time":"2026-04-26T03:59:50+00:00","og_image":[{"url":"https:\/\/www.paparazzi.com.ar\/wp-content\/uploads\/2026\/04\/PAPARAZZI-A-SOLAS-BELEN-FRANCESE-PORTADA-359x226.jpg","type":"","width":"","height":""}],"twitter_card":"summary_large_image","twitter_misc":{"Tiempo de lectura":"3 minutos"},"schema":{"@context":"https:\/\/schema.org","@graph":[{"@type":"Article","@id":"https:\/\/cuartetoenlaweb.com.ar\/sitio\/todas-las-miradas-en-sienna-cubero-el-look-que-se-robo-protagonismo-en-los-15-de-allegra-cubero\/#article","isPartOf":{"@id":"https:\/\/cuartetoenlaweb.com.ar\/sitio\/todas-las-miradas-en-sienna-cubero-el-look-que-se-robo-protagonismo-en-los-15-de-allegra-cubero\/"},"author":{"name":"","@id":""},"headline":"Todas las miradas en Sienna Cubero: el look que se rob\u00f3 protagonismo en los 15 de Allegra Cubero","datePublished":"2026-04-26T03:59:50+00:00","mainEntityOfPage":{"@id":"https:\/\/cuartetoenlaweb.com.ar\/sitio\/todas-las-miradas-en-sienna-cubero-el-look-que-se-robo-protagonismo-en-los-15-de-allegra-cubero\/"},"wordCount":533,"publisher":{"@id":"http:\/\/cuartetoenlaweb.com.ar\/sitio\/#organization"},"image":{"@id":"https:\/\/cuartetoenlaweb.com.ar\/sitio\/todas-las-miradas-en-sienna-cubero-el-look-que-se-robo-protagonismo-en-los-15-de-allegra-cubero\/#primaryimage"},"thumbnailUrl":"http:\/\/cuartetoenlaweb.com.ar\/sitio\/wp-content\/uploads\/2026\/04\/PAPARAZZI-A-SOLAS-BELEN-FRANCESE-PORTADA-359x226-4.jpg","articleSection":["ESPECT\u00c1CULO"],"inLanguage":"es"},{"@type":"WebPage","@id":"https:\/\/cuartetoenlaweb.com.ar\/sitio\/todas-las-miradas-en-sienna-cubero-el-look-que-se-robo-protagonismo-en-los-15-de-allegra-cubero\/","url":"https:\/\/cuartetoenlaweb.com.ar\/sitio\/todas-las-miradas-en-sienna-cubero-el-look-que-se-robo-protagonismo-en-los-15-de-allegra-cubero\/","name":"Todas las miradas en Sienna Cubero: el look que se rob\u00f3 protagonismo en los 15 de Allegra Cubero - Cuarteto en la Web","isPartOf":{"@id":"http:\/\/cuartetoenlaweb.com.ar\/sitio\/#website"},"primaryImageOfPage":{"@id":"https:\/\/cuartetoenlaweb.com.ar\/sitio\/todas-las-miradas-en-sienna-cubero-el-look-que-se-robo-protagonismo-en-los-15-de-allegra-cubero\/#primaryimage"},"image":{"@id":"https:\/\/cuartetoenlaweb.com.ar\/sitio\/todas-las-miradas-en-sienna-cubero-el-look-que-se-robo-protagonismo-en-los-15-de-allegra-cubero\/#primaryimage"},"thumbnailUrl":"http:\/\/cuartetoenlaweb.com.ar\/sitio\/wp-content\/uploads\/2026\/04\/PAPARAZZI-A-SOLAS-BELEN-FRANCESE-PORTADA-359x226-4.jpg","datePublished":"2026-04-26T03:59:50+00:00","breadcrumb":{"@id":"https:\/\/cuartetoenlaweb.com.ar\/sitio\/todas-las-miradas-en-sienna-cubero-el-look-que-se-robo-protagonismo-en-los-15-de-allegra-cubero\/#breadcrumb"},"inLanguage":"es","potentialAction":[{"@type":"ReadAction","target":["https:\/\/cuartetoenlaweb.com.ar\/sitio\/todas-las-miradas-en-sienna-cubero-el-look-que-se-robo-protagonismo-en-los-15-de-allegra-cubero\/"]}]},{"@type":"ImageObject","inLanguage":"es","@id":"https:\/\/cuartetoenlaweb.com.ar\/sitio\/todas-las-miradas-en-sienna-cubero-el-look-que-se-robo-protagonismo-en-los-15-de-allegra-cubero\/#primaryimage","url":"http:\/\/cuartetoenlaweb.com.ar\/sitio\/wp-content\/uploads\/2026\/04\/PAPARAZZI-A-SOLAS-BELEN-FRANCESE-PORTADA-359x226-4.jpg","contentUrl":"http:\/\/cuartetoenlaweb.com.ar\/sitio\/wp-content\/uploads\/2026\/04\/PAPARAZZI-A-SOLAS-BELEN-FRANCESE-PORTADA-359x226-4.jpg","width":359,"height":226},{"@type":"BreadcrumbList","@id":"https:\/\/cuartetoenlaweb.com.ar\/sitio\/todas-las-miradas-en-sienna-cubero-el-look-que-se-robo-protagonismo-en-los-15-de-allegra-cubero\/#breadcrumb","itemListElement":[{"@type":"ListItem","position":1,"name":"Portada","item":"http:\/\/cuartetoenlaweb.com.ar\/sitio\/"},{"@type":"ListItem","position":2,"name":"Todas las miradas en Sienna Cubero: el look que se rob\u00f3 protagonismo en los 15 de Allegra Cubero"}]},{"@type":"WebSite","@id":"http:\/\/cuartetoenlaweb.com.ar\/sitio\/#website","url":"http:\/\/cuartetoenlaweb.com.ar\/sitio\/","name":"Cuarteto en la Web","description":"","publisher":{"@id":"http:\/\/cuartetoenlaweb.com.ar\/sitio\/#organization"},"potentialAction":[{"@type":"SearchAction","target":{"@type":"EntryPoint","urlTemplate":"http:\/\/cuartetoenlaweb.com.ar\/sitio\/?s={search_term_string}"},"query-input":{"@type":"PropertyValueSpecification","valueRequired":true,"valueName":"search_term_string"}}],"inLanguage":"es"},{"@type":"Organization","@id":"http:\/\/cuartetoenlaweb.com.ar\/sitio\/#organization","name":"Cuarteto en la Web","url":"http:\/\/cuartetoenlaweb.com.ar\/sitio\/","logo":{"@type":"ImageObject","inLanguage":"es","@id":"http:\/\/cuartetoenlaweb.com.ar\/sitio\/#\/schema\/logo\/image\/","url":"http:\/\/cuartetoenlaweb.com.ar\/sitio\/wp-content\/uploads\/2025\/07\/cropped-cropped-logitoweb21.png","contentUrl":"http:\/\/cuartetoenlaweb.com.ar\/sitio\/wp-content\/uploads\/2025\/07\/cropped-cropped-logitoweb21.png","width":199,"height":199,"caption":"Cuarteto en la Web"},"image":{"@id":"http:\/\/cuartetoenlaweb.com.ar\/sitio\/#\/schema\/logo\/image\/"}}]}},"_links":{"self":[{"href":"http:\/\/cuartetoenlaweb.com.ar\/sitio\/wp-json\/wp\/v2\/posts\/18924","targetHints":{"allow":["GET"]}}],"collection":[{"href":"http:\/\/cuartetoenlaweb.com.ar\/sitio\/wp-json\/wp\/v2\/posts"}],"about":[{"href":"http:\/\/cuartetoenlaweb.com.ar\/sitio\/wp-json\/wp\/v2\/types\/post"}],"replies":[{"embeddable":true,"href":"http:\/\/cuartetoenlaweb.com.ar\/sitio\/wp-json\/wp\/v2\/comments?post=18924"}],"version-history":[{"count":0,"href":"http:\/\/cuartetoenlaweb.com.ar\/sitio\/wp-json\/wp\/v2\/posts\/18924\/revisions"}],"wp:featuredmedia":[{"embeddable":true,"href":"http:\/\/cuartetoenlaweb.com.ar\/sitio\/wp-json\/wp\/v2\/media\/18925"}],"wp:attachment":[{"href":"http:\/\/cuartetoenlaweb.com.ar\/sitio\/wp-json\/wp\/v2\/media?parent=18924"}],"wp:term":[{"taxonomy":"category","embeddable":true,"href":"http:\/\/cuartetoenlaweb.com.ar\/sitio\/wp-json\/wp\/v2\/categories?post=18924"},{"taxonomy":"post_tag","embeddable":true,"href":"http:\/\/cuartetoenlaweb.com.ar\/sitio\/wp-json\/wp\/v2\/tags?post=18924"}],"curies":[{"name":"wp","href":"https:\/\/api.w.org\/{rel}","templated":true}]}}